{"id":39461,"date":"2020-03-13T18:18:02","date_gmt":"2020-03-13T21:18:02","guid":{"rendered":"http:\/\/www.noticiasradioreflejos.com.ar\/noticias\/?p=39461"},"modified":"2020-03-13T18:18:02","modified_gmt":"2020-03-13T21:18:02","slug":"federico-labarthe-y-cristian-raising-quedaron-en-libertad","status":"publish","type":"post","link":"https:\/\/www.noticiasradioreflejos.com.ar\/2021\/federico-labarthe-y-cristian-raising-quedaron-en-libertad\/","title":{"rendered":"Federico Labarthe y Cristian Raising quedaron en libertad."},"content":{"rendered":"<p>Federico Sebasti\u00e1n Labarthe y Cristian Raising, los dos concejales del bloque Cambiemos en Tornquist que fueron detenidos el mi\u00e9rcoles pasado, declararon hoy ante el fiscal Mauricio Del Cero.\u00a0 La jueza Marisa Prom\u00e9 no hizo lugar al pedido de detenci\u00f3n solicitado este mediod\u00eda por el fiscal Mauricio Del Cero, quien les imput\u00f3 tenencia simple de droga, y hab\u00eda pedido que queden tras las rejas.<\/p>\n<p><!--more--><\/p>\n<p>Ambos dieron su versi\u00f3n de los hechos y reafirmaron que todo lo que se descubri\u00f3 est\u00e1 vinculado a la producci\u00f3n de aceite de cannabis.<br \/>\nLos concejales Federico Labarthe y Cristian Raising, aprehendidos el pasado mi\u00e9rcoles luego del allanamiento en la sede local del INTA, declararon este viernes frente al fiscal Mauricio Del Cero y luego recuperaron la libertad.<br \/>\nAmbos estar\u00e1n arribando a la ciudad alrededor de las 21 hs, donde los esperar\u00e1 una nueva movilizaci\u00f3n en Av. Ernesto Tornquist y Alem.<br \/>\n<a title=\"raisingylabarthe-768x461\" href=\"http:\/\/live.staticflickr.com\/65535\/49656360941_26be904240_s.jpg\" rel=\"\"><img loading=\"lazy\" decoding=\"async\" class=\"aligncenter\" title=\"raisingylabarthe-768x461\" src=\"http:\/\/live.staticflickr.com\/65535\/49656360941_26be904240_z.jpg\" alt=\"raisingylabarthe-768x461\" width=\"640\" height=\"384\" \/><\/a><\/p>\n","protected":false},"excerpt":{"rendered":"<p>Federico Sebasti\u00e1n Labarthe y Cristian Raising, los dos concejales del bloque Cambiemos en Tornquist que fueron detenidos el mi\u00e9rcoles pasado, declararon hoy ante el fiscal Mauricio Del Cero.\u00a0 La jueza Marisa Prom\u00e9 no hizo lugar al pedido de detenci\u00f3n solicitado este mediod\u00eda por el fiscal Mauricio Del Cero, quien les imput\u00f3 tenencia simple de droga, [&hellip;]<\/p>\n","protected":false},"author":3,"featured_media":0,"comment_status":"closed","ping_status":"open","sticky":false,"template":"","format":"standard","meta":{"footnotes":""},"categories":[24],"tags":[],"class_list":["post-39461","post","type-post","status-publish","format-standard","hentry","category-politica"],"yoast_head":"<!-- This site is optimized with the Yoast SEO plugin v25.9 - https:\/\/yoast.com\/wordpress\/plugins\/seo\/ -->\n<title>Federico Labarthe y Cristian Raising quedaron en libertad. - Noticias Radio Reflejos<\/title>\n<meta name=\"robots\" content=\"index, follow, max-snippet:-1, max-image-preview:large, max-video-preview:-1\" \/>\n<link rel=\"canonical\" href=\"https:\/\/www.noticiasradioreflejos.com.ar\/2021\/federico-labarthe-y-cristian-raising-quedaron-en-libertad\/\" \/>\n<meta property=\"og:locale\" content=\"es_ES\" \/>\n<meta property=\"og:type\" content=\"article\" \/>\n<meta property=\"og:title\" content=\"Federico Labarthe y Cristian Raising quedaron en libertad. - Noticias Radio Reflejos\" \/>\n<meta property=\"og:description\" content=\"Federico Sebasti\u00e1n Labarthe y Cristian Raising, los dos concejales del bloque Cambiemos en Tornquist que fueron detenidos el mi\u00e9rcoles pasado, declararon hoy ante el fiscal Mauricio Del Cero.\u00a0 La jueza Marisa Prom\u00e9 no hizo lugar al pedido de detenci\u00f3n solicitado este mediod\u00eda por el fiscal Mauricio Del Cero, quien les imput\u00f3 tenencia simple de droga, [&hellip;]\" \/>\n<meta property=\"og:url\" content=\"https:\/\/www.noticiasradioreflejos.com.ar\/2021\/federico-labarthe-y-cristian-raising-quedaron-en-libertad\/\" \/>\n<meta property=\"og:site_name\" content=\"Noticias Radio Reflejos\" \/>\n<meta property=\"article:published_time\" content=\"2020-03-13T21:18:02+00:00\" \/>\n<meta property=\"og:image\" content=\"http:\/\/live.staticflickr.com\/65535\/49656360941_26be904240_z.jpg\" \/>\n<meta name=\"author\" content=\"Arnaldo Botto\" \/>\n<meta name=\"twitter:card\" content=\"summary_large_image\" \/>\n<script type=\"application\/ld+json\" class=\"yoast-schema-graph\">{\"@context\":\"https:\/\/schema.org\",\"@graph\":[{\"@type\":\"WebPage\",\"@id\":\"https:\/\/www.noticiasradioreflejos.com.ar\/2021\/federico-labarthe-y-cristian-raising-quedaron-en-libertad\/\",\"url\":\"https:\/\/www.noticiasradioreflejos.com.ar\/2021\/federico-labarthe-y-cristian-raising-quedaron-en-libertad\/\",\"name\":\"Federico Labarthe y Cristian Raising quedaron en libertad. - Noticias Radio Reflejos\",\"isPartOf\":{\"@id\":\"https:\/\/www.noticiasradioreflejos.com.ar\/2021\/#website\"},\"primaryImageOfPage\":{\"@id\":\"https:\/\/www.noticiasradioreflejos.com.ar\/2021\/federico-labarthe-y-cristian-raising-quedaron-en-libertad\/#primaryimage\"},\"image\":{\"@id\":\"https:\/\/www.noticiasradioreflejos.com.ar\/2021\/federico-labarthe-y-cristian-raising-quedaron-en-libertad\/#primaryimage\"},\"thumbnailUrl\":\"http:\/\/live.staticflickr.com\/65535\/49656360941_26be904240_z.jpg\",\"datePublished\":\"2020-03-13T21:18:02+00:00\",\"author\":{\"@id\":\"https:\/\/www.noticiasradioreflejos.com.ar\/2021\/#\/schema\/person\/ad82545263dcc5ec0996818884fd5fb1\"},\"breadcrumb\":{\"@id\":\"https:\/\/www.noticiasradioreflejos.com.ar\/2021\/federico-labarthe-y-cristian-raising-quedaron-en-libertad\/#breadcrumb\"},\"inLanguage\":\"es\",\"potentialAction\":[{\"@type\":\"ReadAction\",\"target\":[\"https:\/\/www.noticiasradioreflejos.com.ar\/2021\/federico-labarthe-y-cristian-raising-quedaron-en-libertad\/\"]}]},{\"@type\":\"ImageObject\",\"inLanguage\":\"es\",\"@id\":\"https:\/\/www.noticiasradioreflejos.com.ar\/2021\/federico-labarthe-y-cristian-raising-quedaron-en-libertad\/#primaryimage\",\"url\":\"http:\/\/live.staticflickr.com\/65535\/49656360941_26be904240_z.jpg\",\"contentUrl\":\"http:\/\/live.staticflickr.com\/65535\/49656360941_26be904240_z.jpg\"},{\"@type\":\"BreadcrumbList\",\"@id\":\"https:\/\/www.noticiasradioreflejos.com.ar\/2021\/federico-labarthe-y-cristian-raising-quedaron-en-libertad\/#breadcrumb\",\"itemListElement\":[{\"@type\":\"ListItem\",\"position\":1,\"name\":\"Portada\",\"item\":\"https:\/\/www.noticiasradioreflejos.com.ar\/2021\/\"},{\"@type\":\"ListItem\",\"position\":2,\"name\":\"Federico Labarthe y Cristian Raising quedaron en libertad.\"}]},{\"@type\":\"WebSite\",\"@id\":\"https:\/\/www.noticiasradioreflejos.com.ar\/2021\/#website\",\"url\":\"https:\/\/www.noticiasradioreflejos.com.ar\/2021\/\",\"name\":\"Noticias Radio Reflejos\",\"description\":\"Las noticias de mi comarca\",\"potentialAction\":[{\"@type\":\"SearchAction\",\"target\":{\"@type\":\"EntryPoint\",\"urlTemplate\":\"https:\/\/www.noticiasradioreflejos.com.ar\/2021\/?s={search_term_string}\"},\"query-input\":{\"@type\":\"PropertyValueSpecification\",\"valueRequired\":true,\"valueName\":\"search_term_string\"}}],\"inLanguage\":\"es\"},{\"@type\":\"Person\",\"@id\":\"https:\/\/www.noticiasradioreflejos.com.ar\/2021\/#\/schema\/person\/ad82545263dcc5ec0996818884fd5fb1\",\"name\":\"Arnaldo Botto\",\"image\":{\"@type\":\"ImageObject\",\"inLanguage\":\"es\",\"@id\":\"https:\/\/www.noticiasradioreflejos.com.ar\/2021\/#\/schema\/person\/image\/\",\"url\":\"https:\/\/secure.gravatar.com\/avatar\/55cb5e37c1efa326397366e6974cb338056df65cb50e7d64d1cf314e87504837?s=96&d=mm&r=g\",\"contentUrl\":\"https:\/\/secure.gravatar.com\/avatar\/55cb5e37c1efa326397366e6974cb338056df65cb50e7d64d1cf314e87504837?s=96&d=mm&r=g\",\"caption\":\"Arnaldo Botto\"},\"url\":\"https:\/\/www.noticiasradioreflejos.com.ar\/2021\/author\/arnaldo\/\"}]}<\/script>\n<!-- \/ Yoast SEO plugin. -->","yoast_head_json":{"title":"Federico Labarthe y Cristian Raising quedaron en libertad. - Noticias Radio Reflejos","robots":{"index":"index","follow":"follow","max-snippet":"max-snippet:-1","max-image-preview":"max-image-preview:large","max-video-preview":"max-video-preview:-1"},"canonical":"https:\/\/www.noticiasradioreflejos.com.ar\/2021\/federico-labarthe-y-cristian-raising-quedaron-en-libertad\/","og_locale":"es_ES","og_type":"article","og_title":"Federico Labarthe y Cristian Raising quedaron en libertad. - Noticias Radio Reflejos","og_description":"Federico Sebasti\u00e1n Labarthe y Cristian Raising, los dos concejales del bloque Cambiemos en Tornquist que fueron detenidos el mi\u00e9rcoles pasado, declararon hoy ante el fiscal Mauricio Del Cero.\u00a0 La jueza Marisa Prom\u00e9 no hizo lugar al pedido de detenci\u00f3n solicitado este mediod\u00eda por el fiscal Mauricio Del Cero, quien les imput\u00f3 tenencia simple de droga, [&hellip;]","og_url":"https:\/\/www.noticiasradioreflejos.com.ar\/2021\/federico-labarthe-y-cristian-raising-quedaron-en-libertad\/","og_site_name":"Noticias Radio Reflejos","article_published_time":"2020-03-13T21:18:02+00:00","og_image":[{"url":"http:\/\/live.staticflickr.com\/65535\/49656360941_26be904240_z.jpg","type":"","width":"","height":""}],"author":"Arnaldo Botto","twitter_card":"summary_large_image","schema":{"@context":"https:\/\/schema.org","@graph":[{"@type":"WebPage","@id":"https:\/\/www.noticiasradioreflejos.com.ar\/2021\/federico-labarthe-y-cristian-raising-quedaron-en-libertad\/","url":"https:\/\/www.noticiasradioreflejos.com.ar\/2021\/federico-labarthe-y-cristian-raising-quedaron-en-libertad\/","name":"Federico Labarthe y Cristian Raising quedaron en libertad. - Noticias Radio Reflejos","isPartOf":{"@id":"https:\/\/www.noticiasradioreflejos.com.ar\/2021\/#website"},"primaryImageOfPage":{"@id":"https:\/\/www.noticiasradioreflejos.com.ar\/2021\/federico-labarthe-y-cristian-raising-quedaron-en-libertad\/#primaryimage"},"image":{"@id":"https:\/\/www.noticiasradioreflejos.com.ar\/2021\/federico-labarthe-y-cristian-raising-quedaron-en-libertad\/#primaryimage"},"thumbnailUrl":"http:\/\/live.staticflickr.com\/65535\/49656360941_26be904240_z.jpg","datePublished":"2020-03-13T21:18:02+00:00","author":{"@id":"https:\/\/www.noticiasradioreflejos.com.ar\/2021\/#\/schema\/person\/ad82545263dcc5ec0996818884fd5fb1"},"breadcrumb":{"@id":"https:\/\/www.noticiasradioreflejos.com.ar\/2021\/federico-labarthe-y-cristian-raising-quedaron-en-libertad\/#breadcrumb"},"inLanguage":"es","potentialAction":[{"@type":"ReadAction","target":["https:\/\/www.noticiasradioreflejos.com.ar\/2021\/federico-labarthe-y-cristian-raising-quedaron-en-libertad\/"]}]},{"@type":"ImageObject","inLanguage":"es","@id":"https:\/\/www.noticiasradioreflejos.com.ar\/2021\/federico-labarthe-y-cristian-raising-quedaron-en-libertad\/#primaryimage","url":"http:\/\/live.staticflickr.com\/65535\/49656360941_26be904240_z.jpg","contentUrl":"http:\/\/live.staticflickr.com\/65535\/49656360941_26be904240_z.jpg"},{"@type":"BreadcrumbList","@id":"https:\/\/www.noticiasradioreflejos.com.ar\/2021\/federico-labarthe-y-cristian-raising-quedaron-en-libertad\/#breadcrumb","itemListElement":[{"@type":"ListItem","position":1,"name":"Portada","item":"https:\/\/www.noticiasradioreflejos.com.ar\/2021\/"},{"@type":"ListItem","position":2,"name":"Federico Labarthe y Cristian Raising quedaron en libertad."}]},{"@type":"WebSite","@id":"https:\/\/www.noticiasradioreflejos.com.ar\/2021\/#website","url":"https:\/\/www.noticiasradioreflejos.com.ar\/2021\/","name":"Noticias Radio Reflejos","description":"Las noticias de mi comarca","potentialAction":[{"@type":"SearchAction","target":{"@type":"EntryPoint","urlTemplate":"https:\/\/www.noticiasradioreflejos.com.ar\/2021\/?s={search_term_string}"},"query-input":{"@type":"PropertyValueSpecification","valueRequired":true,"valueName":"search_term_string"}}],"inLanguage":"es"},{"@type":"Person","@id":"https:\/\/www.noticiasradioreflejos.com.ar\/2021\/#\/schema\/person\/ad82545263dcc5ec0996818884fd5fb1","name":"Arnaldo Botto","image":{"@type":"ImageObject","inLanguage":"es","@id":"https:\/\/www.noticiasradioreflejos.com.ar\/2021\/#\/schema\/person\/image\/","url":"https:\/\/secure.gravatar.com\/avatar\/55cb5e37c1efa326397366e6974cb338056df65cb50e7d64d1cf314e87504837?s=96&d=mm&r=g","contentUrl":"https:\/\/secure.gravatar.com\/avatar\/55cb5e37c1efa326397366e6974cb338056df65cb50e7d64d1cf314e87504837?s=96&d=mm&r=g","caption":"Arnaldo Botto"},"url":"https:\/\/www.noticiasradioreflejos.com.ar\/2021\/author\/arnaldo\/"}]}},"_links":{"self":[{"href":"https:\/\/www.noticiasradioreflejos.com.ar\/2021\/wp-json\/wp\/v2\/posts\/39461","targetHints":{"allow":["GET"]}}],"collection":[{"href":"https:\/\/www.noticiasradioreflejos.com.ar\/2021\/wp-json\/wp\/v2\/posts"}],"about":[{"href":"https:\/\/www.noticiasradioreflejos.com.ar\/2021\/wp-json\/wp\/v2\/types\/post"}],"author":[{"embeddable":true,"href":"https:\/\/www.noticiasradioreflejos.com.ar\/2021\/wp-json\/wp\/v2\/users\/3"}],"replies":[{"embeddable":true,"href":"https:\/\/www.noticiasradioreflejos.com.ar\/2021\/wp-json\/wp\/v2\/comments?post=39461"}],"version-history":[{"count":0,"href":"https:\/\/www.noticiasradioreflejos.com.ar\/2021\/wp-json\/wp\/v2\/posts\/39461\/revisions"}],"wp:attachment":[{"href":"https:\/\/www.noticiasradioreflejos.com.ar\/2021\/wp-json\/wp\/v2\/media?parent=39461"}],"wp:term":[{"taxonomy":"category","embeddable":true,"href":"https:\/\/www.noticiasradioreflejos.com.ar\/2021\/wp-json\/wp\/v2\/categories?post=39461"},{"taxonomy":"post_tag","embeddable":true,"href":"https:\/\/www.noticiasradioreflejos.com.ar\/2021\/wp-json\/wp\/v2\/tags?post=39461"}],"curies":[{"name":"wp","href":"https:\/\/api.w.org\/{rel}","templated":true}]}}