{"id":39443,"date":"2020-03-13T11:37:36","date_gmt":"2020-03-13T14:37:36","guid":{"rendered":"http:\/\/www.noticiasradioreflejos.com.ar\/noticias\/?p=39443"},"modified":"2020-03-13T11:37:36","modified_gmt":"2020-03-13T14:37:36","slug":"produciran-alcohol-en-gel-en-la-escuela-tecnica-no-1-de-tornquist","status":"publish","type":"post","link":"https:\/\/www.noticiasradioreflejos.com.ar\/2021\/produciran-alcohol-en-gel-en-la-escuela-tecnica-no-1-de-tornquist\/","title":{"rendered":"Producir\u00e1n alcohol en gel en la Escuela T\u00e9cnica N\u00ba 1 de Tornquist."},"content":{"rendered":"<p>Desde la Escuela T\u00e9cnica queremos informar a las familias, que ante la problem\u00e1tica que todo el mundo conoce y que afecta a cualquier persona no discriminando edad, se trabaja en el Laboratorio del INET que se encuentran en nuestra instituci\u00f3n, en la producci\u00f3n de Gel Hidroalcoh\u00f3lico (se puede usar para manos, adem\u00e1s para mesas y sillas) y el conocido Alcohol en Gel.<!--more--><br \/>\nDependiendo del stock a producir, nuestro objetivo es poder colaborar con otras instituciones en el abastecimiento de ambos productos.<\/p>\n","protected":false},"excerpt":{"rendered":"<p>Desde la Escuela T\u00e9cnica queremos informar a las familias, que ante la problem\u00e1tica que todo el mundo conoce y que afecta a cualquier persona no discriminando edad, se trabaja en el Laboratorio del INET que se encuentran en nuestra instituci\u00f3n, en la producci\u00f3n de Gel Hidroalcoh\u00f3lico (se puede usar para manos, adem\u00e1s para mesas y [&hellip;]<\/p>\n","protected":false},"author":3,"featured_media":0,"comment_status":"closed","ping_status":"open","sticky":false,"template":"","format":"standard","meta":{"footnotes":""},"categories":[30],"tags":[],"class_list":["post-39443","post","type-post","status-publish","format-standard","hentry","category-salud"],"yoast_head":"<!-- This site is optimized with the Yoast SEO plugin v25.9 - https:\/\/yoast.com\/wordpress\/plugins\/seo\/ -->\n<title>Producir\u00e1n alcohol en gel en la Escuela T\u00e9cnica N\u00ba 1 de Tornquist. - Noticias Radio Reflejos<\/title>\n<meta name=\"robots\" content=\"index, follow, max-snippet:-1, max-image-preview:large, max-video-preview:-1\" \/>\n<link rel=\"canonical\" href=\"https:\/\/www.noticiasradioreflejos.com.ar\/2021\/produciran-alcohol-en-gel-en-la-escuela-tecnica-no-1-de-tornquist\/\" \/>\n<meta property=\"og:locale\" content=\"es_ES\" \/>\n<meta property=\"og:type\" content=\"article\" \/>\n<meta property=\"og:title\" content=\"Producir\u00e1n alcohol en gel en la Escuela T\u00e9cnica N\u00ba 1 de Tornquist. - Noticias Radio Reflejos\" \/>\n<meta property=\"og:description\" content=\"Desde la Escuela T\u00e9cnica queremos informar a las familias, que ante la problem\u00e1tica que todo el mundo conoce y que afecta a cualquier persona no discriminando edad, se trabaja en el Laboratorio del INET que se encuentran en nuestra instituci\u00f3n, en la producci\u00f3n de Gel Hidroalcoh\u00f3lico (se puede usar para manos, adem\u00e1s para mesas y [&hellip;]\" \/>\n<meta property=\"og:url\" content=\"https:\/\/www.noticiasradioreflejos.com.ar\/2021\/produciran-alcohol-en-gel-en-la-escuela-tecnica-no-1-de-tornquist\/\" \/>\n<meta property=\"og:site_name\" content=\"Noticias Radio Reflejos\" \/>\n<meta property=\"article:published_time\" content=\"2020-03-13T14:37:36+00:00\" \/>\n<meta property=\"og:image\" content=\"https:\/\/www.noticiasradioreflejos.com.ar\/2021\/wp-content\/uploads\/2021\/07\/logosol300x200.png\" \/>\n\t<meta property=\"og:image:width\" content=\"300\" \/>\n\t<meta property=\"og:image:height\" content=\"200\" \/>\n\t<meta property=\"og:image:type\" content=\"image\/png\" \/>\n<meta name=\"author\" content=\"Arnaldo Botto\" \/>\n<meta name=\"twitter:card\" content=\"summary_large_image\" \/>\n<script type=\"application\/ld+json\" class=\"yoast-schema-graph\">{\"@context\":\"https:\/\/schema.org\",\"@graph\":[{\"@type\":\"WebPage\",\"@id\":\"https:\/\/www.noticiasradioreflejos.com.ar\/2021\/produciran-alcohol-en-gel-en-la-escuela-tecnica-no-1-de-tornquist\/\",\"url\":\"https:\/\/www.noticiasradioreflejos.com.ar\/2021\/produciran-alcohol-en-gel-en-la-escuela-tecnica-no-1-de-tornquist\/\",\"name\":\"Producir\u00e1n alcohol en gel en la Escuela T\u00e9cnica N\u00ba 1 de Tornquist. - Noticias Radio Reflejos\",\"isPartOf\":{\"@id\":\"https:\/\/www.noticiasradioreflejos.com.ar\/2021\/#website\"},\"datePublished\":\"2020-03-13T14:37:36+00:00\",\"author\":{\"@id\":\"https:\/\/www.noticiasradioreflejos.com.ar\/2021\/#\/schema\/person\/ad82545263dcc5ec0996818884fd5fb1\"},\"breadcrumb\":{\"@id\":\"https:\/\/www.noticiasradioreflejos.com.ar\/2021\/produciran-alcohol-en-gel-en-la-escuela-tecnica-no-1-de-tornquist\/#breadcrumb\"},\"inLanguage\":\"es\",\"potentialAction\":[{\"@type\":\"ReadAction\",\"target\":[\"https:\/\/www.noticiasradioreflejos.com.ar\/2021\/produciran-alcohol-en-gel-en-la-escuela-tecnica-no-1-de-tornquist\/\"]}]},{\"@type\":\"BreadcrumbList\",\"@id\":\"https:\/\/www.noticiasradioreflejos.com.ar\/2021\/produciran-alcohol-en-gel-en-la-escuela-tecnica-no-1-de-tornquist\/#breadcrumb\",\"itemListElement\":[{\"@type\":\"ListItem\",\"position\":1,\"name\":\"Portada\",\"item\":\"https:\/\/www.noticiasradioreflejos.com.ar\/2021\/\"},{\"@type\":\"ListItem\",\"position\":2,\"name\":\"Producir\u00e1n alcohol en gel en la Escuela T\u00e9cnica N\u00ba 1 de Tornquist.\"}]},{\"@type\":\"WebSite\",\"@id\":\"https:\/\/www.noticiasradioreflejos.com.ar\/2021\/#website\",\"url\":\"https:\/\/www.noticiasradioreflejos.com.ar\/2021\/\",\"name\":\"Noticias Radio Reflejos\",\"description\":\"Las noticias de mi comarca\",\"potentialAction\":[{\"@type\":\"SearchAction\",\"target\":{\"@type\":\"EntryPoint\",\"urlTemplate\":\"https:\/\/www.noticiasradioreflejos.com.ar\/2021\/?s={search_term_string}\"},\"query-input\":{\"@type\":\"PropertyValueSpecification\",\"valueRequired\":true,\"valueName\":\"search_term_string\"}}],\"inLanguage\":\"es\"},{\"@type\":\"Person\",\"@id\":\"https:\/\/www.noticiasradioreflejos.com.ar\/2021\/#\/schema\/person\/ad82545263dcc5ec0996818884fd5fb1\",\"name\":\"Arnaldo Botto\",\"image\":{\"@type\":\"ImageObject\",\"inLanguage\":\"es\",\"@id\":\"https:\/\/www.noticiasradioreflejos.com.ar\/2021\/#\/schema\/person\/image\/\",\"url\":\"https:\/\/secure.gravatar.com\/avatar\/55cb5e37c1efa326397366e6974cb338056df65cb50e7d64d1cf314e87504837?s=96&d=mm&r=g\",\"contentUrl\":\"https:\/\/secure.gravatar.com\/avatar\/55cb5e37c1efa326397366e6974cb338056df65cb50e7d64d1cf314e87504837?s=96&d=mm&r=g\",\"caption\":\"Arnaldo Botto\"},\"url\":\"https:\/\/www.noticiasradioreflejos.com.ar\/2021\/author\/arnaldo\/\"}]}<\/script>\n<!-- \/ Yoast SEO plugin. -->","yoast_head_json":{"title":"Producir\u00e1n alcohol en gel en la Escuela T\u00e9cnica N\u00ba 1 de Tornquist. - Noticias Radio Reflejos","robots":{"index":"index","follow":"follow","max-snippet":"max-snippet:-1","max-image-preview":"max-image-preview:large","max-video-preview":"max-video-preview:-1"},"canonical":"https:\/\/www.noticiasradioreflejos.com.ar\/2021\/produciran-alcohol-en-gel-en-la-escuela-tecnica-no-1-de-tornquist\/","og_locale":"es_ES","og_type":"article","og_title":"Producir\u00e1n alcohol en gel en la Escuela T\u00e9cnica N\u00ba 1 de Tornquist. - Noticias Radio Reflejos","og_description":"Desde la Escuela T\u00e9cnica queremos informar a las familias, que ante la problem\u00e1tica que todo el mundo conoce y que afecta a cualquier persona no discriminando edad, se trabaja en el Laboratorio del INET que se encuentran en nuestra instituci\u00f3n, en la producci\u00f3n de Gel Hidroalcoh\u00f3lico (se puede usar para manos, adem\u00e1s para mesas y [&hellip;]","og_url":"https:\/\/www.noticiasradioreflejos.com.ar\/2021\/produciran-alcohol-en-gel-en-la-escuela-tecnica-no-1-de-tornquist\/","og_site_name":"Noticias Radio Reflejos","article_published_time":"2020-03-13T14:37:36+00:00","og_image":[{"width":300,"height":200,"url":"https:\/\/www.noticiasradioreflejos.com.ar\/2021\/wp-content\/uploads\/2021\/07\/logosol300x200.png","type":"image\/png"}],"author":"Arnaldo Botto","twitter_card":"summary_large_image","schema":{"@context":"https:\/\/schema.org","@graph":[{"@type":"WebPage","@id":"https:\/\/www.noticiasradioreflejos.com.ar\/2021\/produciran-alcohol-en-gel-en-la-escuela-tecnica-no-1-de-tornquist\/","url":"https:\/\/www.noticiasradioreflejos.com.ar\/2021\/produciran-alcohol-en-gel-en-la-escuela-tecnica-no-1-de-tornquist\/","name":"Producir\u00e1n alcohol en gel en la Escuela T\u00e9cnica N\u00ba 1 de Tornquist. - Noticias Radio Reflejos","isPartOf":{"@id":"https:\/\/www.noticiasradioreflejos.com.ar\/2021\/#website"},"datePublished":"2020-03-13T14:37:36+00:00","author":{"@id":"https:\/\/www.noticiasradioreflejos.com.ar\/2021\/#\/schema\/person\/ad82545263dcc5ec0996818884fd5fb1"},"breadcrumb":{"@id":"https:\/\/www.noticiasradioreflejos.com.ar\/2021\/produciran-alcohol-en-gel-en-la-escuela-tecnica-no-1-de-tornquist\/#breadcrumb"},"inLanguage":"es","potentialAction":[{"@type":"ReadAction","target":["https:\/\/www.noticiasradioreflejos.com.ar\/2021\/produciran-alcohol-en-gel-en-la-escuela-tecnica-no-1-de-tornquist\/"]}]},{"@type":"BreadcrumbList","@id":"https:\/\/www.noticiasradioreflejos.com.ar\/2021\/produciran-alcohol-en-gel-en-la-escuela-tecnica-no-1-de-tornquist\/#breadcrumb","itemListElement":[{"@type":"ListItem","position":1,"name":"Portada","item":"https:\/\/www.noticiasradioreflejos.com.ar\/2021\/"},{"@type":"ListItem","position":2,"name":"Producir\u00e1n alcohol en gel en la Escuela T\u00e9cnica N\u00ba 1 de Tornquist."}]},{"@type":"WebSite","@id":"https:\/\/www.noticiasradioreflejos.com.ar\/2021\/#website","url":"https:\/\/www.noticiasradioreflejos.com.ar\/2021\/","name":"Noticias Radio Reflejos","description":"Las noticias de mi comarca","potentialAction":[{"@type":"SearchAction","target":{"@type":"EntryPoint","urlTemplate":"https:\/\/www.noticiasradioreflejos.com.ar\/2021\/?s={search_term_string}"},"query-input":{"@type":"PropertyValueSpecification","valueRequired":true,"valueName":"search_term_string"}}],"inLanguage":"es"},{"@type":"Person","@id":"https:\/\/www.noticiasradioreflejos.com.ar\/2021\/#\/schema\/person\/ad82545263dcc5ec0996818884fd5fb1","name":"Arnaldo Botto","image":{"@type":"ImageObject","inLanguage":"es","@id":"https:\/\/www.noticiasradioreflejos.com.ar\/2021\/#\/schema\/person\/image\/","url":"https:\/\/secure.gravatar.com\/avatar\/55cb5e37c1efa326397366e6974cb338056df65cb50e7d64d1cf314e87504837?s=96&d=mm&r=g","contentUrl":"https:\/\/secure.gravatar.com\/avatar\/55cb5e37c1efa326397366e6974cb338056df65cb50e7d64d1cf314e87504837?s=96&d=mm&r=g","caption":"Arnaldo Botto"},"url":"https:\/\/www.noticiasradioreflejos.com.ar\/2021\/author\/arnaldo\/"}]}},"_links":{"self":[{"href":"https:\/\/www.noticiasradioreflejos.com.ar\/2021\/wp-json\/wp\/v2\/posts\/39443","targetHints":{"allow":["GET"]}}],"collection":[{"href":"https:\/\/www.noticiasradioreflejos.com.ar\/2021\/wp-json\/wp\/v2\/posts"}],"about":[{"href":"https:\/\/www.noticiasradioreflejos.com.ar\/2021\/wp-json\/wp\/v2\/types\/post"}],"author":[{"embeddable":true,"href":"https:\/\/www.noticiasradioreflejos.com.ar\/2021\/wp-json\/wp\/v2\/users\/3"}],"replies":[{"embeddable":true,"href":"https:\/\/www.noticiasradioreflejos.com.ar\/2021\/wp-json\/wp\/v2\/comments?post=39443"}],"version-history":[{"count":0,"href":"https:\/\/www.noticiasradioreflejos.com.ar\/2021\/wp-json\/wp\/v2\/posts\/39443\/revisions"}],"wp:attachment":[{"href":"https:\/\/www.noticiasradioreflejos.com.ar\/2021\/wp-json\/wp\/v2\/media?parent=39443"}],"wp:term":[{"taxonomy":"category","embeddable":true,"href":"https:\/\/www.noticiasradioreflejos.com.ar\/2021\/wp-json\/wp\/v2\/categories?post=39443"},{"taxonomy":"post_tag","embeddable":true,"href":"https:\/\/www.noticiasradioreflejos.com.ar\/2021\/wp-json\/wp\/v2\/tags?post=39443"}],"curies":[{"name":"wp","href":"https:\/\/api.w.org\/{rel}","templated":true}]}}