{"id":39426,"date":"2020-03-13T09:08:20","date_gmt":"2020-03-13T12:08:20","guid":{"rendered":"http:\/\/www.noticiasradioreflejos.com.ar\/noticias\/?p=39426"},"modified":"2020-03-13T09:08:20","modified_gmt":"2020-03-13T12:08:20","slug":"suspendieron-la-fiesta-provincial-de-la-vendimia-en-villa-ventana-por-el-coronavirus","status":"publish","type":"post","link":"https:\/\/www.noticiasradioreflejos.com.ar\/2021\/suspendieron-la-fiesta-provincial-de-la-vendimia-en-villa-ventana-por-el-coronavirus\/","title":{"rendered":"Suspendieron la Fiesta Provincial de la Vendimia en Villa Ventana por el coronavirus."},"content":{"rendered":"<p>La tradicional celebraci\u00f3n anual de la Bodega Cerro Colorado, perteneciente a la familia Neuss, estaba programada para el 21 de marzo en su propiedad de la localidad bonaerense. Sin embargo, fue cancelada como medida de prevenci\u00f3n por el avance de la enfermedad<!--more--><br \/>\nDesde hace m\u00e1s de diez a\u00f1os, la familia Neuss organiza la Fiesta Provincial de la Vendimia en su campo de Villa Ventana, donde se encuentra el vi\u00f1edo y la Bodega Cerro Colorado. El objeto de la celebraci\u00f3n es promover y dar un gran impulso a la producci\u00f3n vitivin\u00edcola de la regi\u00f3n.<\/p>\n<p><a title=\"Neuss\" href=\"http:\/\/live.staticflickr.com\/65535\/49654764656_81838be49c_s.jpg\" rel=\"\"><img loading=\"lazy\" decoding=\"async\" class=\"alignleft\" style=\"float: left;\" title=\"Neuss\" src=\"http:\/\/live.staticflickr.com\/65535\/49654764656_81838be49c_z.jpg\" alt=\"Neuss\" width=\"608\" height=\"553\" \/><\/a>La tradicional Fiesta Provincial de la Vendimia, en Villa Ventana, siempre cuenta con importantes shows musicales. En esta ocasi\u00f3n, se esperaba nuevamente la presentaci\u00f3n del m\u00fasico Facundo Saravia, entre otros destacados artistas. Adem\u00e1s, a partir del mediod\u00eda y durante toda la jornada, los asistentes volver\u00edan a participar de una gran degustaci\u00f3n de los mejores vinos de esa bodega y de un gran asado campestre.<\/p>\n<p>Sin embargo y debido a la propagaci\u00f3n del coronavirus, la familia Neuss anunci\u00f3 la suspensi\u00f3n del gran evento, a efectos de evitar el riesgo de contagio entre los miembros de la comunidad. Todos los a\u00f1os, asisten vecinos de Villa Ventana, funcionarios y autoridades del municipio de Tornquist y de las localidades vecinas, como Bah\u00eda Blanca, Coronel Pringles, Coronel Su\u00e1rez y Monte Hermoso.<br \/>\nEl vi\u00f1edo de la familia Neuss se estableci\u00f3 en noviembre de 2002: se trata de plantas de pie americano adaptable a las caracter\u00edsticas del lugar, injertadas con un clon franc\u00e9s de Cabernet Sauvignon y un espectacular Malbec argentino. La bodega est\u00e1 construida con madera y piedra natural del lugar, proporcionando un espacio arm\u00f3nico y sobrio que sintoniza con el marco natural del entorno.<\/p>\n<p>La Bodega Cerro Colorado fue dise\u00f1ada por eximios arquitectos, que destacan de modo natural el paisaje. La adecuaci\u00f3n al medio externo fue acompa\u00f1ada por el respeto a las normas y necesidades de la t\u00e9cnica moderna de la industria enol\u00f3gica.<\/p>\n<p><a href=\"http:\/\/www.noticiasradioreflejos.com.ar\/noticias\/wp-content\/uploads\/2020\/03\/10-fiesta-Vendi-mia-Cerros-Colorados-8.jpg\"><img loading=\"lazy\" decoding=\"async\" class=\"aligncenter size-large wp-image-39430\" src=\"http:\/\/www.noticiasradioreflejos.com.ar\/noticias\/wp-content\/uploads\/2020\/03\/10-fiesta-Vendi-mia-Cerros-Colorados-8-1024x576.jpg\" alt=\"10 fiesta Vendi mia Cerros Colorados (8)\" width=\"1024\" height=\"576\" \/><\/a><\/p>\n<p><a href=\"http:\/\/www.noticiasradioreflejos.com.ar\/noticias\/wp-content\/uploads\/2020\/03\/10-fiesta-Vendi-mia-Cerros-Colorados-21.jpg\"><img loading=\"lazy\" decoding=\"async\" class=\"aligncenter size-large wp-image-39431\" src=\"http:\/\/www.noticiasradioreflejos.com.ar\/noticias\/wp-content\/uploads\/2020\/03\/10-fiesta-Vendi-mia-Cerros-Colorados-21-1024x576.jpg\" alt=\"10 fiesta Vendi mia Cerros Colorados (21)\" width=\"1024\" height=\"576\" \/><\/a><\/p>\n<p><a href=\"http:\/\/www.noticiasradioreflejos.com.ar\/noticias\/wp-content\/uploads\/2020\/03\/10-fiesta-Vendi-mia-Cerros-Colorados-87.jpg\"><img loading=\"lazy\" decoding=\"async\" class=\"aligncenter size-large wp-image-39432\" src=\"http:\/\/www.noticiasradioreflejos.com.ar\/noticias\/wp-content\/uploads\/2020\/03\/10-fiesta-Vendi-mia-Cerros-Colorados-87-1024x576.jpg\" alt=\"10 fiesta Vendi mia Cerros Colorados (87)\" width=\"1024\" height=\"576\" \/><\/a><\/p>\n<p><a href=\"http:\/\/www.noticiasradioreflejos.com.ar\/noticias\/wp-content\/uploads\/2020\/03\/10-fiesta-Vendi-mia-Cerros-Colorados-28.jpg\"><img loading=\"lazy\" decoding=\"async\" class=\"aligncenter size-large wp-image-39428\" src=\"http:\/\/www.noticiasradioreflejos.com.ar\/noticias\/wp-content\/uploads\/2020\/03\/10-fiesta-Vendi-mia-Cerros-Colorados-28-1024x576.jpg\" alt=\"10 fiesta Vendi mia Cerros Colorados (28)\" width=\"1024\" height=\"576\" \/><\/a><\/p>\n<p><a href=\"http:\/\/www.noticiasradioreflejos.com.ar\/noticias\/wp-content\/uploads\/2020\/03\/10-fiesta-Vendi-mia-Cerros-Colorados-88.jpg\"><img loading=\"lazy\" decoding=\"async\" class=\"aligncenter size-large wp-image-39429\" src=\"http:\/\/www.noticiasradioreflejos.com.ar\/noticias\/wp-content\/uploads\/2020\/03\/10-fiesta-Vendi-mia-Cerros-Colorados-88-1024x576.jpg\" alt=\"10 fiesta Vendi mia Cerros Colorados (88)\" width=\"1024\" height=\"576\" \/><\/a><\/p>\n<p><strong>Fuente Infobae<\/strong><\/p>\n","protected":false},"excerpt":{"rendered":"<p>La tradicional celebraci\u00f3n anual de la Bodega Cerro Colorado, perteneciente a la familia Neuss, estaba programada para el 21 de marzo en su propiedad de la localidad bonaerense. Sin embargo, fue cancelada como medida de prevenci\u00f3n por el avance de la enfermedad<\/p>\n","protected":false},"author":3,"featured_media":39427,"comment_status":"closed","ping_status":"open","sticky":false,"template":"","format":"standard","meta":{"footnotes":""},"categories":[26],"tags":[],"class_list":["post-39426","post","type-post","status-publish","format-standard","has-post-thumbnail","hentry","category-sociedad"],"yoast_head":"<!-- This site is optimized with the Yoast SEO plugin v25.9 - https:\/\/yoast.com\/wordpress\/plugins\/seo\/ -->\n<title>Suspendieron la Fiesta Provincial de la Vendimia en Villa Ventana por el coronavirus. - Noticias Radio Reflejos<\/title>\n<meta name=\"robots\" content=\"index, follow, max-snippet:-1, max-image-preview:large, max-video-preview:-1\" \/>\n<link rel=\"canonical\" href=\"https:\/\/www.noticiasradioreflejos.com.ar\/2021\/suspendieron-la-fiesta-provincial-de-la-vendimia-en-villa-ventana-por-el-coronavirus\/\" \/>\n<meta property=\"og:locale\" content=\"es_ES\" \/>\n<meta property=\"og:type\" content=\"article\" \/>\n<meta property=\"og:title\" content=\"Suspendieron la Fiesta Provincial de la Vendimia en Villa Ventana por el coronavirus. - Noticias Radio Reflejos\" \/>\n<meta property=\"og:description\" content=\"La tradicional celebraci\u00f3n anual de la Bodega Cerro Colorado, perteneciente a la familia Neuss, estaba programada para el 21 de marzo en su propiedad de la localidad bonaerense. Sin embargo, fue cancelada como medida de prevenci\u00f3n por el avance de la enfermedad\" \/>\n<meta property=\"og:url\" content=\"https:\/\/www.noticiasradioreflejos.com.ar\/2021\/suspendieron-la-fiesta-provincial-de-la-vendimia-en-villa-ventana-por-el-coronavirus\/\" \/>\n<meta property=\"og:site_name\" content=\"Noticias Radio Reflejos\" \/>\n<meta property=\"article:published_time\" content=\"2020-03-13T12:08:20+00:00\" \/>\n<meta property=\"og:image\" content=\"https:\/\/www.noticiasradioreflejos.com.ar\/2021\/wp-content\/uploads\/2020\/03\/10-fiesta-Vendi-mia-Cerros-Colorados-6.jpg\" \/>\n\t<meta property=\"og:image:width\" content=\"1024\" \/>\n\t<meta property=\"og:image:height\" content=\"576\" \/>\n\t<meta property=\"og:image:type\" content=\"image\/jpeg\" \/>\n<meta name=\"author\" content=\"Arnaldo Botto\" \/>\n<meta name=\"twitter:card\" content=\"summary_large_image\" \/>\n<script type=\"application\/ld+json\" class=\"yoast-schema-graph\">{\"@context\":\"https:\/\/schema.org\",\"@graph\":[{\"@type\":\"WebPage\",\"@id\":\"https:\/\/www.noticiasradioreflejos.com.ar\/2021\/suspendieron-la-fiesta-provincial-de-la-vendimia-en-villa-ventana-por-el-coronavirus\/\",\"url\":\"https:\/\/www.noticiasradioreflejos.com.ar\/2021\/suspendieron-la-fiesta-provincial-de-la-vendimia-en-villa-ventana-por-el-coronavirus\/\",\"name\":\"Suspendieron la Fiesta Provincial de la Vendimia en Villa Ventana por el coronavirus. - Noticias Radio Reflejos\",\"isPartOf\":{\"@id\":\"https:\/\/www.noticiasradioreflejos.com.ar\/2021\/#website\"},\"primaryImageOfPage\":{\"@id\":\"https:\/\/www.noticiasradioreflejos.com.ar\/2021\/suspendieron-la-fiesta-provincial-de-la-vendimia-en-villa-ventana-por-el-coronavirus\/#primaryimage\"},\"image\":{\"@id\":\"https:\/\/www.noticiasradioreflejos.com.ar\/2021\/suspendieron-la-fiesta-provincial-de-la-vendimia-en-villa-ventana-por-el-coronavirus\/#primaryimage\"},\"thumbnailUrl\":\"https:\/\/www.noticiasradioreflejos.com.ar\/2021\/wp-content\/uploads\/2020\/03\/10-fiesta-Vendi-mia-Cerros-Colorados-6.jpg\",\"datePublished\":\"2020-03-13T12:08:20+00:00\",\"author\":{\"@id\":\"https:\/\/www.noticiasradioreflejos.com.ar\/2021\/#\/schema\/person\/ad82545263dcc5ec0996818884fd5fb1\"},\"breadcrumb\":{\"@id\":\"https:\/\/www.noticiasradioreflejos.com.ar\/2021\/suspendieron-la-fiesta-provincial-de-la-vendimia-en-villa-ventana-por-el-coronavirus\/#breadcrumb\"},\"inLanguage\":\"es\",\"potentialAction\":[{\"@type\":\"ReadAction\",\"target\":[\"https:\/\/www.noticiasradioreflejos.com.ar\/2021\/suspendieron-la-fiesta-provincial-de-la-vendimia-en-villa-ventana-por-el-coronavirus\/\"]}]},{\"@type\":\"ImageObject\",\"inLanguage\":\"es\",\"@id\":\"https:\/\/www.noticiasradioreflejos.com.ar\/2021\/suspendieron-la-fiesta-provincial-de-la-vendimia-en-villa-ventana-por-el-coronavirus\/#primaryimage\",\"url\":\"https:\/\/www.noticiasradioreflejos.com.ar\/2021\/wp-content\/uploads\/2020\/03\/10-fiesta-Vendi-mia-Cerros-Colorados-6.jpg\",\"contentUrl\":\"https:\/\/www.noticiasradioreflejos.com.ar\/2021\/wp-content\/uploads\/2020\/03\/10-fiesta-Vendi-mia-Cerros-Colorados-6.jpg\",\"width\":1024,\"height\":576},{\"@type\":\"BreadcrumbList\",\"@id\":\"https:\/\/www.noticiasradioreflejos.com.ar\/2021\/suspendieron-la-fiesta-provincial-de-la-vendimia-en-villa-ventana-por-el-coronavirus\/#breadcrumb\",\"itemListElement\":[{\"@type\":\"ListItem\",\"position\":1,\"name\":\"Portada\",\"item\":\"https:\/\/www.noticiasradioreflejos.com.ar\/2021\/\"},{\"@type\":\"ListItem\",\"position\":2,\"name\":\"Suspendieron la Fiesta Provincial de la Vendimia en Villa Ventana por el coronavirus.\"}]},{\"@type\":\"WebSite\",\"@id\":\"https:\/\/www.noticiasradioreflejos.com.ar\/2021\/#website\",\"url\":\"https:\/\/www.noticiasradioreflejos.com.ar\/2021\/\",\"name\":\"Noticias Radio Reflejos\",\"description\":\"Las noticias de mi comarca\",\"potentialAction\":[{\"@type\":\"SearchAction\",\"target\":{\"@type\":\"EntryPoint\",\"urlTemplate\":\"https:\/\/www.noticiasradioreflejos.com.ar\/2021\/?s={search_term_string}\"},\"query-input\":{\"@type\":\"PropertyValueSpecification\",\"valueRequired\":true,\"valueName\":\"search_term_string\"}}],\"inLanguage\":\"es\"},{\"@type\":\"Person\",\"@id\":\"https:\/\/www.noticiasradioreflejos.com.ar\/2021\/#\/schema\/person\/ad82545263dcc5ec0996818884fd5fb1\",\"name\":\"Arnaldo Botto\",\"image\":{\"@type\":\"ImageObject\",\"inLanguage\":\"es\",\"@id\":\"https:\/\/www.noticiasradioreflejos.com.ar\/2021\/#\/schema\/person\/image\/\",\"url\":\"https:\/\/secure.gravatar.com\/avatar\/55cb5e37c1efa326397366e6974cb338056df65cb50e7d64d1cf314e87504837?s=96&d=mm&r=g\",\"contentUrl\":\"https:\/\/secure.gravatar.com\/avatar\/55cb5e37c1efa326397366e6974cb338056df65cb50e7d64d1cf314e87504837?s=96&d=mm&r=g\",\"caption\":\"Arnaldo Botto\"},\"url\":\"https:\/\/www.noticiasradioreflejos.com.ar\/2021\/author\/arnaldo\/\"}]}<\/script>\n<!-- \/ Yoast SEO plugin. -->","yoast_head_json":{"title":"Suspendieron la Fiesta Provincial de la Vendimia en Villa Ventana por el coronavirus. - Noticias Radio Reflejos","robots":{"index":"index","follow":"follow","max-snippet":"max-snippet:-1","max-image-preview":"max-image-preview:large","max-video-preview":"max-video-preview:-1"},"canonical":"https:\/\/www.noticiasradioreflejos.com.ar\/2021\/suspendieron-la-fiesta-provincial-de-la-vendimia-en-villa-ventana-por-el-coronavirus\/","og_locale":"es_ES","og_type":"article","og_title":"Suspendieron la Fiesta Provincial de la Vendimia en Villa Ventana por el coronavirus. - Noticias Radio Reflejos","og_description":"La tradicional celebraci\u00f3n anual de la Bodega Cerro Colorado, perteneciente a la familia Neuss, estaba programada para el 21 de marzo en su propiedad de la localidad bonaerense. Sin embargo, fue cancelada como medida de prevenci\u00f3n por el avance de la enfermedad","og_url":"https:\/\/www.noticiasradioreflejos.com.ar\/2021\/suspendieron-la-fiesta-provincial-de-la-vendimia-en-villa-ventana-por-el-coronavirus\/","og_site_name":"Noticias Radio Reflejos","article_published_time":"2020-03-13T12:08:20+00:00","og_image":[{"width":1024,"height":576,"url":"https:\/\/www.noticiasradioreflejos.com.ar\/2021\/wp-content\/uploads\/2020\/03\/10-fiesta-Vendi-mia-Cerros-Colorados-6.jpg","type":"image\/jpeg"}],"author":"Arnaldo Botto","twitter_card":"summary_large_image","schema":{"@context":"https:\/\/schema.org","@graph":[{"@type":"WebPage","@id":"https:\/\/www.noticiasradioreflejos.com.ar\/2021\/suspendieron-la-fiesta-provincial-de-la-vendimia-en-villa-ventana-por-el-coronavirus\/","url":"https:\/\/www.noticiasradioreflejos.com.ar\/2021\/suspendieron-la-fiesta-provincial-de-la-vendimia-en-villa-ventana-por-el-coronavirus\/","name":"Suspendieron la Fiesta Provincial de la Vendimia en Villa Ventana por el coronavirus. - Noticias Radio Reflejos","isPartOf":{"@id":"https:\/\/www.noticiasradioreflejos.com.ar\/2021\/#website"},"primaryImageOfPage":{"@id":"https:\/\/www.noticiasradioreflejos.com.ar\/2021\/suspendieron-la-fiesta-provincial-de-la-vendimia-en-villa-ventana-por-el-coronavirus\/#primaryimage"},"image":{"@id":"https:\/\/www.noticiasradioreflejos.com.ar\/2021\/suspendieron-la-fiesta-provincial-de-la-vendimia-en-villa-ventana-por-el-coronavirus\/#primaryimage"},"thumbnailUrl":"https:\/\/www.noticiasradioreflejos.com.ar\/2021\/wp-content\/uploads\/2020\/03\/10-fiesta-Vendi-mia-Cerros-Colorados-6.jpg","datePublished":"2020-03-13T12:08:20+00:00","author":{"@id":"https:\/\/www.noticiasradioreflejos.com.ar\/2021\/#\/schema\/person\/ad82545263dcc5ec0996818884fd5fb1"},"breadcrumb":{"@id":"https:\/\/www.noticiasradioreflejos.com.ar\/2021\/suspendieron-la-fiesta-provincial-de-la-vendimia-en-villa-ventana-por-el-coronavirus\/#breadcrumb"},"inLanguage":"es","potentialAction":[{"@type":"ReadAction","target":["https:\/\/www.noticiasradioreflejos.com.ar\/2021\/suspendieron-la-fiesta-provincial-de-la-vendimia-en-villa-ventana-por-el-coronavirus\/"]}]},{"@type":"ImageObject","inLanguage":"es","@id":"https:\/\/www.noticiasradioreflejos.com.ar\/2021\/suspendieron-la-fiesta-provincial-de-la-vendimia-en-villa-ventana-por-el-coronavirus\/#primaryimage","url":"https:\/\/www.noticiasradioreflejos.com.ar\/2021\/wp-content\/uploads\/2020\/03\/10-fiesta-Vendi-mia-Cerros-Colorados-6.jpg","contentUrl":"https:\/\/www.noticiasradioreflejos.com.ar\/2021\/wp-content\/uploads\/2020\/03\/10-fiesta-Vendi-mia-Cerros-Colorados-6.jpg","width":1024,"height":576},{"@type":"BreadcrumbList","@id":"https:\/\/www.noticiasradioreflejos.com.ar\/2021\/suspendieron-la-fiesta-provincial-de-la-vendimia-en-villa-ventana-por-el-coronavirus\/#breadcrumb","itemListElement":[{"@type":"ListItem","position":1,"name":"Portada","item":"https:\/\/www.noticiasradioreflejos.com.ar\/2021\/"},{"@type":"ListItem","position":2,"name":"Suspendieron la Fiesta Provincial de la Vendimia en Villa Ventana por el coronavirus."}]},{"@type":"WebSite","@id":"https:\/\/www.noticiasradioreflejos.com.ar\/2021\/#website","url":"https:\/\/www.noticiasradioreflejos.com.ar\/2021\/","name":"Noticias Radio Reflejos","description":"Las noticias de mi comarca","potentialAction":[{"@type":"SearchAction","target":{"@type":"EntryPoint","urlTemplate":"https:\/\/www.noticiasradioreflejos.com.ar\/2021\/?s={search_term_string}"},"query-input":{"@type":"PropertyValueSpecification","valueRequired":true,"valueName":"search_term_string"}}],"inLanguage":"es"},{"@type":"Person","@id":"https:\/\/www.noticiasradioreflejos.com.ar\/2021\/#\/schema\/person\/ad82545263dcc5ec0996818884fd5fb1","name":"Arnaldo Botto","image":{"@type":"ImageObject","inLanguage":"es","@id":"https:\/\/www.noticiasradioreflejos.com.ar\/2021\/#\/schema\/person\/image\/","url":"https:\/\/secure.gravatar.com\/avatar\/55cb5e37c1efa326397366e6974cb338056df65cb50e7d64d1cf314e87504837?s=96&d=mm&r=g","contentUrl":"https:\/\/secure.gravatar.com\/avatar\/55cb5e37c1efa326397366e6974cb338056df65cb50e7d64d1cf314e87504837?s=96&d=mm&r=g","caption":"Arnaldo Botto"},"url":"https:\/\/www.noticiasradioreflejos.com.ar\/2021\/author\/arnaldo\/"}]}},"_links":{"self":[{"href":"https:\/\/www.noticiasradioreflejos.com.ar\/2021\/wp-json\/wp\/v2\/posts\/39426","targetHints":{"allow":["GET"]}}],"collection":[{"href":"https:\/\/www.noticiasradioreflejos.com.ar\/2021\/wp-json\/wp\/v2\/posts"}],"about":[{"href":"https:\/\/www.noticiasradioreflejos.com.ar\/2021\/wp-json\/wp\/v2\/types\/post"}],"author":[{"embeddable":true,"href":"https:\/\/www.noticiasradioreflejos.com.ar\/2021\/wp-json\/wp\/v2\/users\/3"}],"replies":[{"embeddable":true,"href":"https:\/\/www.noticiasradioreflejos.com.ar\/2021\/wp-json\/wp\/v2\/comments?post=39426"}],"version-history":[{"count":0,"href":"https:\/\/www.noticiasradioreflejos.com.ar\/2021\/wp-json\/wp\/v2\/posts\/39426\/revisions"}],"wp:featuredmedia":[{"embeddable":true,"href":"https:\/\/www.noticiasradioreflejos.com.ar\/2021\/wp-json\/wp\/v2\/media\/39427"}],"wp:attachment":[{"href":"https:\/\/www.noticiasradioreflejos.com.ar\/2021\/wp-json\/wp\/v2\/media?parent=39426"}],"wp:term":[{"taxonomy":"category","embeddable":true,"href":"https:\/\/www.noticiasradioreflejos.com.ar\/2021\/wp-json\/wp\/v2\/categories?post=39426"},{"taxonomy":"post_tag","embeddable":true,"href":"https:\/\/www.noticiasradioreflejos.com.ar\/2021\/wp-json\/wp\/v2\/tags?post=39426"}],"curies":[{"name":"wp","href":"https:\/\/api.w.org\/{rel}","templated":true}]}}