{"id":39421,"date":"2020-03-13T08:45:36","date_gmt":"2020-03-13T11:45:36","guid":{"rendered":"http:\/\/www.noticiasradioreflejos.com.ar\/noticias\/?p=39421"},"modified":"2020-03-13T08:45:36","modified_gmt":"2020-03-13T11:45:36","slug":"totales-de-lluvia-en-la-zona-3","status":"publish","type":"post","link":"https:\/\/www.noticiasradioreflejos.com.ar\/2021\/totales-de-lluvia-en-la-zona-3\/","title":{"rendered":"Totales de lluvia en la zona."},"content":{"rendered":"<p>Se espera un viernes con mas precipitaciones. La zona serrana tuvo lluvias durante este jueves, en Sierra de la Ventana se registraron chaparrones suaves que acumularon un total de 9 mm en la semana.<!--more--><br \/>\nTras el alerta meteorol\u00f3gico emitido ayer, la comarca tuvo el paso de una tormenta el\u00e9ctrica que dej\u00f3 un total de 4mm distribuidos en varios chaparrones, el mayor registro se obtuvo desde las 18,15 hs.<br \/>\nPara este viernes se esperan m\u00e1s precipitaciones distribuidas durante la ma\u00f1ana y tarde y noche, los vientos se tornar\u00e1n fuertes por la tarde de hoy alcanzando rafagas de 55 km\/h la m\u00e1xima llegar\u00e1 a los 32\u00b0.<\/p>\n<p><strong>Totales de lluvias en la zona desde ayer<\/strong><br \/>\n4 mm en Sierra de la Ventana<br \/>\n2.5 mm en Calquin<br \/>\n2.8 mm en Villa Ventana<br \/>\n2.6 mm en Cerro Napost\u00e1<br \/>\n2.8 mm en Cord\u00f3n de Cerro Ventana<br \/>\n5 mm en Tornquist<br \/>\n5.8 mm en Cabildo<br \/>\n2.4 mm en Pig\u00fc\u00e9<br \/>\n2.8 mm en San Miguel Arc\u00e1ngel<br \/>\n7.1 mm en 17 de Agosto<br \/>\n3.2 mm en Funke<br \/>\n2.2 mm en Cnel Pringles<br \/>\n2.3 mm en Frapal<br \/>\n1.6 mm en El Pantanoso<br \/>\n2.4 mm en Cnel Dorrego<br \/>\n4.5 mm en Bah\u00eda Blanca<br \/>\n1.5 mm en TTe Origone<br \/>\n11.6 mm en Cnel Falc\u00f3n<br \/>\n3.2 mm en Ing. White<br \/>\n1.6 mm en Punta Alta<br \/>\n8 mm. en Goyena<br \/>\n19 mm. en Saavedra<br \/>\n1 mm Chasic\u00f3<\/p>\n","protected":false},"excerpt":{"rendered":"<p>Se espera un viernes con mas precipitaciones. La zona serrana tuvo lluvias durante este jueves, en Sierra de la Ventana se registraron chaparrones suaves que acumularon un total de 9 mm en la semana.<\/p>\n","protected":false},"author":3,"featured_media":0,"comment_status":"closed","ping_status":"open","sticky":false,"template":"","format":"standard","meta":{"footnotes":""},"categories":[26],"tags":[],"class_list":["post-39421","post","type-post","status-publish","format-standard","hentry","category-sociedad"],"yoast_head":"<!-- This site is optimized with the Yoast SEO plugin v25.9 - https:\/\/yoast.com\/wordpress\/plugins\/seo\/ -->\n<title>Totales de lluvia en la zona. - Noticias Radio Reflejos<\/title>\n<meta name=\"robots\" content=\"index, follow, max-snippet:-1, max-image-preview:large, max-video-preview:-1\" \/>\n<link rel=\"canonical\" href=\"https:\/\/www.noticiasradioreflejos.com.ar\/2021\/totales-de-lluvia-en-la-zona-3\/\" \/>\n<meta property=\"og:locale\" content=\"es_ES\" \/>\n<meta property=\"og:type\" content=\"article\" \/>\n<meta property=\"og:title\" content=\"Totales de lluvia en la zona. - Noticias Radio Reflejos\" \/>\n<meta property=\"og:description\" content=\"Se espera un viernes con mas precipitaciones. La zona serrana tuvo lluvias durante este jueves, en Sierra de la Ventana se registraron chaparrones suaves que acumularon un total de 9 mm en la semana.\" \/>\n<meta property=\"og:url\" content=\"https:\/\/www.noticiasradioreflejos.com.ar\/2021\/totales-de-lluvia-en-la-zona-3\/\" \/>\n<meta property=\"og:site_name\" content=\"Noticias Radio Reflejos\" \/>\n<meta property=\"article:published_time\" content=\"2020-03-13T11:45:36+00:00\" \/>\n<meta property=\"og:image\" content=\"https:\/\/www.noticiasradioreflejos.com.ar\/2021\/wp-content\/uploads\/2021\/07\/logosol300x200.png\" \/>\n\t<meta property=\"og:image:width\" content=\"300\" \/>\n\t<meta property=\"og:image:height\" content=\"200\" \/>\n\t<meta property=\"og:image:type\" content=\"image\/png\" \/>\n<meta name=\"author\" content=\"Arnaldo Botto\" \/>\n<meta name=\"twitter:card\" content=\"summary_large_image\" \/>\n<script type=\"application\/ld+json\" class=\"yoast-schema-graph\">{\"@context\":\"https:\/\/schema.org\",\"@graph\":[{\"@type\":\"WebPage\",\"@id\":\"https:\/\/www.noticiasradioreflejos.com.ar\/2021\/totales-de-lluvia-en-la-zona-3\/\",\"url\":\"https:\/\/www.noticiasradioreflejos.com.ar\/2021\/totales-de-lluvia-en-la-zona-3\/\",\"name\":\"Totales de lluvia en la zona. - Noticias Radio Reflejos\",\"isPartOf\":{\"@id\":\"https:\/\/www.noticiasradioreflejos.com.ar\/2021\/#website\"},\"datePublished\":\"2020-03-13T11:45:36+00:00\",\"author\":{\"@id\":\"https:\/\/www.noticiasradioreflejos.com.ar\/2021\/#\/schema\/person\/ad82545263dcc5ec0996818884fd5fb1\"},\"breadcrumb\":{\"@id\":\"https:\/\/www.noticiasradioreflejos.com.ar\/2021\/totales-de-lluvia-en-la-zona-3\/#breadcrumb\"},\"inLanguage\":\"es\",\"potentialAction\":[{\"@type\":\"ReadAction\",\"target\":[\"https:\/\/www.noticiasradioreflejos.com.ar\/2021\/totales-de-lluvia-en-la-zona-3\/\"]}]},{\"@type\":\"BreadcrumbList\",\"@id\":\"https:\/\/www.noticiasradioreflejos.com.ar\/2021\/totales-de-lluvia-en-la-zona-3\/#breadcrumb\",\"itemListElement\":[{\"@type\":\"ListItem\",\"position\":1,\"name\":\"Portada\",\"item\":\"https:\/\/www.noticiasradioreflejos.com.ar\/2021\/\"},{\"@type\":\"ListItem\",\"position\":2,\"name\":\"Totales de lluvia en la zona.\"}]},{\"@type\":\"WebSite\",\"@id\":\"https:\/\/www.noticiasradioreflejos.com.ar\/2021\/#website\",\"url\":\"https:\/\/www.noticiasradioreflejos.com.ar\/2021\/\",\"name\":\"Noticias Radio Reflejos\",\"description\":\"Las noticias de mi comarca\",\"potentialAction\":[{\"@type\":\"SearchAction\",\"target\":{\"@type\":\"EntryPoint\",\"urlTemplate\":\"https:\/\/www.noticiasradioreflejos.com.ar\/2021\/?s={search_term_string}\"},\"query-input\":{\"@type\":\"PropertyValueSpecification\",\"valueRequired\":true,\"valueName\":\"search_term_string\"}}],\"inLanguage\":\"es\"},{\"@type\":\"Person\",\"@id\":\"https:\/\/www.noticiasradioreflejos.com.ar\/2021\/#\/schema\/person\/ad82545263dcc5ec0996818884fd5fb1\",\"name\":\"Arnaldo Botto\",\"image\":{\"@type\":\"ImageObject\",\"inLanguage\":\"es\",\"@id\":\"https:\/\/www.noticiasradioreflejos.com.ar\/2021\/#\/schema\/person\/image\/\",\"url\":\"https:\/\/secure.gravatar.com\/avatar\/55cb5e37c1efa326397366e6974cb338056df65cb50e7d64d1cf314e87504837?s=96&d=mm&r=g\",\"contentUrl\":\"https:\/\/secure.gravatar.com\/avatar\/55cb5e37c1efa326397366e6974cb338056df65cb50e7d64d1cf314e87504837?s=96&d=mm&r=g\",\"caption\":\"Arnaldo Botto\"},\"url\":\"https:\/\/www.noticiasradioreflejos.com.ar\/2021\/author\/arnaldo\/\"}]}<\/script>\n<!-- \/ Yoast SEO plugin. -->","yoast_head_json":{"title":"Totales de lluvia en la zona. - Noticias Radio Reflejos","robots":{"index":"index","follow":"follow","max-snippet":"max-snippet:-1","max-image-preview":"max-image-preview:large","max-video-preview":"max-video-preview:-1"},"canonical":"https:\/\/www.noticiasradioreflejos.com.ar\/2021\/totales-de-lluvia-en-la-zona-3\/","og_locale":"es_ES","og_type":"article","og_title":"Totales de lluvia en la zona. - Noticias Radio Reflejos","og_description":"Se espera un viernes con mas precipitaciones. La zona serrana tuvo lluvias durante este jueves, en Sierra de la Ventana se registraron chaparrones suaves que acumularon un total de 9 mm en la semana.","og_url":"https:\/\/www.noticiasradioreflejos.com.ar\/2021\/totales-de-lluvia-en-la-zona-3\/","og_site_name":"Noticias Radio Reflejos","article_published_time":"2020-03-13T11:45:36+00:00","og_image":[{"width":300,"height":200,"url":"https:\/\/www.noticiasradioreflejos.com.ar\/2021\/wp-content\/uploads\/2021\/07\/logosol300x200.png","type":"image\/png"}],"author":"Arnaldo Botto","twitter_card":"summary_large_image","schema":{"@context":"https:\/\/schema.org","@graph":[{"@type":"WebPage","@id":"https:\/\/www.noticiasradioreflejos.com.ar\/2021\/totales-de-lluvia-en-la-zona-3\/","url":"https:\/\/www.noticiasradioreflejos.com.ar\/2021\/totales-de-lluvia-en-la-zona-3\/","name":"Totales de lluvia en la zona. - Noticias Radio Reflejos","isPartOf":{"@id":"https:\/\/www.noticiasradioreflejos.com.ar\/2021\/#website"},"datePublished":"2020-03-13T11:45:36+00:00","author":{"@id":"https:\/\/www.noticiasradioreflejos.com.ar\/2021\/#\/schema\/person\/ad82545263dcc5ec0996818884fd5fb1"},"breadcrumb":{"@id":"https:\/\/www.noticiasradioreflejos.com.ar\/2021\/totales-de-lluvia-en-la-zona-3\/#breadcrumb"},"inLanguage":"es","potentialAction":[{"@type":"ReadAction","target":["https:\/\/www.noticiasradioreflejos.com.ar\/2021\/totales-de-lluvia-en-la-zona-3\/"]}]},{"@type":"BreadcrumbList","@id":"https:\/\/www.noticiasradioreflejos.com.ar\/2021\/totales-de-lluvia-en-la-zona-3\/#breadcrumb","itemListElement":[{"@type":"ListItem","position":1,"name":"Portada","item":"https:\/\/www.noticiasradioreflejos.com.ar\/2021\/"},{"@type":"ListItem","position":2,"name":"Totales de lluvia en la zona."}]},{"@type":"WebSite","@id":"https:\/\/www.noticiasradioreflejos.com.ar\/2021\/#website","url":"https:\/\/www.noticiasradioreflejos.com.ar\/2021\/","name":"Noticias Radio Reflejos","description":"Las noticias de mi comarca","potentialAction":[{"@type":"SearchAction","target":{"@type":"EntryPoint","urlTemplate":"https:\/\/www.noticiasradioreflejos.com.ar\/2021\/?s={search_term_string}"},"query-input":{"@type":"PropertyValueSpecification","valueRequired":true,"valueName":"search_term_string"}}],"inLanguage":"es"},{"@type":"Person","@id":"https:\/\/www.noticiasradioreflejos.com.ar\/2021\/#\/schema\/person\/ad82545263dcc5ec0996818884fd5fb1","name":"Arnaldo Botto","image":{"@type":"ImageObject","inLanguage":"es","@id":"https:\/\/www.noticiasradioreflejos.com.ar\/2021\/#\/schema\/person\/image\/","url":"https:\/\/secure.gravatar.com\/avatar\/55cb5e37c1efa326397366e6974cb338056df65cb50e7d64d1cf314e87504837?s=96&d=mm&r=g","contentUrl":"https:\/\/secure.gravatar.com\/avatar\/55cb5e37c1efa326397366e6974cb338056df65cb50e7d64d1cf314e87504837?s=96&d=mm&r=g","caption":"Arnaldo Botto"},"url":"https:\/\/www.noticiasradioreflejos.com.ar\/2021\/author\/arnaldo\/"}]}},"_links":{"self":[{"href":"https:\/\/www.noticiasradioreflejos.com.ar\/2021\/wp-json\/wp\/v2\/posts\/39421","targetHints":{"allow":["GET"]}}],"collection":[{"href":"https:\/\/www.noticiasradioreflejos.com.ar\/2021\/wp-json\/wp\/v2\/posts"}],"about":[{"href":"https:\/\/www.noticiasradioreflejos.com.ar\/2021\/wp-json\/wp\/v2\/types\/post"}],"author":[{"embeddable":true,"href":"https:\/\/www.noticiasradioreflejos.com.ar\/2021\/wp-json\/wp\/v2\/users\/3"}],"replies":[{"embeddable":true,"href":"https:\/\/www.noticiasradioreflejos.com.ar\/2021\/wp-json\/wp\/v2\/comments?post=39421"}],"version-history":[{"count":0,"href":"https:\/\/www.noticiasradioreflejos.com.ar\/2021\/wp-json\/wp\/v2\/posts\/39421\/revisions"}],"wp:attachment":[{"href":"https:\/\/www.noticiasradioreflejos.com.ar\/2021\/wp-json\/wp\/v2\/media?parent=39421"}],"wp:term":[{"taxonomy":"category","embeddable":true,"href":"https:\/\/www.noticiasradioreflejos.com.ar\/2021\/wp-json\/wp\/v2\/categories?post=39421"},{"taxonomy":"post_tag","embeddable":true,"href":"https:\/\/www.noticiasradioreflejos.com.ar\/2021\/wp-json\/wp\/v2\/tags?post=39421"}],"curies":[{"name":"wp","href":"https:\/\/api.w.org\/{rel}","templated":true}]}}