{"id":39386,"date":"2020-03-12T17:30:07","date_gmt":"2020-03-12T20:30:07","guid":{"rendered":"http:\/\/www.noticiasradioreflejos.com.ar\/noticias\/?p=39386"},"modified":"2020-03-12T17:30:07","modified_gmt":"2020-03-12T20:30:07","slug":"la-afip-creo-la-unidad-de-politicas-de-genero-y-derechos-humanos","status":"publish","type":"post","link":"https:\/\/www.noticiasradioreflejos.com.ar\/2021\/la-afip-creo-la-unidad-de-politicas-de-genero-y-derechos-humanos\/","title":{"rendered":"La AFIP cre\u00f3 la unidad de pol\u00edticas de g\u00e9nero y derechos humanos."},"content":{"rendered":"<p>La Administraci\u00f3n Federal de Ingresos P\u00fablicos (AFIP) cre\u00f3 la Unidad de Coordinaci\u00f3n de Pol\u00edticas de G\u00e9neros y Derechos Humanos para hacer frente a las problem\u00e1ticas de maltrato, discriminaci\u00f3n y acoso que existen en el organismo. El \u00e1rea, que depender\u00e1 en forma directa de la titular del organismo Mercedes Marc\u00f3 del Pont, tendr\u00e1 a su cargo avanzar en la implementaci\u00f3n de la ley Micaela as\u00ed como la puesta en marcha de pol\u00edticas para garantizar la igualdad de oportunidades para las mujeres en la AFIP.<!--more--><\/p>\n<p>A trav\u00e9s de un video compartido con las y los trabajadores del organismo por la conmemoraci\u00f3n del D\u00eda Mundial de la Mujer Trabajadora, Marc\u00f3 del Pont anunci\u00f3 que aquellas personas que hayan cambiado su identidad de g\u00e9nero podr\u00e1n solicitar la modificaci\u00f3n del prefijo de su CUIT. Los primeros dos d\u00edgitos de la clave son los que identifican el sexo de las personas. La medida fue implementada a partir de un reclamo presentado por el colectivo LGBT.<\/p>\n<p>Hasta la fecha las adecuaciones de la AFIP en materia de rectificaci\u00f3n registral previstas tras la sanci\u00f3n de la ley de Identidad de G\u00e9nero se hab\u00edan limitado a modificaciones de los campos \u201csexo\u201d y \u201cnombre\u201d de sus sistemas. La medida anunciada por Marc\u00f3 del Pont permitir\u00e1 que esos cambios se expresen en la CUIT de cada individuo.<\/p>\n<p>\u201cEn tres meses hemos recibido muchos testimonios preocupantes de maltrato, discriminaci\u00f3n, acoso y abusos. Tenemos que forzar los cambios necesarios con pol\u00edticas consistentes que articulen con las medidas propuestas por el Gobierno nacional en materia de g\u00e9neros\u201d, expres\u00f3 Marc\u00f3 del Pont. La funcionaria estuvo acompa\u00f1ada por la titular de la DGI, Virginia Garc\u00eda, y la responsable de la Aduana, Silvia Traverso.<\/p>\n<p>\u201cHay muchas cosas para cambiar en la AFIP y pensamos que esos cambios no se producen naturalmente sino debemos forzarlos. Para eso se necesitan pol\u00edticas coherentes, consistentes y articuladas con el resto del sector p\u00fablico. La perspectiva de g\u00e9nero hoy es una pol\u00edtica de Estado\u201d, destac\u00f3 Marc\u00f3 del Pont.<\/p>\n<p>El mensaje grabado por la funcionaria cuenta con la participaci\u00f3n de la subdirectora general de Servicios al Contribuyente, Patricia Vaca Narvaja, la titular del \u00e1rea de Auditor\u00eda Interna, Gabriela Camilletti, y la flamante encargada de la Unidad de Coordinaci\u00f3n de Pol\u00edticas de G\u00e9neros y Derechos Humanos, Judith Said.<\/p>\n<p>\u201cSomos conscientes de que la paridad num\u00e9rica entre varones y mujeres como la que se observa en este organismo no es garant\u00eda de igualdad y de capacidad de acceder a lugares de conducci\u00f3n dentro de esta instituci\u00f3n\u201d, expres\u00f3 Marc\u00f3 del Pont. \u201cEstamos abiertas a todas las iniciativas que tengan estos objetivos de igualdad, de equidad, de inclusi\u00f3n, de respeto a los derechos humanos. Por eso es que las convocamos para que sean parte de todas estas transformaciones dentro de esta maravillosa instituci\u00f3n\u201d, finaliz\u00f3 la funcionaria. <\/p>\n","protected":false},"excerpt":{"rendered":"<p>La Administraci\u00f3n Federal de Ingresos P\u00fablicos (AFIP) cre\u00f3 la Unidad de Coordinaci\u00f3n de Pol\u00edticas de G\u00e9neros y Derechos Humanos para hacer frente a las problem\u00e1ticas de maltrato, discriminaci\u00f3n y acoso que existen en el organismo. El \u00e1rea, que depender\u00e1 en forma directa de la titular del organismo Mercedes Marc\u00f3 del Pont, tendr\u00e1 a su cargo [&hellip;]<\/p>\n","protected":false},"author":3,"featured_media":0,"comment_status":"closed","ping_status":"open","sticky":false,"template":"","format":"standard","meta":{"footnotes":""},"categories":[26],"tags":[],"class_list":["post-39386","post","type-post","status-publish","format-standard","hentry","category-sociedad"],"yoast_head":"<!-- This site is optimized with the Yoast SEO plugin v25.9 - https:\/\/yoast.com\/wordpress\/plugins\/seo\/ -->\n<title>La AFIP cre\u00f3 la unidad de pol\u00edticas de g\u00e9nero y derechos humanos. - Noticias Radio Reflejos<\/title>\n<meta name=\"robots\" content=\"index, follow, max-snippet:-1, max-image-preview:large, max-video-preview:-1\" \/>\n<link rel=\"canonical\" href=\"https:\/\/www.noticiasradioreflejos.com.ar\/2021\/la-afip-creo-la-unidad-de-politicas-de-genero-y-derechos-humanos\/\" \/>\n<meta property=\"og:locale\" content=\"es_ES\" \/>\n<meta property=\"og:type\" content=\"article\" \/>\n<meta property=\"og:title\" content=\"La AFIP cre\u00f3 la unidad de pol\u00edticas de g\u00e9nero y derechos humanos. - Noticias Radio Reflejos\" \/>\n<meta property=\"og:description\" content=\"La Administraci\u00f3n Federal de Ingresos P\u00fablicos (AFIP) cre\u00f3 la Unidad de Coordinaci\u00f3n de Pol\u00edticas de G\u00e9neros y Derechos Humanos para hacer frente a las problem\u00e1ticas de maltrato, discriminaci\u00f3n y acoso que existen en el organismo. El \u00e1rea, que depender\u00e1 en forma directa de la titular del organismo Mercedes Marc\u00f3 del Pont, tendr\u00e1 a su cargo [&hellip;]\" \/>\n<meta property=\"og:url\" content=\"https:\/\/www.noticiasradioreflejos.com.ar\/2021\/la-afip-creo-la-unidad-de-politicas-de-genero-y-derechos-humanos\/\" \/>\n<meta property=\"og:site_name\" content=\"Noticias Radio Reflejos\" \/>\n<meta property=\"article:published_time\" content=\"2020-03-12T20:30:07+00:00\" \/>\n<meta property=\"og:image\" content=\"https:\/\/www.noticiasradioreflejos.com.ar\/2021\/wp-content\/uploads\/2021\/07\/logosol300x200.png\" \/>\n\t<meta property=\"og:image:width\" content=\"300\" \/>\n\t<meta property=\"og:image:height\" content=\"200\" \/>\n\t<meta property=\"og:image:type\" content=\"image\/png\" \/>\n<meta name=\"author\" content=\"Arnaldo Botto\" \/>\n<meta name=\"twitter:card\" content=\"summary_large_image\" \/>\n<script type=\"application\/ld+json\" class=\"yoast-schema-graph\">{\"@context\":\"https:\/\/schema.org\",\"@graph\":[{\"@type\":\"WebPage\",\"@id\":\"https:\/\/www.noticiasradioreflejos.com.ar\/2021\/la-afip-creo-la-unidad-de-politicas-de-genero-y-derechos-humanos\/\",\"url\":\"https:\/\/www.noticiasradioreflejos.com.ar\/2021\/la-afip-creo-la-unidad-de-politicas-de-genero-y-derechos-humanos\/\",\"name\":\"La AFIP cre\u00f3 la unidad de pol\u00edticas de g\u00e9nero y derechos humanos. - Noticias Radio Reflejos\",\"isPartOf\":{\"@id\":\"https:\/\/www.noticiasradioreflejos.com.ar\/2021\/#website\"},\"datePublished\":\"2020-03-12T20:30:07+00:00\",\"author\":{\"@id\":\"https:\/\/www.noticiasradioreflejos.com.ar\/2021\/#\/schema\/person\/ad82545263dcc5ec0996818884fd5fb1\"},\"breadcrumb\":{\"@id\":\"https:\/\/www.noticiasradioreflejos.com.ar\/2021\/la-afip-creo-la-unidad-de-politicas-de-genero-y-derechos-humanos\/#breadcrumb\"},\"inLanguage\":\"es\",\"potentialAction\":[{\"@type\":\"ReadAction\",\"target\":[\"https:\/\/www.noticiasradioreflejos.com.ar\/2021\/la-afip-creo-la-unidad-de-politicas-de-genero-y-derechos-humanos\/\"]}]},{\"@type\":\"BreadcrumbList\",\"@id\":\"https:\/\/www.noticiasradioreflejos.com.ar\/2021\/la-afip-creo-la-unidad-de-politicas-de-genero-y-derechos-humanos\/#breadcrumb\",\"itemListElement\":[{\"@type\":\"ListItem\",\"position\":1,\"name\":\"Portada\",\"item\":\"https:\/\/www.noticiasradioreflejos.com.ar\/2021\/\"},{\"@type\":\"ListItem\",\"position\":2,\"name\":\"La AFIP cre\u00f3 la unidad de pol\u00edticas de g\u00e9nero y derechos humanos.\"}]},{\"@type\":\"WebSite\",\"@id\":\"https:\/\/www.noticiasradioreflejos.com.ar\/2021\/#website\",\"url\":\"https:\/\/www.noticiasradioreflejos.com.ar\/2021\/\",\"name\":\"Noticias Radio Reflejos\",\"description\":\"Las noticias de mi comarca\",\"potentialAction\":[{\"@type\":\"SearchAction\",\"target\":{\"@type\":\"EntryPoint\",\"urlTemplate\":\"https:\/\/www.noticiasradioreflejos.com.ar\/2021\/?s={search_term_string}\"},\"query-input\":{\"@type\":\"PropertyValueSpecification\",\"valueRequired\":true,\"valueName\":\"search_term_string\"}}],\"inLanguage\":\"es\"},{\"@type\":\"Person\",\"@id\":\"https:\/\/www.noticiasradioreflejos.com.ar\/2021\/#\/schema\/person\/ad82545263dcc5ec0996818884fd5fb1\",\"name\":\"Arnaldo Botto\",\"image\":{\"@type\":\"ImageObject\",\"inLanguage\":\"es\",\"@id\":\"https:\/\/www.noticiasradioreflejos.com.ar\/2021\/#\/schema\/person\/image\/\",\"url\":\"https:\/\/secure.gravatar.com\/avatar\/55cb5e37c1efa326397366e6974cb338056df65cb50e7d64d1cf314e87504837?s=96&d=mm&r=g\",\"contentUrl\":\"https:\/\/secure.gravatar.com\/avatar\/55cb5e37c1efa326397366e6974cb338056df65cb50e7d64d1cf314e87504837?s=96&d=mm&r=g\",\"caption\":\"Arnaldo Botto\"},\"url\":\"https:\/\/www.noticiasradioreflejos.com.ar\/2021\/author\/arnaldo\/\"}]}<\/script>\n<!-- \/ Yoast SEO plugin. -->","yoast_head_json":{"title":"La AFIP cre\u00f3 la unidad de pol\u00edticas de g\u00e9nero y derechos humanos. - Noticias Radio Reflejos","robots":{"index":"index","follow":"follow","max-snippet":"max-snippet:-1","max-image-preview":"max-image-preview:large","max-video-preview":"max-video-preview:-1"},"canonical":"https:\/\/www.noticiasradioreflejos.com.ar\/2021\/la-afip-creo-la-unidad-de-politicas-de-genero-y-derechos-humanos\/","og_locale":"es_ES","og_type":"article","og_title":"La AFIP cre\u00f3 la unidad de pol\u00edticas de g\u00e9nero y derechos humanos. - Noticias Radio Reflejos","og_description":"La Administraci\u00f3n Federal de Ingresos P\u00fablicos (AFIP) cre\u00f3 la Unidad de Coordinaci\u00f3n de Pol\u00edticas de G\u00e9neros y Derechos Humanos para hacer frente a las problem\u00e1ticas de maltrato, discriminaci\u00f3n y acoso que existen en el organismo. El \u00e1rea, que depender\u00e1 en forma directa de la titular del organismo Mercedes Marc\u00f3 del Pont, tendr\u00e1 a su cargo [&hellip;]","og_url":"https:\/\/www.noticiasradioreflejos.com.ar\/2021\/la-afip-creo-la-unidad-de-politicas-de-genero-y-derechos-humanos\/","og_site_name":"Noticias Radio Reflejos","article_published_time":"2020-03-12T20:30:07+00:00","og_image":[{"width":300,"height":200,"url":"https:\/\/www.noticiasradioreflejos.com.ar\/2021\/wp-content\/uploads\/2021\/07\/logosol300x200.png","type":"image\/png"}],"author":"Arnaldo Botto","twitter_card":"summary_large_image","schema":{"@context":"https:\/\/schema.org","@graph":[{"@type":"WebPage","@id":"https:\/\/www.noticiasradioreflejos.com.ar\/2021\/la-afip-creo-la-unidad-de-politicas-de-genero-y-derechos-humanos\/","url":"https:\/\/www.noticiasradioreflejos.com.ar\/2021\/la-afip-creo-la-unidad-de-politicas-de-genero-y-derechos-humanos\/","name":"La AFIP cre\u00f3 la unidad de pol\u00edticas de g\u00e9nero y derechos humanos. - Noticias Radio Reflejos","isPartOf":{"@id":"https:\/\/www.noticiasradioreflejos.com.ar\/2021\/#website"},"datePublished":"2020-03-12T20:30:07+00:00","author":{"@id":"https:\/\/www.noticiasradioreflejos.com.ar\/2021\/#\/schema\/person\/ad82545263dcc5ec0996818884fd5fb1"},"breadcrumb":{"@id":"https:\/\/www.noticiasradioreflejos.com.ar\/2021\/la-afip-creo-la-unidad-de-politicas-de-genero-y-derechos-humanos\/#breadcrumb"},"inLanguage":"es","potentialAction":[{"@type":"ReadAction","target":["https:\/\/www.noticiasradioreflejos.com.ar\/2021\/la-afip-creo-la-unidad-de-politicas-de-genero-y-derechos-humanos\/"]}]},{"@type":"BreadcrumbList","@id":"https:\/\/www.noticiasradioreflejos.com.ar\/2021\/la-afip-creo-la-unidad-de-politicas-de-genero-y-derechos-humanos\/#breadcrumb","itemListElement":[{"@type":"ListItem","position":1,"name":"Portada","item":"https:\/\/www.noticiasradioreflejos.com.ar\/2021\/"},{"@type":"ListItem","position":2,"name":"La AFIP cre\u00f3 la unidad de pol\u00edticas de g\u00e9nero y derechos humanos."}]},{"@type":"WebSite","@id":"https:\/\/www.noticiasradioreflejos.com.ar\/2021\/#website","url":"https:\/\/www.noticiasradioreflejos.com.ar\/2021\/","name":"Noticias Radio Reflejos","description":"Las noticias de mi comarca","potentialAction":[{"@type":"SearchAction","target":{"@type":"EntryPoint","urlTemplate":"https:\/\/www.noticiasradioreflejos.com.ar\/2021\/?s={search_term_string}"},"query-input":{"@type":"PropertyValueSpecification","valueRequired":true,"valueName":"search_term_string"}}],"inLanguage":"es"},{"@type":"Person","@id":"https:\/\/www.noticiasradioreflejos.com.ar\/2021\/#\/schema\/person\/ad82545263dcc5ec0996818884fd5fb1","name":"Arnaldo Botto","image":{"@type":"ImageObject","inLanguage":"es","@id":"https:\/\/www.noticiasradioreflejos.com.ar\/2021\/#\/schema\/person\/image\/","url":"https:\/\/secure.gravatar.com\/avatar\/55cb5e37c1efa326397366e6974cb338056df65cb50e7d64d1cf314e87504837?s=96&d=mm&r=g","contentUrl":"https:\/\/secure.gravatar.com\/avatar\/55cb5e37c1efa326397366e6974cb338056df65cb50e7d64d1cf314e87504837?s=96&d=mm&r=g","caption":"Arnaldo Botto"},"url":"https:\/\/www.noticiasradioreflejos.com.ar\/2021\/author\/arnaldo\/"}]}},"_links":{"self":[{"href":"https:\/\/www.noticiasradioreflejos.com.ar\/2021\/wp-json\/wp\/v2\/posts\/39386","targetHints":{"allow":["GET"]}}],"collection":[{"href":"https:\/\/www.noticiasradioreflejos.com.ar\/2021\/wp-json\/wp\/v2\/posts"}],"about":[{"href":"https:\/\/www.noticiasradioreflejos.com.ar\/2021\/wp-json\/wp\/v2\/types\/post"}],"author":[{"embeddable":true,"href":"https:\/\/www.noticiasradioreflejos.com.ar\/2021\/wp-json\/wp\/v2\/users\/3"}],"replies":[{"embeddable":true,"href":"https:\/\/www.noticiasradioreflejos.com.ar\/2021\/wp-json\/wp\/v2\/comments?post=39386"}],"version-history":[{"count":0,"href":"https:\/\/www.noticiasradioreflejos.com.ar\/2021\/wp-json\/wp\/v2\/posts\/39386\/revisions"}],"wp:attachment":[{"href":"https:\/\/www.noticiasradioreflejos.com.ar\/2021\/wp-json\/wp\/v2\/media?parent=39386"}],"wp:term":[{"taxonomy":"category","embeddable":true,"href":"https:\/\/www.noticiasradioreflejos.com.ar\/2021\/wp-json\/wp\/v2\/categories?post=39386"},{"taxonomy":"post_tag","embeddable":true,"href":"https:\/\/www.noticiasradioreflejos.com.ar\/2021\/wp-json\/wp\/v2\/tags?post=39386"}],"curies":[{"name":"wp","href":"https:\/\/api.w.org\/{rel}","templated":true}]}}