{"id":39366,"date":"2020-03-12T11:18:19","date_gmt":"2020-03-12T14:18:19","guid":{"rendered":"http:\/\/www.noticiasradioreflejos.com.ar\/noticias\/?p=39366"},"modified":"2020-03-12T11:18:19","modified_gmt":"2020-03-12T14:18:19","slug":"con-exito-se-desarrollo-el-taller-de-defensa-personal","status":"publish","type":"post","link":"https:\/\/www.noticiasradioreflejos.com.ar\/2021\/con-exito-se-desarrollo-el-taller-de-defensa-personal\/","title":{"rendered":"Con \u00e9xito se desarroll\u00f3 el taller de Defensa Personal"},"content":{"rendered":"<p>Ayer por la tarde, se llev\u00f3 a cabo el taller de defensa personal en el marco de las actividades planificadas por la Semana de la Mujer, de la Direcci\u00f3n de Cultura Municipal.<br \/>\nM\u00e1s de 30 mujeres se sumaron a la iniciativa, llevada a cabo por la Prof. Georgina Egoburo y Andrea Garcia, que cont\u00f3 con dos instancias una te\u00f3rica y otra pr\u00e1ctica. <!--more--><\/p>\n<p><a href=\"http:\/\/live.staticflickr.com\/65535\/49651794881_f4f5c5c03c_s.jpg\" title=\"WhatsApp Image 2020-03-11 at 09.44.37\" rel=\"\"><img loading=\"lazy\" decoding=\"async\" src=\"http:\/\/live.staticflickr.com\/65535\/49651794881_f4f5c5c03c.jpg\" width=\"500\" height=\"290\" alt=\"WhatsApp Image 2020-03-11 at 09.44.37\" title=\"WhatsApp Image 2020-03-11 at 09.44.37\" class=\"alignleft\" style=\"float: left;\"><\/a>Durante la primera parte del encuentro las asistentes participaron de una charla explicativa sobre t\u00e9cnicas de defensa personal ante situaciones de extremo peligro.<br \/>\nLuego practicaron algunas de las t\u00e9cnicas antes mencionadas, para poder evadir situaciones problem\u00e1ticas en cualquier espacio que se presente.<br \/>\nDesde la Direcci\u00f3n de Cultura agradecemos la predisposici\u00f3n de las profesoras que gentilmente brindaron su tiempo en este taller.<br \/>\nRecordamos que las actividades continuar\u00e1n este viernes 13 y s\u00e1bado 14:<\/p>\n<p>13 de Marzo:<br \/>\n\u2022 \u201cNoche de Mujeres\u201d. Teatro y M\u00fasica. Teatro Municipal Rodolfo Funke. 20hs.<\/p>\n<p>14 de Marzo<br \/>\n\u2022 Mateada y M\u00fasica. Paseo de los Murales Tornquist. Intervenci\u00f3n art\u00edstica sobre pared del paseo. 18hs.<\/p>\n","protected":false},"excerpt":{"rendered":"<p>Ayer por la tarde, se llev\u00f3 a cabo el taller de defensa personal en el marco de las actividades planificadas por la Semana de la Mujer, de la Direcci\u00f3n de Cultura Municipal. M\u00e1s de 30 mujeres se sumaron a la iniciativa, llevada a cabo por la Prof. Georgina Egoburo y Andrea Garcia, que cont\u00f3 con [&hellip;]<\/p>\n","protected":false},"author":3,"featured_media":0,"comment_status":"closed","ping_status":"open","sticky":false,"template":"","format":"standard","meta":{"footnotes":""},"categories":[27],"tags":[],"class_list":["post-39366","post","type-post","status-publish","format-standard","hentry","category-deportes"],"yoast_head":"<!-- This site is optimized with the Yoast SEO plugin v25.9 - https:\/\/yoast.com\/wordpress\/plugins\/seo\/ -->\n<title>Con \u00e9xito se desarroll\u00f3 el taller de Defensa Personal - Noticias Radio Reflejos<\/title>\n<meta name=\"robots\" content=\"index, follow, max-snippet:-1, max-image-preview:large, max-video-preview:-1\" \/>\n<link rel=\"canonical\" href=\"https:\/\/www.noticiasradioreflejos.com.ar\/2021\/con-exito-se-desarrollo-el-taller-de-defensa-personal\/\" \/>\n<meta property=\"og:locale\" content=\"es_ES\" \/>\n<meta property=\"og:type\" content=\"article\" \/>\n<meta property=\"og:title\" content=\"Con \u00e9xito se desarroll\u00f3 el taller de Defensa Personal - Noticias Radio Reflejos\" \/>\n<meta property=\"og:description\" content=\"Ayer por la tarde, se llev\u00f3 a cabo el taller de defensa personal en el marco de las actividades planificadas por la Semana de la Mujer, de la Direcci\u00f3n de Cultura Municipal. M\u00e1s de 30 mujeres se sumaron a la iniciativa, llevada a cabo por la Prof. Georgina Egoburo y Andrea Garcia, que cont\u00f3 con [&hellip;]\" \/>\n<meta property=\"og:url\" content=\"https:\/\/www.noticiasradioreflejos.com.ar\/2021\/con-exito-se-desarrollo-el-taller-de-defensa-personal\/\" \/>\n<meta property=\"og:site_name\" content=\"Noticias Radio Reflejos\" \/>\n<meta property=\"article:published_time\" content=\"2020-03-12T14:18:19+00:00\" \/>\n<meta property=\"og:image\" content=\"http:\/\/live.staticflickr.com\/65535\/49651794881_f4f5c5c03c.jpg\" \/>\n<meta name=\"author\" content=\"Arnaldo Botto\" \/>\n<meta name=\"twitter:card\" content=\"summary_large_image\" \/>\n<script type=\"application\/ld+json\" class=\"yoast-schema-graph\">{\"@context\":\"https:\/\/schema.org\",\"@graph\":[{\"@type\":\"WebPage\",\"@id\":\"https:\/\/www.noticiasradioreflejos.com.ar\/2021\/con-exito-se-desarrollo-el-taller-de-defensa-personal\/\",\"url\":\"https:\/\/www.noticiasradioreflejos.com.ar\/2021\/con-exito-se-desarrollo-el-taller-de-defensa-personal\/\",\"name\":\"Con \u00e9xito se desarroll\u00f3 el taller de Defensa Personal - Noticias Radio Reflejos\",\"isPartOf\":{\"@id\":\"https:\/\/www.noticiasradioreflejos.com.ar\/2021\/#website\"},\"primaryImageOfPage\":{\"@id\":\"https:\/\/www.noticiasradioreflejos.com.ar\/2021\/con-exito-se-desarrollo-el-taller-de-defensa-personal\/#primaryimage\"},\"image\":{\"@id\":\"https:\/\/www.noticiasradioreflejos.com.ar\/2021\/con-exito-se-desarrollo-el-taller-de-defensa-personal\/#primaryimage\"},\"thumbnailUrl\":\"http:\/\/live.staticflickr.com\/65535\/49651794881_f4f5c5c03c.jpg\",\"datePublished\":\"2020-03-12T14:18:19+00:00\",\"author\":{\"@id\":\"https:\/\/www.noticiasradioreflejos.com.ar\/2021\/#\/schema\/person\/ad82545263dcc5ec0996818884fd5fb1\"},\"breadcrumb\":{\"@id\":\"https:\/\/www.noticiasradioreflejos.com.ar\/2021\/con-exito-se-desarrollo-el-taller-de-defensa-personal\/#breadcrumb\"},\"inLanguage\":\"es\",\"potentialAction\":[{\"@type\":\"ReadAction\",\"target\":[\"https:\/\/www.noticiasradioreflejos.com.ar\/2021\/con-exito-se-desarrollo-el-taller-de-defensa-personal\/\"]}]},{\"@type\":\"ImageObject\",\"inLanguage\":\"es\",\"@id\":\"https:\/\/www.noticiasradioreflejos.com.ar\/2021\/con-exito-se-desarrollo-el-taller-de-defensa-personal\/#primaryimage\",\"url\":\"http:\/\/live.staticflickr.com\/65535\/49651794881_f4f5c5c03c.jpg\",\"contentUrl\":\"http:\/\/live.staticflickr.com\/65535\/49651794881_f4f5c5c03c.jpg\"},{\"@type\":\"BreadcrumbList\",\"@id\":\"https:\/\/www.noticiasradioreflejos.com.ar\/2021\/con-exito-se-desarrollo-el-taller-de-defensa-personal\/#breadcrumb\",\"itemListElement\":[{\"@type\":\"ListItem\",\"position\":1,\"name\":\"Portada\",\"item\":\"https:\/\/www.noticiasradioreflejos.com.ar\/2021\/\"},{\"@type\":\"ListItem\",\"position\":2,\"name\":\"Con \u00e9xito se desarroll\u00f3 el taller de Defensa Personal\"}]},{\"@type\":\"WebSite\",\"@id\":\"https:\/\/www.noticiasradioreflejos.com.ar\/2021\/#website\",\"url\":\"https:\/\/www.noticiasradioreflejos.com.ar\/2021\/\",\"name\":\"Noticias Radio Reflejos\",\"description\":\"Las noticias de mi comarca\",\"potentialAction\":[{\"@type\":\"SearchAction\",\"target\":{\"@type\":\"EntryPoint\",\"urlTemplate\":\"https:\/\/www.noticiasradioreflejos.com.ar\/2021\/?s={search_term_string}\"},\"query-input\":{\"@type\":\"PropertyValueSpecification\",\"valueRequired\":true,\"valueName\":\"search_term_string\"}}],\"inLanguage\":\"es\"},{\"@type\":\"Person\",\"@id\":\"https:\/\/www.noticiasradioreflejos.com.ar\/2021\/#\/schema\/person\/ad82545263dcc5ec0996818884fd5fb1\",\"name\":\"Arnaldo Botto\",\"image\":{\"@type\":\"ImageObject\",\"inLanguage\":\"es\",\"@id\":\"https:\/\/www.noticiasradioreflejos.com.ar\/2021\/#\/schema\/person\/image\/\",\"url\":\"https:\/\/secure.gravatar.com\/avatar\/55cb5e37c1efa326397366e6974cb338056df65cb50e7d64d1cf314e87504837?s=96&d=mm&r=g\",\"contentUrl\":\"https:\/\/secure.gravatar.com\/avatar\/55cb5e37c1efa326397366e6974cb338056df65cb50e7d64d1cf314e87504837?s=96&d=mm&r=g\",\"caption\":\"Arnaldo Botto\"},\"url\":\"https:\/\/www.noticiasradioreflejos.com.ar\/2021\/author\/arnaldo\/\"}]}<\/script>\n<!-- \/ Yoast SEO plugin. -->","yoast_head_json":{"title":"Con \u00e9xito se desarroll\u00f3 el taller de Defensa Personal - Noticias Radio Reflejos","robots":{"index":"index","follow":"follow","max-snippet":"max-snippet:-1","max-image-preview":"max-image-preview:large","max-video-preview":"max-video-preview:-1"},"canonical":"https:\/\/www.noticiasradioreflejos.com.ar\/2021\/con-exito-se-desarrollo-el-taller-de-defensa-personal\/","og_locale":"es_ES","og_type":"article","og_title":"Con \u00e9xito se desarroll\u00f3 el taller de Defensa Personal - Noticias Radio Reflejos","og_description":"Ayer por la tarde, se llev\u00f3 a cabo el taller de defensa personal en el marco de las actividades planificadas por la Semana de la Mujer, de la Direcci\u00f3n de Cultura Municipal. M\u00e1s de 30 mujeres se sumaron a la iniciativa, llevada a cabo por la Prof. Georgina Egoburo y Andrea Garcia, que cont\u00f3 con [&hellip;]","og_url":"https:\/\/www.noticiasradioreflejos.com.ar\/2021\/con-exito-se-desarrollo-el-taller-de-defensa-personal\/","og_site_name":"Noticias Radio Reflejos","article_published_time":"2020-03-12T14:18:19+00:00","og_image":[{"url":"http:\/\/live.staticflickr.com\/65535\/49651794881_f4f5c5c03c.jpg","type":"","width":"","height":""}],"author":"Arnaldo Botto","twitter_card":"summary_large_image","schema":{"@context":"https:\/\/schema.org","@graph":[{"@type":"WebPage","@id":"https:\/\/www.noticiasradioreflejos.com.ar\/2021\/con-exito-se-desarrollo-el-taller-de-defensa-personal\/","url":"https:\/\/www.noticiasradioreflejos.com.ar\/2021\/con-exito-se-desarrollo-el-taller-de-defensa-personal\/","name":"Con \u00e9xito se desarroll\u00f3 el taller de Defensa Personal - Noticias Radio Reflejos","isPartOf":{"@id":"https:\/\/www.noticiasradioreflejos.com.ar\/2021\/#website"},"primaryImageOfPage":{"@id":"https:\/\/www.noticiasradioreflejos.com.ar\/2021\/con-exito-se-desarrollo-el-taller-de-defensa-personal\/#primaryimage"},"image":{"@id":"https:\/\/www.noticiasradioreflejos.com.ar\/2021\/con-exito-se-desarrollo-el-taller-de-defensa-personal\/#primaryimage"},"thumbnailUrl":"http:\/\/live.staticflickr.com\/65535\/49651794881_f4f5c5c03c.jpg","datePublished":"2020-03-12T14:18:19+00:00","author":{"@id":"https:\/\/www.noticiasradioreflejos.com.ar\/2021\/#\/schema\/person\/ad82545263dcc5ec0996818884fd5fb1"},"breadcrumb":{"@id":"https:\/\/www.noticiasradioreflejos.com.ar\/2021\/con-exito-se-desarrollo-el-taller-de-defensa-personal\/#breadcrumb"},"inLanguage":"es","potentialAction":[{"@type":"ReadAction","target":["https:\/\/www.noticiasradioreflejos.com.ar\/2021\/con-exito-se-desarrollo-el-taller-de-defensa-personal\/"]}]},{"@type":"ImageObject","inLanguage":"es","@id":"https:\/\/www.noticiasradioreflejos.com.ar\/2021\/con-exito-se-desarrollo-el-taller-de-defensa-personal\/#primaryimage","url":"http:\/\/live.staticflickr.com\/65535\/49651794881_f4f5c5c03c.jpg","contentUrl":"http:\/\/live.staticflickr.com\/65535\/49651794881_f4f5c5c03c.jpg"},{"@type":"BreadcrumbList","@id":"https:\/\/www.noticiasradioreflejos.com.ar\/2021\/con-exito-se-desarrollo-el-taller-de-defensa-personal\/#breadcrumb","itemListElement":[{"@type":"ListItem","position":1,"name":"Portada","item":"https:\/\/www.noticiasradioreflejos.com.ar\/2021\/"},{"@type":"ListItem","position":2,"name":"Con \u00e9xito se desarroll\u00f3 el taller de Defensa Personal"}]},{"@type":"WebSite","@id":"https:\/\/www.noticiasradioreflejos.com.ar\/2021\/#website","url":"https:\/\/www.noticiasradioreflejos.com.ar\/2021\/","name":"Noticias Radio Reflejos","description":"Las noticias de mi comarca","potentialAction":[{"@type":"SearchAction","target":{"@type":"EntryPoint","urlTemplate":"https:\/\/www.noticiasradioreflejos.com.ar\/2021\/?s={search_term_string}"},"query-input":{"@type":"PropertyValueSpecification","valueRequired":true,"valueName":"search_term_string"}}],"inLanguage":"es"},{"@type":"Person","@id":"https:\/\/www.noticiasradioreflejos.com.ar\/2021\/#\/schema\/person\/ad82545263dcc5ec0996818884fd5fb1","name":"Arnaldo Botto","image":{"@type":"ImageObject","inLanguage":"es","@id":"https:\/\/www.noticiasradioreflejos.com.ar\/2021\/#\/schema\/person\/image\/","url":"https:\/\/secure.gravatar.com\/avatar\/55cb5e37c1efa326397366e6974cb338056df65cb50e7d64d1cf314e87504837?s=96&d=mm&r=g","contentUrl":"https:\/\/secure.gravatar.com\/avatar\/55cb5e37c1efa326397366e6974cb338056df65cb50e7d64d1cf314e87504837?s=96&d=mm&r=g","caption":"Arnaldo Botto"},"url":"https:\/\/www.noticiasradioreflejos.com.ar\/2021\/author\/arnaldo\/"}]}},"_links":{"self":[{"href":"https:\/\/www.noticiasradioreflejos.com.ar\/2021\/wp-json\/wp\/v2\/posts\/39366","targetHints":{"allow":["GET"]}}],"collection":[{"href":"https:\/\/www.noticiasradioreflejos.com.ar\/2021\/wp-json\/wp\/v2\/posts"}],"about":[{"href":"https:\/\/www.noticiasradioreflejos.com.ar\/2021\/wp-json\/wp\/v2\/types\/post"}],"author":[{"embeddable":true,"href":"https:\/\/www.noticiasradioreflejos.com.ar\/2021\/wp-json\/wp\/v2\/users\/3"}],"replies":[{"embeddable":true,"href":"https:\/\/www.noticiasradioreflejos.com.ar\/2021\/wp-json\/wp\/v2\/comments?post=39366"}],"version-history":[{"count":0,"href":"https:\/\/www.noticiasradioreflejos.com.ar\/2021\/wp-json\/wp\/v2\/posts\/39366\/revisions"}],"wp:attachment":[{"href":"https:\/\/www.noticiasradioreflejos.com.ar\/2021\/wp-json\/wp\/v2\/media?parent=39366"}],"wp:term":[{"taxonomy":"category","embeddable":true,"href":"https:\/\/www.noticiasradioreflejos.com.ar\/2021\/wp-json\/wp\/v2\/categories?post=39366"},{"taxonomy":"post_tag","embeddable":true,"href":"https:\/\/www.noticiasradioreflejos.com.ar\/2021\/wp-json\/wp\/v2\/tags?post=39366"}],"curies":[{"name":"wp","href":"https:\/\/api.w.org\/{rel}","templated":true}]}}