{"id":39364,"date":"2020-03-12T11:21:15","date_gmt":"2020-03-12T14:21:15","guid":{"rendered":"http:\/\/www.noticiasradioreflejos.com.ar\/noticias\/?p=39364"},"modified":"2020-03-12T11:21:15","modified_gmt":"2020-03-12T14:21:15","slug":"la-pregunta-es-esta-permitido-o-esta-prohibido-mauricio-del-cero","status":"publish","type":"post","link":"https:\/\/www.noticiasradioreflejos.com.ar\/2021\/la-pregunta-es-esta-permitido-o-esta-prohibido-mauricio-del-cero\/","title":{"rendered":"\u00abLa pregunta es: est\u00e1 permitido o est\u00e1 prohibido\u00bb &#8211; Mauricio del Cero"},"content":{"rendered":"<p>El fiscal Mauricio Del Cero brind\u00f3 una conferencia de prensa en su despacho donde dio precisiones sobre los allanamientos de ayer en el distrito, afirm\u00f3 que dos personas saldr\u00e1n en libertad este jueves y los concejales reci\u00e9n declarar\u00e1n ma\u00f1ana.<!--more--><br \/>\nDurante la jornada de este jueves en su despacho de calle estomba en Bah\u00eda Blanca, el fiscal Dr. Mauricio del Cero, brind\u00f3 una conferencia de prensa donde dio precisiones de los allanamientos realizados en Tornquist y por los cuales quedaron aprehendidos por tenencia simple de plantas de cannabis, Omar Navas su esposa y los concejales Federico Labarthe y Cristian Raising.<br \/>\nAl respecto confirm\u00f3 que Navas como su esposa declaraban y quedan en libertad hoy jueves. En tantos los ediles reci\u00e9n ma\u00f1ana prestar\u00e1n declaraci\u00f3n y se definir\u00eda su situaci\u00f3n procesal para luego recuperar tambi\u00e9n la libertad.<br \/>\nEl mismo fiscal confirm\u00f3 que la denuncia fue radicada por el periodista de la B24 Germ\u00e1n Sasso y luego se realizaron los allanamientos que derivaron en lo que fue de p\u00fablico conocimiento.<\/p>\n<p><strong>Nota al Fiscal en La Br\u00fajula. <\/strong><br \/>\n<iframe loading=\"lazy\" src=\"https:\/\/w.soundcloud.com\/player\/?url=https%3A\/\/api.soundcloud.com\/tracks\/774899320&amp;color=%23ff5500&amp;auto_play=false&amp;hide_related=false&amp;show_comments=true&amp;show_user=true&amp;show_reposts=false&amp;show_teaser=true\" width=\"100%\" height=\"166\" frameborder=\"no\" scrolling=\"no\"><\/iframe><\/p>\n<p><strong>Conferencia de prensa<\/strong><br \/>\n<iframe loading=\"lazy\" src=\"https:\/\/w.soundcloud.com\/player\/?url=https%3A\/\/api.soundcloud.com\/tracks\/774902500&amp;color=%23ff5500&amp;auto_play=false&amp;hide_related=false&amp;show_comments=true&amp;show_user=true&amp;show_reposts=false&amp;show_teaser=true\" width=\"100%\" height=\"166\" frameborder=\"no\" scrolling=\"no\"><\/iframe><\/p>\n","protected":false},"excerpt":{"rendered":"<p>El fiscal Mauricio Del Cero brind\u00f3 una conferencia de prensa en su despacho donde dio precisiones sobre los allanamientos de ayer en el distrito, afirm\u00f3 que dos personas saldr\u00e1n en libertad este jueves y los concejales reci\u00e9n declarar\u00e1n ma\u00f1ana.<\/p>\n","protected":false},"author":3,"featured_media":0,"comment_status":"closed","ping_status":"open","sticky":false,"template":"","format":"standard","meta":{"footnotes":""},"categories":[29],"tags":[],"class_list":["post-39364","post","type-post","status-publish","format-standard","hentry","category-policiales"],"yoast_head":"<!-- This site is optimized with the Yoast SEO plugin v25.9 - https:\/\/yoast.com\/wordpress\/plugins\/seo\/ -->\n<title>&quot;La pregunta es: est\u00e1 permitido o est\u00e1 prohibido&quot; - Mauricio del Cero - Noticias Radio Reflejos<\/title>\n<meta name=\"robots\" content=\"index, follow, max-snippet:-1, max-image-preview:large, max-video-preview:-1\" \/>\n<link rel=\"canonical\" href=\"https:\/\/www.noticiasradioreflejos.com.ar\/2021\/la-pregunta-es-esta-permitido-o-esta-prohibido-mauricio-del-cero\/\" \/>\n<meta property=\"og:locale\" content=\"es_ES\" \/>\n<meta property=\"og:type\" content=\"article\" \/>\n<meta property=\"og:title\" content=\"&quot;La pregunta es: est\u00e1 permitido o est\u00e1 prohibido&quot; - Mauricio del Cero - Noticias Radio Reflejos\" \/>\n<meta property=\"og:description\" content=\"El fiscal Mauricio Del Cero brind\u00f3 una conferencia de prensa en su despacho donde dio precisiones sobre los allanamientos de ayer en el distrito, afirm\u00f3 que dos personas saldr\u00e1n en libertad este jueves y los concejales reci\u00e9n declarar\u00e1n ma\u00f1ana.\" \/>\n<meta property=\"og:url\" content=\"https:\/\/www.noticiasradioreflejos.com.ar\/2021\/la-pregunta-es-esta-permitido-o-esta-prohibido-mauricio-del-cero\/\" \/>\n<meta property=\"og:site_name\" content=\"Noticias Radio Reflejos\" \/>\n<meta property=\"article:published_time\" content=\"2020-03-12T14:21:15+00:00\" \/>\n<meta property=\"og:image\" content=\"https:\/\/www.noticiasradioreflejos.com.ar\/2021\/wp-content\/uploads\/2021\/07\/logosol300x200.png\" \/>\n\t<meta property=\"og:image:width\" content=\"300\" \/>\n\t<meta property=\"og:image:height\" content=\"200\" \/>\n\t<meta property=\"og:image:type\" content=\"image\/png\" \/>\n<meta name=\"author\" content=\"Arnaldo Botto\" \/>\n<meta name=\"twitter:card\" content=\"summary_large_image\" \/>\n<script type=\"application\/ld+json\" class=\"yoast-schema-graph\">{\"@context\":\"https:\/\/schema.org\",\"@graph\":[{\"@type\":\"WebPage\",\"@id\":\"https:\/\/www.noticiasradioreflejos.com.ar\/2021\/la-pregunta-es-esta-permitido-o-esta-prohibido-mauricio-del-cero\/\",\"url\":\"https:\/\/www.noticiasradioreflejos.com.ar\/2021\/la-pregunta-es-esta-permitido-o-esta-prohibido-mauricio-del-cero\/\",\"name\":\"\\\"La pregunta es: est\u00e1 permitido o est\u00e1 prohibido\\\" - Mauricio del Cero - Noticias Radio Reflejos\",\"isPartOf\":{\"@id\":\"https:\/\/www.noticiasradioreflejos.com.ar\/2021\/#website\"},\"datePublished\":\"2020-03-12T14:21:15+00:00\",\"author\":{\"@id\":\"https:\/\/www.noticiasradioreflejos.com.ar\/2021\/#\/schema\/person\/ad82545263dcc5ec0996818884fd5fb1\"},\"breadcrumb\":{\"@id\":\"https:\/\/www.noticiasradioreflejos.com.ar\/2021\/la-pregunta-es-esta-permitido-o-esta-prohibido-mauricio-del-cero\/#breadcrumb\"},\"inLanguage\":\"es\",\"potentialAction\":[{\"@type\":\"ReadAction\",\"target\":[\"https:\/\/www.noticiasradioreflejos.com.ar\/2021\/la-pregunta-es-esta-permitido-o-esta-prohibido-mauricio-del-cero\/\"]}]},{\"@type\":\"BreadcrumbList\",\"@id\":\"https:\/\/www.noticiasradioreflejos.com.ar\/2021\/la-pregunta-es-esta-permitido-o-esta-prohibido-mauricio-del-cero\/#breadcrumb\",\"itemListElement\":[{\"@type\":\"ListItem\",\"position\":1,\"name\":\"Portada\",\"item\":\"https:\/\/www.noticiasradioreflejos.com.ar\/2021\/\"},{\"@type\":\"ListItem\",\"position\":2,\"name\":\"\u00abLa pregunta es: est\u00e1 permitido o est\u00e1 prohibido\u00bb &#8211; Mauricio del Cero\"}]},{\"@type\":\"WebSite\",\"@id\":\"https:\/\/www.noticiasradioreflejos.com.ar\/2021\/#website\",\"url\":\"https:\/\/www.noticiasradioreflejos.com.ar\/2021\/\",\"name\":\"Noticias Radio Reflejos\",\"description\":\"Las noticias de mi comarca\",\"potentialAction\":[{\"@type\":\"SearchAction\",\"target\":{\"@type\":\"EntryPoint\",\"urlTemplate\":\"https:\/\/www.noticiasradioreflejos.com.ar\/2021\/?s={search_term_string}\"},\"query-input\":{\"@type\":\"PropertyValueSpecification\",\"valueRequired\":true,\"valueName\":\"search_term_string\"}}],\"inLanguage\":\"es\"},{\"@type\":\"Person\",\"@id\":\"https:\/\/www.noticiasradioreflejos.com.ar\/2021\/#\/schema\/person\/ad82545263dcc5ec0996818884fd5fb1\",\"name\":\"Arnaldo Botto\",\"image\":{\"@type\":\"ImageObject\",\"inLanguage\":\"es\",\"@id\":\"https:\/\/www.noticiasradioreflejos.com.ar\/2021\/#\/schema\/person\/image\/\",\"url\":\"https:\/\/secure.gravatar.com\/avatar\/55cb5e37c1efa326397366e6974cb338056df65cb50e7d64d1cf314e87504837?s=96&d=mm&r=g\",\"contentUrl\":\"https:\/\/secure.gravatar.com\/avatar\/55cb5e37c1efa326397366e6974cb338056df65cb50e7d64d1cf314e87504837?s=96&d=mm&r=g\",\"caption\":\"Arnaldo Botto\"},\"url\":\"https:\/\/www.noticiasradioreflejos.com.ar\/2021\/author\/arnaldo\/\"}]}<\/script>\n<!-- \/ Yoast SEO plugin. -->","yoast_head_json":{"title":"\"La pregunta es: est\u00e1 permitido o est\u00e1 prohibido\" - Mauricio del Cero - Noticias Radio Reflejos","robots":{"index":"index","follow":"follow","max-snippet":"max-snippet:-1","max-image-preview":"max-image-preview:large","max-video-preview":"max-video-preview:-1"},"canonical":"https:\/\/www.noticiasradioreflejos.com.ar\/2021\/la-pregunta-es-esta-permitido-o-esta-prohibido-mauricio-del-cero\/","og_locale":"es_ES","og_type":"article","og_title":"\"La pregunta es: est\u00e1 permitido o est\u00e1 prohibido\" - Mauricio del Cero - Noticias Radio Reflejos","og_description":"El fiscal Mauricio Del Cero brind\u00f3 una conferencia de prensa en su despacho donde dio precisiones sobre los allanamientos de ayer en el distrito, afirm\u00f3 que dos personas saldr\u00e1n en libertad este jueves y los concejales reci\u00e9n declarar\u00e1n ma\u00f1ana.","og_url":"https:\/\/www.noticiasradioreflejos.com.ar\/2021\/la-pregunta-es-esta-permitido-o-esta-prohibido-mauricio-del-cero\/","og_site_name":"Noticias Radio Reflejos","article_published_time":"2020-03-12T14:21:15+00:00","og_image":[{"width":300,"height":200,"url":"https:\/\/www.noticiasradioreflejos.com.ar\/2021\/wp-content\/uploads\/2021\/07\/logosol300x200.png","type":"image\/png"}],"author":"Arnaldo Botto","twitter_card":"summary_large_image","schema":{"@context":"https:\/\/schema.org","@graph":[{"@type":"WebPage","@id":"https:\/\/www.noticiasradioreflejos.com.ar\/2021\/la-pregunta-es-esta-permitido-o-esta-prohibido-mauricio-del-cero\/","url":"https:\/\/www.noticiasradioreflejos.com.ar\/2021\/la-pregunta-es-esta-permitido-o-esta-prohibido-mauricio-del-cero\/","name":"\"La pregunta es: est\u00e1 permitido o est\u00e1 prohibido\" - Mauricio del Cero - Noticias Radio Reflejos","isPartOf":{"@id":"https:\/\/www.noticiasradioreflejos.com.ar\/2021\/#website"},"datePublished":"2020-03-12T14:21:15+00:00","author":{"@id":"https:\/\/www.noticiasradioreflejos.com.ar\/2021\/#\/schema\/person\/ad82545263dcc5ec0996818884fd5fb1"},"breadcrumb":{"@id":"https:\/\/www.noticiasradioreflejos.com.ar\/2021\/la-pregunta-es-esta-permitido-o-esta-prohibido-mauricio-del-cero\/#breadcrumb"},"inLanguage":"es","potentialAction":[{"@type":"ReadAction","target":["https:\/\/www.noticiasradioreflejos.com.ar\/2021\/la-pregunta-es-esta-permitido-o-esta-prohibido-mauricio-del-cero\/"]}]},{"@type":"BreadcrumbList","@id":"https:\/\/www.noticiasradioreflejos.com.ar\/2021\/la-pregunta-es-esta-permitido-o-esta-prohibido-mauricio-del-cero\/#breadcrumb","itemListElement":[{"@type":"ListItem","position":1,"name":"Portada","item":"https:\/\/www.noticiasradioreflejos.com.ar\/2021\/"},{"@type":"ListItem","position":2,"name":"\u00abLa pregunta es: est\u00e1 permitido o est\u00e1 prohibido\u00bb &#8211; Mauricio del Cero"}]},{"@type":"WebSite","@id":"https:\/\/www.noticiasradioreflejos.com.ar\/2021\/#website","url":"https:\/\/www.noticiasradioreflejos.com.ar\/2021\/","name":"Noticias Radio Reflejos","description":"Las noticias de mi comarca","potentialAction":[{"@type":"SearchAction","target":{"@type":"EntryPoint","urlTemplate":"https:\/\/www.noticiasradioreflejos.com.ar\/2021\/?s={search_term_string}"},"query-input":{"@type":"PropertyValueSpecification","valueRequired":true,"valueName":"search_term_string"}}],"inLanguage":"es"},{"@type":"Person","@id":"https:\/\/www.noticiasradioreflejos.com.ar\/2021\/#\/schema\/person\/ad82545263dcc5ec0996818884fd5fb1","name":"Arnaldo Botto","image":{"@type":"ImageObject","inLanguage":"es","@id":"https:\/\/www.noticiasradioreflejos.com.ar\/2021\/#\/schema\/person\/image\/","url":"https:\/\/secure.gravatar.com\/avatar\/55cb5e37c1efa326397366e6974cb338056df65cb50e7d64d1cf314e87504837?s=96&d=mm&r=g","contentUrl":"https:\/\/secure.gravatar.com\/avatar\/55cb5e37c1efa326397366e6974cb338056df65cb50e7d64d1cf314e87504837?s=96&d=mm&r=g","caption":"Arnaldo Botto"},"url":"https:\/\/www.noticiasradioreflejos.com.ar\/2021\/author\/arnaldo\/"}]}},"_links":{"self":[{"href":"https:\/\/www.noticiasradioreflejos.com.ar\/2021\/wp-json\/wp\/v2\/posts\/39364","targetHints":{"allow":["GET"]}}],"collection":[{"href":"https:\/\/www.noticiasradioreflejos.com.ar\/2021\/wp-json\/wp\/v2\/posts"}],"about":[{"href":"https:\/\/www.noticiasradioreflejos.com.ar\/2021\/wp-json\/wp\/v2\/types\/post"}],"author":[{"embeddable":true,"href":"https:\/\/www.noticiasradioreflejos.com.ar\/2021\/wp-json\/wp\/v2\/users\/3"}],"replies":[{"embeddable":true,"href":"https:\/\/www.noticiasradioreflejos.com.ar\/2021\/wp-json\/wp\/v2\/comments?post=39364"}],"version-history":[{"count":0,"href":"https:\/\/www.noticiasradioreflejos.com.ar\/2021\/wp-json\/wp\/v2\/posts\/39364\/revisions"}],"wp:attachment":[{"href":"https:\/\/www.noticiasradioreflejos.com.ar\/2021\/wp-json\/wp\/v2\/media?parent=39364"}],"wp:term":[{"taxonomy":"category","embeddable":true,"href":"https:\/\/www.noticiasradioreflejos.com.ar\/2021\/wp-json\/wp\/v2\/categories?post=39364"},{"taxonomy":"post_tag","embeddable":true,"href":"https:\/\/www.noticiasradioreflejos.com.ar\/2021\/wp-json\/wp\/v2\/tags?post=39364"}],"curies":[{"name":"wp","href":"https:\/\/api.w.org\/{rel}","templated":true}]}}