{"id":39360,"date":"2020-03-12T10:23:41","date_gmt":"2020-03-12T13:23:41","guid":{"rendered":"http:\/\/www.noticiasradioreflejos.com.ar\/noticias\/?p=39360"},"modified":"2020-03-12T10:23:41","modified_gmt":"2020-03-12T13:23:41","slug":"recomiendan-no-hospedar-a-extranjeros-en-la-comarca-por-riesgo-de-coronavirus","status":"publish","type":"post","link":"https:\/\/www.noticiasradioreflejos.com.ar\/2021\/recomiendan-no-hospedar-a-extranjeros-en-la-comarca-por-riesgo-de-coronavirus\/","title":{"rendered":"Recomiendan no hospedar a extranjeros en la comarca por riesgo de coronavirus."},"content":{"rendered":"<p><a href=\"http:\/\/live.staticflickr.com\/65535\/49651912447_108c8a1886_s.jpg\" title=\"o hospedar extranjeros\" rel=\"\"><img loading=\"lazy\" decoding=\"async\" src=\"http:\/\/live.staticflickr.com\/65535\/49651912447_108c8a1886.jpg\" width=\"500\" height=\"500\" alt=\"o hospedar extranjeros\" title=\"o hospedar extranjeros\" class=\"alignleft\" style=\"float: left;\"><\/a>Desde el Municipio de Coronel Su\u00e1rez solicitan a hoteles, hospedajes y alojamientos del distrito y en especial de Villa La Arcadia, cumplir rigurosamente las normas oficiales emitidas desde el Ministerio de Salud de la Naci\u00f3n para prevenir el Coronavirus.<!--more--><\/p>\n<p>\u203cPor este motivo, quienes hayan realizado viajes, tanto argentinos como extranjeros, a los pa\u00edses de Alemania, China, Corea del Sur, Espa\u00f1a, Estados Unidos, Francia, Ir\u00e1n, Jap\u00f3n o los pa\u00edses que indique el Ministerio de Salud en el futuro; deber\u00e1n abstenerse de ingresar a los destinos tur\u00edsticos hasta tanto hayan transcurrido 15 d\u00edas desde su arribo a la Rep\u00fablica Argentina, presentando documentaci\u00f3n probatoria.<br \/>\n\ud83d\udc49\u201cCuidarnos entre todos es una obligaci\u00f3n\u201d<br \/>\nSecretar\u00eda de Salud<br \/>\nMunicipio de Coronel Su\u00e1rez<\/p>\n","protected":false},"excerpt":{"rendered":"<p>Desde el Municipio de Coronel Su\u00e1rez solicitan a hoteles, hospedajes y alojamientos del distrito y en especial de Villa La Arcadia, cumplir rigurosamente las normas oficiales emitidas desde el Ministerio de Salud de la Naci\u00f3n para prevenir el Coronavirus.<\/p>\n","protected":false},"author":3,"featured_media":0,"comment_status":"closed","ping_status":"open","sticky":false,"template":"","format":"standard","meta":{"footnotes":""},"categories":[30],"tags":[],"class_list":["post-39360","post","type-post","status-publish","format-standard","hentry","category-salud"],"yoast_head":"<!-- This site is optimized with the Yoast SEO plugin v25.9 - https:\/\/yoast.com\/wordpress\/plugins\/seo\/ -->\n<title>Recomiendan no hospedar a extranjeros en la comarca por riesgo de coronavirus. - Noticias Radio Reflejos<\/title>\n<meta name=\"robots\" content=\"index, follow, max-snippet:-1, max-image-preview:large, max-video-preview:-1\" \/>\n<link rel=\"canonical\" href=\"https:\/\/www.noticiasradioreflejos.com.ar\/2021\/recomiendan-no-hospedar-a-extranjeros-en-la-comarca-por-riesgo-de-coronavirus\/\" \/>\n<meta property=\"og:locale\" content=\"es_ES\" \/>\n<meta property=\"og:type\" content=\"article\" \/>\n<meta property=\"og:title\" content=\"Recomiendan no hospedar a extranjeros en la comarca por riesgo de coronavirus. - Noticias Radio Reflejos\" \/>\n<meta property=\"og:description\" content=\"Desde el Municipio de Coronel Su\u00e1rez solicitan a hoteles, hospedajes y alojamientos del distrito y en especial de Villa La Arcadia, cumplir rigurosamente las normas oficiales emitidas desde el Ministerio de Salud de la Naci\u00f3n para prevenir el Coronavirus.\" \/>\n<meta property=\"og:url\" content=\"https:\/\/www.noticiasradioreflejos.com.ar\/2021\/recomiendan-no-hospedar-a-extranjeros-en-la-comarca-por-riesgo-de-coronavirus\/\" \/>\n<meta property=\"og:site_name\" content=\"Noticias Radio Reflejos\" \/>\n<meta property=\"article:published_time\" content=\"2020-03-12T13:23:41+00:00\" \/>\n<meta property=\"og:image\" content=\"http:\/\/live.staticflickr.com\/65535\/49651912447_108c8a1886.jpg\" \/>\n<meta name=\"author\" content=\"Arnaldo Botto\" \/>\n<meta name=\"twitter:card\" content=\"summary_large_image\" \/>\n<script type=\"application\/ld+json\" class=\"yoast-schema-graph\">{\"@context\":\"https:\/\/schema.org\",\"@graph\":[{\"@type\":\"WebPage\",\"@id\":\"https:\/\/www.noticiasradioreflejos.com.ar\/2021\/recomiendan-no-hospedar-a-extranjeros-en-la-comarca-por-riesgo-de-coronavirus\/\",\"url\":\"https:\/\/www.noticiasradioreflejos.com.ar\/2021\/recomiendan-no-hospedar-a-extranjeros-en-la-comarca-por-riesgo-de-coronavirus\/\",\"name\":\"Recomiendan no hospedar a extranjeros en la comarca por riesgo de coronavirus. - Noticias Radio Reflejos\",\"isPartOf\":{\"@id\":\"https:\/\/www.noticiasradioreflejos.com.ar\/2021\/#website\"},\"primaryImageOfPage\":{\"@id\":\"https:\/\/www.noticiasradioreflejos.com.ar\/2021\/recomiendan-no-hospedar-a-extranjeros-en-la-comarca-por-riesgo-de-coronavirus\/#primaryimage\"},\"image\":{\"@id\":\"https:\/\/www.noticiasradioreflejos.com.ar\/2021\/recomiendan-no-hospedar-a-extranjeros-en-la-comarca-por-riesgo-de-coronavirus\/#primaryimage\"},\"thumbnailUrl\":\"http:\/\/live.staticflickr.com\/65535\/49651912447_108c8a1886.jpg\",\"datePublished\":\"2020-03-12T13:23:41+00:00\",\"author\":{\"@id\":\"https:\/\/www.noticiasradioreflejos.com.ar\/2021\/#\/schema\/person\/ad82545263dcc5ec0996818884fd5fb1\"},\"breadcrumb\":{\"@id\":\"https:\/\/www.noticiasradioreflejos.com.ar\/2021\/recomiendan-no-hospedar-a-extranjeros-en-la-comarca-por-riesgo-de-coronavirus\/#breadcrumb\"},\"inLanguage\":\"es\",\"potentialAction\":[{\"@type\":\"ReadAction\",\"target\":[\"https:\/\/www.noticiasradioreflejos.com.ar\/2021\/recomiendan-no-hospedar-a-extranjeros-en-la-comarca-por-riesgo-de-coronavirus\/\"]}]},{\"@type\":\"ImageObject\",\"inLanguage\":\"es\",\"@id\":\"https:\/\/www.noticiasradioreflejos.com.ar\/2021\/recomiendan-no-hospedar-a-extranjeros-en-la-comarca-por-riesgo-de-coronavirus\/#primaryimage\",\"url\":\"http:\/\/live.staticflickr.com\/65535\/49651912447_108c8a1886.jpg\",\"contentUrl\":\"http:\/\/live.staticflickr.com\/65535\/49651912447_108c8a1886.jpg\"},{\"@type\":\"BreadcrumbList\",\"@id\":\"https:\/\/www.noticiasradioreflejos.com.ar\/2021\/recomiendan-no-hospedar-a-extranjeros-en-la-comarca-por-riesgo-de-coronavirus\/#breadcrumb\",\"itemListElement\":[{\"@type\":\"ListItem\",\"position\":1,\"name\":\"Portada\",\"item\":\"https:\/\/www.noticiasradioreflejos.com.ar\/2021\/\"},{\"@type\":\"ListItem\",\"position\":2,\"name\":\"Recomiendan no hospedar a extranjeros en la comarca por riesgo de coronavirus.\"}]},{\"@type\":\"WebSite\",\"@id\":\"https:\/\/www.noticiasradioreflejos.com.ar\/2021\/#website\",\"url\":\"https:\/\/www.noticiasradioreflejos.com.ar\/2021\/\",\"name\":\"Noticias Radio Reflejos\",\"description\":\"Las noticias de mi comarca\",\"potentialAction\":[{\"@type\":\"SearchAction\",\"target\":{\"@type\":\"EntryPoint\",\"urlTemplate\":\"https:\/\/www.noticiasradioreflejos.com.ar\/2021\/?s={search_term_string}\"},\"query-input\":{\"@type\":\"PropertyValueSpecification\",\"valueRequired\":true,\"valueName\":\"search_term_string\"}}],\"inLanguage\":\"es\"},{\"@type\":\"Person\",\"@id\":\"https:\/\/www.noticiasradioreflejos.com.ar\/2021\/#\/schema\/person\/ad82545263dcc5ec0996818884fd5fb1\",\"name\":\"Arnaldo Botto\",\"image\":{\"@type\":\"ImageObject\",\"inLanguage\":\"es\",\"@id\":\"https:\/\/www.noticiasradioreflejos.com.ar\/2021\/#\/schema\/person\/image\/\",\"url\":\"https:\/\/secure.gravatar.com\/avatar\/55cb5e37c1efa326397366e6974cb338056df65cb50e7d64d1cf314e87504837?s=96&d=mm&r=g\",\"contentUrl\":\"https:\/\/secure.gravatar.com\/avatar\/55cb5e37c1efa326397366e6974cb338056df65cb50e7d64d1cf314e87504837?s=96&d=mm&r=g\",\"caption\":\"Arnaldo Botto\"},\"url\":\"https:\/\/www.noticiasradioreflejos.com.ar\/2021\/author\/arnaldo\/\"}]}<\/script>\n<!-- \/ Yoast SEO plugin. -->","yoast_head_json":{"title":"Recomiendan no hospedar a extranjeros en la comarca por riesgo de coronavirus. - Noticias Radio Reflejos","robots":{"index":"index","follow":"follow","max-snippet":"max-snippet:-1","max-image-preview":"max-image-preview:large","max-video-preview":"max-video-preview:-1"},"canonical":"https:\/\/www.noticiasradioreflejos.com.ar\/2021\/recomiendan-no-hospedar-a-extranjeros-en-la-comarca-por-riesgo-de-coronavirus\/","og_locale":"es_ES","og_type":"article","og_title":"Recomiendan no hospedar a extranjeros en la comarca por riesgo de coronavirus. - Noticias Radio Reflejos","og_description":"Desde el Municipio de Coronel Su\u00e1rez solicitan a hoteles, hospedajes y alojamientos del distrito y en especial de Villa La Arcadia, cumplir rigurosamente las normas oficiales emitidas desde el Ministerio de Salud de la Naci\u00f3n para prevenir el Coronavirus.","og_url":"https:\/\/www.noticiasradioreflejos.com.ar\/2021\/recomiendan-no-hospedar-a-extranjeros-en-la-comarca-por-riesgo-de-coronavirus\/","og_site_name":"Noticias Radio Reflejos","article_published_time":"2020-03-12T13:23:41+00:00","og_image":[{"url":"http:\/\/live.staticflickr.com\/65535\/49651912447_108c8a1886.jpg","type":"","width":"","height":""}],"author":"Arnaldo Botto","twitter_card":"summary_large_image","schema":{"@context":"https:\/\/schema.org","@graph":[{"@type":"WebPage","@id":"https:\/\/www.noticiasradioreflejos.com.ar\/2021\/recomiendan-no-hospedar-a-extranjeros-en-la-comarca-por-riesgo-de-coronavirus\/","url":"https:\/\/www.noticiasradioreflejos.com.ar\/2021\/recomiendan-no-hospedar-a-extranjeros-en-la-comarca-por-riesgo-de-coronavirus\/","name":"Recomiendan no hospedar a extranjeros en la comarca por riesgo de coronavirus. - Noticias Radio Reflejos","isPartOf":{"@id":"https:\/\/www.noticiasradioreflejos.com.ar\/2021\/#website"},"primaryImageOfPage":{"@id":"https:\/\/www.noticiasradioreflejos.com.ar\/2021\/recomiendan-no-hospedar-a-extranjeros-en-la-comarca-por-riesgo-de-coronavirus\/#primaryimage"},"image":{"@id":"https:\/\/www.noticiasradioreflejos.com.ar\/2021\/recomiendan-no-hospedar-a-extranjeros-en-la-comarca-por-riesgo-de-coronavirus\/#primaryimage"},"thumbnailUrl":"http:\/\/live.staticflickr.com\/65535\/49651912447_108c8a1886.jpg","datePublished":"2020-03-12T13:23:41+00:00","author":{"@id":"https:\/\/www.noticiasradioreflejos.com.ar\/2021\/#\/schema\/person\/ad82545263dcc5ec0996818884fd5fb1"},"breadcrumb":{"@id":"https:\/\/www.noticiasradioreflejos.com.ar\/2021\/recomiendan-no-hospedar-a-extranjeros-en-la-comarca-por-riesgo-de-coronavirus\/#breadcrumb"},"inLanguage":"es","potentialAction":[{"@type":"ReadAction","target":["https:\/\/www.noticiasradioreflejos.com.ar\/2021\/recomiendan-no-hospedar-a-extranjeros-en-la-comarca-por-riesgo-de-coronavirus\/"]}]},{"@type":"ImageObject","inLanguage":"es","@id":"https:\/\/www.noticiasradioreflejos.com.ar\/2021\/recomiendan-no-hospedar-a-extranjeros-en-la-comarca-por-riesgo-de-coronavirus\/#primaryimage","url":"http:\/\/live.staticflickr.com\/65535\/49651912447_108c8a1886.jpg","contentUrl":"http:\/\/live.staticflickr.com\/65535\/49651912447_108c8a1886.jpg"},{"@type":"BreadcrumbList","@id":"https:\/\/www.noticiasradioreflejos.com.ar\/2021\/recomiendan-no-hospedar-a-extranjeros-en-la-comarca-por-riesgo-de-coronavirus\/#breadcrumb","itemListElement":[{"@type":"ListItem","position":1,"name":"Portada","item":"https:\/\/www.noticiasradioreflejos.com.ar\/2021\/"},{"@type":"ListItem","position":2,"name":"Recomiendan no hospedar a extranjeros en la comarca por riesgo de coronavirus."}]},{"@type":"WebSite","@id":"https:\/\/www.noticiasradioreflejos.com.ar\/2021\/#website","url":"https:\/\/www.noticiasradioreflejos.com.ar\/2021\/","name":"Noticias Radio Reflejos","description":"Las noticias de mi comarca","potentialAction":[{"@type":"SearchAction","target":{"@type":"EntryPoint","urlTemplate":"https:\/\/www.noticiasradioreflejos.com.ar\/2021\/?s={search_term_string}"},"query-input":{"@type":"PropertyValueSpecification","valueRequired":true,"valueName":"search_term_string"}}],"inLanguage":"es"},{"@type":"Person","@id":"https:\/\/www.noticiasradioreflejos.com.ar\/2021\/#\/schema\/person\/ad82545263dcc5ec0996818884fd5fb1","name":"Arnaldo Botto","image":{"@type":"ImageObject","inLanguage":"es","@id":"https:\/\/www.noticiasradioreflejos.com.ar\/2021\/#\/schema\/person\/image\/","url":"https:\/\/secure.gravatar.com\/avatar\/55cb5e37c1efa326397366e6974cb338056df65cb50e7d64d1cf314e87504837?s=96&d=mm&r=g","contentUrl":"https:\/\/secure.gravatar.com\/avatar\/55cb5e37c1efa326397366e6974cb338056df65cb50e7d64d1cf314e87504837?s=96&d=mm&r=g","caption":"Arnaldo Botto"},"url":"https:\/\/www.noticiasradioreflejos.com.ar\/2021\/author\/arnaldo\/"}]}},"_links":{"self":[{"href":"https:\/\/www.noticiasradioreflejos.com.ar\/2021\/wp-json\/wp\/v2\/posts\/39360","targetHints":{"allow":["GET"]}}],"collection":[{"href":"https:\/\/www.noticiasradioreflejos.com.ar\/2021\/wp-json\/wp\/v2\/posts"}],"about":[{"href":"https:\/\/www.noticiasradioreflejos.com.ar\/2021\/wp-json\/wp\/v2\/types\/post"}],"author":[{"embeddable":true,"href":"https:\/\/www.noticiasradioreflejos.com.ar\/2021\/wp-json\/wp\/v2\/users\/3"}],"replies":[{"embeddable":true,"href":"https:\/\/www.noticiasradioreflejos.com.ar\/2021\/wp-json\/wp\/v2\/comments?post=39360"}],"version-history":[{"count":0,"href":"https:\/\/www.noticiasradioreflejos.com.ar\/2021\/wp-json\/wp\/v2\/posts\/39360\/revisions"}],"wp:attachment":[{"href":"https:\/\/www.noticiasradioreflejos.com.ar\/2021\/wp-json\/wp\/v2\/media?parent=39360"}],"wp:term":[{"taxonomy":"category","embeddable":true,"href":"https:\/\/www.noticiasradioreflejos.com.ar\/2021\/wp-json\/wp\/v2\/categories?post=39360"},{"taxonomy":"post_tag","embeddable":true,"href":"https:\/\/www.noticiasradioreflejos.com.ar\/2021\/wp-json\/wp\/v2\/tags?post=39360"}],"curies":[{"name":"wp","href":"https:\/\/api.w.org\/{rel}","templated":true}]}}