{"id":39244,"date":"2020-03-09T20:33:58","date_gmt":"2020-03-09T23:33:58","guid":{"rendered":"http:\/\/www.noticiasradioreflejos.com.ar\/noticias\/?p=39244"},"modified":"2020-03-09T20:33:58","modified_gmt":"2020-03-09T23:33:58","slug":"amplio-operativo-para-dar-con-los-delincuentes-que-actuaron-en-saldungaray","status":"publish","type":"post","link":"https:\/\/www.noticiasradioreflejos.com.ar\/2021\/amplio-operativo-para-dar-con-los-delincuentes-que-actuaron-en-saldungaray\/","title":{"rendered":"Amplio operativo para dar con los delincuentes que actuaron en Saldungaray."},"content":{"rendered":"<p>Hasta la hora 20 de esta tarde, no se ha podido dar con los actores del atraco que sufri\u00f3 una familia de Saldungaray. En las redes sociales circulan audios que afirmaban que los autores estaban detenidos.<!--more--><\/p>\n<p>Un intenso rastrillaje se lleva adelante en gran parte de los distritos linderos al de Tornquist, para poder encontrar a los 3 presuntos autores del atraco a mano armada de la tarde de hoy, en la vivienda de Calle Victoria esquina Belgrano de Saldungaray, donde el artesano Patricio Pedro Barrett y su mujer, fueron abordados a punta de pistola, golpeados y maniatados. El intendente Sergio Bordoni con integrantes de su gabinete trabajaron desde temprano con las autoridades policiales desde la localidad serrana, para tratar de esclarecer el hecho. Se rastrearon im\u00e1genes de las c\u00e1maras de seguridad de todo el pueblo, incluyendo la de comercios y domicilios particulares, para poder encontrar rastros de los malvivientes.<br \/>\nSeg\u00fan se pudo establecer por las diligencias investigativas, el atraco no era para el domicilio de Barrett, sino para lo de un vecino que hab\u00eda vendido en las \u00faltimas horas un cami\u00f3n. No se descarta que el entregador del hecho tenga que ver con la operaci\u00f3n del veh\u00edculo.<br \/>\nPor trascendidos se podr\u00eda establecer que tienen identificados a los autores y que, en las pr\u00f3ximas horas, habr\u00eda novedades al respecto. Entretanto, las pesquisas se orientan a encontrar el veh\u00edculo que fue identificado como un Suzuki Swift de color gris que, de ser encontrado, llevar\u00eda hasta los autores con mayores pistas. Ampliaremos.<\/p>\n","protected":false},"excerpt":{"rendered":"<p>Hasta la hora 20 de esta tarde, no se ha podido dar con los actores del atraco que sufri\u00f3 una familia de Saldungaray. En las redes sociales circulan audios que afirmaban que los autores estaban detenidos.<\/p>\n","protected":false},"author":3,"featured_media":0,"comment_status":"closed","ping_status":"open","sticky":false,"template":"","format":"standard","meta":{"footnotes":""},"categories":[29],"tags":[],"class_list":["post-39244","post","type-post","status-publish","format-standard","hentry","category-policiales"],"yoast_head":"<!-- This site is optimized with the Yoast SEO plugin v25.9 - https:\/\/yoast.com\/wordpress\/plugins\/seo\/ -->\n<title>Amplio operativo para dar con los delincuentes que actuaron en Saldungaray. - Noticias Radio Reflejos<\/title>\n<meta name=\"robots\" content=\"index, follow, max-snippet:-1, max-image-preview:large, max-video-preview:-1\" \/>\n<link rel=\"canonical\" href=\"https:\/\/www.noticiasradioreflejos.com.ar\/2021\/amplio-operativo-para-dar-con-los-delincuentes-que-actuaron-en-saldungaray\/\" \/>\n<meta property=\"og:locale\" content=\"es_ES\" \/>\n<meta property=\"og:type\" content=\"article\" \/>\n<meta property=\"og:title\" content=\"Amplio operativo para dar con los delincuentes que actuaron en Saldungaray. - Noticias Radio Reflejos\" \/>\n<meta property=\"og:description\" content=\"Hasta la hora 20 de esta tarde, no se ha podido dar con los actores del atraco que sufri\u00f3 una familia de Saldungaray. En las redes sociales circulan audios que afirmaban que los autores estaban detenidos.\" \/>\n<meta property=\"og:url\" content=\"https:\/\/www.noticiasradioreflejos.com.ar\/2021\/amplio-operativo-para-dar-con-los-delincuentes-que-actuaron-en-saldungaray\/\" \/>\n<meta property=\"og:site_name\" content=\"Noticias Radio Reflejos\" \/>\n<meta property=\"article:published_time\" content=\"2020-03-09T23:33:58+00:00\" \/>\n<meta property=\"og:image\" content=\"https:\/\/www.noticiasradioreflejos.com.ar\/2021\/wp-content\/uploads\/2021\/07\/logosol300x200.png\" \/>\n\t<meta property=\"og:image:width\" content=\"300\" \/>\n\t<meta property=\"og:image:height\" content=\"200\" \/>\n\t<meta property=\"og:image:type\" content=\"image\/png\" \/>\n<meta name=\"author\" content=\"Arnaldo Botto\" \/>\n<meta name=\"twitter:card\" content=\"summary_large_image\" \/>\n<script type=\"application\/ld+json\" class=\"yoast-schema-graph\">{\"@context\":\"https:\/\/schema.org\",\"@graph\":[{\"@type\":\"WebPage\",\"@id\":\"https:\/\/www.noticiasradioreflejos.com.ar\/2021\/amplio-operativo-para-dar-con-los-delincuentes-que-actuaron-en-saldungaray\/\",\"url\":\"https:\/\/www.noticiasradioreflejos.com.ar\/2021\/amplio-operativo-para-dar-con-los-delincuentes-que-actuaron-en-saldungaray\/\",\"name\":\"Amplio operativo para dar con los delincuentes que actuaron en Saldungaray. - Noticias Radio Reflejos\",\"isPartOf\":{\"@id\":\"https:\/\/www.noticiasradioreflejos.com.ar\/2021\/#website\"},\"datePublished\":\"2020-03-09T23:33:58+00:00\",\"author\":{\"@id\":\"https:\/\/www.noticiasradioreflejos.com.ar\/2021\/#\/schema\/person\/ad82545263dcc5ec0996818884fd5fb1\"},\"breadcrumb\":{\"@id\":\"https:\/\/www.noticiasradioreflejos.com.ar\/2021\/amplio-operativo-para-dar-con-los-delincuentes-que-actuaron-en-saldungaray\/#breadcrumb\"},\"inLanguage\":\"es\",\"potentialAction\":[{\"@type\":\"ReadAction\",\"target\":[\"https:\/\/www.noticiasradioreflejos.com.ar\/2021\/amplio-operativo-para-dar-con-los-delincuentes-que-actuaron-en-saldungaray\/\"]}]},{\"@type\":\"BreadcrumbList\",\"@id\":\"https:\/\/www.noticiasradioreflejos.com.ar\/2021\/amplio-operativo-para-dar-con-los-delincuentes-que-actuaron-en-saldungaray\/#breadcrumb\",\"itemListElement\":[{\"@type\":\"ListItem\",\"position\":1,\"name\":\"Portada\",\"item\":\"https:\/\/www.noticiasradioreflejos.com.ar\/2021\/\"},{\"@type\":\"ListItem\",\"position\":2,\"name\":\"Amplio operativo para dar con los delincuentes que actuaron en Saldungaray.\"}]},{\"@type\":\"WebSite\",\"@id\":\"https:\/\/www.noticiasradioreflejos.com.ar\/2021\/#website\",\"url\":\"https:\/\/www.noticiasradioreflejos.com.ar\/2021\/\",\"name\":\"Noticias Radio Reflejos\",\"description\":\"Las noticias de mi comarca\",\"potentialAction\":[{\"@type\":\"SearchAction\",\"target\":{\"@type\":\"EntryPoint\",\"urlTemplate\":\"https:\/\/www.noticiasradioreflejos.com.ar\/2021\/?s={search_term_string}\"},\"query-input\":{\"@type\":\"PropertyValueSpecification\",\"valueRequired\":true,\"valueName\":\"search_term_string\"}}],\"inLanguage\":\"es\"},{\"@type\":\"Person\",\"@id\":\"https:\/\/www.noticiasradioreflejos.com.ar\/2021\/#\/schema\/person\/ad82545263dcc5ec0996818884fd5fb1\",\"name\":\"Arnaldo Botto\",\"image\":{\"@type\":\"ImageObject\",\"inLanguage\":\"es\",\"@id\":\"https:\/\/www.noticiasradioreflejos.com.ar\/2021\/#\/schema\/person\/image\/\",\"url\":\"https:\/\/secure.gravatar.com\/avatar\/55cb5e37c1efa326397366e6974cb338056df65cb50e7d64d1cf314e87504837?s=96&d=mm&r=g\",\"contentUrl\":\"https:\/\/secure.gravatar.com\/avatar\/55cb5e37c1efa326397366e6974cb338056df65cb50e7d64d1cf314e87504837?s=96&d=mm&r=g\",\"caption\":\"Arnaldo Botto\"},\"url\":\"https:\/\/www.noticiasradioreflejos.com.ar\/2021\/author\/arnaldo\/\"}]}<\/script>\n<!-- \/ Yoast SEO plugin. -->","yoast_head_json":{"title":"Amplio operativo para dar con los delincuentes que actuaron en Saldungaray. - Noticias Radio Reflejos","robots":{"index":"index","follow":"follow","max-snippet":"max-snippet:-1","max-image-preview":"max-image-preview:large","max-video-preview":"max-video-preview:-1"},"canonical":"https:\/\/www.noticiasradioreflejos.com.ar\/2021\/amplio-operativo-para-dar-con-los-delincuentes-que-actuaron-en-saldungaray\/","og_locale":"es_ES","og_type":"article","og_title":"Amplio operativo para dar con los delincuentes que actuaron en Saldungaray. - Noticias Radio Reflejos","og_description":"Hasta la hora 20 de esta tarde, no se ha podido dar con los actores del atraco que sufri\u00f3 una familia de Saldungaray. En las redes sociales circulan audios que afirmaban que los autores estaban detenidos.","og_url":"https:\/\/www.noticiasradioreflejos.com.ar\/2021\/amplio-operativo-para-dar-con-los-delincuentes-que-actuaron-en-saldungaray\/","og_site_name":"Noticias Radio Reflejos","article_published_time":"2020-03-09T23:33:58+00:00","og_image":[{"width":300,"height":200,"url":"https:\/\/www.noticiasradioreflejos.com.ar\/2021\/wp-content\/uploads\/2021\/07\/logosol300x200.png","type":"image\/png"}],"author":"Arnaldo Botto","twitter_card":"summary_large_image","schema":{"@context":"https:\/\/schema.org","@graph":[{"@type":"WebPage","@id":"https:\/\/www.noticiasradioreflejos.com.ar\/2021\/amplio-operativo-para-dar-con-los-delincuentes-que-actuaron-en-saldungaray\/","url":"https:\/\/www.noticiasradioreflejos.com.ar\/2021\/amplio-operativo-para-dar-con-los-delincuentes-que-actuaron-en-saldungaray\/","name":"Amplio operativo para dar con los delincuentes que actuaron en Saldungaray. - Noticias Radio Reflejos","isPartOf":{"@id":"https:\/\/www.noticiasradioreflejos.com.ar\/2021\/#website"},"datePublished":"2020-03-09T23:33:58+00:00","author":{"@id":"https:\/\/www.noticiasradioreflejos.com.ar\/2021\/#\/schema\/person\/ad82545263dcc5ec0996818884fd5fb1"},"breadcrumb":{"@id":"https:\/\/www.noticiasradioreflejos.com.ar\/2021\/amplio-operativo-para-dar-con-los-delincuentes-que-actuaron-en-saldungaray\/#breadcrumb"},"inLanguage":"es","potentialAction":[{"@type":"ReadAction","target":["https:\/\/www.noticiasradioreflejos.com.ar\/2021\/amplio-operativo-para-dar-con-los-delincuentes-que-actuaron-en-saldungaray\/"]}]},{"@type":"BreadcrumbList","@id":"https:\/\/www.noticiasradioreflejos.com.ar\/2021\/amplio-operativo-para-dar-con-los-delincuentes-que-actuaron-en-saldungaray\/#breadcrumb","itemListElement":[{"@type":"ListItem","position":1,"name":"Portada","item":"https:\/\/www.noticiasradioreflejos.com.ar\/2021\/"},{"@type":"ListItem","position":2,"name":"Amplio operativo para dar con los delincuentes que actuaron en Saldungaray."}]},{"@type":"WebSite","@id":"https:\/\/www.noticiasradioreflejos.com.ar\/2021\/#website","url":"https:\/\/www.noticiasradioreflejos.com.ar\/2021\/","name":"Noticias Radio Reflejos","description":"Las noticias de mi comarca","potentialAction":[{"@type":"SearchAction","target":{"@type":"EntryPoint","urlTemplate":"https:\/\/www.noticiasradioreflejos.com.ar\/2021\/?s={search_term_string}"},"query-input":{"@type":"PropertyValueSpecification","valueRequired":true,"valueName":"search_term_string"}}],"inLanguage":"es"},{"@type":"Person","@id":"https:\/\/www.noticiasradioreflejos.com.ar\/2021\/#\/schema\/person\/ad82545263dcc5ec0996818884fd5fb1","name":"Arnaldo Botto","image":{"@type":"ImageObject","inLanguage":"es","@id":"https:\/\/www.noticiasradioreflejos.com.ar\/2021\/#\/schema\/person\/image\/","url":"https:\/\/secure.gravatar.com\/avatar\/55cb5e37c1efa326397366e6974cb338056df65cb50e7d64d1cf314e87504837?s=96&d=mm&r=g","contentUrl":"https:\/\/secure.gravatar.com\/avatar\/55cb5e37c1efa326397366e6974cb338056df65cb50e7d64d1cf314e87504837?s=96&d=mm&r=g","caption":"Arnaldo Botto"},"url":"https:\/\/www.noticiasradioreflejos.com.ar\/2021\/author\/arnaldo\/"}]}},"_links":{"self":[{"href":"https:\/\/www.noticiasradioreflejos.com.ar\/2021\/wp-json\/wp\/v2\/posts\/39244","targetHints":{"allow":["GET"]}}],"collection":[{"href":"https:\/\/www.noticiasradioreflejos.com.ar\/2021\/wp-json\/wp\/v2\/posts"}],"about":[{"href":"https:\/\/www.noticiasradioreflejos.com.ar\/2021\/wp-json\/wp\/v2\/types\/post"}],"author":[{"embeddable":true,"href":"https:\/\/www.noticiasradioreflejos.com.ar\/2021\/wp-json\/wp\/v2\/users\/3"}],"replies":[{"embeddable":true,"href":"https:\/\/www.noticiasradioreflejos.com.ar\/2021\/wp-json\/wp\/v2\/comments?post=39244"}],"version-history":[{"count":0,"href":"https:\/\/www.noticiasradioreflejos.com.ar\/2021\/wp-json\/wp\/v2\/posts\/39244\/revisions"}],"wp:attachment":[{"href":"https:\/\/www.noticiasradioreflejos.com.ar\/2021\/wp-json\/wp\/v2\/media?parent=39244"}],"wp:term":[{"taxonomy":"category","embeddable":true,"href":"https:\/\/www.noticiasradioreflejos.com.ar\/2021\/wp-json\/wp\/v2\/categories?post=39244"},{"taxonomy":"post_tag","embeddable":true,"href":"https:\/\/www.noticiasradioreflejos.com.ar\/2021\/wp-json\/wp\/v2\/tags?post=39244"}],"curies":[{"name":"wp","href":"https:\/\/api.w.org\/{rel}","templated":true}]}}