{"id":39167,"date":"2020-03-06T23:46:55","date_gmt":"2020-03-07T02:46:55","guid":{"rendered":"http:\/\/www.noticiasradioreflejos.com.ar\/noticias\/?p=39167"},"modified":"2020-03-06T23:46:55","modified_gmt":"2020-03-07T02:46:55","slug":"reunion-de-camaras-por-recuperacion-del-servicio-de-trenes-de-pasajeros-y-encomiendas-por-el-ramal-pringles","status":"publish","type":"post","link":"https:\/\/www.noticiasradioreflejos.com.ar\/2021\/reunion-de-camaras-por-recuperacion-del-servicio-de-trenes-de-pasajeros-y-encomiendas-por-el-ramal-pringles\/","title":{"rendered":"Reuni\u00f3n de c\u00e1maras por recuperaci\u00f3n del servicio de trenes de pasajeros y encomiendas por el ramal Pringles"},"content":{"rendered":"<p>En el d\u00eda de la fecha se reunieron los referentes de las C\u00e1maras y Asociaciones de Comercio<br \/>\nrepresentativas de las localidades de Laprida, Cnel. Pringles, Sierra de la Ventana, Villa La<br \/>\nArcadia y Saldungaray para expresar su inter\u00e9s en la urgente recuperaci\u00f3n del servicio de<br \/>\ntrenes de pasajeros y encomiendas por el ramal Pringles del Ferrocarril Roca que conecta nuestros\u00a0pueblos.<!--more--><br \/>\nLa nota, elaborada en conjunto y firmada por los presidentes de cada entidad, est\u00e1 dirigida a<br \/>\nlas actuales autoridades y funcionarios Nacionales, Provinciales y Municipales detallando las<br \/>\nacciones realizadas anteriormente por nuestras comunidades para visibilizar, peticionar y<br \/>\nclamar por su puesta en operaciones #QueVuelvaElTren. Se menciona los grandes impactos<br \/>\necon\u00f3micos y sociales en nuestras comunidades por la suspensi\u00f3n de este servicio p\u00fablico<br \/>\nde transporte de pasajeros y encomiendas, como tambi\u00e9n otros aspectos hist\u00f3ricos<br \/>\nfundacionales y de identidad cultural afectados por esta situaci\u00f3n que persiste desde Julio<br \/>\ndel 2016 y a la fecha no ha sido revertida.<br \/>\nEn la esperanza de que las nuevas autoridades, recientemente asumidas en la gesti\u00f3n<br \/>\nProvincial y Nacional, atiendan esta restituci\u00f3n de derechos y realicen las acciones que sean<br \/>\nnecesarias dejando nuevamente operativo el ramal Pringles del Ferrocarril Roca para el<br \/>\ntransporte de pasajeros y encomiendas, se firmaron los ejemplares cuya distribuci\u00f3n se<br \/>\ninicia a la brevedad para tambi\u00e9n solicitar nuevas adhesiones de otras instituciones y<br \/>\nasociaciones intermedias en cada distrito. Bah\u00eda Blanca (Cabildo), Cnel. Su\u00e1rez (Villa La<br \/>\nArcadia), Tornquist (Sierra de la Ventana, Villa Ventana y Saldungaray), Cnel. Pringles y<br \/>\nLaprida, como tambi\u00e9n en general a vecinos y turistas que visitan la regi\u00f3n<br \/>\nSe reunieron,<br \/>\n\uf0b7 C\u00e1mara de Comercio, Turismo e Industria Sierra de la Ventana, Villa La Arcadia y<br \/>\nSaldungaray. (CamCoTiSas) Sra. Micaela Costas (Presidenta) y Sr. Jorge Canolik (Vocal)<br \/>\n\uf0b7 Asociaci\u00f3n de Turismo Comunitario de Saldungaray, Pueblo Tur\u00edstico (Atucos) Sra.<br \/>\nSonia Sandra Far\u00edas (Presidenta)<br \/>\n\uf0b7 C\u00e1mara Comercial, Industria y de Servicios de Laprida Cr. Lorenzo Oscar Cordero<br \/>\n(Presidente)<br \/>\n\uf0b7 Asociaci\u00f3n de Comercio e Industria de Coronel Pringles: Sr. Omar Alfonso D\u2019Intino<br \/>\n(Presidente) y Alberto Barroso (Pro Tesorero)<\/p>\n","protected":false},"excerpt":{"rendered":"<p>En el d\u00eda de la fecha se reunieron los referentes de las C\u00e1maras y Asociaciones de Comercio representativas de las localidades de Laprida, Cnel. Pringles, Sierra de la Ventana, Villa La Arcadia y Saldungaray para expresar su inter\u00e9s en la urgente recuperaci\u00f3n del servicio de trenes de pasajeros y encomiendas por el ramal Pringles del [&hellip;]<\/p>\n","protected":false},"author":3,"featured_media":0,"comment_status":"closed","ping_status":"open","sticky":false,"template":"","format":"standard","meta":{"footnotes":""},"categories":[26],"tags":[38],"class_list":["post-39167","post","type-post","status-publish","format-standard","hentry","category-sociedad","tag-recomendado"],"yoast_head":"<!-- This site is optimized with the Yoast SEO plugin v25.9 - https:\/\/yoast.com\/wordpress\/plugins\/seo\/ -->\n<title>Reuni\u00f3n de c\u00e1maras por recuperaci\u00f3n del servicio de trenes de pasajeros y encomiendas por el ramal Pringles - Noticias Radio Reflejos<\/title>\n<meta name=\"robots\" content=\"index, follow, max-snippet:-1, max-image-preview:large, max-video-preview:-1\" \/>\n<link rel=\"canonical\" href=\"https:\/\/www.noticiasradioreflejos.com.ar\/2021\/reunion-de-camaras-por-recuperacion-del-servicio-de-trenes-de-pasajeros-y-encomiendas-por-el-ramal-pringles\/\" \/>\n<meta property=\"og:locale\" content=\"es_ES\" \/>\n<meta property=\"og:type\" content=\"article\" \/>\n<meta property=\"og:title\" content=\"Reuni\u00f3n de c\u00e1maras por recuperaci\u00f3n del servicio de trenes de pasajeros y encomiendas por el ramal Pringles - Noticias Radio Reflejos\" \/>\n<meta property=\"og:description\" content=\"En el d\u00eda de la fecha se reunieron los referentes de las C\u00e1maras y Asociaciones de Comercio representativas de las localidades de Laprida, Cnel. Pringles, Sierra de la Ventana, Villa La Arcadia y Saldungaray para expresar su inter\u00e9s en la urgente recuperaci\u00f3n del servicio de trenes de pasajeros y encomiendas por el ramal Pringles del [&hellip;]\" \/>\n<meta property=\"og:url\" content=\"https:\/\/www.noticiasradioreflejos.com.ar\/2021\/reunion-de-camaras-por-recuperacion-del-servicio-de-trenes-de-pasajeros-y-encomiendas-por-el-ramal-pringles\/\" \/>\n<meta property=\"og:site_name\" content=\"Noticias Radio Reflejos\" \/>\n<meta property=\"article:published_time\" content=\"2020-03-07T02:46:55+00:00\" \/>\n<meta property=\"og:image\" content=\"https:\/\/www.noticiasradioreflejos.com.ar\/2021\/wp-content\/uploads\/2021\/07\/logosol300x200.png\" \/>\n\t<meta property=\"og:image:width\" content=\"300\" \/>\n\t<meta property=\"og:image:height\" content=\"200\" \/>\n\t<meta property=\"og:image:type\" content=\"image\/png\" \/>\n<meta name=\"author\" content=\"Arnaldo Botto\" \/>\n<meta name=\"twitter:card\" content=\"summary_large_image\" \/>\n<script type=\"application\/ld+json\" class=\"yoast-schema-graph\">{\"@context\":\"https:\/\/schema.org\",\"@graph\":[{\"@type\":\"WebPage\",\"@id\":\"https:\/\/www.noticiasradioreflejos.com.ar\/2021\/reunion-de-camaras-por-recuperacion-del-servicio-de-trenes-de-pasajeros-y-encomiendas-por-el-ramal-pringles\/\",\"url\":\"https:\/\/www.noticiasradioreflejos.com.ar\/2021\/reunion-de-camaras-por-recuperacion-del-servicio-de-trenes-de-pasajeros-y-encomiendas-por-el-ramal-pringles\/\",\"name\":\"Reuni\u00f3n de c\u00e1maras por recuperaci\u00f3n del servicio de trenes de pasajeros y encomiendas por el ramal Pringles - Noticias Radio Reflejos\",\"isPartOf\":{\"@id\":\"https:\/\/www.noticiasradioreflejos.com.ar\/2021\/#website\"},\"datePublished\":\"2020-03-07T02:46:55+00:00\",\"author\":{\"@id\":\"https:\/\/www.noticiasradioreflejos.com.ar\/2021\/#\/schema\/person\/ad82545263dcc5ec0996818884fd5fb1\"},\"breadcrumb\":{\"@id\":\"https:\/\/www.noticiasradioreflejos.com.ar\/2021\/reunion-de-camaras-por-recuperacion-del-servicio-de-trenes-de-pasajeros-y-encomiendas-por-el-ramal-pringles\/#breadcrumb\"},\"inLanguage\":\"es\",\"potentialAction\":[{\"@type\":\"ReadAction\",\"target\":[\"https:\/\/www.noticiasradioreflejos.com.ar\/2021\/reunion-de-camaras-por-recuperacion-del-servicio-de-trenes-de-pasajeros-y-encomiendas-por-el-ramal-pringles\/\"]}]},{\"@type\":\"BreadcrumbList\",\"@id\":\"https:\/\/www.noticiasradioreflejos.com.ar\/2021\/reunion-de-camaras-por-recuperacion-del-servicio-de-trenes-de-pasajeros-y-encomiendas-por-el-ramal-pringles\/#breadcrumb\",\"itemListElement\":[{\"@type\":\"ListItem\",\"position\":1,\"name\":\"Portada\",\"item\":\"https:\/\/www.noticiasradioreflejos.com.ar\/2021\/\"},{\"@type\":\"ListItem\",\"position\":2,\"name\":\"Reuni\u00f3n de c\u00e1maras por recuperaci\u00f3n del servicio de trenes de pasajeros y encomiendas por el ramal Pringles\"}]},{\"@type\":\"WebSite\",\"@id\":\"https:\/\/www.noticiasradioreflejos.com.ar\/2021\/#website\",\"url\":\"https:\/\/www.noticiasradioreflejos.com.ar\/2021\/\",\"name\":\"Noticias Radio Reflejos\",\"description\":\"Las noticias de mi comarca\",\"potentialAction\":[{\"@type\":\"SearchAction\",\"target\":{\"@type\":\"EntryPoint\",\"urlTemplate\":\"https:\/\/www.noticiasradioreflejos.com.ar\/2021\/?s={search_term_string}\"},\"query-input\":{\"@type\":\"PropertyValueSpecification\",\"valueRequired\":true,\"valueName\":\"search_term_string\"}}],\"inLanguage\":\"es\"},{\"@type\":\"Person\",\"@id\":\"https:\/\/www.noticiasradioreflejos.com.ar\/2021\/#\/schema\/person\/ad82545263dcc5ec0996818884fd5fb1\",\"name\":\"Arnaldo Botto\",\"image\":{\"@type\":\"ImageObject\",\"inLanguage\":\"es\",\"@id\":\"https:\/\/www.noticiasradioreflejos.com.ar\/2021\/#\/schema\/person\/image\/\",\"url\":\"https:\/\/secure.gravatar.com\/avatar\/55cb5e37c1efa326397366e6974cb338056df65cb50e7d64d1cf314e87504837?s=96&d=mm&r=g\",\"contentUrl\":\"https:\/\/secure.gravatar.com\/avatar\/55cb5e37c1efa326397366e6974cb338056df65cb50e7d64d1cf314e87504837?s=96&d=mm&r=g\",\"caption\":\"Arnaldo Botto\"},\"url\":\"https:\/\/www.noticiasradioreflejos.com.ar\/2021\/author\/arnaldo\/\"}]}<\/script>\n<!-- \/ Yoast SEO plugin. -->","yoast_head_json":{"title":"Reuni\u00f3n de c\u00e1maras por recuperaci\u00f3n del servicio de trenes de pasajeros y encomiendas por el ramal Pringles - Noticias Radio Reflejos","robots":{"index":"index","follow":"follow","max-snippet":"max-snippet:-1","max-image-preview":"max-image-preview:large","max-video-preview":"max-video-preview:-1"},"canonical":"https:\/\/www.noticiasradioreflejos.com.ar\/2021\/reunion-de-camaras-por-recuperacion-del-servicio-de-trenes-de-pasajeros-y-encomiendas-por-el-ramal-pringles\/","og_locale":"es_ES","og_type":"article","og_title":"Reuni\u00f3n de c\u00e1maras por recuperaci\u00f3n del servicio de trenes de pasajeros y encomiendas por el ramal Pringles - Noticias Radio Reflejos","og_description":"En el d\u00eda de la fecha se reunieron los referentes de las C\u00e1maras y Asociaciones de Comercio representativas de las localidades de Laprida, Cnel. Pringles, Sierra de la Ventana, Villa La Arcadia y Saldungaray para expresar su inter\u00e9s en la urgente recuperaci\u00f3n del servicio de trenes de pasajeros y encomiendas por el ramal Pringles del [&hellip;]","og_url":"https:\/\/www.noticiasradioreflejos.com.ar\/2021\/reunion-de-camaras-por-recuperacion-del-servicio-de-trenes-de-pasajeros-y-encomiendas-por-el-ramal-pringles\/","og_site_name":"Noticias Radio Reflejos","article_published_time":"2020-03-07T02:46:55+00:00","og_image":[{"width":300,"height":200,"url":"https:\/\/www.noticiasradioreflejos.com.ar\/2021\/wp-content\/uploads\/2021\/07\/logosol300x200.png","type":"image\/png"}],"author":"Arnaldo Botto","twitter_card":"summary_large_image","schema":{"@context":"https:\/\/schema.org","@graph":[{"@type":"WebPage","@id":"https:\/\/www.noticiasradioreflejos.com.ar\/2021\/reunion-de-camaras-por-recuperacion-del-servicio-de-trenes-de-pasajeros-y-encomiendas-por-el-ramal-pringles\/","url":"https:\/\/www.noticiasradioreflejos.com.ar\/2021\/reunion-de-camaras-por-recuperacion-del-servicio-de-trenes-de-pasajeros-y-encomiendas-por-el-ramal-pringles\/","name":"Reuni\u00f3n de c\u00e1maras por recuperaci\u00f3n del servicio de trenes de pasajeros y encomiendas por el ramal Pringles - Noticias Radio Reflejos","isPartOf":{"@id":"https:\/\/www.noticiasradioreflejos.com.ar\/2021\/#website"},"datePublished":"2020-03-07T02:46:55+00:00","author":{"@id":"https:\/\/www.noticiasradioreflejos.com.ar\/2021\/#\/schema\/person\/ad82545263dcc5ec0996818884fd5fb1"},"breadcrumb":{"@id":"https:\/\/www.noticiasradioreflejos.com.ar\/2021\/reunion-de-camaras-por-recuperacion-del-servicio-de-trenes-de-pasajeros-y-encomiendas-por-el-ramal-pringles\/#breadcrumb"},"inLanguage":"es","potentialAction":[{"@type":"ReadAction","target":["https:\/\/www.noticiasradioreflejos.com.ar\/2021\/reunion-de-camaras-por-recuperacion-del-servicio-de-trenes-de-pasajeros-y-encomiendas-por-el-ramal-pringles\/"]}]},{"@type":"BreadcrumbList","@id":"https:\/\/www.noticiasradioreflejos.com.ar\/2021\/reunion-de-camaras-por-recuperacion-del-servicio-de-trenes-de-pasajeros-y-encomiendas-por-el-ramal-pringles\/#breadcrumb","itemListElement":[{"@type":"ListItem","position":1,"name":"Portada","item":"https:\/\/www.noticiasradioreflejos.com.ar\/2021\/"},{"@type":"ListItem","position":2,"name":"Reuni\u00f3n de c\u00e1maras por recuperaci\u00f3n del servicio de trenes de pasajeros y encomiendas por el ramal Pringles"}]},{"@type":"WebSite","@id":"https:\/\/www.noticiasradioreflejos.com.ar\/2021\/#website","url":"https:\/\/www.noticiasradioreflejos.com.ar\/2021\/","name":"Noticias Radio Reflejos","description":"Las noticias de mi comarca","potentialAction":[{"@type":"SearchAction","target":{"@type":"EntryPoint","urlTemplate":"https:\/\/www.noticiasradioreflejos.com.ar\/2021\/?s={search_term_string}"},"query-input":{"@type":"PropertyValueSpecification","valueRequired":true,"valueName":"search_term_string"}}],"inLanguage":"es"},{"@type":"Person","@id":"https:\/\/www.noticiasradioreflejos.com.ar\/2021\/#\/schema\/person\/ad82545263dcc5ec0996818884fd5fb1","name":"Arnaldo Botto","image":{"@type":"ImageObject","inLanguage":"es","@id":"https:\/\/www.noticiasradioreflejos.com.ar\/2021\/#\/schema\/person\/image\/","url":"https:\/\/secure.gravatar.com\/avatar\/55cb5e37c1efa326397366e6974cb338056df65cb50e7d64d1cf314e87504837?s=96&d=mm&r=g","contentUrl":"https:\/\/secure.gravatar.com\/avatar\/55cb5e37c1efa326397366e6974cb338056df65cb50e7d64d1cf314e87504837?s=96&d=mm&r=g","caption":"Arnaldo Botto"},"url":"https:\/\/www.noticiasradioreflejos.com.ar\/2021\/author\/arnaldo\/"}]}},"_links":{"self":[{"href":"https:\/\/www.noticiasradioreflejos.com.ar\/2021\/wp-json\/wp\/v2\/posts\/39167","targetHints":{"allow":["GET"]}}],"collection":[{"href":"https:\/\/www.noticiasradioreflejos.com.ar\/2021\/wp-json\/wp\/v2\/posts"}],"about":[{"href":"https:\/\/www.noticiasradioreflejos.com.ar\/2021\/wp-json\/wp\/v2\/types\/post"}],"author":[{"embeddable":true,"href":"https:\/\/www.noticiasradioreflejos.com.ar\/2021\/wp-json\/wp\/v2\/users\/3"}],"replies":[{"embeddable":true,"href":"https:\/\/www.noticiasradioreflejos.com.ar\/2021\/wp-json\/wp\/v2\/comments?post=39167"}],"version-history":[{"count":0,"href":"https:\/\/www.noticiasradioreflejos.com.ar\/2021\/wp-json\/wp\/v2\/posts\/39167\/revisions"}],"wp:attachment":[{"href":"https:\/\/www.noticiasradioreflejos.com.ar\/2021\/wp-json\/wp\/v2\/media?parent=39167"}],"wp:term":[{"taxonomy":"category","embeddable":true,"href":"https:\/\/www.noticiasradioreflejos.com.ar\/2021\/wp-json\/wp\/v2\/categories?post=39167"},{"taxonomy":"post_tag","embeddable":true,"href":"https:\/\/www.noticiasradioreflejos.com.ar\/2021\/wp-json\/wp\/v2\/tags?post=39167"}],"curies":[{"name":"wp","href":"https:\/\/api.w.org\/{rel}","templated":true}]}}