{"id":39165,"date":"2020-03-07T00:10:00","date_gmt":"2020-03-07T03:10:00","guid":{"rendered":"http:\/\/www.noticiasradioreflejos.com.ar\/noticias\/?p=39165"},"modified":"2020-03-07T00:10:00","modified_gmt":"2020-03-07T03:10:00","slug":"seguridad-como-eje-principal-de-la-agenda-del-ejecutivo-y-deliberativo","status":"publish","type":"post","link":"https:\/\/www.noticiasradioreflejos.com.ar\/2021\/seguridad-como-eje-principal-de-la-agenda-del-ejecutivo-y-deliberativo\/","title":{"rendered":"Seguridad como eje principal de la agenda del ejecutivo y deliberativo"},"content":{"rendered":"<p>El pasado martes, el intendente municipal Sergio Bordoni convoc\u00f3 a todos los integrantes del HCD, para mantener, junto a integrantes de su ejecutivo, una reuni\u00f3n para conversar sobre los hechos de inseguridad ocurridos en nuestro distrito d\u00edas atr\u00e1s. <!--more--><\/p>\n<p>Durante el encuentro el jefe comunal y los concejales trazaron una agenda de trabajo, con el objetivo de delinear acciones a seguir frente a los hechos de inseguridad y violencia. Uno de los t\u00f3picos centrales de la reuni\u00f3n fue el control sobre los espacios de recreaci\u00f3n nocturna a los que asisten los j\u00f3venes , buscando coordinar acciones con el fin de garantizar la seguridad de interna y externa de los boliches.<br \/>\nDesde el ejecutivo se busca llevar adelante actividades de prevenci\u00f3n y concientizaci\u00f3n en lo referido a la violencia, consumo de alcohol y drogas, con el fin de cuidar a los adolescente, reducir y neutralizar cualquier tipo de hechos violentos o delictivos.<br \/>\nEs importante destacar, que esta problem\u00e1tica es una de las principales preocupaciones de la actual gesti\u00f3n, ya que la misma involucra, sobre todo a los j\u00f3venes de nuestra comunidad.<br \/>\nParticiparon del encuentro el Secretario de Gobierno y Seguridad Ezequiel Gabella, el Secretario de Desarrollo Gonzalo Iparraguirre, el Subsecretario de Juventud y Empleo Gerardo Bucci, y los concejales de los bloques Cumplir, Frente de Todos, Cambiemos y Juntos por el Cambio<\/p>\n","protected":false},"excerpt":{"rendered":"<p>El pasado martes, el intendente municipal Sergio Bordoni convoc\u00f3 a todos los integrantes del HCD, para mantener, junto a integrantes de su ejecutivo, una reuni\u00f3n para conversar sobre los hechos de inseguridad ocurridos en nuestro distrito d\u00edas atr\u00e1s.<\/p>\n","protected":false},"author":3,"featured_media":0,"comment_status":"closed","ping_status":"open","sticky":false,"template":"","format":"standard","meta":{"footnotes":""},"categories":[28],"tags":[],"class_list":["post-39165","post","type-post","status-publish","format-standard","hentry","category-municipales"],"yoast_head":"<!-- This site is optimized with the Yoast SEO plugin v25.9 - https:\/\/yoast.com\/wordpress\/plugins\/seo\/ -->\n<title>Seguridad como eje principal de la agenda del ejecutivo y deliberativo - Noticias Radio Reflejos<\/title>\n<meta name=\"robots\" content=\"index, follow, max-snippet:-1, max-image-preview:large, max-video-preview:-1\" \/>\n<link rel=\"canonical\" href=\"https:\/\/www.noticiasradioreflejos.com.ar\/2021\/seguridad-como-eje-principal-de-la-agenda-del-ejecutivo-y-deliberativo\/\" \/>\n<meta property=\"og:locale\" content=\"es_ES\" \/>\n<meta property=\"og:type\" content=\"article\" \/>\n<meta property=\"og:title\" content=\"Seguridad como eje principal de la agenda del ejecutivo y deliberativo - Noticias Radio Reflejos\" \/>\n<meta property=\"og:description\" content=\"El pasado martes, el intendente municipal Sergio Bordoni convoc\u00f3 a todos los integrantes del HCD, para mantener, junto a integrantes de su ejecutivo, una reuni\u00f3n para conversar sobre los hechos de inseguridad ocurridos en nuestro distrito d\u00edas atr\u00e1s.\" \/>\n<meta property=\"og:url\" content=\"https:\/\/www.noticiasradioreflejos.com.ar\/2021\/seguridad-como-eje-principal-de-la-agenda-del-ejecutivo-y-deliberativo\/\" \/>\n<meta property=\"og:site_name\" content=\"Noticias Radio Reflejos\" \/>\n<meta property=\"article:published_time\" content=\"2020-03-07T03:10:00+00:00\" \/>\n<meta property=\"og:image\" content=\"https:\/\/www.noticiasradioreflejos.com.ar\/2021\/wp-content\/uploads\/2021\/07\/logosol300x200.png\" \/>\n\t<meta property=\"og:image:width\" content=\"300\" \/>\n\t<meta property=\"og:image:height\" content=\"200\" \/>\n\t<meta property=\"og:image:type\" content=\"image\/png\" \/>\n<meta name=\"author\" content=\"Arnaldo Botto\" \/>\n<meta name=\"twitter:card\" content=\"summary_large_image\" \/>\n<script type=\"application\/ld+json\" class=\"yoast-schema-graph\">{\"@context\":\"https:\/\/schema.org\",\"@graph\":[{\"@type\":\"WebPage\",\"@id\":\"https:\/\/www.noticiasradioreflejos.com.ar\/2021\/seguridad-como-eje-principal-de-la-agenda-del-ejecutivo-y-deliberativo\/\",\"url\":\"https:\/\/www.noticiasradioreflejos.com.ar\/2021\/seguridad-como-eje-principal-de-la-agenda-del-ejecutivo-y-deliberativo\/\",\"name\":\"Seguridad como eje principal de la agenda del ejecutivo y deliberativo - Noticias Radio Reflejos\",\"isPartOf\":{\"@id\":\"https:\/\/www.noticiasradioreflejos.com.ar\/2021\/#website\"},\"datePublished\":\"2020-03-07T03:10:00+00:00\",\"author\":{\"@id\":\"https:\/\/www.noticiasradioreflejos.com.ar\/2021\/#\/schema\/person\/ad82545263dcc5ec0996818884fd5fb1\"},\"breadcrumb\":{\"@id\":\"https:\/\/www.noticiasradioreflejos.com.ar\/2021\/seguridad-como-eje-principal-de-la-agenda-del-ejecutivo-y-deliberativo\/#breadcrumb\"},\"inLanguage\":\"es\",\"potentialAction\":[{\"@type\":\"ReadAction\",\"target\":[\"https:\/\/www.noticiasradioreflejos.com.ar\/2021\/seguridad-como-eje-principal-de-la-agenda-del-ejecutivo-y-deliberativo\/\"]}]},{\"@type\":\"BreadcrumbList\",\"@id\":\"https:\/\/www.noticiasradioreflejos.com.ar\/2021\/seguridad-como-eje-principal-de-la-agenda-del-ejecutivo-y-deliberativo\/#breadcrumb\",\"itemListElement\":[{\"@type\":\"ListItem\",\"position\":1,\"name\":\"Portada\",\"item\":\"https:\/\/www.noticiasradioreflejos.com.ar\/2021\/\"},{\"@type\":\"ListItem\",\"position\":2,\"name\":\"Seguridad como eje principal de la agenda del ejecutivo y deliberativo\"}]},{\"@type\":\"WebSite\",\"@id\":\"https:\/\/www.noticiasradioreflejos.com.ar\/2021\/#website\",\"url\":\"https:\/\/www.noticiasradioreflejos.com.ar\/2021\/\",\"name\":\"Noticias Radio Reflejos\",\"description\":\"Las noticias de mi comarca\",\"potentialAction\":[{\"@type\":\"SearchAction\",\"target\":{\"@type\":\"EntryPoint\",\"urlTemplate\":\"https:\/\/www.noticiasradioreflejos.com.ar\/2021\/?s={search_term_string}\"},\"query-input\":{\"@type\":\"PropertyValueSpecification\",\"valueRequired\":true,\"valueName\":\"search_term_string\"}}],\"inLanguage\":\"es\"},{\"@type\":\"Person\",\"@id\":\"https:\/\/www.noticiasradioreflejos.com.ar\/2021\/#\/schema\/person\/ad82545263dcc5ec0996818884fd5fb1\",\"name\":\"Arnaldo Botto\",\"image\":{\"@type\":\"ImageObject\",\"inLanguage\":\"es\",\"@id\":\"https:\/\/www.noticiasradioreflejos.com.ar\/2021\/#\/schema\/person\/image\/\",\"url\":\"https:\/\/secure.gravatar.com\/avatar\/55cb5e37c1efa326397366e6974cb338056df65cb50e7d64d1cf314e87504837?s=96&d=mm&r=g\",\"contentUrl\":\"https:\/\/secure.gravatar.com\/avatar\/55cb5e37c1efa326397366e6974cb338056df65cb50e7d64d1cf314e87504837?s=96&d=mm&r=g\",\"caption\":\"Arnaldo Botto\"},\"url\":\"https:\/\/www.noticiasradioreflejos.com.ar\/2021\/author\/arnaldo\/\"}]}<\/script>\n<!-- \/ Yoast SEO plugin. -->","yoast_head_json":{"title":"Seguridad como eje principal de la agenda del ejecutivo y deliberativo - Noticias Radio Reflejos","robots":{"index":"index","follow":"follow","max-snippet":"max-snippet:-1","max-image-preview":"max-image-preview:large","max-video-preview":"max-video-preview:-1"},"canonical":"https:\/\/www.noticiasradioreflejos.com.ar\/2021\/seguridad-como-eje-principal-de-la-agenda-del-ejecutivo-y-deliberativo\/","og_locale":"es_ES","og_type":"article","og_title":"Seguridad como eje principal de la agenda del ejecutivo y deliberativo - Noticias Radio Reflejos","og_description":"El pasado martes, el intendente municipal Sergio Bordoni convoc\u00f3 a todos los integrantes del HCD, para mantener, junto a integrantes de su ejecutivo, una reuni\u00f3n para conversar sobre los hechos de inseguridad ocurridos en nuestro distrito d\u00edas atr\u00e1s.","og_url":"https:\/\/www.noticiasradioreflejos.com.ar\/2021\/seguridad-como-eje-principal-de-la-agenda-del-ejecutivo-y-deliberativo\/","og_site_name":"Noticias Radio Reflejos","article_published_time":"2020-03-07T03:10:00+00:00","og_image":[{"width":300,"height":200,"url":"https:\/\/www.noticiasradioreflejos.com.ar\/2021\/wp-content\/uploads\/2021\/07\/logosol300x200.png","type":"image\/png"}],"author":"Arnaldo Botto","twitter_card":"summary_large_image","schema":{"@context":"https:\/\/schema.org","@graph":[{"@type":"WebPage","@id":"https:\/\/www.noticiasradioreflejos.com.ar\/2021\/seguridad-como-eje-principal-de-la-agenda-del-ejecutivo-y-deliberativo\/","url":"https:\/\/www.noticiasradioreflejos.com.ar\/2021\/seguridad-como-eje-principal-de-la-agenda-del-ejecutivo-y-deliberativo\/","name":"Seguridad como eje principal de la agenda del ejecutivo y deliberativo - Noticias Radio Reflejos","isPartOf":{"@id":"https:\/\/www.noticiasradioreflejos.com.ar\/2021\/#website"},"datePublished":"2020-03-07T03:10:00+00:00","author":{"@id":"https:\/\/www.noticiasradioreflejos.com.ar\/2021\/#\/schema\/person\/ad82545263dcc5ec0996818884fd5fb1"},"breadcrumb":{"@id":"https:\/\/www.noticiasradioreflejos.com.ar\/2021\/seguridad-como-eje-principal-de-la-agenda-del-ejecutivo-y-deliberativo\/#breadcrumb"},"inLanguage":"es","potentialAction":[{"@type":"ReadAction","target":["https:\/\/www.noticiasradioreflejos.com.ar\/2021\/seguridad-como-eje-principal-de-la-agenda-del-ejecutivo-y-deliberativo\/"]}]},{"@type":"BreadcrumbList","@id":"https:\/\/www.noticiasradioreflejos.com.ar\/2021\/seguridad-como-eje-principal-de-la-agenda-del-ejecutivo-y-deliberativo\/#breadcrumb","itemListElement":[{"@type":"ListItem","position":1,"name":"Portada","item":"https:\/\/www.noticiasradioreflejos.com.ar\/2021\/"},{"@type":"ListItem","position":2,"name":"Seguridad como eje principal de la agenda del ejecutivo y deliberativo"}]},{"@type":"WebSite","@id":"https:\/\/www.noticiasradioreflejos.com.ar\/2021\/#website","url":"https:\/\/www.noticiasradioreflejos.com.ar\/2021\/","name":"Noticias Radio Reflejos","description":"Las noticias de mi comarca","potentialAction":[{"@type":"SearchAction","target":{"@type":"EntryPoint","urlTemplate":"https:\/\/www.noticiasradioreflejos.com.ar\/2021\/?s={search_term_string}"},"query-input":{"@type":"PropertyValueSpecification","valueRequired":true,"valueName":"search_term_string"}}],"inLanguage":"es"},{"@type":"Person","@id":"https:\/\/www.noticiasradioreflejos.com.ar\/2021\/#\/schema\/person\/ad82545263dcc5ec0996818884fd5fb1","name":"Arnaldo Botto","image":{"@type":"ImageObject","inLanguage":"es","@id":"https:\/\/www.noticiasradioreflejos.com.ar\/2021\/#\/schema\/person\/image\/","url":"https:\/\/secure.gravatar.com\/avatar\/55cb5e37c1efa326397366e6974cb338056df65cb50e7d64d1cf314e87504837?s=96&d=mm&r=g","contentUrl":"https:\/\/secure.gravatar.com\/avatar\/55cb5e37c1efa326397366e6974cb338056df65cb50e7d64d1cf314e87504837?s=96&d=mm&r=g","caption":"Arnaldo Botto"},"url":"https:\/\/www.noticiasradioreflejos.com.ar\/2021\/author\/arnaldo\/"}]}},"_links":{"self":[{"href":"https:\/\/www.noticiasradioreflejos.com.ar\/2021\/wp-json\/wp\/v2\/posts\/39165","targetHints":{"allow":["GET"]}}],"collection":[{"href":"https:\/\/www.noticiasradioreflejos.com.ar\/2021\/wp-json\/wp\/v2\/posts"}],"about":[{"href":"https:\/\/www.noticiasradioreflejos.com.ar\/2021\/wp-json\/wp\/v2\/types\/post"}],"author":[{"embeddable":true,"href":"https:\/\/www.noticiasradioreflejos.com.ar\/2021\/wp-json\/wp\/v2\/users\/3"}],"replies":[{"embeddable":true,"href":"https:\/\/www.noticiasradioreflejos.com.ar\/2021\/wp-json\/wp\/v2\/comments?post=39165"}],"version-history":[{"count":0,"href":"https:\/\/www.noticiasradioreflejos.com.ar\/2021\/wp-json\/wp\/v2\/posts\/39165\/revisions"}],"wp:attachment":[{"href":"https:\/\/www.noticiasradioreflejos.com.ar\/2021\/wp-json\/wp\/v2\/media?parent=39165"}],"wp:term":[{"taxonomy":"category","embeddable":true,"href":"https:\/\/www.noticiasradioreflejos.com.ar\/2021\/wp-json\/wp\/v2\/categories?post=39165"},{"taxonomy":"post_tag","embeddable":true,"href":"https:\/\/www.noticiasradioreflejos.com.ar\/2021\/wp-json\/wp\/v2\/tags?post=39165"}],"curies":[{"name":"wp","href":"https:\/\/api.w.org\/{rel}","templated":true}]}}