{"id":39158,"date":"2020-03-06T15:53:54","date_gmt":"2020-03-06T18:53:54","guid":{"rendered":"http:\/\/www.noticiasradioreflejos.com.ar\/noticias\/?p=39158"},"modified":"2020-03-06T15:53:54","modified_gmt":"2020-03-06T18:53:54","slug":"avanza-la-concrecion-del-imitt-instituto-mixto-de-turismo-del-distrito","status":"publish","type":"post","link":"https:\/\/www.noticiasradioreflejos.com.ar\/2021\/avanza-la-concrecion-del-imitt-instituto-mixto-de-turismo-del-distrito\/","title":{"rendered":"Avanza la concreci\u00f3n del IMITT: Instituto Mixto de Turismo del distrito"},"content":{"rendered":"<p>En hora de la ma\u00f1ana el intendente municipal Sergio Bordoni, se reuni\u00f3 junto a los integrantes de la Asociaci\u00f3n de Turismo con el fin de avanzar en la conformaci\u00f3n del IMITT, Instituto Mixto de Turismo del Distrito de Tornquist. <!--more--><\/p>\n<p>Luego de repasar los art\u00edculos centrales del proyecto y acordar el compromiso del sector privado en trabajar durante un semestre en las formas de financiamiento del IMITT, el jefe comunal decidi\u00f3 seguir adelante con la presentaci\u00f3n del proyecto de ordenanza en el Honorable Concejo Deliberante para su evaluaci\u00f3n y aprobaci\u00f3n.<br \/>\nLos principales objetivos que tiene el Instituto Mixto de Turismo Tornquist son:<br \/>\nA.    Oficiar como \u00fanico espacio de encuentro institucional entre los sectores p\u00fablicos y privados, vinculados al turismo;<br \/>\nB.    Implementar los programas y estrategias de promoci\u00f3n tur\u00edstica de la Comarca Tur\u00edstica \u201cSierras de la Ventana\u201d como marca local y de la marca regional \u201cVentania Argentina\u201d, as\u00ed como la participaci\u00f3n en la \u201cRegi\u00f3n del Sudoeste\u201d (Polo 5);<br \/>\nC.    Potenciar el impacto econ\u00f3mico que tiene el turismo en el desarrollo econ\u00f3mico del distrito.<br \/>\nDe la mesa de trabajo participaron, por el municipio el Secretario de Desarrollo Gonzalo Iparraguirre y la Secretaria de Turismo, Producci\u00f3n, Comercio e Industria Susana Dos Santos; en representaci\u00f3n de la Asociaci\u00f3n de Turismo, Pablo Canle, Fabi\u00e1n Massa y Jorge Maipach.<\/p>\n","protected":false},"excerpt":{"rendered":"<p>En hora de la ma\u00f1ana el intendente municipal Sergio Bordoni, se reuni\u00f3 junto a los integrantes de la Asociaci\u00f3n de Turismo con el fin de avanzar en la conformaci\u00f3n del IMITT, Instituto Mixto de Turismo del Distrito de Tornquist.<\/p>\n","protected":false},"author":3,"featured_media":0,"comment_status":"closed","ping_status":"open","sticky":false,"template":"","format":"standard","meta":{"footnotes":""},"categories":[33],"tags":[],"class_list":["post-39158","post","type-post","status-publish","format-standard","hentry","category-turismo"],"yoast_head":"<!-- This site is optimized with the Yoast SEO plugin v25.9 - https:\/\/yoast.com\/wordpress\/plugins\/seo\/ -->\n<title>Avanza la concreci\u00f3n del IMITT: Instituto Mixto de Turismo del distrito - Noticias Radio Reflejos<\/title>\n<meta name=\"robots\" content=\"index, follow, max-snippet:-1, max-image-preview:large, max-video-preview:-1\" \/>\n<link rel=\"canonical\" href=\"https:\/\/www.noticiasradioreflejos.com.ar\/2021\/avanza-la-concrecion-del-imitt-instituto-mixto-de-turismo-del-distrito\/\" \/>\n<meta property=\"og:locale\" content=\"es_ES\" \/>\n<meta property=\"og:type\" content=\"article\" \/>\n<meta property=\"og:title\" content=\"Avanza la concreci\u00f3n del IMITT: Instituto Mixto de Turismo del distrito - Noticias Radio Reflejos\" \/>\n<meta property=\"og:description\" content=\"En hora de la ma\u00f1ana el intendente municipal Sergio Bordoni, se reuni\u00f3 junto a los integrantes de la Asociaci\u00f3n de Turismo con el fin de avanzar en la conformaci\u00f3n del IMITT, Instituto Mixto de Turismo del Distrito de Tornquist.\" \/>\n<meta property=\"og:url\" content=\"https:\/\/www.noticiasradioreflejos.com.ar\/2021\/avanza-la-concrecion-del-imitt-instituto-mixto-de-turismo-del-distrito\/\" \/>\n<meta property=\"og:site_name\" content=\"Noticias Radio Reflejos\" \/>\n<meta property=\"article:published_time\" content=\"2020-03-06T18:53:54+00:00\" \/>\n<meta property=\"og:image\" content=\"https:\/\/www.noticiasradioreflejos.com.ar\/2021\/wp-content\/uploads\/2021\/07\/logosol300x200.png\" \/>\n\t<meta property=\"og:image:width\" content=\"300\" \/>\n\t<meta property=\"og:image:height\" content=\"200\" \/>\n\t<meta property=\"og:image:type\" content=\"image\/png\" \/>\n<meta name=\"author\" content=\"Arnaldo Botto\" \/>\n<meta name=\"twitter:card\" content=\"summary_large_image\" \/>\n<script type=\"application\/ld+json\" class=\"yoast-schema-graph\">{\"@context\":\"https:\/\/schema.org\",\"@graph\":[{\"@type\":\"WebPage\",\"@id\":\"https:\/\/www.noticiasradioreflejos.com.ar\/2021\/avanza-la-concrecion-del-imitt-instituto-mixto-de-turismo-del-distrito\/\",\"url\":\"https:\/\/www.noticiasradioreflejos.com.ar\/2021\/avanza-la-concrecion-del-imitt-instituto-mixto-de-turismo-del-distrito\/\",\"name\":\"Avanza la concreci\u00f3n del IMITT: Instituto Mixto de Turismo del distrito - Noticias Radio Reflejos\",\"isPartOf\":{\"@id\":\"https:\/\/www.noticiasradioreflejos.com.ar\/2021\/#website\"},\"datePublished\":\"2020-03-06T18:53:54+00:00\",\"author\":{\"@id\":\"https:\/\/www.noticiasradioreflejos.com.ar\/2021\/#\/schema\/person\/ad82545263dcc5ec0996818884fd5fb1\"},\"breadcrumb\":{\"@id\":\"https:\/\/www.noticiasradioreflejos.com.ar\/2021\/avanza-la-concrecion-del-imitt-instituto-mixto-de-turismo-del-distrito\/#breadcrumb\"},\"inLanguage\":\"es\",\"potentialAction\":[{\"@type\":\"ReadAction\",\"target\":[\"https:\/\/www.noticiasradioreflejos.com.ar\/2021\/avanza-la-concrecion-del-imitt-instituto-mixto-de-turismo-del-distrito\/\"]}]},{\"@type\":\"BreadcrumbList\",\"@id\":\"https:\/\/www.noticiasradioreflejos.com.ar\/2021\/avanza-la-concrecion-del-imitt-instituto-mixto-de-turismo-del-distrito\/#breadcrumb\",\"itemListElement\":[{\"@type\":\"ListItem\",\"position\":1,\"name\":\"Portada\",\"item\":\"https:\/\/www.noticiasradioreflejos.com.ar\/2021\/\"},{\"@type\":\"ListItem\",\"position\":2,\"name\":\"Avanza la concreci\u00f3n del IMITT: Instituto Mixto de Turismo del distrito\"}]},{\"@type\":\"WebSite\",\"@id\":\"https:\/\/www.noticiasradioreflejos.com.ar\/2021\/#website\",\"url\":\"https:\/\/www.noticiasradioreflejos.com.ar\/2021\/\",\"name\":\"Noticias Radio Reflejos\",\"description\":\"Las noticias de mi comarca\",\"potentialAction\":[{\"@type\":\"SearchAction\",\"target\":{\"@type\":\"EntryPoint\",\"urlTemplate\":\"https:\/\/www.noticiasradioreflejos.com.ar\/2021\/?s={search_term_string}\"},\"query-input\":{\"@type\":\"PropertyValueSpecification\",\"valueRequired\":true,\"valueName\":\"search_term_string\"}}],\"inLanguage\":\"es\"},{\"@type\":\"Person\",\"@id\":\"https:\/\/www.noticiasradioreflejos.com.ar\/2021\/#\/schema\/person\/ad82545263dcc5ec0996818884fd5fb1\",\"name\":\"Arnaldo Botto\",\"image\":{\"@type\":\"ImageObject\",\"inLanguage\":\"es\",\"@id\":\"https:\/\/www.noticiasradioreflejos.com.ar\/2021\/#\/schema\/person\/image\/\",\"url\":\"https:\/\/secure.gravatar.com\/avatar\/55cb5e37c1efa326397366e6974cb338056df65cb50e7d64d1cf314e87504837?s=96&d=mm&r=g\",\"contentUrl\":\"https:\/\/secure.gravatar.com\/avatar\/55cb5e37c1efa326397366e6974cb338056df65cb50e7d64d1cf314e87504837?s=96&d=mm&r=g\",\"caption\":\"Arnaldo Botto\"},\"url\":\"https:\/\/www.noticiasradioreflejos.com.ar\/2021\/author\/arnaldo\/\"}]}<\/script>\n<!-- \/ Yoast SEO plugin. -->","yoast_head_json":{"title":"Avanza la concreci\u00f3n del IMITT: Instituto Mixto de Turismo del distrito - Noticias Radio Reflejos","robots":{"index":"index","follow":"follow","max-snippet":"max-snippet:-1","max-image-preview":"max-image-preview:large","max-video-preview":"max-video-preview:-1"},"canonical":"https:\/\/www.noticiasradioreflejos.com.ar\/2021\/avanza-la-concrecion-del-imitt-instituto-mixto-de-turismo-del-distrito\/","og_locale":"es_ES","og_type":"article","og_title":"Avanza la concreci\u00f3n del IMITT: Instituto Mixto de Turismo del distrito - Noticias Radio Reflejos","og_description":"En hora de la ma\u00f1ana el intendente municipal Sergio Bordoni, se reuni\u00f3 junto a los integrantes de la Asociaci\u00f3n de Turismo con el fin de avanzar en la conformaci\u00f3n del IMITT, Instituto Mixto de Turismo del Distrito de Tornquist.","og_url":"https:\/\/www.noticiasradioreflejos.com.ar\/2021\/avanza-la-concrecion-del-imitt-instituto-mixto-de-turismo-del-distrito\/","og_site_name":"Noticias Radio Reflejos","article_published_time":"2020-03-06T18:53:54+00:00","og_image":[{"width":300,"height":200,"url":"https:\/\/www.noticiasradioreflejos.com.ar\/2021\/wp-content\/uploads\/2021\/07\/logosol300x200.png","type":"image\/png"}],"author":"Arnaldo Botto","twitter_card":"summary_large_image","schema":{"@context":"https:\/\/schema.org","@graph":[{"@type":"WebPage","@id":"https:\/\/www.noticiasradioreflejos.com.ar\/2021\/avanza-la-concrecion-del-imitt-instituto-mixto-de-turismo-del-distrito\/","url":"https:\/\/www.noticiasradioreflejos.com.ar\/2021\/avanza-la-concrecion-del-imitt-instituto-mixto-de-turismo-del-distrito\/","name":"Avanza la concreci\u00f3n del IMITT: Instituto Mixto de Turismo del distrito - Noticias Radio Reflejos","isPartOf":{"@id":"https:\/\/www.noticiasradioreflejos.com.ar\/2021\/#website"},"datePublished":"2020-03-06T18:53:54+00:00","author":{"@id":"https:\/\/www.noticiasradioreflejos.com.ar\/2021\/#\/schema\/person\/ad82545263dcc5ec0996818884fd5fb1"},"breadcrumb":{"@id":"https:\/\/www.noticiasradioreflejos.com.ar\/2021\/avanza-la-concrecion-del-imitt-instituto-mixto-de-turismo-del-distrito\/#breadcrumb"},"inLanguage":"es","potentialAction":[{"@type":"ReadAction","target":["https:\/\/www.noticiasradioreflejos.com.ar\/2021\/avanza-la-concrecion-del-imitt-instituto-mixto-de-turismo-del-distrito\/"]}]},{"@type":"BreadcrumbList","@id":"https:\/\/www.noticiasradioreflejos.com.ar\/2021\/avanza-la-concrecion-del-imitt-instituto-mixto-de-turismo-del-distrito\/#breadcrumb","itemListElement":[{"@type":"ListItem","position":1,"name":"Portada","item":"https:\/\/www.noticiasradioreflejos.com.ar\/2021\/"},{"@type":"ListItem","position":2,"name":"Avanza la concreci\u00f3n del IMITT: Instituto Mixto de Turismo del distrito"}]},{"@type":"WebSite","@id":"https:\/\/www.noticiasradioreflejos.com.ar\/2021\/#website","url":"https:\/\/www.noticiasradioreflejos.com.ar\/2021\/","name":"Noticias Radio Reflejos","description":"Las noticias de mi comarca","potentialAction":[{"@type":"SearchAction","target":{"@type":"EntryPoint","urlTemplate":"https:\/\/www.noticiasradioreflejos.com.ar\/2021\/?s={search_term_string}"},"query-input":{"@type":"PropertyValueSpecification","valueRequired":true,"valueName":"search_term_string"}}],"inLanguage":"es"},{"@type":"Person","@id":"https:\/\/www.noticiasradioreflejos.com.ar\/2021\/#\/schema\/person\/ad82545263dcc5ec0996818884fd5fb1","name":"Arnaldo Botto","image":{"@type":"ImageObject","inLanguage":"es","@id":"https:\/\/www.noticiasradioreflejos.com.ar\/2021\/#\/schema\/person\/image\/","url":"https:\/\/secure.gravatar.com\/avatar\/55cb5e37c1efa326397366e6974cb338056df65cb50e7d64d1cf314e87504837?s=96&d=mm&r=g","contentUrl":"https:\/\/secure.gravatar.com\/avatar\/55cb5e37c1efa326397366e6974cb338056df65cb50e7d64d1cf314e87504837?s=96&d=mm&r=g","caption":"Arnaldo Botto"},"url":"https:\/\/www.noticiasradioreflejos.com.ar\/2021\/author\/arnaldo\/"}]}},"_links":{"self":[{"href":"https:\/\/www.noticiasradioreflejos.com.ar\/2021\/wp-json\/wp\/v2\/posts\/39158","targetHints":{"allow":["GET"]}}],"collection":[{"href":"https:\/\/www.noticiasradioreflejos.com.ar\/2021\/wp-json\/wp\/v2\/posts"}],"about":[{"href":"https:\/\/www.noticiasradioreflejos.com.ar\/2021\/wp-json\/wp\/v2\/types\/post"}],"author":[{"embeddable":true,"href":"https:\/\/www.noticiasradioreflejos.com.ar\/2021\/wp-json\/wp\/v2\/users\/3"}],"replies":[{"embeddable":true,"href":"https:\/\/www.noticiasradioreflejos.com.ar\/2021\/wp-json\/wp\/v2\/comments?post=39158"}],"version-history":[{"count":0,"href":"https:\/\/www.noticiasradioreflejos.com.ar\/2021\/wp-json\/wp\/v2\/posts\/39158\/revisions"}],"wp:attachment":[{"href":"https:\/\/www.noticiasradioreflejos.com.ar\/2021\/wp-json\/wp\/v2\/media?parent=39158"}],"wp:term":[{"taxonomy":"category","embeddable":true,"href":"https:\/\/www.noticiasradioreflejos.com.ar\/2021\/wp-json\/wp\/v2\/categories?post=39158"},{"taxonomy":"post_tag","embeddable":true,"href":"https:\/\/www.noticiasradioreflejos.com.ar\/2021\/wp-json\/wp\/v2\/tags?post=39158"}],"curies":[{"name":"wp","href":"https:\/\/api.w.org\/{rel}","templated":true}]}}