{"id":39135,"date":"2020-03-06T09:13:29","date_gmt":"2020-03-06T12:13:29","guid":{"rendered":"http:\/\/www.noticiasradioreflejos.com.ar\/noticias\/?p=39135"},"modified":"2020-03-06T09:13:29","modified_gmt":"2020-03-06T12:13:29","slug":"23-y-24-de-marzo-un-fin-de-semana-para-pedalear","status":"publish","type":"post","link":"https:\/\/www.noticiasradioreflejos.com.ar\/2021\/23-y-24-de-marzo-un-fin-de-semana-para-pedalear\/","title":{"rendered":"23 y 24 de marzo: un fin de semana para pedalear"},"content":{"rendered":"<p><a title=\"WhatsApp Image 2020-03-04 at 12.01.53\" href=\"http:\/\/live.staticflickr.com\/65535\/49625838208_156306c109_s.jpg\" rel=\"\"><img loading=\"lazy\" decoding=\"async\" class=\"alignleft\" style=\"float: left;\" title=\"WhatsApp Image 2020-03-04 at 12.01.53\" src=\"http:\/\/live.staticflickr.com\/65535\/49625838208_156306c109.jpg\" alt=\"WhatsApp Image 2020-03-04 at 12.01.53\" width=\"500\" height=\"500\" \/><\/a>La Direcci\u00f3n de Deportes Municipal, junto al Club Automoto, te invita a sumarte a una nueva edici\u00f3n de cicloturismo por la Comarca Serrana el pr\u00f3ximo 23 y 24 de marzo.<!--more--><br \/>\nEl d\u00eda lunes 23, el recorrido de 45km comenzar\u00e1 a las 8.30 hs, desde las instalaciones del club Automoto, donde se propone pedalear por los caminos rurales con vistas al cord\u00f3n serrano pasando el campo \u201cFort\u00edn Viento\u201d y estancia \u201cFunke\u201d, cruzando distintos arroyos. Luego se retornar\u00e1 por Camino Ancho, hasta la ciudad cabecera.<br \/>\nEl martes 24, los 38km, iniciaran nuevamente desde la sede del club, 8.30hs, hacia el Monte Calvario, recorriendo todas sus estaciones y retomando entre el bosque de pinos. El paseo pasar\u00e1 por la Plaza E. Tornquist y continuar\u00e1 por el camino vecinal hasta Parque Norte. Para cerrar la jornada, los participantes llegar\u00e1n hasta la f\u00e1brica de quesos \u201cEl Balc\u00f3n del Arroyo\u201d, y regresar\u00e1n a Tornquist.<br \/>\nLos interesados podr\u00e1n inscribirse v\u00eda mail automotopasion@hotmail.com o por whatsapps al 291 502-8817.<br \/>\n.<\/p>\n<p>VALOR:<br \/>\n$350 ciclo del lunes 23 sin almuerzo.<br \/>\n$650 ciclo del lunes 23 + almuerzo.<br \/>\n$1000 Ciclo del lunes 23 y martes 24. Incluye el almuerzo y cena del lunes + desayuno del martes.<br \/>\nDichos valores se mantienen incluso hasta el d\u00eda viernes 20\/03. El que abone el d\u00eda del evento se adicionaran $50 m\u00e1s a la modalidad que haya elegido.<\/p>\n","protected":false},"excerpt":{"rendered":"<p>La Direcci\u00f3n de Deportes Municipal, junto al Club Automoto, te invita a sumarte a una nueva edici\u00f3n de cicloturismo por la Comarca Serrana el pr\u00f3ximo 23 y 24 de marzo.<\/p>\n","protected":false},"author":3,"featured_media":0,"comment_status":"closed","ping_status":"open","sticky":false,"template":"","format":"standard","meta":{"footnotes":""},"categories":[27],"tags":[],"class_list":["post-39135","post","type-post","status-publish","format-standard","hentry","category-deportes"],"yoast_head":"<!-- This site is optimized with the Yoast SEO plugin v25.9 - https:\/\/yoast.com\/wordpress\/plugins\/seo\/ -->\n<title>23 y 24 de marzo: un fin de semana para pedalear - Noticias Radio Reflejos<\/title>\n<meta name=\"robots\" content=\"index, follow, max-snippet:-1, max-image-preview:large, max-video-preview:-1\" \/>\n<link rel=\"canonical\" href=\"https:\/\/www.noticiasradioreflejos.com.ar\/2021\/23-y-24-de-marzo-un-fin-de-semana-para-pedalear\/\" \/>\n<meta property=\"og:locale\" content=\"es_ES\" \/>\n<meta property=\"og:type\" content=\"article\" \/>\n<meta property=\"og:title\" content=\"23 y 24 de marzo: un fin de semana para pedalear - Noticias Radio Reflejos\" \/>\n<meta property=\"og:description\" content=\"La Direcci\u00f3n de Deportes Municipal, junto al Club Automoto, te invita a sumarte a una nueva edici\u00f3n de cicloturismo por la Comarca Serrana el pr\u00f3ximo 23 y 24 de marzo.\" \/>\n<meta property=\"og:url\" content=\"https:\/\/www.noticiasradioreflejos.com.ar\/2021\/23-y-24-de-marzo-un-fin-de-semana-para-pedalear\/\" \/>\n<meta property=\"og:site_name\" content=\"Noticias Radio Reflejos\" \/>\n<meta property=\"article:published_time\" content=\"2020-03-06T12:13:29+00:00\" \/>\n<meta property=\"og:image\" content=\"http:\/\/live.staticflickr.com\/65535\/49625838208_156306c109.jpg\" \/>\n<meta name=\"author\" content=\"Arnaldo Botto\" \/>\n<meta name=\"twitter:card\" content=\"summary_large_image\" \/>\n<script type=\"application\/ld+json\" class=\"yoast-schema-graph\">{\"@context\":\"https:\/\/schema.org\",\"@graph\":[{\"@type\":\"WebPage\",\"@id\":\"https:\/\/www.noticiasradioreflejos.com.ar\/2021\/23-y-24-de-marzo-un-fin-de-semana-para-pedalear\/\",\"url\":\"https:\/\/www.noticiasradioreflejos.com.ar\/2021\/23-y-24-de-marzo-un-fin-de-semana-para-pedalear\/\",\"name\":\"23 y 24 de marzo: un fin de semana para pedalear - Noticias Radio Reflejos\",\"isPartOf\":{\"@id\":\"https:\/\/www.noticiasradioreflejos.com.ar\/2021\/#website\"},\"primaryImageOfPage\":{\"@id\":\"https:\/\/www.noticiasradioreflejos.com.ar\/2021\/23-y-24-de-marzo-un-fin-de-semana-para-pedalear\/#primaryimage\"},\"image\":{\"@id\":\"https:\/\/www.noticiasradioreflejos.com.ar\/2021\/23-y-24-de-marzo-un-fin-de-semana-para-pedalear\/#primaryimage\"},\"thumbnailUrl\":\"http:\/\/live.staticflickr.com\/65535\/49625838208_156306c109.jpg\",\"datePublished\":\"2020-03-06T12:13:29+00:00\",\"author\":{\"@id\":\"https:\/\/www.noticiasradioreflejos.com.ar\/2021\/#\/schema\/person\/ad82545263dcc5ec0996818884fd5fb1\"},\"breadcrumb\":{\"@id\":\"https:\/\/www.noticiasradioreflejos.com.ar\/2021\/23-y-24-de-marzo-un-fin-de-semana-para-pedalear\/#breadcrumb\"},\"inLanguage\":\"es\",\"potentialAction\":[{\"@type\":\"ReadAction\",\"target\":[\"https:\/\/www.noticiasradioreflejos.com.ar\/2021\/23-y-24-de-marzo-un-fin-de-semana-para-pedalear\/\"]}]},{\"@type\":\"ImageObject\",\"inLanguage\":\"es\",\"@id\":\"https:\/\/www.noticiasradioreflejos.com.ar\/2021\/23-y-24-de-marzo-un-fin-de-semana-para-pedalear\/#primaryimage\",\"url\":\"http:\/\/live.staticflickr.com\/65535\/49625838208_156306c109.jpg\",\"contentUrl\":\"http:\/\/live.staticflickr.com\/65535\/49625838208_156306c109.jpg\"},{\"@type\":\"BreadcrumbList\",\"@id\":\"https:\/\/www.noticiasradioreflejos.com.ar\/2021\/23-y-24-de-marzo-un-fin-de-semana-para-pedalear\/#breadcrumb\",\"itemListElement\":[{\"@type\":\"ListItem\",\"position\":1,\"name\":\"Portada\",\"item\":\"https:\/\/www.noticiasradioreflejos.com.ar\/2021\/\"},{\"@type\":\"ListItem\",\"position\":2,\"name\":\"23 y 24 de marzo: un fin de semana para pedalear\"}]},{\"@type\":\"WebSite\",\"@id\":\"https:\/\/www.noticiasradioreflejos.com.ar\/2021\/#website\",\"url\":\"https:\/\/www.noticiasradioreflejos.com.ar\/2021\/\",\"name\":\"Noticias Radio Reflejos\",\"description\":\"Las noticias de mi comarca\",\"potentialAction\":[{\"@type\":\"SearchAction\",\"target\":{\"@type\":\"EntryPoint\",\"urlTemplate\":\"https:\/\/www.noticiasradioreflejos.com.ar\/2021\/?s={search_term_string}\"},\"query-input\":{\"@type\":\"PropertyValueSpecification\",\"valueRequired\":true,\"valueName\":\"search_term_string\"}}],\"inLanguage\":\"es\"},{\"@type\":\"Person\",\"@id\":\"https:\/\/www.noticiasradioreflejos.com.ar\/2021\/#\/schema\/person\/ad82545263dcc5ec0996818884fd5fb1\",\"name\":\"Arnaldo Botto\",\"image\":{\"@type\":\"ImageObject\",\"inLanguage\":\"es\",\"@id\":\"https:\/\/www.noticiasradioreflejos.com.ar\/2021\/#\/schema\/person\/image\/\",\"url\":\"https:\/\/secure.gravatar.com\/avatar\/55cb5e37c1efa326397366e6974cb338056df65cb50e7d64d1cf314e87504837?s=96&d=mm&r=g\",\"contentUrl\":\"https:\/\/secure.gravatar.com\/avatar\/55cb5e37c1efa326397366e6974cb338056df65cb50e7d64d1cf314e87504837?s=96&d=mm&r=g\",\"caption\":\"Arnaldo Botto\"},\"url\":\"https:\/\/www.noticiasradioreflejos.com.ar\/2021\/author\/arnaldo\/\"}]}<\/script>\n<!-- \/ Yoast SEO plugin. -->","yoast_head_json":{"title":"23 y 24 de marzo: un fin de semana para pedalear - Noticias Radio Reflejos","robots":{"index":"index","follow":"follow","max-snippet":"max-snippet:-1","max-image-preview":"max-image-preview:large","max-video-preview":"max-video-preview:-1"},"canonical":"https:\/\/www.noticiasradioreflejos.com.ar\/2021\/23-y-24-de-marzo-un-fin-de-semana-para-pedalear\/","og_locale":"es_ES","og_type":"article","og_title":"23 y 24 de marzo: un fin de semana para pedalear - Noticias Radio Reflejos","og_description":"La Direcci\u00f3n de Deportes Municipal, junto al Club Automoto, te invita a sumarte a una nueva edici\u00f3n de cicloturismo por la Comarca Serrana el pr\u00f3ximo 23 y 24 de marzo.","og_url":"https:\/\/www.noticiasradioreflejos.com.ar\/2021\/23-y-24-de-marzo-un-fin-de-semana-para-pedalear\/","og_site_name":"Noticias Radio Reflejos","article_published_time":"2020-03-06T12:13:29+00:00","og_image":[{"url":"http:\/\/live.staticflickr.com\/65535\/49625838208_156306c109.jpg","type":"","width":"","height":""}],"author":"Arnaldo Botto","twitter_card":"summary_large_image","schema":{"@context":"https:\/\/schema.org","@graph":[{"@type":"WebPage","@id":"https:\/\/www.noticiasradioreflejos.com.ar\/2021\/23-y-24-de-marzo-un-fin-de-semana-para-pedalear\/","url":"https:\/\/www.noticiasradioreflejos.com.ar\/2021\/23-y-24-de-marzo-un-fin-de-semana-para-pedalear\/","name":"23 y 24 de marzo: un fin de semana para pedalear - Noticias Radio Reflejos","isPartOf":{"@id":"https:\/\/www.noticiasradioreflejos.com.ar\/2021\/#website"},"primaryImageOfPage":{"@id":"https:\/\/www.noticiasradioreflejos.com.ar\/2021\/23-y-24-de-marzo-un-fin-de-semana-para-pedalear\/#primaryimage"},"image":{"@id":"https:\/\/www.noticiasradioreflejos.com.ar\/2021\/23-y-24-de-marzo-un-fin-de-semana-para-pedalear\/#primaryimage"},"thumbnailUrl":"http:\/\/live.staticflickr.com\/65535\/49625838208_156306c109.jpg","datePublished":"2020-03-06T12:13:29+00:00","author":{"@id":"https:\/\/www.noticiasradioreflejos.com.ar\/2021\/#\/schema\/person\/ad82545263dcc5ec0996818884fd5fb1"},"breadcrumb":{"@id":"https:\/\/www.noticiasradioreflejos.com.ar\/2021\/23-y-24-de-marzo-un-fin-de-semana-para-pedalear\/#breadcrumb"},"inLanguage":"es","potentialAction":[{"@type":"ReadAction","target":["https:\/\/www.noticiasradioreflejos.com.ar\/2021\/23-y-24-de-marzo-un-fin-de-semana-para-pedalear\/"]}]},{"@type":"ImageObject","inLanguage":"es","@id":"https:\/\/www.noticiasradioreflejos.com.ar\/2021\/23-y-24-de-marzo-un-fin-de-semana-para-pedalear\/#primaryimage","url":"http:\/\/live.staticflickr.com\/65535\/49625838208_156306c109.jpg","contentUrl":"http:\/\/live.staticflickr.com\/65535\/49625838208_156306c109.jpg"},{"@type":"BreadcrumbList","@id":"https:\/\/www.noticiasradioreflejos.com.ar\/2021\/23-y-24-de-marzo-un-fin-de-semana-para-pedalear\/#breadcrumb","itemListElement":[{"@type":"ListItem","position":1,"name":"Portada","item":"https:\/\/www.noticiasradioreflejos.com.ar\/2021\/"},{"@type":"ListItem","position":2,"name":"23 y 24 de marzo: un fin de semana para pedalear"}]},{"@type":"WebSite","@id":"https:\/\/www.noticiasradioreflejos.com.ar\/2021\/#website","url":"https:\/\/www.noticiasradioreflejos.com.ar\/2021\/","name":"Noticias Radio Reflejos","description":"Las noticias de mi comarca","potentialAction":[{"@type":"SearchAction","target":{"@type":"EntryPoint","urlTemplate":"https:\/\/www.noticiasradioreflejos.com.ar\/2021\/?s={search_term_string}"},"query-input":{"@type":"PropertyValueSpecification","valueRequired":true,"valueName":"search_term_string"}}],"inLanguage":"es"},{"@type":"Person","@id":"https:\/\/www.noticiasradioreflejos.com.ar\/2021\/#\/schema\/person\/ad82545263dcc5ec0996818884fd5fb1","name":"Arnaldo Botto","image":{"@type":"ImageObject","inLanguage":"es","@id":"https:\/\/www.noticiasradioreflejos.com.ar\/2021\/#\/schema\/person\/image\/","url":"https:\/\/secure.gravatar.com\/avatar\/55cb5e37c1efa326397366e6974cb338056df65cb50e7d64d1cf314e87504837?s=96&d=mm&r=g","contentUrl":"https:\/\/secure.gravatar.com\/avatar\/55cb5e37c1efa326397366e6974cb338056df65cb50e7d64d1cf314e87504837?s=96&d=mm&r=g","caption":"Arnaldo Botto"},"url":"https:\/\/www.noticiasradioreflejos.com.ar\/2021\/author\/arnaldo\/"}]}},"_links":{"self":[{"href":"https:\/\/www.noticiasradioreflejos.com.ar\/2021\/wp-json\/wp\/v2\/posts\/39135","targetHints":{"allow":["GET"]}}],"collection":[{"href":"https:\/\/www.noticiasradioreflejos.com.ar\/2021\/wp-json\/wp\/v2\/posts"}],"about":[{"href":"https:\/\/www.noticiasradioreflejos.com.ar\/2021\/wp-json\/wp\/v2\/types\/post"}],"author":[{"embeddable":true,"href":"https:\/\/www.noticiasradioreflejos.com.ar\/2021\/wp-json\/wp\/v2\/users\/3"}],"replies":[{"embeddable":true,"href":"https:\/\/www.noticiasradioreflejos.com.ar\/2021\/wp-json\/wp\/v2\/comments?post=39135"}],"version-history":[{"count":0,"href":"https:\/\/www.noticiasradioreflejos.com.ar\/2021\/wp-json\/wp\/v2\/posts\/39135\/revisions"}],"wp:attachment":[{"href":"https:\/\/www.noticiasradioreflejos.com.ar\/2021\/wp-json\/wp\/v2\/media?parent=39135"}],"wp:term":[{"taxonomy":"category","embeddable":true,"href":"https:\/\/www.noticiasradioreflejos.com.ar\/2021\/wp-json\/wp\/v2\/categories?post=39135"},{"taxonomy":"post_tag","embeddable":true,"href":"https:\/\/www.noticiasradioreflejos.com.ar\/2021\/wp-json\/wp\/v2\/tags?post=39135"}],"curies":[{"name":"wp","href":"https:\/\/api.w.org\/{rel}","templated":true}]}}