{"id":39131,"date":"2020-03-06T08:13:44","date_gmt":"2020-03-06T11:13:44","guid":{"rendered":"http:\/\/www.noticiasradioreflejos.com.ar\/noticias\/?p=39131"},"modified":"2020-03-06T08:13:44","modified_gmt":"2020-03-06T11:13:44","slug":"llega-la-tarjeta-alimentar-al-distrito-de-tornquist","status":"publish","type":"post","link":"https:\/\/www.noticiasradioreflejos.com.ar\/2021\/llega-la-tarjeta-alimentar-al-distrito-de-tornquist\/","title":{"rendered":"Llega la Tarjeta AlimentAR al Distrito de Tornquist"},"content":{"rendered":"<p>En gestiones realizadas el Lic. Gustavo Trankels junto a los concejales de los Bloques Frente de Todos y Frente Justicialista Cumplir, recibieron la confirmaci\u00f3n por parte de la Diputada Provincial por el Frente de Todos Marisol Merquel, qui\u00e9n nos visit\u00f3 en Tornquist, que a partir del 9 al 13 de marzo el Banco Provincia de Buenos Aires comenzar\u00e1 con la entrega de la Tarjeta Alimentaria que beneficiar\u00e1 inicialmente a 300 vecinos del distrito para la compra de alimentos en diversos comercios locales.<!--more--><\/p>\n<p>Merquel indic\u00f3: \u00abnos planteamos el objetivo de articular en el interior de la provincia la tarjeta AlimentAR como una herramienta fundamental para garantizar el acceso a los alimentos, acercando a los 135 municipios de la provincia las pol\u00edticas p\u00fablicas impulsadas por nuestro gobierno nacional\u00bb.<br \/>\nCabe recordar que la tarjeta alimentaria es una iniciativa que fue impulsada por el gobierno nacional del presidente Alberto Fern\u00e1ndez a trav\u00e9s del ministerio de Desarrollo Social de la Naci\u00f3n, en el marco del Plan Nacional \u00abArgentina contra el Hambre\u201d, lanzada  en diciembre del a\u00f1o pasado por el Ministro de Desarrollo Social de la Naci\u00f3n, Daniel Arroyo, el beneficio est\u00e1 destinado a comprar s\u00f3lo alimentos de la canasta b\u00e1sica en supermercados y almacenes  excluyendo  la compra de bebidas alcoh\u00f3licas.<\/p>\n<p>La tarjeta AlimentAR  est\u00e1 dirigida a madres y padres con hijos e hijas de hasta 6 a\u00f1os que reciben la Asignaci\u00f3n Universal por Hijo (AUH). Tambi\u00e9n para personas gestantes a partir de los tres meses que reciben AUH y personas con discapacidad que reciban dicha asignaci\u00f3n.<br \/>\nPara obtener el beneficio no es necesario realizar ning\u00fan tr\u00e1mite, ya que se otorga en forma autom\u00e1tica a trav\u00e9s del entrecruzamiento de datos de Anses.<\/p>\n<p>En ese sentido desde los bloques Frente de Todos y Frente Justicialista Cumplir destacamos la importancia que representa para las familias de nuestro distrito este beneficio garantizando no solo el acceso a la canasta b\u00e1sica, sino tambi\u00e9n mejorar la calidad nutricional, asimismo es muy importante para los comercios en general de nuestro partido por la dinamizaci\u00f3n que representa en el giro de la econom\u00eda local.<br \/>\nLas tarjetas llegan acompa\u00f1adas de cursos de nutrici\u00f3n y salud en los municipios.<br \/>\nComo dijo nuestro presidente Alberto Fern\u00e1ndez \u201ccomenzamos  por los \u00faltimos  para llegar a todos\u201d.<br \/>\nEl esp\u00edritu del Plan Argentina contra el Hambre es convocarnos a todos como sociedad y comunidad para lograr que los ciudadanos accedan a una canasta b\u00e1sica alimentaria\u00bb.<br \/>\nAdjuntamos el link  de consulta del Plan Argentina Contra el Hambre www.argentina.gob.ar\/argentinacontraelhambre<\/p>\n","protected":false},"excerpt":{"rendered":"<p>En gestiones realizadas el Lic. Gustavo Trankels junto a los concejales de los Bloques Frente de Todos y Frente Justicialista Cumplir, recibieron la confirmaci\u00f3n por parte de la Diputada Provincial por el Frente de Todos Marisol Merquel, qui\u00e9n nos visit\u00f3 en Tornquist, que a partir del 9 al 13 de marzo el Banco Provincia de [&hellip;]<\/p>\n","protected":false},"author":3,"featured_media":0,"comment_status":"closed","ping_status":"open","sticky":false,"template":"","format":"standard","meta":{"footnotes":""},"categories":[24],"tags":[],"class_list":["post-39131","post","type-post","status-publish","format-standard","hentry","category-politica"],"yoast_head":"<!-- This site is optimized with the Yoast SEO plugin v25.9 - https:\/\/yoast.com\/wordpress\/plugins\/seo\/ -->\n<title>Llega la Tarjeta AlimentAR al Distrito de Tornquist - Noticias Radio Reflejos<\/title>\n<meta name=\"robots\" content=\"index, follow, max-snippet:-1, max-image-preview:large, max-video-preview:-1\" \/>\n<link rel=\"canonical\" href=\"https:\/\/www.noticiasradioreflejos.com.ar\/2021\/llega-la-tarjeta-alimentar-al-distrito-de-tornquist\/\" \/>\n<meta property=\"og:locale\" content=\"es_ES\" \/>\n<meta property=\"og:type\" content=\"article\" \/>\n<meta property=\"og:title\" content=\"Llega la Tarjeta AlimentAR al Distrito de Tornquist - Noticias Radio Reflejos\" \/>\n<meta property=\"og:description\" content=\"En gestiones realizadas el Lic. Gustavo Trankels junto a los concejales de los Bloques Frente de Todos y Frente Justicialista Cumplir, recibieron la confirmaci\u00f3n por parte de la Diputada Provincial por el Frente de Todos Marisol Merquel, qui\u00e9n nos visit\u00f3 en Tornquist, que a partir del 9 al 13 de marzo el Banco Provincia de [&hellip;]\" \/>\n<meta property=\"og:url\" content=\"https:\/\/www.noticiasradioreflejos.com.ar\/2021\/llega-la-tarjeta-alimentar-al-distrito-de-tornquist\/\" \/>\n<meta property=\"og:site_name\" content=\"Noticias Radio Reflejos\" \/>\n<meta property=\"article:published_time\" content=\"2020-03-06T11:13:44+00:00\" \/>\n<meta property=\"og:image\" content=\"https:\/\/www.noticiasradioreflejos.com.ar\/2021\/wp-content\/uploads\/2021\/07\/logosol300x200.png\" \/>\n\t<meta property=\"og:image:width\" content=\"300\" \/>\n\t<meta property=\"og:image:height\" content=\"200\" \/>\n\t<meta property=\"og:image:type\" content=\"image\/png\" \/>\n<meta name=\"author\" content=\"Arnaldo Botto\" \/>\n<meta name=\"twitter:card\" content=\"summary_large_image\" \/>\n<script type=\"application\/ld+json\" class=\"yoast-schema-graph\">{\"@context\":\"https:\/\/schema.org\",\"@graph\":[{\"@type\":\"WebPage\",\"@id\":\"https:\/\/www.noticiasradioreflejos.com.ar\/2021\/llega-la-tarjeta-alimentar-al-distrito-de-tornquist\/\",\"url\":\"https:\/\/www.noticiasradioreflejos.com.ar\/2021\/llega-la-tarjeta-alimentar-al-distrito-de-tornquist\/\",\"name\":\"Llega la Tarjeta AlimentAR al Distrito de Tornquist - Noticias Radio Reflejos\",\"isPartOf\":{\"@id\":\"https:\/\/www.noticiasradioreflejos.com.ar\/2021\/#website\"},\"datePublished\":\"2020-03-06T11:13:44+00:00\",\"author\":{\"@id\":\"https:\/\/www.noticiasradioreflejos.com.ar\/2021\/#\/schema\/person\/ad82545263dcc5ec0996818884fd5fb1\"},\"breadcrumb\":{\"@id\":\"https:\/\/www.noticiasradioreflejos.com.ar\/2021\/llega-la-tarjeta-alimentar-al-distrito-de-tornquist\/#breadcrumb\"},\"inLanguage\":\"es\",\"potentialAction\":[{\"@type\":\"ReadAction\",\"target\":[\"https:\/\/www.noticiasradioreflejos.com.ar\/2021\/llega-la-tarjeta-alimentar-al-distrito-de-tornquist\/\"]}]},{\"@type\":\"BreadcrumbList\",\"@id\":\"https:\/\/www.noticiasradioreflejos.com.ar\/2021\/llega-la-tarjeta-alimentar-al-distrito-de-tornquist\/#breadcrumb\",\"itemListElement\":[{\"@type\":\"ListItem\",\"position\":1,\"name\":\"Portada\",\"item\":\"https:\/\/www.noticiasradioreflejos.com.ar\/2021\/\"},{\"@type\":\"ListItem\",\"position\":2,\"name\":\"Llega la Tarjeta AlimentAR al Distrito de Tornquist\"}]},{\"@type\":\"WebSite\",\"@id\":\"https:\/\/www.noticiasradioreflejos.com.ar\/2021\/#website\",\"url\":\"https:\/\/www.noticiasradioreflejos.com.ar\/2021\/\",\"name\":\"Noticias Radio Reflejos\",\"description\":\"Las noticias de mi comarca\",\"potentialAction\":[{\"@type\":\"SearchAction\",\"target\":{\"@type\":\"EntryPoint\",\"urlTemplate\":\"https:\/\/www.noticiasradioreflejos.com.ar\/2021\/?s={search_term_string}\"},\"query-input\":{\"@type\":\"PropertyValueSpecification\",\"valueRequired\":true,\"valueName\":\"search_term_string\"}}],\"inLanguage\":\"es\"},{\"@type\":\"Person\",\"@id\":\"https:\/\/www.noticiasradioreflejos.com.ar\/2021\/#\/schema\/person\/ad82545263dcc5ec0996818884fd5fb1\",\"name\":\"Arnaldo Botto\",\"image\":{\"@type\":\"ImageObject\",\"inLanguage\":\"es\",\"@id\":\"https:\/\/www.noticiasradioreflejos.com.ar\/2021\/#\/schema\/person\/image\/\",\"url\":\"https:\/\/secure.gravatar.com\/avatar\/55cb5e37c1efa326397366e6974cb338056df65cb50e7d64d1cf314e87504837?s=96&d=mm&r=g\",\"contentUrl\":\"https:\/\/secure.gravatar.com\/avatar\/55cb5e37c1efa326397366e6974cb338056df65cb50e7d64d1cf314e87504837?s=96&d=mm&r=g\",\"caption\":\"Arnaldo Botto\"},\"url\":\"https:\/\/www.noticiasradioreflejos.com.ar\/2021\/author\/arnaldo\/\"}]}<\/script>\n<!-- \/ Yoast SEO plugin. -->","yoast_head_json":{"title":"Llega la Tarjeta AlimentAR al Distrito de Tornquist - Noticias Radio Reflejos","robots":{"index":"index","follow":"follow","max-snippet":"max-snippet:-1","max-image-preview":"max-image-preview:large","max-video-preview":"max-video-preview:-1"},"canonical":"https:\/\/www.noticiasradioreflejos.com.ar\/2021\/llega-la-tarjeta-alimentar-al-distrito-de-tornquist\/","og_locale":"es_ES","og_type":"article","og_title":"Llega la Tarjeta AlimentAR al Distrito de Tornquist - Noticias Radio Reflejos","og_description":"En gestiones realizadas el Lic. Gustavo Trankels junto a los concejales de los Bloques Frente de Todos y Frente Justicialista Cumplir, recibieron la confirmaci\u00f3n por parte de la Diputada Provincial por el Frente de Todos Marisol Merquel, qui\u00e9n nos visit\u00f3 en Tornquist, que a partir del 9 al 13 de marzo el Banco Provincia de [&hellip;]","og_url":"https:\/\/www.noticiasradioreflejos.com.ar\/2021\/llega-la-tarjeta-alimentar-al-distrito-de-tornquist\/","og_site_name":"Noticias Radio Reflejos","article_published_time":"2020-03-06T11:13:44+00:00","og_image":[{"width":300,"height":200,"url":"https:\/\/www.noticiasradioreflejos.com.ar\/2021\/wp-content\/uploads\/2021\/07\/logosol300x200.png","type":"image\/png"}],"author":"Arnaldo Botto","twitter_card":"summary_large_image","schema":{"@context":"https:\/\/schema.org","@graph":[{"@type":"WebPage","@id":"https:\/\/www.noticiasradioreflejos.com.ar\/2021\/llega-la-tarjeta-alimentar-al-distrito-de-tornquist\/","url":"https:\/\/www.noticiasradioreflejos.com.ar\/2021\/llega-la-tarjeta-alimentar-al-distrito-de-tornquist\/","name":"Llega la Tarjeta AlimentAR al Distrito de Tornquist - Noticias Radio Reflejos","isPartOf":{"@id":"https:\/\/www.noticiasradioreflejos.com.ar\/2021\/#website"},"datePublished":"2020-03-06T11:13:44+00:00","author":{"@id":"https:\/\/www.noticiasradioreflejos.com.ar\/2021\/#\/schema\/person\/ad82545263dcc5ec0996818884fd5fb1"},"breadcrumb":{"@id":"https:\/\/www.noticiasradioreflejos.com.ar\/2021\/llega-la-tarjeta-alimentar-al-distrito-de-tornquist\/#breadcrumb"},"inLanguage":"es","potentialAction":[{"@type":"ReadAction","target":["https:\/\/www.noticiasradioreflejos.com.ar\/2021\/llega-la-tarjeta-alimentar-al-distrito-de-tornquist\/"]}]},{"@type":"BreadcrumbList","@id":"https:\/\/www.noticiasradioreflejos.com.ar\/2021\/llega-la-tarjeta-alimentar-al-distrito-de-tornquist\/#breadcrumb","itemListElement":[{"@type":"ListItem","position":1,"name":"Portada","item":"https:\/\/www.noticiasradioreflejos.com.ar\/2021\/"},{"@type":"ListItem","position":2,"name":"Llega la Tarjeta AlimentAR al Distrito de Tornquist"}]},{"@type":"WebSite","@id":"https:\/\/www.noticiasradioreflejos.com.ar\/2021\/#website","url":"https:\/\/www.noticiasradioreflejos.com.ar\/2021\/","name":"Noticias Radio Reflejos","description":"Las noticias de mi comarca","potentialAction":[{"@type":"SearchAction","target":{"@type":"EntryPoint","urlTemplate":"https:\/\/www.noticiasradioreflejos.com.ar\/2021\/?s={search_term_string}"},"query-input":{"@type":"PropertyValueSpecification","valueRequired":true,"valueName":"search_term_string"}}],"inLanguage":"es"},{"@type":"Person","@id":"https:\/\/www.noticiasradioreflejos.com.ar\/2021\/#\/schema\/person\/ad82545263dcc5ec0996818884fd5fb1","name":"Arnaldo Botto","image":{"@type":"ImageObject","inLanguage":"es","@id":"https:\/\/www.noticiasradioreflejos.com.ar\/2021\/#\/schema\/person\/image\/","url":"https:\/\/secure.gravatar.com\/avatar\/55cb5e37c1efa326397366e6974cb338056df65cb50e7d64d1cf314e87504837?s=96&d=mm&r=g","contentUrl":"https:\/\/secure.gravatar.com\/avatar\/55cb5e37c1efa326397366e6974cb338056df65cb50e7d64d1cf314e87504837?s=96&d=mm&r=g","caption":"Arnaldo Botto"},"url":"https:\/\/www.noticiasradioreflejos.com.ar\/2021\/author\/arnaldo\/"}]}},"_links":{"self":[{"href":"https:\/\/www.noticiasradioreflejos.com.ar\/2021\/wp-json\/wp\/v2\/posts\/39131","targetHints":{"allow":["GET"]}}],"collection":[{"href":"https:\/\/www.noticiasradioreflejos.com.ar\/2021\/wp-json\/wp\/v2\/posts"}],"about":[{"href":"https:\/\/www.noticiasradioreflejos.com.ar\/2021\/wp-json\/wp\/v2\/types\/post"}],"author":[{"embeddable":true,"href":"https:\/\/www.noticiasradioreflejos.com.ar\/2021\/wp-json\/wp\/v2\/users\/3"}],"replies":[{"embeddable":true,"href":"https:\/\/www.noticiasradioreflejos.com.ar\/2021\/wp-json\/wp\/v2\/comments?post=39131"}],"version-history":[{"count":0,"href":"https:\/\/www.noticiasradioreflejos.com.ar\/2021\/wp-json\/wp\/v2\/posts\/39131\/revisions"}],"wp:attachment":[{"href":"https:\/\/www.noticiasradioreflejos.com.ar\/2021\/wp-json\/wp\/v2\/media?parent=39131"}],"wp:term":[{"taxonomy":"category","embeddable":true,"href":"https:\/\/www.noticiasradioreflejos.com.ar\/2021\/wp-json\/wp\/v2\/categories?post=39131"},{"taxonomy":"post_tag","embeddable":true,"href":"https:\/\/www.noticiasradioreflejos.com.ar\/2021\/wp-json\/wp\/v2\/tags?post=39131"}],"curies":[{"name":"wp","href":"https:\/\/api.w.org\/{rel}","templated":true}]}}