{"id":39129,"date":"2020-03-06T08:11:49","date_gmt":"2020-03-06T11:11:49","guid":{"rendered":"http:\/\/www.noticiasradioreflejos.com.ar\/noticias\/?p=39129"},"modified":"2020-03-06T08:11:49","modified_gmt":"2020-03-06T11:11:49","slug":"impuesto-a-los-ciclomotores-se-facturara-semestralmente","status":"publish","type":"post","link":"https:\/\/www.noticiasradioreflejos.com.ar\/2021\/impuesto-a-los-ciclomotores-se-facturara-semestralmente\/","title":{"rendered":"Impuesto a los ciclomotores: se facturar\u00e1 semestralmente."},"content":{"rendered":"<p>Tornquist Municipio, a trav\u00e9s de la oficina de Recaudaci\u00f3n informa que a partir del 2020, el impuesto a los ciclomotores se facturar\u00e1 de manera semestral.<br \/>\nEn tal sentido, se comunica que la primera cuota tiene fecha de vencimiento el pr\u00f3ximo 19\/3, al igual que la factura anual, para quienes deseen realizar un \u00fanico pago.<br \/>\nLa segunda cuota vencer\u00e1 en el mes de Septiembre. <!--more--><\/p>\n<p>Recordamos a los vecinos los medios de pago disponibles para este impuesto:<br \/>\n\u2022\tPalacio Municipal<br \/>\n\u2022\tDelegaci\u00f3n Sierra de la Ventana<br \/>\n\u2022\tProvincia NET (cuota vigente)<br \/>\n\u2022\tLink Pagos- c\u00f3digo electr\u00f3nico que figura en la boleta<br \/>\n\u2022\tTransferencias (consultar oficina de recaudaci\u00f3n).<br \/>\nPor consultas, acercarse a la oficina de Recaudaci\u00f3n (Sarmiento 53- Tornquist) o comunicarse al (4941.075 interno 108\/109), mail recaudacion@tornquist.gov.ar <\/p>\n","protected":false},"excerpt":{"rendered":"<p>Tornquist Municipio, a trav\u00e9s de la oficina de Recaudaci\u00f3n informa que a partir del 2020, el impuesto a los ciclomotores se facturar\u00e1 de manera semestral. En tal sentido, se comunica que la primera cuota tiene fecha de vencimiento el pr\u00f3ximo 19\/3, al igual que la factura anual, para quienes deseen realizar un \u00fanico pago. La [&hellip;]<\/p>\n","protected":false},"author":3,"featured_media":0,"comment_status":"closed","ping_status":"open","sticky":false,"template":"","format":"standard","meta":{"footnotes":""},"categories":[28],"tags":[],"class_list":["post-39129","post","type-post","status-publish","format-standard","hentry","category-municipales"],"yoast_head":"<!-- This site is optimized with the Yoast SEO plugin v25.9 - https:\/\/yoast.com\/wordpress\/plugins\/seo\/ -->\n<title>Impuesto a los ciclomotores: se facturar\u00e1 semestralmente. - Noticias Radio Reflejos<\/title>\n<meta name=\"robots\" content=\"index, follow, max-snippet:-1, max-image-preview:large, max-video-preview:-1\" \/>\n<link rel=\"canonical\" href=\"https:\/\/www.noticiasradioreflejos.com.ar\/2021\/impuesto-a-los-ciclomotores-se-facturara-semestralmente\/\" \/>\n<meta property=\"og:locale\" content=\"es_ES\" \/>\n<meta property=\"og:type\" content=\"article\" \/>\n<meta property=\"og:title\" content=\"Impuesto a los ciclomotores: se facturar\u00e1 semestralmente. - Noticias Radio Reflejos\" \/>\n<meta property=\"og:description\" content=\"Tornquist Municipio, a trav\u00e9s de la oficina de Recaudaci\u00f3n informa que a partir del 2020, el impuesto a los ciclomotores se facturar\u00e1 de manera semestral. En tal sentido, se comunica que la primera cuota tiene fecha de vencimiento el pr\u00f3ximo 19\/3, al igual que la factura anual, para quienes deseen realizar un \u00fanico pago. La [&hellip;]\" \/>\n<meta property=\"og:url\" content=\"https:\/\/www.noticiasradioreflejos.com.ar\/2021\/impuesto-a-los-ciclomotores-se-facturara-semestralmente\/\" \/>\n<meta property=\"og:site_name\" content=\"Noticias Radio Reflejos\" \/>\n<meta property=\"article:published_time\" content=\"2020-03-06T11:11:49+00:00\" \/>\n<meta property=\"og:image\" content=\"https:\/\/www.noticiasradioreflejos.com.ar\/2021\/wp-content\/uploads\/2021\/07\/logosol300x200.png\" \/>\n\t<meta property=\"og:image:width\" content=\"300\" \/>\n\t<meta property=\"og:image:height\" content=\"200\" \/>\n\t<meta property=\"og:image:type\" content=\"image\/png\" \/>\n<meta name=\"author\" content=\"Arnaldo Botto\" \/>\n<meta name=\"twitter:card\" content=\"summary_large_image\" \/>\n<script type=\"application\/ld+json\" class=\"yoast-schema-graph\">{\"@context\":\"https:\/\/schema.org\",\"@graph\":[{\"@type\":\"WebPage\",\"@id\":\"https:\/\/www.noticiasradioreflejos.com.ar\/2021\/impuesto-a-los-ciclomotores-se-facturara-semestralmente\/\",\"url\":\"https:\/\/www.noticiasradioreflejos.com.ar\/2021\/impuesto-a-los-ciclomotores-se-facturara-semestralmente\/\",\"name\":\"Impuesto a los ciclomotores: se facturar\u00e1 semestralmente. - Noticias Radio Reflejos\",\"isPartOf\":{\"@id\":\"https:\/\/www.noticiasradioreflejos.com.ar\/2021\/#website\"},\"datePublished\":\"2020-03-06T11:11:49+00:00\",\"author\":{\"@id\":\"https:\/\/www.noticiasradioreflejos.com.ar\/2021\/#\/schema\/person\/ad82545263dcc5ec0996818884fd5fb1\"},\"breadcrumb\":{\"@id\":\"https:\/\/www.noticiasradioreflejos.com.ar\/2021\/impuesto-a-los-ciclomotores-se-facturara-semestralmente\/#breadcrumb\"},\"inLanguage\":\"es\",\"potentialAction\":[{\"@type\":\"ReadAction\",\"target\":[\"https:\/\/www.noticiasradioreflejos.com.ar\/2021\/impuesto-a-los-ciclomotores-se-facturara-semestralmente\/\"]}]},{\"@type\":\"BreadcrumbList\",\"@id\":\"https:\/\/www.noticiasradioreflejos.com.ar\/2021\/impuesto-a-los-ciclomotores-se-facturara-semestralmente\/#breadcrumb\",\"itemListElement\":[{\"@type\":\"ListItem\",\"position\":1,\"name\":\"Portada\",\"item\":\"https:\/\/www.noticiasradioreflejos.com.ar\/2021\/\"},{\"@type\":\"ListItem\",\"position\":2,\"name\":\"Impuesto a los ciclomotores: se facturar\u00e1 semestralmente.\"}]},{\"@type\":\"WebSite\",\"@id\":\"https:\/\/www.noticiasradioreflejos.com.ar\/2021\/#website\",\"url\":\"https:\/\/www.noticiasradioreflejos.com.ar\/2021\/\",\"name\":\"Noticias Radio Reflejos\",\"description\":\"Las noticias de mi comarca\",\"potentialAction\":[{\"@type\":\"SearchAction\",\"target\":{\"@type\":\"EntryPoint\",\"urlTemplate\":\"https:\/\/www.noticiasradioreflejos.com.ar\/2021\/?s={search_term_string}\"},\"query-input\":{\"@type\":\"PropertyValueSpecification\",\"valueRequired\":true,\"valueName\":\"search_term_string\"}}],\"inLanguage\":\"es\"},{\"@type\":\"Person\",\"@id\":\"https:\/\/www.noticiasradioreflejos.com.ar\/2021\/#\/schema\/person\/ad82545263dcc5ec0996818884fd5fb1\",\"name\":\"Arnaldo Botto\",\"image\":{\"@type\":\"ImageObject\",\"inLanguage\":\"es\",\"@id\":\"https:\/\/www.noticiasradioreflejos.com.ar\/2021\/#\/schema\/person\/image\/\",\"url\":\"https:\/\/secure.gravatar.com\/avatar\/55cb5e37c1efa326397366e6974cb338056df65cb50e7d64d1cf314e87504837?s=96&d=mm&r=g\",\"contentUrl\":\"https:\/\/secure.gravatar.com\/avatar\/55cb5e37c1efa326397366e6974cb338056df65cb50e7d64d1cf314e87504837?s=96&d=mm&r=g\",\"caption\":\"Arnaldo Botto\"},\"url\":\"https:\/\/www.noticiasradioreflejos.com.ar\/2021\/author\/arnaldo\/\"}]}<\/script>\n<!-- \/ Yoast SEO plugin. -->","yoast_head_json":{"title":"Impuesto a los ciclomotores: se facturar\u00e1 semestralmente. - Noticias Radio Reflejos","robots":{"index":"index","follow":"follow","max-snippet":"max-snippet:-1","max-image-preview":"max-image-preview:large","max-video-preview":"max-video-preview:-1"},"canonical":"https:\/\/www.noticiasradioreflejos.com.ar\/2021\/impuesto-a-los-ciclomotores-se-facturara-semestralmente\/","og_locale":"es_ES","og_type":"article","og_title":"Impuesto a los ciclomotores: se facturar\u00e1 semestralmente. - Noticias Radio Reflejos","og_description":"Tornquist Municipio, a trav\u00e9s de la oficina de Recaudaci\u00f3n informa que a partir del 2020, el impuesto a los ciclomotores se facturar\u00e1 de manera semestral. En tal sentido, se comunica que la primera cuota tiene fecha de vencimiento el pr\u00f3ximo 19\/3, al igual que la factura anual, para quienes deseen realizar un \u00fanico pago. La [&hellip;]","og_url":"https:\/\/www.noticiasradioreflejos.com.ar\/2021\/impuesto-a-los-ciclomotores-se-facturara-semestralmente\/","og_site_name":"Noticias Radio Reflejos","article_published_time":"2020-03-06T11:11:49+00:00","og_image":[{"width":300,"height":200,"url":"https:\/\/www.noticiasradioreflejos.com.ar\/2021\/wp-content\/uploads\/2021\/07\/logosol300x200.png","type":"image\/png"}],"author":"Arnaldo Botto","twitter_card":"summary_large_image","schema":{"@context":"https:\/\/schema.org","@graph":[{"@type":"WebPage","@id":"https:\/\/www.noticiasradioreflejos.com.ar\/2021\/impuesto-a-los-ciclomotores-se-facturara-semestralmente\/","url":"https:\/\/www.noticiasradioreflejos.com.ar\/2021\/impuesto-a-los-ciclomotores-se-facturara-semestralmente\/","name":"Impuesto a los ciclomotores: se facturar\u00e1 semestralmente. - Noticias Radio Reflejos","isPartOf":{"@id":"https:\/\/www.noticiasradioreflejos.com.ar\/2021\/#website"},"datePublished":"2020-03-06T11:11:49+00:00","author":{"@id":"https:\/\/www.noticiasradioreflejos.com.ar\/2021\/#\/schema\/person\/ad82545263dcc5ec0996818884fd5fb1"},"breadcrumb":{"@id":"https:\/\/www.noticiasradioreflejos.com.ar\/2021\/impuesto-a-los-ciclomotores-se-facturara-semestralmente\/#breadcrumb"},"inLanguage":"es","potentialAction":[{"@type":"ReadAction","target":["https:\/\/www.noticiasradioreflejos.com.ar\/2021\/impuesto-a-los-ciclomotores-se-facturara-semestralmente\/"]}]},{"@type":"BreadcrumbList","@id":"https:\/\/www.noticiasradioreflejos.com.ar\/2021\/impuesto-a-los-ciclomotores-se-facturara-semestralmente\/#breadcrumb","itemListElement":[{"@type":"ListItem","position":1,"name":"Portada","item":"https:\/\/www.noticiasradioreflejos.com.ar\/2021\/"},{"@type":"ListItem","position":2,"name":"Impuesto a los ciclomotores: se facturar\u00e1 semestralmente."}]},{"@type":"WebSite","@id":"https:\/\/www.noticiasradioreflejos.com.ar\/2021\/#website","url":"https:\/\/www.noticiasradioreflejos.com.ar\/2021\/","name":"Noticias Radio Reflejos","description":"Las noticias de mi comarca","potentialAction":[{"@type":"SearchAction","target":{"@type":"EntryPoint","urlTemplate":"https:\/\/www.noticiasradioreflejos.com.ar\/2021\/?s={search_term_string}"},"query-input":{"@type":"PropertyValueSpecification","valueRequired":true,"valueName":"search_term_string"}}],"inLanguage":"es"},{"@type":"Person","@id":"https:\/\/www.noticiasradioreflejos.com.ar\/2021\/#\/schema\/person\/ad82545263dcc5ec0996818884fd5fb1","name":"Arnaldo Botto","image":{"@type":"ImageObject","inLanguage":"es","@id":"https:\/\/www.noticiasradioreflejos.com.ar\/2021\/#\/schema\/person\/image\/","url":"https:\/\/secure.gravatar.com\/avatar\/55cb5e37c1efa326397366e6974cb338056df65cb50e7d64d1cf314e87504837?s=96&d=mm&r=g","contentUrl":"https:\/\/secure.gravatar.com\/avatar\/55cb5e37c1efa326397366e6974cb338056df65cb50e7d64d1cf314e87504837?s=96&d=mm&r=g","caption":"Arnaldo Botto"},"url":"https:\/\/www.noticiasradioreflejos.com.ar\/2021\/author\/arnaldo\/"}]}},"_links":{"self":[{"href":"https:\/\/www.noticiasradioreflejos.com.ar\/2021\/wp-json\/wp\/v2\/posts\/39129","targetHints":{"allow":["GET"]}}],"collection":[{"href":"https:\/\/www.noticiasradioreflejos.com.ar\/2021\/wp-json\/wp\/v2\/posts"}],"about":[{"href":"https:\/\/www.noticiasradioreflejos.com.ar\/2021\/wp-json\/wp\/v2\/types\/post"}],"author":[{"embeddable":true,"href":"https:\/\/www.noticiasradioreflejos.com.ar\/2021\/wp-json\/wp\/v2\/users\/3"}],"replies":[{"embeddable":true,"href":"https:\/\/www.noticiasradioreflejos.com.ar\/2021\/wp-json\/wp\/v2\/comments?post=39129"}],"version-history":[{"count":0,"href":"https:\/\/www.noticiasradioreflejos.com.ar\/2021\/wp-json\/wp\/v2\/posts\/39129\/revisions"}],"wp:attachment":[{"href":"https:\/\/www.noticiasradioreflejos.com.ar\/2021\/wp-json\/wp\/v2\/media?parent=39129"}],"wp:term":[{"taxonomy":"category","embeddable":true,"href":"https:\/\/www.noticiasradioreflejos.com.ar\/2021\/wp-json\/wp\/v2\/categories?post=39129"},{"taxonomy":"post_tag","embeddable":true,"href":"https:\/\/www.noticiasradioreflejos.com.ar\/2021\/wp-json\/wp\/v2\/tags?post=39129"}],"curies":[{"name":"wp","href":"https:\/\/api.w.org\/{rel}","templated":true}]}}