{"id":39126,"date":"2020-03-06T08:08:59","date_gmt":"2020-03-06T11:08:59","guid":{"rendered":"http:\/\/www.noticiasradioreflejos.com.ar\/noticias\/?p=39126"},"modified":"2020-03-06T08:08:59","modified_gmt":"2020-03-06T11:08:59","slug":"dia-internacional-de-la-mujer-trabajadora-anses-presenta-el-programa-generos-y-seguridad-social","status":"publish","type":"post","link":"https:\/\/www.noticiasradioreflejos.com.ar\/2021\/dia-internacional-de-la-mujer-trabajadora-anses-presenta-el-programa-generos-y-seguridad-social\/","title":{"rendered":"\u00abD\u00eda Internacional de la mujer trabajadora\u00bb &#8211; ANSES presenta el programa G\u00e9neros y Seguridad social."},"content":{"rendered":"<p>En el marco del 8M, d\u00eda en el que se conmemora la lucha de las mujeres por la igualdad, el reconocimiento y ejercicio efectivo de sus derechos, el organismo presentar\u00e1 ma\u00f1ana un programa que busca introducir progresivamente la perspectiva de g\u00e9nero en la Seguridad Social.<!--more--><\/p>\n<p>Durante la jornada se llevar\u00e1n a cabo diversas actividades que incluir\u00e1n mesas de debate y de trabajo acerca de G\u00e9neros, Seguridad Social y Cuidados, que contar\u00e1n con la participaci\u00f3n de referentes en la tem\u00e1tica tanto estatales como de centros de jubiladas\/os y pensionadas\/os con el fin de aportar colectivamente mejoras en las pol\u00edticas p\u00fablicas de la ANSES con perspectiva de g\u00e9nero. Adem\u00e1s, el organismo se sumar\u00e1 a la Campa\u00f1a Internacional El Banco Rojo, en memoria de las v\u00edctimas de violencia de g\u00e9nero, femicidios y transfemicidios.<br \/>\nComo parte de la jornada se presentar\u00e1 la muestra Trabajadoras en Expresi\u00f3n, por lo que la ANSES realiz\u00f3 una convocatoria a nivel nacional para las trabajadoras del organismo; las interesadas enviaron sus expresiones art\u00edsticas en formato digital con el objetivo de generar una imagen \u00fanica que incluya todas las presentaciones seleccionadas.<\/p>\n<p>CRONOGRAMA DE ACTIVIDADES<br \/>\nPresentaci\u00f3n del programa G\u00e9neros y Seguridad Social<br \/>\nLugar: Sede central de la ANSES &#8211; Sal\u00f3n Pochat &#8211; Av. C\u00f3rdoba 720 2\u00b0 Piso.<\/p>\n<p>A las 09.00 hs. se llevar\u00e1 a cabo la apertura a cargo del Director Ejecutivo de la ANSES, Alejandro Vanoli.<br \/>\n09.30 hs. Mesa Debate: G\u00e9neros, Seguridad Social y Cuidados. \u00bfQu\u00e9 implica introducir la perspectiva de g\u00e9nero en la Seguridad Social?<br \/>\nModera: Mar\u00eda Florencia Pacheco, Subdirectora Ejecutiva de Prestaciones de la ANSES.<br \/>\nParticipantes:<br \/>\nFedra Torcisi, trabajadora de la ANSES &#8211; militante feminista e integrante de la Campa\u00f1a Nacional por el Derecho al Aborto Legal, Seguro y Gratuito;<br \/>\nLuc\u00eda Cirmi Ob\u00f3n, Directora Nacional de Pol\u00edticas de Cuidado del Ministerio de las Mujeres, G\u00e9neros y Diversidad de la Naci\u00f3n;<br \/>\nMercedes D\u2019 Alessandro, Directora Nacional de Econom\u00eda y G\u00e9nero del Ministerio de Econom\u00eda de la Naci\u00f3n;<br \/>\nRoxana Mazzola, Directora General de Proyectos de Ni\u00f1ez, Adolescencia, Juventud y G\u00e9nero de la ANSES.<br \/>\nInauguraci\u00f3n de la muestra Trabajadoras en Expresi\u00f3n<br \/>\nLugar: Sede central de la ANSES \u2013 Av. C\u00f3rdoba 720, PB.<br \/>\nHorario: 12.00 <\/p>\n<p>Campa\u00f1a Internacional El Banco Rojo, en memoria de las v\u00edctimas de violencia de g\u00e9nero, femicidios y transfemicidios<\/p>\n<p>Lugar: Unidad de Atenci\u00f3n Integral (UDAI) Pac\u00edfico de la ANSES &#8211; Av. Santa Fe 5140, Ciudad Aut\u00f3noma de Buenos Aires (CABA).<\/p>\n<p>Horario: 14.00<\/p>\n<p>Mesas de Trabajo con Referentas\/es de Centros de Jubiladas\/os y Pensionadas\/os: G\u00e9neros y Seguridad Social<\/p>\n<p>Lugar: Sede central de la ANSES &#8211; Av. C\u00f3rdoba 720, PB.<\/p>\n<p>Horario: 16.00<\/p>\n<p>Presentaci\u00f3n del programa G\u00e9neros y Seguridad Social y de las consignas de trabajo del taller, con la presencia del Director Ejecutivo de la ANSES, Alejandro Vanoli.<\/p>\n<p>Fin de las actividades.<\/p>\n","protected":false},"excerpt":{"rendered":"<p>En el marco del 8M, d\u00eda en el que se conmemora la lucha de las mujeres por la igualdad, el reconocimiento y ejercicio efectivo de sus derechos, el organismo presentar\u00e1 ma\u00f1ana un programa que busca introducir progresivamente la perspectiva de g\u00e9nero en la Seguridad Social.<\/p>\n","protected":false},"author":3,"featured_media":0,"comment_status":"closed","ping_status":"open","sticky":false,"template":"","format":"standard","meta":{"footnotes":""},"categories":[26],"tags":[],"class_list":["post-39126","post","type-post","status-publish","format-standard","hentry","category-sociedad"],"yoast_head":"<!-- This site is optimized with the Yoast SEO plugin v25.9 - https:\/\/yoast.com\/wordpress\/plugins\/seo\/ -->\n<title>&quot;D\u00eda Internacional de la mujer trabajadora&quot; - ANSES presenta el programa G\u00e9neros y Seguridad social. - Noticias Radio Reflejos<\/title>\n<meta name=\"robots\" content=\"index, follow, max-snippet:-1, max-image-preview:large, max-video-preview:-1\" \/>\n<link rel=\"canonical\" href=\"https:\/\/www.noticiasradioreflejos.com.ar\/2021\/dia-internacional-de-la-mujer-trabajadora-anses-presenta-el-programa-generos-y-seguridad-social\/\" \/>\n<meta property=\"og:locale\" content=\"es_ES\" \/>\n<meta property=\"og:type\" content=\"article\" \/>\n<meta property=\"og:title\" content=\"&quot;D\u00eda Internacional de la mujer trabajadora&quot; - ANSES presenta el programa G\u00e9neros y Seguridad social. - Noticias Radio Reflejos\" \/>\n<meta property=\"og:description\" content=\"En el marco del 8M, d\u00eda en el que se conmemora la lucha de las mujeres por la igualdad, el reconocimiento y ejercicio efectivo de sus derechos, el organismo presentar\u00e1 ma\u00f1ana un programa que busca introducir progresivamente la perspectiva de g\u00e9nero en la Seguridad Social.\" \/>\n<meta property=\"og:url\" content=\"https:\/\/www.noticiasradioreflejos.com.ar\/2021\/dia-internacional-de-la-mujer-trabajadora-anses-presenta-el-programa-generos-y-seguridad-social\/\" \/>\n<meta property=\"og:site_name\" content=\"Noticias Radio Reflejos\" \/>\n<meta property=\"article:published_time\" content=\"2020-03-06T11:08:59+00:00\" \/>\n<meta property=\"og:image\" content=\"https:\/\/www.noticiasradioreflejos.com.ar\/2021\/wp-content\/uploads\/2021\/07\/logosol300x200.png\" \/>\n\t<meta property=\"og:image:width\" content=\"300\" \/>\n\t<meta property=\"og:image:height\" content=\"200\" \/>\n\t<meta property=\"og:image:type\" content=\"image\/png\" \/>\n<meta name=\"author\" content=\"Arnaldo Botto\" \/>\n<meta name=\"twitter:card\" content=\"summary_large_image\" \/>\n<script type=\"application\/ld+json\" class=\"yoast-schema-graph\">{\"@context\":\"https:\/\/schema.org\",\"@graph\":[{\"@type\":\"WebPage\",\"@id\":\"https:\/\/www.noticiasradioreflejos.com.ar\/2021\/dia-internacional-de-la-mujer-trabajadora-anses-presenta-el-programa-generos-y-seguridad-social\/\",\"url\":\"https:\/\/www.noticiasradioreflejos.com.ar\/2021\/dia-internacional-de-la-mujer-trabajadora-anses-presenta-el-programa-generos-y-seguridad-social\/\",\"name\":\"\\\"D\u00eda Internacional de la mujer trabajadora\\\" - ANSES presenta el programa G\u00e9neros y Seguridad social. - Noticias Radio Reflejos\",\"isPartOf\":{\"@id\":\"https:\/\/www.noticiasradioreflejos.com.ar\/2021\/#website\"},\"datePublished\":\"2020-03-06T11:08:59+00:00\",\"author\":{\"@id\":\"https:\/\/www.noticiasradioreflejos.com.ar\/2021\/#\/schema\/person\/ad82545263dcc5ec0996818884fd5fb1\"},\"breadcrumb\":{\"@id\":\"https:\/\/www.noticiasradioreflejos.com.ar\/2021\/dia-internacional-de-la-mujer-trabajadora-anses-presenta-el-programa-generos-y-seguridad-social\/#breadcrumb\"},\"inLanguage\":\"es\",\"potentialAction\":[{\"@type\":\"ReadAction\",\"target\":[\"https:\/\/www.noticiasradioreflejos.com.ar\/2021\/dia-internacional-de-la-mujer-trabajadora-anses-presenta-el-programa-generos-y-seguridad-social\/\"]}]},{\"@type\":\"BreadcrumbList\",\"@id\":\"https:\/\/www.noticiasradioreflejos.com.ar\/2021\/dia-internacional-de-la-mujer-trabajadora-anses-presenta-el-programa-generos-y-seguridad-social\/#breadcrumb\",\"itemListElement\":[{\"@type\":\"ListItem\",\"position\":1,\"name\":\"Portada\",\"item\":\"https:\/\/www.noticiasradioreflejos.com.ar\/2021\/\"},{\"@type\":\"ListItem\",\"position\":2,\"name\":\"\u00abD\u00eda Internacional de la mujer trabajadora\u00bb &#8211; ANSES presenta el programa G\u00e9neros y Seguridad social.\"}]},{\"@type\":\"WebSite\",\"@id\":\"https:\/\/www.noticiasradioreflejos.com.ar\/2021\/#website\",\"url\":\"https:\/\/www.noticiasradioreflejos.com.ar\/2021\/\",\"name\":\"Noticias Radio Reflejos\",\"description\":\"Las noticias de mi comarca\",\"potentialAction\":[{\"@type\":\"SearchAction\",\"target\":{\"@type\":\"EntryPoint\",\"urlTemplate\":\"https:\/\/www.noticiasradioreflejos.com.ar\/2021\/?s={search_term_string}\"},\"query-input\":{\"@type\":\"PropertyValueSpecification\",\"valueRequired\":true,\"valueName\":\"search_term_string\"}}],\"inLanguage\":\"es\"},{\"@type\":\"Person\",\"@id\":\"https:\/\/www.noticiasradioreflejos.com.ar\/2021\/#\/schema\/person\/ad82545263dcc5ec0996818884fd5fb1\",\"name\":\"Arnaldo Botto\",\"image\":{\"@type\":\"ImageObject\",\"inLanguage\":\"es\",\"@id\":\"https:\/\/www.noticiasradioreflejos.com.ar\/2021\/#\/schema\/person\/image\/\",\"url\":\"https:\/\/secure.gravatar.com\/avatar\/55cb5e37c1efa326397366e6974cb338056df65cb50e7d64d1cf314e87504837?s=96&d=mm&r=g\",\"contentUrl\":\"https:\/\/secure.gravatar.com\/avatar\/55cb5e37c1efa326397366e6974cb338056df65cb50e7d64d1cf314e87504837?s=96&d=mm&r=g\",\"caption\":\"Arnaldo Botto\"},\"url\":\"https:\/\/www.noticiasradioreflejos.com.ar\/2021\/author\/arnaldo\/\"}]}<\/script>\n<!-- \/ Yoast SEO plugin. -->","yoast_head_json":{"title":"\"D\u00eda Internacional de la mujer trabajadora\" - ANSES presenta el programa G\u00e9neros y Seguridad social. - Noticias Radio Reflejos","robots":{"index":"index","follow":"follow","max-snippet":"max-snippet:-1","max-image-preview":"max-image-preview:large","max-video-preview":"max-video-preview:-1"},"canonical":"https:\/\/www.noticiasradioreflejos.com.ar\/2021\/dia-internacional-de-la-mujer-trabajadora-anses-presenta-el-programa-generos-y-seguridad-social\/","og_locale":"es_ES","og_type":"article","og_title":"\"D\u00eda Internacional de la mujer trabajadora\" - ANSES presenta el programa G\u00e9neros y Seguridad social. - Noticias Radio Reflejos","og_description":"En el marco del 8M, d\u00eda en el que se conmemora la lucha de las mujeres por la igualdad, el reconocimiento y ejercicio efectivo de sus derechos, el organismo presentar\u00e1 ma\u00f1ana un programa que busca introducir progresivamente la perspectiva de g\u00e9nero en la Seguridad Social.","og_url":"https:\/\/www.noticiasradioreflejos.com.ar\/2021\/dia-internacional-de-la-mujer-trabajadora-anses-presenta-el-programa-generos-y-seguridad-social\/","og_site_name":"Noticias Radio Reflejos","article_published_time":"2020-03-06T11:08:59+00:00","og_image":[{"width":300,"height":200,"url":"https:\/\/www.noticiasradioreflejos.com.ar\/2021\/wp-content\/uploads\/2021\/07\/logosol300x200.png","type":"image\/png"}],"author":"Arnaldo Botto","twitter_card":"summary_large_image","schema":{"@context":"https:\/\/schema.org","@graph":[{"@type":"WebPage","@id":"https:\/\/www.noticiasradioreflejos.com.ar\/2021\/dia-internacional-de-la-mujer-trabajadora-anses-presenta-el-programa-generos-y-seguridad-social\/","url":"https:\/\/www.noticiasradioreflejos.com.ar\/2021\/dia-internacional-de-la-mujer-trabajadora-anses-presenta-el-programa-generos-y-seguridad-social\/","name":"\"D\u00eda Internacional de la mujer trabajadora\" - ANSES presenta el programa G\u00e9neros y Seguridad social. - Noticias Radio Reflejos","isPartOf":{"@id":"https:\/\/www.noticiasradioreflejos.com.ar\/2021\/#website"},"datePublished":"2020-03-06T11:08:59+00:00","author":{"@id":"https:\/\/www.noticiasradioreflejos.com.ar\/2021\/#\/schema\/person\/ad82545263dcc5ec0996818884fd5fb1"},"breadcrumb":{"@id":"https:\/\/www.noticiasradioreflejos.com.ar\/2021\/dia-internacional-de-la-mujer-trabajadora-anses-presenta-el-programa-generos-y-seguridad-social\/#breadcrumb"},"inLanguage":"es","potentialAction":[{"@type":"ReadAction","target":["https:\/\/www.noticiasradioreflejos.com.ar\/2021\/dia-internacional-de-la-mujer-trabajadora-anses-presenta-el-programa-generos-y-seguridad-social\/"]}]},{"@type":"BreadcrumbList","@id":"https:\/\/www.noticiasradioreflejos.com.ar\/2021\/dia-internacional-de-la-mujer-trabajadora-anses-presenta-el-programa-generos-y-seguridad-social\/#breadcrumb","itemListElement":[{"@type":"ListItem","position":1,"name":"Portada","item":"https:\/\/www.noticiasradioreflejos.com.ar\/2021\/"},{"@type":"ListItem","position":2,"name":"\u00abD\u00eda Internacional de la mujer trabajadora\u00bb &#8211; ANSES presenta el programa G\u00e9neros y Seguridad social."}]},{"@type":"WebSite","@id":"https:\/\/www.noticiasradioreflejos.com.ar\/2021\/#website","url":"https:\/\/www.noticiasradioreflejos.com.ar\/2021\/","name":"Noticias Radio Reflejos","description":"Las noticias de mi comarca","potentialAction":[{"@type":"SearchAction","target":{"@type":"EntryPoint","urlTemplate":"https:\/\/www.noticiasradioreflejos.com.ar\/2021\/?s={search_term_string}"},"query-input":{"@type":"PropertyValueSpecification","valueRequired":true,"valueName":"search_term_string"}}],"inLanguage":"es"},{"@type":"Person","@id":"https:\/\/www.noticiasradioreflejos.com.ar\/2021\/#\/schema\/person\/ad82545263dcc5ec0996818884fd5fb1","name":"Arnaldo Botto","image":{"@type":"ImageObject","inLanguage":"es","@id":"https:\/\/www.noticiasradioreflejos.com.ar\/2021\/#\/schema\/person\/image\/","url":"https:\/\/secure.gravatar.com\/avatar\/55cb5e37c1efa326397366e6974cb338056df65cb50e7d64d1cf314e87504837?s=96&d=mm&r=g","contentUrl":"https:\/\/secure.gravatar.com\/avatar\/55cb5e37c1efa326397366e6974cb338056df65cb50e7d64d1cf314e87504837?s=96&d=mm&r=g","caption":"Arnaldo Botto"},"url":"https:\/\/www.noticiasradioreflejos.com.ar\/2021\/author\/arnaldo\/"}]}},"_links":{"self":[{"href":"https:\/\/www.noticiasradioreflejos.com.ar\/2021\/wp-json\/wp\/v2\/posts\/39126","targetHints":{"allow":["GET"]}}],"collection":[{"href":"https:\/\/www.noticiasradioreflejos.com.ar\/2021\/wp-json\/wp\/v2\/posts"}],"about":[{"href":"https:\/\/www.noticiasradioreflejos.com.ar\/2021\/wp-json\/wp\/v2\/types\/post"}],"author":[{"embeddable":true,"href":"https:\/\/www.noticiasradioreflejos.com.ar\/2021\/wp-json\/wp\/v2\/users\/3"}],"replies":[{"embeddable":true,"href":"https:\/\/www.noticiasradioreflejos.com.ar\/2021\/wp-json\/wp\/v2\/comments?post=39126"}],"version-history":[{"count":0,"href":"https:\/\/www.noticiasradioreflejos.com.ar\/2021\/wp-json\/wp\/v2\/posts\/39126\/revisions"}],"wp:attachment":[{"href":"https:\/\/www.noticiasradioreflejos.com.ar\/2021\/wp-json\/wp\/v2\/media?parent=39126"}],"wp:term":[{"taxonomy":"category","embeddable":true,"href":"https:\/\/www.noticiasradioreflejos.com.ar\/2021\/wp-json\/wp\/v2\/categories?post=39126"},{"taxonomy":"post_tag","embeddable":true,"href":"https:\/\/www.noticiasradioreflejos.com.ar\/2021\/wp-json\/wp\/v2\/tags?post=39126"}],"curies":[{"name":"wp","href":"https:\/\/api.w.org\/{rel}","templated":true}]}}