{"id":39120,"date":"2020-03-06T08:00:25","date_gmt":"2020-03-06T11:00:25","guid":{"rendered":"http:\/\/www.noticiasradioreflejos.com.ar\/noticias\/?p=39120"},"modified":"2020-03-06T08:00:25","modified_gmt":"2020-03-06T11:00:25","slug":"quienes-tienen-que-garantizar-el-derecho-a-la-educacion-suteba-le-responde-a-bassi-y-a-bordoni","status":"publish","type":"post","link":"https:\/\/www.noticiasradioreflejos.com.ar\/2021\/quienes-tienen-que-garantizar-el-derecho-a-la-educacion-suteba-le-responde-a-bassi-y-a-bordoni\/","title":{"rendered":"\u00bfQuienes tienen que garantizar el derecho a la educaci\u00f3n? Suteba le responde a Bassi y a Bordoni"},"content":{"rendered":"<p>Desde el sindicato de trabajadores de la educaci\u00f3n Suteba Tornquist, repudiamos p\u00fablicamente los dichos del Concejal  Sebasti\u00e1n Bassi y el Intendente de nuestro distrito, Sr. Sergio Bordoni en ocasi\u00f3n de dar inicio a las sesiones legislativas para este a\u00f1o, en la que no escatimaron descalificaciones hacia el sector docente que \u201chace huelgas\u201d, desconociendo derechos largamente conquistados por la ciudadan\u00eda argentina plasmados desde el art\u00edculo 14 bis de la constituci\u00f3n en adelante. Los dichos de ambos funcionarios son ofensivos, y adem\u00e1s irresponsables, contra un sector de trabajadores y trabajadoras que han puesto el cuerpo hist\u00f3ricamente al servicio de la educaci\u00f3n p\u00fablica, y entendemos que deben rectificar p\u00fablicamente sus palabras. <!--more--><\/p>\n<p>Cuando el Sr. Bassi habla de garantizar el derecho a la educaci\u00f3n, nosotros queremos recordarle a \u00e9l, que las expresiones volcadas en medios televisivos, y con pauta estatal, efectuadas por la Sra. Vidal durante su gobernaci\u00f3n, as\u00ed como las de otros funcionarios de la gesti\u00f3n de Cambiemos a nivel nacional (fuerza pol\u00edtica a la que \u00e9l y el Intendente Bordoni representan), han demostrado el profundo desprecio por la educaci\u00f3n p\u00fablica, y su falta total de responsabilidad para con el derecho a la educaci\u00f3n.<\/p>\n<p>Por si hace falta hacer memoria, nos interesa se\u00f1alar que el gobierno de Cambiemos, suspendi\u00f3 la paritaria nacional en el a\u00f1o 2017, vulnerando un derecho constitucional que tiende a la equidad entre las provincias y que pone el acento en la responsabilidad del Estado Nacional de garantizar el derecho a la educaci\u00f3n. Tambi\u00e9n es oportuno mencionar, que la DGCYE durante la gesti\u00f3n de Vidal, jam\u00e1s recibi\u00f3 a los sindicatos docentes en sus oficinas de la Plata, a la cual los sindicatos nucleados en el FUDB acudimos innumerables veces en momentos de elevar consultas y reclamos. Fuimos invariablemente atendidos a puerta cerrada y a trav\u00e9s de un empleado de seguridad, al tiempo que sobraron las persecuciones, difamaciones y amenazas para con nuestros dirigentes sindicales. Nos resulta interesante contrastar esta actitud con la de los funcionarios nacionales y provinciales de la entrante gesti\u00f3n provincial y nacional, y nos alegra saber que el Sr. Intendente Bordoni, ha sido recibido y escuchado en las oficinas y secretar\u00edas relevantes a sus diligencias municipales, y hasta por el mismo gobernador Axel Kicillof, circunstancia que nunca sucedi\u00f3 entre la Sra. Vidal y los sindicatos docentes en los cuatro a\u00f1os de su mandato.<\/p>\n<p>Muy por el contrario, la Sra. Vidal llev\u00f3 adelante una campa\u00f1a medi\u00e1tica dirigida a deslegitimar la tarea docente y a desacreditar sus reclamos. Al tiempo que nunca recibi\u00f3 a los gremios de la educaci\u00f3n, s\u00ed tom\u00f3 medidas que atentan directamente contra el derecho a la educaci\u00f3n: propuso contratar \u201cvoluntarios\u201d para suplantar a los docentes que hicieran paro,  impuls\u00f3 con recursos ministeriales desde la DGCyE una campa\u00f1a de desafiliaci\u00f3n masiva a los sindicatos, entreg\u00f3 premios monetarios a aquellos docentes que no hicieran paro, llev\u00f3 adelante amedrentamientos a directivos y docentes a trav\u00e9s de sumarios,  su gesti\u00f3n intent\u00f3 recortar en un 30% la formaci\u00f3n t\u00e9cnica y agraria, cerr\u00f3 cursos enteros y jardines rurales, dej\u00f3 libre al abandono a much\u00edsimas escuelas en cuestiones de infraestructura, realiz\u00f3 ajustes y recortes presupuestarios en programas educativos, infraestructura y material did\u00e1ctico, redujo las partidas del Servicio Alimentario Escolar (SAE), elimin\u00f3 los programas de coros y orquestas provinciales, con recursos estatales inaugur\u00f3 un 0800 para recibir \u201cdenuncias\u201d a docentes, descont\u00f3 los d\u00edas de paro, a pesar de estar violando un derecho constitucional, persigui\u00f3 a jueces que fallaron a favor de los docentes en sus reclamos, incumpli\u00f3 acuerdos paritarios, dej\u00f3 cesantes a miles de docentes y podr\u00edamos seguir\u2026<\/p>\n<p>A nivel local,  bajo la gesti\u00f3n de su jefa distrital, hemos sido testigo de la proliferaci\u00f3n de restricciones para el ingreso de representantes sindicales a las escuelas en el distrito, vulnerando garant\u00edas del derecho laboral, adem\u00e1s de persecuciones de orden ideol\u00f3gico y pol\u00edtico. En Diciembre de 2016 se present\u00f3 una nota a Jefatura distrital pidiendo la confirmaci\u00f3n del Comit\u00e9 Mixto Distrital  para dar cumplimiento a la Ley N\u00ba 14226 Y Decreto N\u00ba 14\/11 que garantiza y legitima espacios participativos sobre salud y seguridad en el trabajo p\u00fablico, y a pesar de contar con dos especialistas en el distrito, jam\u00e1s se cumpli\u00f3 con lo establecido legalmente, lo que demuestra el poco compromiso con la educaci\u00f3n  p\u00fablica de la gesti\u00f3n de Cambiemos.<\/p>\n<p>Entonces les recordamos al Sr. Bordoni y al Sr, Bassi, que la m\u00e1xima responsabilidad de garantizar el derecho a la educaci\u00f3n no es del sector docente, sino del Estado, que debe proveer a trav\u00e9s de las gestiones de gobierno, que todos los actores sociales involucrados cumplan con su funci\u00f3n dentro de un marco ciudadano de promoci\u00f3n de derechos. El sector docente debe percibir salarios acordes a la tarea y responsabilidad requerida, se debe contar con recursos pedag\u00f3gicos pertinentes, as\u00ed como condiciones de seguridad e higiene adecuadas, que permitan al alumnado aprender, y al plantel docente ense\u00f1ar. Parece que es necesario recordarles al Sr. Bassi y al Sr. Bordoni, que dos trabajadores de la educaci\u00f3n perdieron la vida cumpliendo con su tarea, a pesar de las altamente riesgosas condiciones de seguridad laboral en que se encontraban y que fueron denunciadas a la gesti\u00f3n de la Sra. Vidal, quien nunca atendi\u00f3 estos reclamos, ni tampoco se ocup\u00f3 de hacer alg\u00fan acto reparatorio por lo sucedido. Muy por el contrario, dej\u00f3 sin clases a miles de alumnos y alumnas del distrito de Moreno durante m\u00e1s de dos meses, por no resolver los puntos b\u00e1sicos de seguridad e higiene.<\/p>\n<p>Si el foco est\u00e1 puesto en los \u201ctrastornos\u201d que ocasionan las huelgas docentes a las familias, como expres\u00f3 el Sr. Bassi, entendemos: primero, que una educaci\u00f3n p\u00fablica que responda a un proyecto de pa\u00eds, es lo de menos, lo importante es tener una guarder\u00eda para la infancia. Y segundo, que quienes tienen la responsabilidad de asegurar que las familias no padezcan \u201ctrastornos\u201d es el cuerpo docente, conformado en su gran mayor\u00eda por mujeres, de las cuales much\u00edsimas son madres, y en muchos casos jefas de hogares monoparentales. Por tanto concluimos que, de acuerdo a los dichos del Sr. Bassi, ese sector por dem\u00e1s vulnerable y vulnerado, deber\u00eda ser el encargado de sostener la educaci\u00f3n p\u00fablica, y adem\u00e1s evitar ocasionar \u201ctrastornos\u201d a las familias. Cuando El Sr. Bassi habla de \u201casegurarle el alimento a la gente\u201d \u00bfa qu\u00e9 gente se est\u00e1 refiriendo? Evidentemente no a los trabajadores y trabajadoras de la educaci\u00f3n.<\/p>\n<p>Por \u00faltimo, nos interesa se\u00f1alar, que la devaluaci\u00f3n, la inflaci\u00f3n, el desempleo y el endeudamiento y consiguiente fuga de capitales, a que fue sometida la ciudadan\u00eda argentina incluido el sector docente, en los cuatro a\u00f1os de gesti\u00f3n de Cambiemos, no es una circunstancia escindida de un proyecto pol\u00edtico. De la manera en que es mencionada por el Sr. Bassi y el Sr. Bordoni, la crisis por la que estamos transitando las y los argentinos, parecer\u00eda ser obra de una naturaleza azarosa y despiadada,  y no de un dise\u00f1o intencional.<\/p>\n<p>Suteba Tornquist &#8211; Junta Promotora<\/p>\n","protected":false},"excerpt":{"rendered":"<p>Desde el sindicato de trabajadores de la educaci\u00f3n Suteba Tornquist, repudiamos p\u00fablicamente los dichos del Concejal Sebasti\u00e1n Bassi y el Intendente de nuestro distrito, Sr. Sergio Bordoni en ocasi\u00f3n de dar inicio a las sesiones legislativas para este a\u00f1o, en la que no escatimaron descalificaciones hacia el sector docente que \u201chace huelgas\u201d, desconociendo derechos largamente [&hellip;]<\/p>\n","protected":false},"author":3,"featured_media":2623,"comment_status":"closed","ping_status":"open","sticky":false,"template":"","format":"standard","meta":{"footnotes":""},"categories":[34],"tags":[],"class_list":["post-39120","post","type-post","status-publish","format-standard","has-post-thumbnail","hentry","category-educacion"],"yoast_head":"<!-- This site is optimized with the Yoast SEO plugin v25.9 - https:\/\/yoast.com\/wordpress\/plugins\/seo\/ -->\n<title>\u00bfQuienes tienen que garantizar el derecho a la educaci\u00f3n? Suteba le responde a Bassi y a Bordoni - Noticias Radio Reflejos<\/title>\n<meta name=\"robots\" content=\"index, follow, max-snippet:-1, max-image-preview:large, max-video-preview:-1\" \/>\n<link rel=\"canonical\" href=\"https:\/\/www.noticiasradioreflejos.com.ar\/2021\/quienes-tienen-que-garantizar-el-derecho-a-la-educacion-suteba-le-responde-a-bassi-y-a-bordoni\/\" \/>\n<meta property=\"og:locale\" content=\"es_ES\" \/>\n<meta property=\"og:type\" content=\"article\" \/>\n<meta property=\"og:title\" content=\"\u00bfQuienes tienen que garantizar el derecho a la educaci\u00f3n? Suteba le responde a Bassi y a Bordoni - Noticias Radio Reflejos\" \/>\n<meta property=\"og:description\" content=\"Desde el sindicato de trabajadores de la educaci\u00f3n Suteba Tornquist, repudiamos p\u00fablicamente los dichos del Concejal Sebasti\u00e1n Bassi y el Intendente de nuestro distrito, Sr. Sergio Bordoni en ocasi\u00f3n de dar inicio a las sesiones legislativas para este a\u00f1o, en la que no escatimaron descalificaciones hacia el sector docente que \u201chace huelgas\u201d, desconociendo derechos largamente [&hellip;]\" \/>\n<meta property=\"og:url\" content=\"https:\/\/www.noticiasradioreflejos.com.ar\/2021\/quienes-tienen-que-garantizar-el-derecho-a-la-educacion-suteba-le-responde-a-bassi-y-a-bordoni\/\" \/>\n<meta property=\"og:site_name\" content=\"Noticias Radio Reflejos\" \/>\n<meta property=\"article:published_time\" content=\"2020-03-06T11:00:25+00:00\" \/>\n<meta property=\"og:image\" content=\"https:\/\/www.noticiasradioreflejos.com.ar\/2021\/wp-content\/uploads\/2016\/10\/Suteba-logo-640x360-1.jpg\" \/>\n\t<meta property=\"og:image:width\" content=\"640\" \/>\n\t<meta property=\"og:image:height\" content=\"360\" \/>\n\t<meta property=\"og:image:type\" content=\"image\/jpeg\" \/>\n<meta name=\"author\" content=\"Arnaldo Botto\" \/>\n<meta name=\"twitter:card\" content=\"summary_large_image\" \/>\n<script type=\"application\/ld+json\" class=\"yoast-schema-graph\">{\"@context\":\"https:\/\/schema.org\",\"@graph\":[{\"@type\":\"WebPage\",\"@id\":\"https:\/\/www.noticiasradioreflejos.com.ar\/2021\/quienes-tienen-que-garantizar-el-derecho-a-la-educacion-suteba-le-responde-a-bassi-y-a-bordoni\/\",\"url\":\"https:\/\/www.noticiasradioreflejos.com.ar\/2021\/quienes-tienen-que-garantizar-el-derecho-a-la-educacion-suteba-le-responde-a-bassi-y-a-bordoni\/\",\"name\":\"\u00bfQuienes tienen que garantizar el derecho a la educaci\u00f3n? Suteba le responde a Bassi y a Bordoni - Noticias Radio Reflejos\",\"isPartOf\":{\"@id\":\"https:\/\/www.noticiasradioreflejos.com.ar\/2021\/#website\"},\"primaryImageOfPage\":{\"@id\":\"https:\/\/www.noticiasradioreflejos.com.ar\/2021\/quienes-tienen-que-garantizar-el-derecho-a-la-educacion-suteba-le-responde-a-bassi-y-a-bordoni\/#primaryimage\"},\"image\":{\"@id\":\"https:\/\/www.noticiasradioreflejos.com.ar\/2021\/quienes-tienen-que-garantizar-el-derecho-a-la-educacion-suteba-le-responde-a-bassi-y-a-bordoni\/#primaryimage\"},\"thumbnailUrl\":\"https:\/\/www.noticiasradioreflejos.com.ar\/2021\/wp-content\/uploads\/2016\/10\/Suteba-logo-640x360-1.jpg\",\"datePublished\":\"2020-03-06T11:00:25+00:00\",\"author\":{\"@id\":\"https:\/\/www.noticiasradioreflejos.com.ar\/2021\/#\/schema\/person\/ad82545263dcc5ec0996818884fd5fb1\"},\"breadcrumb\":{\"@id\":\"https:\/\/www.noticiasradioreflejos.com.ar\/2021\/quienes-tienen-que-garantizar-el-derecho-a-la-educacion-suteba-le-responde-a-bassi-y-a-bordoni\/#breadcrumb\"},\"inLanguage\":\"es\",\"potentialAction\":[{\"@type\":\"ReadAction\",\"target\":[\"https:\/\/www.noticiasradioreflejos.com.ar\/2021\/quienes-tienen-que-garantizar-el-derecho-a-la-educacion-suteba-le-responde-a-bassi-y-a-bordoni\/\"]}]},{\"@type\":\"ImageObject\",\"inLanguage\":\"es\",\"@id\":\"https:\/\/www.noticiasradioreflejos.com.ar\/2021\/quienes-tienen-que-garantizar-el-derecho-a-la-educacion-suteba-le-responde-a-bassi-y-a-bordoni\/#primaryimage\",\"url\":\"https:\/\/www.noticiasradioreflejos.com.ar\/2021\/wp-content\/uploads\/2016\/10\/Suteba-logo-640x360-1.jpg\",\"contentUrl\":\"https:\/\/www.noticiasradioreflejos.com.ar\/2021\/wp-content\/uploads\/2016\/10\/Suteba-logo-640x360-1.jpg\",\"width\":640,\"height\":360},{\"@type\":\"BreadcrumbList\",\"@id\":\"https:\/\/www.noticiasradioreflejos.com.ar\/2021\/quienes-tienen-que-garantizar-el-derecho-a-la-educacion-suteba-le-responde-a-bassi-y-a-bordoni\/#breadcrumb\",\"itemListElement\":[{\"@type\":\"ListItem\",\"position\":1,\"name\":\"Portada\",\"item\":\"https:\/\/www.noticiasradioreflejos.com.ar\/2021\/\"},{\"@type\":\"ListItem\",\"position\":2,\"name\":\"\u00bfQuienes tienen que garantizar el derecho a la educaci\u00f3n? Suteba le responde a Bassi y a Bordoni\"}]},{\"@type\":\"WebSite\",\"@id\":\"https:\/\/www.noticiasradioreflejos.com.ar\/2021\/#website\",\"url\":\"https:\/\/www.noticiasradioreflejos.com.ar\/2021\/\",\"name\":\"Noticias Radio Reflejos\",\"description\":\"Las noticias de mi comarca\",\"potentialAction\":[{\"@type\":\"SearchAction\",\"target\":{\"@type\":\"EntryPoint\",\"urlTemplate\":\"https:\/\/www.noticiasradioreflejos.com.ar\/2021\/?s={search_term_string}\"},\"query-input\":{\"@type\":\"PropertyValueSpecification\",\"valueRequired\":true,\"valueName\":\"search_term_string\"}}],\"inLanguage\":\"es\"},{\"@type\":\"Person\",\"@id\":\"https:\/\/www.noticiasradioreflejos.com.ar\/2021\/#\/schema\/person\/ad82545263dcc5ec0996818884fd5fb1\",\"name\":\"Arnaldo Botto\",\"image\":{\"@type\":\"ImageObject\",\"inLanguage\":\"es\",\"@id\":\"https:\/\/www.noticiasradioreflejos.com.ar\/2021\/#\/schema\/person\/image\/\",\"url\":\"https:\/\/secure.gravatar.com\/avatar\/55cb5e37c1efa326397366e6974cb338056df65cb50e7d64d1cf314e87504837?s=96&d=mm&r=g\",\"contentUrl\":\"https:\/\/secure.gravatar.com\/avatar\/55cb5e37c1efa326397366e6974cb338056df65cb50e7d64d1cf314e87504837?s=96&d=mm&r=g\",\"caption\":\"Arnaldo Botto\"},\"url\":\"https:\/\/www.noticiasradioreflejos.com.ar\/2021\/author\/arnaldo\/\"}]}<\/script>\n<!-- \/ Yoast SEO plugin. -->","yoast_head_json":{"title":"\u00bfQuienes tienen que garantizar el derecho a la educaci\u00f3n? Suteba le responde a Bassi y a Bordoni - Noticias Radio Reflejos","robots":{"index":"index","follow":"follow","max-snippet":"max-snippet:-1","max-image-preview":"max-image-preview:large","max-video-preview":"max-video-preview:-1"},"canonical":"https:\/\/www.noticiasradioreflejos.com.ar\/2021\/quienes-tienen-que-garantizar-el-derecho-a-la-educacion-suteba-le-responde-a-bassi-y-a-bordoni\/","og_locale":"es_ES","og_type":"article","og_title":"\u00bfQuienes tienen que garantizar el derecho a la educaci\u00f3n? Suteba le responde a Bassi y a Bordoni - Noticias Radio Reflejos","og_description":"Desde el sindicato de trabajadores de la educaci\u00f3n Suteba Tornquist, repudiamos p\u00fablicamente los dichos del Concejal Sebasti\u00e1n Bassi y el Intendente de nuestro distrito, Sr. Sergio Bordoni en ocasi\u00f3n de dar inicio a las sesiones legislativas para este a\u00f1o, en la que no escatimaron descalificaciones hacia el sector docente que \u201chace huelgas\u201d, desconociendo derechos largamente [&hellip;]","og_url":"https:\/\/www.noticiasradioreflejos.com.ar\/2021\/quienes-tienen-que-garantizar-el-derecho-a-la-educacion-suteba-le-responde-a-bassi-y-a-bordoni\/","og_site_name":"Noticias Radio Reflejos","article_published_time":"2020-03-06T11:00:25+00:00","og_image":[{"width":640,"height":360,"url":"https:\/\/www.noticiasradioreflejos.com.ar\/2021\/wp-content\/uploads\/2016\/10\/Suteba-logo-640x360-1.jpg","type":"image\/jpeg"}],"author":"Arnaldo Botto","twitter_card":"summary_large_image","schema":{"@context":"https:\/\/schema.org","@graph":[{"@type":"WebPage","@id":"https:\/\/www.noticiasradioreflejos.com.ar\/2021\/quienes-tienen-que-garantizar-el-derecho-a-la-educacion-suteba-le-responde-a-bassi-y-a-bordoni\/","url":"https:\/\/www.noticiasradioreflejos.com.ar\/2021\/quienes-tienen-que-garantizar-el-derecho-a-la-educacion-suteba-le-responde-a-bassi-y-a-bordoni\/","name":"\u00bfQuienes tienen que garantizar el derecho a la educaci\u00f3n? Suteba le responde a Bassi y a Bordoni - Noticias Radio Reflejos","isPartOf":{"@id":"https:\/\/www.noticiasradioreflejos.com.ar\/2021\/#website"},"primaryImageOfPage":{"@id":"https:\/\/www.noticiasradioreflejos.com.ar\/2021\/quienes-tienen-que-garantizar-el-derecho-a-la-educacion-suteba-le-responde-a-bassi-y-a-bordoni\/#primaryimage"},"image":{"@id":"https:\/\/www.noticiasradioreflejos.com.ar\/2021\/quienes-tienen-que-garantizar-el-derecho-a-la-educacion-suteba-le-responde-a-bassi-y-a-bordoni\/#primaryimage"},"thumbnailUrl":"https:\/\/www.noticiasradioreflejos.com.ar\/2021\/wp-content\/uploads\/2016\/10\/Suteba-logo-640x360-1.jpg","datePublished":"2020-03-06T11:00:25+00:00","author":{"@id":"https:\/\/www.noticiasradioreflejos.com.ar\/2021\/#\/schema\/person\/ad82545263dcc5ec0996818884fd5fb1"},"breadcrumb":{"@id":"https:\/\/www.noticiasradioreflejos.com.ar\/2021\/quienes-tienen-que-garantizar-el-derecho-a-la-educacion-suteba-le-responde-a-bassi-y-a-bordoni\/#breadcrumb"},"inLanguage":"es","potentialAction":[{"@type":"ReadAction","target":["https:\/\/www.noticiasradioreflejos.com.ar\/2021\/quienes-tienen-que-garantizar-el-derecho-a-la-educacion-suteba-le-responde-a-bassi-y-a-bordoni\/"]}]},{"@type":"ImageObject","inLanguage":"es","@id":"https:\/\/www.noticiasradioreflejos.com.ar\/2021\/quienes-tienen-que-garantizar-el-derecho-a-la-educacion-suteba-le-responde-a-bassi-y-a-bordoni\/#primaryimage","url":"https:\/\/www.noticiasradioreflejos.com.ar\/2021\/wp-content\/uploads\/2016\/10\/Suteba-logo-640x360-1.jpg","contentUrl":"https:\/\/www.noticiasradioreflejos.com.ar\/2021\/wp-content\/uploads\/2016\/10\/Suteba-logo-640x360-1.jpg","width":640,"height":360},{"@type":"BreadcrumbList","@id":"https:\/\/www.noticiasradioreflejos.com.ar\/2021\/quienes-tienen-que-garantizar-el-derecho-a-la-educacion-suteba-le-responde-a-bassi-y-a-bordoni\/#breadcrumb","itemListElement":[{"@type":"ListItem","position":1,"name":"Portada","item":"https:\/\/www.noticiasradioreflejos.com.ar\/2021\/"},{"@type":"ListItem","position":2,"name":"\u00bfQuienes tienen que garantizar el derecho a la educaci\u00f3n? Suteba le responde a Bassi y a Bordoni"}]},{"@type":"WebSite","@id":"https:\/\/www.noticiasradioreflejos.com.ar\/2021\/#website","url":"https:\/\/www.noticiasradioreflejos.com.ar\/2021\/","name":"Noticias Radio Reflejos","description":"Las noticias de mi comarca","potentialAction":[{"@type":"SearchAction","target":{"@type":"EntryPoint","urlTemplate":"https:\/\/www.noticiasradioreflejos.com.ar\/2021\/?s={search_term_string}"},"query-input":{"@type":"PropertyValueSpecification","valueRequired":true,"valueName":"search_term_string"}}],"inLanguage":"es"},{"@type":"Person","@id":"https:\/\/www.noticiasradioreflejos.com.ar\/2021\/#\/schema\/person\/ad82545263dcc5ec0996818884fd5fb1","name":"Arnaldo Botto","image":{"@type":"ImageObject","inLanguage":"es","@id":"https:\/\/www.noticiasradioreflejos.com.ar\/2021\/#\/schema\/person\/image\/","url":"https:\/\/secure.gravatar.com\/avatar\/55cb5e37c1efa326397366e6974cb338056df65cb50e7d64d1cf314e87504837?s=96&d=mm&r=g","contentUrl":"https:\/\/secure.gravatar.com\/avatar\/55cb5e37c1efa326397366e6974cb338056df65cb50e7d64d1cf314e87504837?s=96&d=mm&r=g","caption":"Arnaldo Botto"},"url":"https:\/\/www.noticiasradioreflejos.com.ar\/2021\/author\/arnaldo\/"}]}},"_links":{"self":[{"href":"https:\/\/www.noticiasradioreflejos.com.ar\/2021\/wp-json\/wp\/v2\/posts\/39120","targetHints":{"allow":["GET"]}}],"collection":[{"href":"https:\/\/www.noticiasradioreflejos.com.ar\/2021\/wp-json\/wp\/v2\/posts"}],"about":[{"href":"https:\/\/www.noticiasradioreflejos.com.ar\/2021\/wp-json\/wp\/v2\/types\/post"}],"author":[{"embeddable":true,"href":"https:\/\/www.noticiasradioreflejos.com.ar\/2021\/wp-json\/wp\/v2\/users\/3"}],"replies":[{"embeddable":true,"href":"https:\/\/www.noticiasradioreflejos.com.ar\/2021\/wp-json\/wp\/v2\/comments?post=39120"}],"version-history":[{"count":0,"href":"https:\/\/www.noticiasradioreflejos.com.ar\/2021\/wp-json\/wp\/v2\/posts\/39120\/revisions"}],"wp:featuredmedia":[{"embeddable":true,"href":"https:\/\/www.noticiasradioreflejos.com.ar\/2021\/wp-json\/wp\/v2\/media\/2623"}],"wp:attachment":[{"href":"https:\/\/www.noticiasradioreflejos.com.ar\/2021\/wp-json\/wp\/v2\/media?parent=39120"}],"wp:term":[{"taxonomy":"category","embeddable":true,"href":"https:\/\/www.noticiasradioreflejos.com.ar\/2021\/wp-json\/wp\/v2\/categories?post=39120"},{"taxonomy":"post_tag","embeddable":true,"href":"https:\/\/www.noticiasradioreflejos.com.ar\/2021\/wp-json\/wp\/v2\/tags?post=39120"}],"curies":[{"name":"wp","href":"https:\/\/api.w.org\/{rel}","templated":true}]}}