{"id":39116,"date":"2020-03-05T16:19:52","date_gmt":"2020-03-05T19:19:52","guid":{"rendered":"http:\/\/www.noticiasradioreflejos.com.ar\/noticias\/?p=39116"},"modified":"2020-03-05T16:19:52","modified_gmt":"2020-03-05T19:19:52","slug":"gustavo-sandoval-asumira-la-subsecretaria-de-turismo","status":"publish","type":"post","link":"https:\/\/www.noticiasradioreflejos.com.ar\/2021\/gustavo-sandoval-asumira-la-subsecretaria-de-turismo\/","title":{"rendered":"Gustavo Sandobal asumir\u00e1 la Subsecretaria de Turismo."},"content":{"rendered":"<p>En horas del mediod\u00eda, el intendente municipal Sergio Bordoni present\u00f3 a Gustavo Sandobal, quien asumir\u00e1 la Subsecretaria de Turismo y acompa\u00f1ar\u00e1 a Susana Dos Santos en este nuevo periodo. <!--more--><\/p>\n<p>Mediante una conferencia de prensa, Bordoni inform\u00f3 que a partir del pr\u00f3ximo lunes 9 de marzo, Sandoval entrar\u00e1 en funciones y comenzar\u00e1 a poner su impronta en la cartera de turismo.<br \/>\nPor otro lado agradeci\u00f3 a Mart\u00edn Olhaberry, por los a\u00f1os compartidos y le augur\u00f3 una buena gesti\u00f3n al nuevo funcionario.<br \/>\nPor su parte Dos Santos,  destac\u00f3 que Gustavo aportar\u00e1 una mirada absolutamente fundamental para continuar desarrollando el potencial tur\u00edstico del distrito, por su cercan\u00eda y contacto directo con el turista y sus conocimientos del sector.<br \/>\nGustavo Sandobal es Gu\u00eda Universitario de Turismo, recibido en la Universidad Nacional del Sur, y actualmente se desempe\u00f1a en el Parque Provincial E. Tornquist. Adem\u00e1s es Coordinador del curso de habilitaci\u00f3n de gu\u00edas municipal. Cuenta con mas de 20 a\u00f1os de experiencia en atenci\u00f3n a turistas dentro de nuestra comarca.  <\/p>\n","protected":false},"excerpt":{"rendered":"<p>En horas del mediod\u00eda, el intendente municipal Sergio Bordoni present\u00f3 a Gustavo Sandobal, quien asumir\u00e1 la Subsecretaria de Turismo y acompa\u00f1ar\u00e1 a Susana Dos Santos en este nuevo periodo.<\/p>\n","protected":false},"author":3,"featured_media":0,"comment_status":"closed","ping_status":"open","sticky":false,"template":"","format":"standard","meta":{"footnotes":""},"categories":[28],"tags":[],"class_list":["post-39116","post","type-post","status-publish","format-standard","hentry","category-municipales"],"yoast_head":"<!-- This site is optimized with the Yoast SEO plugin v25.9 - https:\/\/yoast.com\/wordpress\/plugins\/seo\/ -->\n<title>Gustavo Sandobal asumir\u00e1 la Subsecretaria de Turismo. - Noticias Radio Reflejos<\/title>\n<meta name=\"robots\" content=\"index, follow, max-snippet:-1, max-image-preview:large, max-video-preview:-1\" \/>\n<link rel=\"canonical\" href=\"https:\/\/www.noticiasradioreflejos.com.ar\/2021\/gustavo-sandoval-asumira-la-subsecretaria-de-turismo\/\" \/>\n<meta property=\"og:locale\" content=\"es_ES\" \/>\n<meta property=\"og:type\" content=\"article\" \/>\n<meta property=\"og:title\" content=\"Gustavo Sandobal asumir\u00e1 la Subsecretaria de Turismo. - Noticias Radio Reflejos\" \/>\n<meta property=\"og:description\" content=\"En horas del mediod\u00eda, el intendente municipal Sergio Bordoni present\u00f3 a Gustavo Sandobal, quien asumir\u00e1 la Subsecretaria de Turismo y acompa\u00f1ar\u00e1 a Susana Dos Santos en este nuevo periodo.\" \/>\n<meta property=\"og:url\" content=\"https:\/\/www.noticiasradioreflejos.com.ar\/2021\/gustavo-sandoval-asumira-la-subsecretaria-de-turismo\/\" \/>\n<meta property=\"og:site_name\" content=\"Noticias Radio Reflejos\" \/>\n<meta property=\"article:published_time\" content=\"2020-03-05T19:19:52+00:00\" \/>\n<meta property=\"og:image\" content=\"https:\/\/www.noticiasradioreflejos.com.ar\/2021\/wp-content\/uploads\/2021\/07\/logosol300x200.png\" \/>\n\t<meta property=\"og:image:width\" content=\"300\" \/>\n\t<meta property=\"og:image:height\" content=\"200\" \/>\n\t<meta property=\"og:image:type\" content=\"image\/png\" \/>\n<meta name=\"author\" content=\"Arnaldo Botto\" \/>\n<meta name=\"twitter:card\" content=\"summary_large_image\" \/>\n<script type=\"application\/ld+json\" class=\"yoast-schema-graph\">{\"@context\":\"https:\/\/schema.org\",\"@graph\":[{\"@type\":\"WebPage\",\"@id\":\"https:\/\/www.noticiasradioreflejos.com.ar\/2021\/gustavo-sandoval-asumira-la-subsecretaria-de-turismo\/\",\"url\":\"https:\/\/www.noticiasradioreflejos.com.ar\/2021\/gustavo-sandoval-asumira-la-subsecretaria-de-turismo\/\",\"name\":\"Gustavo Sandobal asumir\u00e1 la Subsecretaria de Turismo. - Noticias Radio Reflejos\",\"isPartOf\":{\"@id\":\"https:\/\/www.noticiasradioreflejos.com.ar\/2021\/#website\"},\"datePublished\":\"2020-03-05T19:19:52+00:00\",\"author\":{\"@id\":\"https:\/\/www.noticiasradioreflejos.com.ar\/2021\/#\/schema\/person\/ad82545263dcc5ec0996818884fd5fb1\"},\"breadcrumb\":{\"@id\":\"https:\/\/www.noticiasradioreflejos.com.ar\/2021\/gustavo-sandoval-asumira-la-subsecretaria-de-turismo\/#breadcrumb\"},\"inLanguage\":\"es\",\"potentialAction\":[{\"@type\":\"ReadAction\",\"target\":[\"https:\/\/www.noticiasradioreflejos.com.ar\/2021\/gustavo-sandoval-asumira-la-subsecretaria-de-turismo\/\"]}]},{\"@type\":\"BreadcrumbList\",\"@id\":\"https:\/\/www.noticiasradioreflejos.com.ar\/2021\/gustavo-sandoval-asumira-la-subsecretaria-de-turismo\/#breadcrumb\",\"itemListElement\":[{\"@type\":\"ListItem\",\"position\":1,\"name\":\"Portada\",\"item\":\"https:\/\/www.noticiasradioreflejos.com.ar\/2021\/\"},{\"@type\":\"ListItem\",\"position\":2,\"name\":\"Gustavo Sandobal asumir\u00e1 la Subsecretaria de Turismo.\"}]},{\"@type\":\"WebSite\",\"@id\":\"https:\/\/www.noticiasradioreflejos.com.ar\/2021\/#website\",\"url\":\"https:\/\/www.noticiasradioreflejos.com.ar\/2021\/\",\"name\":\"Noticias Radio Reflejos\",\"description\":\"Las noticias de mi comarca\",\"potentialAction\":[{\"@type\":\"SearchAction\",\"target\":{\"@type\":\"EntryPoint\",\"urlTemplate\":\"https:\/\/www.noticiasradioreflejos.com.ar\/2021\/?s={search_term_string}\"},\"query-input\":{\"@type\":\"PropertyValueSpecification\",\"valueRequired\":true,\"valueName\":\"search_term_string\"}}],\"inLanguage\":\"es\"},{\"@type\":\"Person\",\"@id\":\"https:\/\/www.noticiasradioreflejos.com.ar\/2021\/#\/schema\/person\/ad82545263dcc5ec0996818884fd5fb1\",\"name\":\"Arnaldo Botto\",\"image\":{\"@type\":\"ImageObject\",\"inLanguage\":\"es\",\"@id\":\"https:\/\/www.noticiasradioreflejos.com.ar\/2021\/#\/schema\/person\/image\/\",\"url\":\"https:\/\/secure.gravatar.com\/avatar\/55cb5e37c1efa326397366e6974cb338056df65cb50e7d64d1cf314e87504837?s=96&d=mm&r=g\",\"contentUrl\":\"https:\/\/secure.gravatar.com\/avatar\/55cb5e37c1efa326397366e6974cb338056df65cb50e7d64d1cf314e87504837?s=96&d=mm&r=g\",\"caption\":\"Arnaldo Botto\"},\"url\":\"https:\/\/www.noticiasradioreflejos.com.ar\/2021\/author\/arnaldo\/\"}]}<\/script>\n<!-- \/ Yoast SEO plugin. -->","yoast_head_json":{"title":"Gustavo Sandobal asumir\u00e1 la Subsecretaria de Turismo. - Noticias Radio Reflejos","robots":{"index":"index","follow":"follow","max-snippet":"max-snippet:-1","max-image-preview":"max-image-preview:large","max-video-preview":"max-video-preview:-1"},"canonical":"https:\/\/www.noticiasradioreflejos.com.ar\/2021\/gustavo-sandoval-asumira-la-subsecretaria-de-turismo\/","og_locale":"es_ES","og_type":"article","og_title":"Gustavo Sandobal asumir\u00e1 la Subsecretaria de Turismo. - Noticias Radio Reflejos","og_description":"En horas del mediod\u00eda, el intendente municipal Sergio Bordoni present\u00f3 a Gustavo Sandobal, quien asumir\u00e1 la Subsecretaria de Turismo y acompa\u00f1ar\u00e1 a Susana Dos Santos en este nuevo periodo.","og_url":"https:\/\/www.noticiasradioreflejos.com.ar\/2021\/gustavo-sandoval-asumira-la-subsecretaria-de-turismo\/","og_site_name":"Noticias Radio Reflejos","article_published_time":"2020-03-05T19:19:52+00:00","og_image":[{"width":300,"height":200,"url":"https:\/\/www.noticiasradioreflejos.com.ar\/2021\/wp-content\/uploads\/2021\/07\/logosol300x200.png","type":"image\/png"}],"author":"Arnaldo Botto","twitter_card":"summary_large_image","schema":{"@context":"https:\/\/schema.org","@graph":[{"@type":"WebPage","@id":"https:\/\/www.noticiasradioreflejos.com.ar\/2021\/gustavo-sandoval-asumira-la-subsecretaria-de-turismo\/","url":"https:\/\/www.noticiasradioreflejos.com.ar\/2021\/gustavo-sandoval-asumira-la-subsecretaria-de-turismo\/","name":"Gustavo Sandobal asumir\u00e1 la Subsecretaria de Turismo. - Noticias Radio Reflejos","isPartOf":{"@id":"https:\/\/www.noticiasradioreflejos.com.ar\/2021\/#website"},"datePublished":"2020-03-05T19:19:52+00:00","author":{"@id":"https:\/\/www.noticiasradioreflejos.com.ar\/2021\/#\/schema\/person\/ad82545263dcc5ec0996818884fd5fb1"},"breadcrumb":{"@id":"https:\/\/www.noticiasradioreflejos.com.ar\/2021\/gustavo-sandoval-asumira-la-subsecretaria-de-turismo\/#breadcrumb"},"inLanguage":"es","potentialAction":[{"@type":"ReadAction","target":["https:\/\/www.noticiasradioreflejos.com.ar\/2021\/gustavo-sandoval-asumira-la-subsecretaria-de-turismo\/"]}]},{"@type":"BreadcrumbList","@id":"https:\/\/www.noticiasradioreflejos.com.ar\/2021\/gustavo-sandoval-asumira-la-subsecretaria-de-turismo\/#breadcrumb","itemListElement":[{"@type":"ListItem","position":1,"name":"Portada","item":"https:\/\/www.noticiasradioreflejos.com.ar\/2021\/"},{"@type":"ListItem","position":2,"name":"Gustavo Sandobal asumir\u00e1 la Subsecretaria de Turismo."}]},{"@type":"WebSite","@id":"https:\/\/www.noticiasradioreflejos.com.ar\/2021\/#website","url":"https:\/\/www.noticiasradioreflejos.com.ar\/2021\/","name":"Noticias Radio Reflejos","description":"Las noticias de mi comarca","potentialAction":[{"@type":"SearchAction","target":{"@type":"EntryPoint","urlTemplate":"https:\/\/www.noticiasradioreflejos.com.ar\/2021\/?s={search_term_string}"},"query-input":{"@type":"PropertyValueSpecification","valueRequired":true,"valueName":"search_term_string"}}],"inLanguage":"es"},{"@type":"Person","@id":"https:\/\/www.noticiasradioreflejos.com.ar\/2021\/#\/schema\/person\/ad82545263dcc5ec0996818884fd5fb1","name":"Arnaldo Botto","image":{"@type":"ImageObject","inLanguage":"es","@id":"https:\/\/www.noticiasradioreflejos.com.ar\/2021\/#\/schema\/person\/image\/","url":"https:\/\/secure.gravatar.com\/avatar\/55cb5e37c1efa326397366e6974cb338056df65cb50e7d64d1cf314e87504837?s=96&d=mm&r=g","contentUrl":"https:\/\/secure.gravatar.com\/avatar\/55cb5e37c1efa326397366e6974cb338056df65cb50e7d64d1cf314e87504837?s=96&d=mm&r=g","caption":"Arnaldo Botto"},"url":"https:\/\/www.noticiasradioreflejos.com.ar\/2021\/author\/arnaldo\/"}]}},"_links":{"self":[{"href":"https:\/\/www.noticiasradioreflejos.com.ar\/2021\/wp-json\/wp\/v2\/posts\/39116","targetHints":{"allow":["GET"]}}],"collection":[{"href":"https:\/\/www.noticiasradioreflejos.com.ar\/2021\/wp-json\/wp\/v2\/posts"}],"about":[{"href":"https:\/\/www.noticiasradioreflejos.com.ar\/2021\/wp-json\/wp\/v2\/types\/post"}],"author":[{"embeddable":true,"href":"https:\/\/www.noticiasradioreflejos.com.ar\/2021\/wp-json\/wp\/v2\/users\/3"}],"replies":[{"embeddable":true,"href":"https:\/\/www.noticiasradioreflejos.com.ar\/2021\/wp-json\/wp\/v2\/comments?post=39116"}],"version-history":[{"count":0,"href":"https:\/\/www.noticiasradioreflejos.com.ar\/2021\/wp-json\/wp\/v2\/posts\/39116\/revisions"}],"wp:attachment":[{"href":"https:\/\/www.noticiasradioreflejos.com.ar\/2021\/wp-json\/wp\/v2\/media?parent=39116"}],"wp:term":[{"taxonomy":"category","embeddable":true,"href":"https:\/\/www.noticiasradioreflejos.com.ar\/2021\/wp-json\/wp\/v2\/categories?post=39116"},{"taxonomy":"post_tag","embeddable":true,"href":"https:\/\/www.noticiasradioreflejos.com.ar\/2021\/wp-json\/wp\/v2\/tags?post=39116"}],"curies":[{"name":"wp","href":"https:\/\/api.w.org\/{rel}","templated":true}]}}