{"id":39089,"date":"2020-03-05T09:01:23","date_gmt":"2020-03-05T12:01:23","guid":{"rendered":"http:\/\/www.noticiasradioreflejos.com.ar\/noticias\/?p=39089"},"modified":"2020-03-05T09:01:23","modified_gmt":"2020-03-05T12:01:23","slug":"salida-de-bomberos-3","status":"publish","type":"post","link":"https:\/\/www.noticiasradioreflejos.com.ar\/2021\/salida-de-bomberos-3\/","title":{"rendered":"Salida de bomberos"},"content":{"rendered":"<p><a href=\"http:\/\/live.staticflickr.com\/65535\/49622093952_5d93f2371f_s.jpg\" title=\"WhatsApp Image 2020-03-05 at 08.56.44\" rel=\"\"><img loading=\"lazy\" decoding=\"async\" src=\"http:\/\/live.staticflickr.com\/65535\/49622093952_5d93f2371f.jpg\" width=\"500\" height=\"281\" alt=\"WhatsApp Image 2020-03-05 at 08.56.44\" title=\"WhatsApp Image 2020-03-05 at 08.56.44\" class=\"alignleft\" style=\"float: left;\"><\/a>Siendo la hora 8.40, toque de sirena para acudir a operativo de seguridad en la ruta 72, acceso a Sierra de la Ventana desde Saldungaray, donde un cami\u00f3n que transporta ox\u00edgeno l\u00edquido se detiene en la banquina por tener p\u00e9rdida de fluido.<br \/>\nSe cort\u00f3 la ruta por unos minutos  y luego de constatar que se pudo detener la p\u00e9rdida, el veh\u00edculo de carga continu\u00f3 su viaje.<br \/>\n<a href=\"http:\/\/live.staticflickr.com\/65535\/49621309683_1f400f3fa5_s.jpg\" title=\"WhatsApp Image 2020-03-05 at 08.56.44 (1)\" rel=\"\"><img loading=\"lazy\" decoding=\"async\" src=\"http:\/\/live.staticflickr.com\/65535\/49621309683_1f400f3fa5_z.jpg\" width=\"640\" height=\"459\" alt=\"WhatsApp Image 2020-03-05 at 08.56.44 (1)\" title=\"WhatsApp Image 2020-03-05 at 08.56.44 (1)\" class=\"aligncenter\"><\/a><\/p>\n","protected":false},"excerpt":{"rendered":"<p>Siendo la hora 8.40, toque de sirena para acudir a operativo de seguridad en la ruta 72, acceso a Sierra de la Ventana desde Saldungaray, donde un cami\u00f3n que transporta ox\u00edgeno l\u00edquido se detiene en la banquina por tener p\u00e9rdida de fluido. Se cort\u00f3 la ruta por unos minutos y luego de constatar que se [&hellip;]<\/p>\n","protected":false},"author":3,"featured_media":0,"comment_status":"closed","ping_status":"open","sticky":false,"template":"","format":"standard","meta":{"footnotes":""},"categories":[29],"tags":[],"class_list":["post-39089","post","type-post","status-publish","format-standard","hentry","category-policiales"],"yoast_head":"<!-- This site is optimized with the Yoast SEO plugin v25.9 - https:\/\/yoast.com\/wordpress\/plugins\/seo\/ -->\n<title>Salida de bomberos - Noticias Radio Reflejos<\/title>\n<meta name=\"robots\" content=\"index, follow, max-snippet:-1, max-image-preview:large, max-video-preview:-1\" \/>\n<link rel=\"canonical\" href=\"https:\/\/www.noticiasradioreflejos.com.ar\/2021\/salida-de-bomberos-3\/\" \/>\n<meta property=\"og:locale\" content=\"es_ES\" \/>\n<meta property=\"og:type\" content=\"article\" \/>\n<meta property=\"og:title\" content=\"Salida de bomberos - Noticias Radio Reflejos\" \/>\n<meta property=\"og:description\" content=\"Siendo la hora 8.40, toque de sirena para acudir a operativo de seguridad en la ruta 72, acceso a Sierra de la Ventana desde Saldungaray, donde un cami\u00f3n que transporta ox\u00edgeno l\u00edquido se detiene en la banquina por tener p\u00e9rdida de fluido. Se cort\u00f3 la ruta por unos minutos y luego de constatar que se [&hellip;]\" \/>\n<meta property=\"og:url\" content=\"https:\/\/www.noticiasradioreflejos.com.ar\/2021\/salida-de-bomberos-3\/\" \/>\n<meta property=\"og:site_name\" content=\"Noticias Radio Reflejos\" \/>\n<meta property=\"article:published_time\" content=\"2020-03-05T12:01:23+00:00\" \/>\n<meta property=\"og:image\" content=\"http:\/\/live.staticflickr.com\/65535\/49622093952_5d93f2371f.jpg\" \/>\n<meta name=\"author\" content=\"Arnaldo Botto\" \/>\n<meta name=\"twitter:card\" content=\"summary_large_image\" \/>\n<script type=\"application\/ld+json\" class=\"yoast-schema-graph\">{\"@context\":\"https:\/\/schema.org\",\"@graph\":[{\"@type\":\"WebPage\",\"@id\":\"https:\/\/www.noticiasradioreflejos.com.ar\/2021\/salida-de-bomberos-3\/\",\"url\":\"https:\/\/www.noticiasradioreflejos.com.ar\/2021\/salida-de-bomberos-3\/\",\"name\":\"Salida de bomberos - Noticias Radio Reflejos\",\"isPartOf\":{\"@id\":\"https:\/\/www.noticiasradioreflejos.com.ar\/2021\/#website\"},\"primaryImageOfPage\":{\"@id\":\"https:\/\/www.noticiasradioreflejos.com.ar\/2021\/salida-de-bomberos-3\/#primaryimage\"},\"image\":{\"@id\":\"https:\/\/www.noticiasradioreflejos.com.ar\/2021\/salida-de-bomberos-3\/#primaryimage\"},\"thumbnailUrl\":\"http:\/\/live.staticflickr.com\/65535\/49622093952_5d93f2371f.jpg\",\"datePublished\":\"2020-03-05T12:01:23+00:00\",\"author\":{\"@id\":\"https:\/\/www.noticiasradioreflejos.com.ar\/2021\/#\/schema\/person\/ad82545263dcc5ec0996818884fd5fb1\"},\"breadcrumb\":{\"@id\":\"https:\/\/www.noticiasradioreflejos.com.ar\/2021\/salida-de-bomberos-3\/#breadcrumb\"},\"inLanguage\":\"es\",\"potentialAction\":[{\"@type\":\"ReadAction\",\"target\":[\"https:\/\/www.noticiasradioreflejos.com.ar\/2021\/salida-de-bomberos-3\/\"]}]},{\"@type\":\"ImageObject\",\"inLanguage\":\"es\",\"@id\":\"https:\/\/www.noticiasradioreflejos.com.ar\/2021\/salida-de-bomberos-3\/#primaryimage\",\"url\":\"http:\/\/live.staticflickr.com\/65535\/49622093952_5d93f2371f.jpg\",\"contentUrl\":\"http:\/\/live.staticflickr.com\/65535\/49622093952_5d93f2371f.jpg\"},{\"@type\":\"BreadcrumbList\",\"@id\":\"https:\/\/www.noticiasradioreflejos.com.ar\/2021\/salida-de-bomberos-3\/#breadcrumb\",\"itemListElement\":[{\"@type\":\"ListItem\",\"position\":1,\"name\":\"Portada\",\"item\":\"https:\/\/www.noticiasradioreflejos.com.ar\/2021\/\"},{\"@type\":\"ListItem\",\"position\":2,\"name\":\"Salida de bomberos\"}]},{\"@type\":\"WebSite\",\"@id\":\"https:\/\/www.noticiasradioreflejos.com.ar\/2021\/#website\",\"url\":\"https:\/\/www.noticiasradioreflejos.com.ar\/2021\/\",\"name\":\"Noticias Radio Reflejos\",\"description\":\"Las noticias de mi comarca\",\"potentialAction\":[{\"@type\":\"SearchAction\",\"target\":{\"@type\":\"EntryPoint\",\"urlTemplate\":\"https:\/\/www.noticiasradioreflejos.com.ar\/2021\/?s={search_term_string}\"},\"query-input\":{\"@type\":\"PropertyValueSpecification\",\"valueRequired\":true,\"valueName\":\"search_term_string\"}}],\"inLanguage\":\"es\"},{\"@type\":\"Person\",\"@id\":\"https:\/\/www.noticiasradioreflejos.com.ar\/2021\/#\/schema\/person\/ad82545263dcc5ec0996818884fd5fb1\",\"name\":\"Arnaldo Botto\",\"image\":{\"@type\":\"ImageObject\",\"inLanguage\":\"es\",\"@id\":\"https:\/\/www.noticiasradioreflejos.com.ar\/2021\/#\/schema\/person\/image\/\",\"url\":\"https:\/\/secure.gravatar.com\/avatar\/55cb5e37c1efa326397366e6974cb338056df65cb50e7d64d1cf314e87504837?s=96&d=mm&r=g\",\"contentUrl\":\"https:\/\/secure.gravatar.com\/avatar\/55cb5e37c1efa326397366e6974cb338056df65cb50e7d64d1cf314e87504837?s=96&d=mm&r=g\",\"caption\":\"Arnaldo Botto\"},\"url\":\"https:\/\/www.noticiasradioreflejos.com.ar\/2021\/author\/arnaldo\/\"}]}<\/script>\n<!-- \/ Yoast SEO plugin. -->","yoast_head_json":{"title":"Salida de bomberos - Noticias Radio Reflejos","robots":{"index":"index","follow":"follow","max-snippet":"max-snippet:-1","max-image-preview":"max-image-preview:large","max-video-preview":"max-video-preview:-1"},"canonical":"https:\/\/www.noticiasradioreflejos.com.ar\/2021\/salida-de-bomberos-3\/","og_locale":"es_ES","og_type":"article","og_title":"Salida de bomberos - Noticias Radio Reflejos","og_description":"Siendo la hora 8.40, toque de sirena para acudir a operativo de seguridad en la ruta 72, acceso a Sierra de la Ventana desde Saldungaray, donde un cami\u00f3n que transporta ox\u00edgeno l\u00edquido se detiene en la banquina por tener p\u00e9rdida de fluido. Se cort\u00f3 la ruta por unos minutos y luego de constatar que se [&hellip;]","og_url":"https:\/\/www.noticiasradioreflejos.com.ar\/2021\/salida-de-bomberos-3\/","og_site_name":"Noticias Radio Reflejos","article_published_time":"2020-03-05T12:01:23+00:00","og_image":[{"url":"http:\/\/live.staticflickr.com\/65535\/49622093952_5d93f2371f.jpg","type":"","width":"","height":""}],"author":"Arnaldo Botto","twitter_card":"summary_large_image","schema":{"@context":"https:\/\/schema.org","@graph":[{"@type":"WebPage","@id":"https:\/\/www.noticiasradioreflejos.com.ar\/2021\/salida-de-bomberos-3\/","url":"https:\/\/www.noticiasradioreflejos.com.ar\/2021\/salida-de-bomberos-3\/","name":"Salida de bomberos - Noticias Radio Reflejos","isPartOf":{"@id":"https:\/\/www.noticiasradioreflejos.com.ar\/2021\/#website"},"primaryImageOfPage":{"@id":"https:\/\/www.noticiasradioreflejos.com.ar\/2021\/salida-de-bomberos-3\/#primaryimage"},"image":{"@id":"https:\/\/www.noticiasradioreflejos.com.ar\/2021\/salida-de-bomberos-3\/#primaryimage"},"thumbnailUrl":"http:\/\/live.staticflickr.com\/65535\/49622093952_5d93f2371f.jpg","datePublished":"2020-03-05T12:01:23+00:00","author":{"@id":"https:\/\/www.noticiasradioreflejos.com.ar\/2021\/#\/schema\/person\/ad82545263dcc5ec0996818884fd5fb1"},"breadcrumb":{"@id":"https:\/\/www.noticiasradioreflejos.com.ar\/2021\/salida-de-bomberos-3\/#breadcrumb"},"inLanguage":"es","potentialAction":[{"@type":"ReadAction","target":["https:\/\/www.noticiasradioreflejos.com.ar\/2021\/salida-de-bomberos-3\/"]}]},{"@type":"ImageObject","inLanguage":"es","@id":"https:\/\/www.noticiasradioreflejos.com.ar\/2021\/salida-de-bomberos-3\/#primaryimage","url":"http:\/\/live.staticflickr.com\/65535\/49622093952_5d93f2371f.jpg","contentUrl":"http:\/\/live.staticflickr.com\/65535\/49622093952_5d93f2371f.jpg"},{"@type":"BreadcrumbList","@id":"https:\/\/www.noticiasradioreflejos.com.ar\/2021\/salida-de-bomberos-3\/#breadcrumb","itemListElement":[{"@type":"ListItem","position":1,"name":"Portada","item":"https:\/\/www.noticiasradioreflejos.com.ar\/2021\/"},{"@type":"ListItem","position":2,"name":"Salida de bomberos"}]},{"@type":"WebSite","@id":"https:\/\/www.noticiasradioreflejos.com.ar\/2021\/#website","url":"https:\/\/www.noticiasradioreflejos.com.ar\/2021\/","name":"Noticias Radio Reflejos","description":"Las noticias de mi comarca","potentialAction":[{"@type":"SearchAction","target":{"@type":"EntryPoint","urlTemplate":"https:\/\/www.noticiasradioreflejos.com.ar\/2021\/?s={search_term_string}"},"query-input":{"@type":"PropertyValueSpecification","valueRequired":true,"valueName":"search_term_string"}}],"inLanguage":"es"},{"@type":"Person","@id":"https:\/\/www.noticiasradioreflejos.com.ar\/2021\/#\/schema\/person\/ad82545263dcc5ec0996818884fd5fb1","name":"Arnaldo Botto","image":{"@type":"ImageObject","inLanguage":"es","@id":"https:\/\/www.noticiasradioreflejos.com.ar\/2021\/#\/schema\/person\/image\/","url":"https:\/\/secure.gravatar.com\/avatar\/55cb5e37c1efa326397366e6974cb338056df65cb50e7d64d1cf314e87504837?s=96&d=mm&r=g","contentUrl":"https:\/\/secure.gravatar.com\/avatar\/55cb5e37c1efa326397366e6974cb338056df65cb50e7d64d1cf314e87504837?s=96&d=mm&r=g","caption":"Arnaldo Botto"},"url":"https:\/\/www.noticiasradioreflejos.com.ar\/2021\/author\/arnaldo\/"}]}},"_links":{"self":[{"href":"https:\/\/www.noticiasradioreflejos.com.ar\/2021\/wp-json\/wp\/v2\/posts\/39089","targetHints":{"allow":["GET"]}}],"collection":[{"href":"https:\/\/www.noticiasradioreflejos.com.ar\/2021\/wp-json\/wp\/v2\/posts"}],"about":[{"href":"https:\/\/www.noticiasradioreflejos.com.ar\/2021\/wp-json\/wp\/v2\/types\/post"}],"author":[{"embeddable":true,"href":"https:\/\/www.noticiasradioreflejos.com.ar\/2021\/wp-json\/wp\/v2\/users\/3"}],"replies":[{"embeddable":true,"href":"https:\/\/www.noticiasradioreflejos.com.ar\/2021\/wp-json\/wp\/v2\/comments?post=39089"}],"version-history":[{"count":0,"href":"https:\/\/www.noticiasradioreflejos.com.ar\/2021\/wp-json\/wp\/v2\/posts\/39089\/revisions"}],"wp:attachment":[{"href":"https:\/\/www.noticiasradioreflejos.com.ar\/2021\/wp-json\/wp\/v2\/media?parent=39089"}],"wp:term":[{"taxonomy":"category","embeddable":true,"href":"https:\/\/www.noticiasradioreflejos.com.ar\/2021\/wp-json\/wp\/v2\/categories?post=39089"},{"taxonomy":"post_tag","embeddable":true,"href":"https:\/\/www.noticiasradioreflejos.com.ar\/2021\/wp-json\/wp\/v2\/tags?post=39089"}],"curies":[{"name":"wp","href":"https:\/\/api.w.org\/{rel}","templated":true}]}}