{"id":38854,"date":"2020-02-24T17:11:12","date_gmt":"2020-02-24T20:11:12","guid":{"rendered":"http:\/\/www.noticiasradioreflejos.com.ar\/noticias\/?p=38854"},"modified":"2020-02-24T17:11:12","modified_gmt":"2020-02-24T20:11:12","slug":"indio-rico-un-joven-recibio-una-brutal-paliza-a-la-salida-de-la-fiesta-del-cordero-al-disco","status":"publish","type":"post","link":"https:\/\/www.noticiasradioreflejos.com.ar\/2021\/indio-rico-un-joven-recibio-una-brutal-paliza-a-la-salida-de-la-fiesta-del-cordero-al-disco\/","title":{"rendered":"Indio Rico: Un j\u00f3ven recibi\u00f3 una brutal paliza a la salida de la Fiesta del Cordero al Disco."},"content":{"rendered":"<p>Un nuevo hecho de violencia, que le podr\u00eda haber costado la vida a un joven pringlense, se registr\u00f3 el pasado fin de semana en Indio Rico, a la salida de la Fiesta del Cordero al Disco.\u00a0\u00a0<strong>Agust\u00edn Walter<\/strong> se encuentra hospitalizado a ra\u00edz de una tremenda golpiza recibida el domingo a la madrugada.<br \/>\nEn la oportunidad,\u00a0 fue golpeado violentamente cuando se encontr\u00f3 con otro grupo de j\u00f3venes, que estaban bebiendo alcohol y que lo agredieron sin mediar palabras.<!--more--><\/p>\n<p><a title=\"Madre de gust\u00edn\" href=\"http:\/\/live.staticflickr.com\/65535\/49580698181_5cfb527d1e_s.jpg\" rel=\"\"><img loading=\"lazy\" decoding=\"async\" class=\"alignleft\" style=\"float: left;\" title=\"Madre de gust\u00edn\" src=\"http:\/\/live.staticflickr.com\/65535\/49580698181_5cfb527d1e.jpg\" alt=\"Madre de gust\u00edn\" width=\"500\" height=\"281\" \/><\/a>A ra\u00edz de las heridas, Agust\u00edn debi\u00f3 ser internado en el nosocomio de Coronel Pringles y ahora deber\u00e1 ser operado en otro centro de salud. <strong>Sandra Potis<\/strong>, madre del joven golpeado, dialog\u00f3 con <strong>\u00abMultimedio Pringles\u00bb<\/strong> y se refiri\u00f3 a lo sucedi\u00f3 y al estado de salud del mismo, diciendo. \u00ab\u00c9l justo sal\u00eda del baile y hab\u00eda como 5 j\u00f3venes que estaban tomando y fumando y en ese momento le pegaron una trompada y a ra\u00edz del golpe se desmay\u00f3.<\/p>\n<p>El golpe le afect\u00f3 la parte interna de la nariz y el odio y ahora van a tener que llevarlo a La Plata para operarlo. Ya saben qui\u00e9n fue el que lo golpe\u00f3 y por lo que supimos, estos mismos chicos tiempo atr\u00e1s hab\u00edan prendido fuego un auto en Indio Rico. Pienso que mi hijo dentro de todo la sac\u00f3 barata porque est\u00e1 vivo, pero le podr\u00eda haber pasado lo mismo que a Fernando. Hoy fue Agust\u00edn, pero ma\u00f1ana puede ser otro chico\u00bb, expres\u00f3 <strong>Sandra Potis.<\/strong><\/p>\n<p>&nbsp;<\/p>\n<p>&nbsp;<\/p>\n<p><iframe loading=\"lazy\" src=\"https:\/\/www.youtube.com\/embed\/6IY3HquPNw4\" width=\"560\" height=\"315\" frameborder=\"0\" allowfullscreen=\"allowfullscreen\"><\/iframe><\/p>\n","protected":false},"excerpt":{"rendered":"<p>Un nuevo hecho de violencia, que le podr\u00eda haber costado la vida a un joven pringlense, se registr\u00f3 el pasado fin de semana en Indio Rico, a la salida de la Fiesta del Cordero al Disco.\u00a0\u00a0Agust\u00edn Walter se encuentra hospitalizado a ra\u00edz de una tremenda golpiza recibida el domingo a la madrugada. En la oportunidad,\u00a0 [&hellip;]<\/p>\n","protected":false},"author":3,"featured_media":0,"comment_status":"closed","ping_status":"open","sticky":false,"template":"","format":"standard","meta":{"footnotes":""},"categories":[25],"tags":[],"class_list":["post-38854","post","type-post","status-publish","format-standard","hentry","category-uncategorized"],"yoast_head":"<!-- This site is optimized with the Yoast SEO plugin v25.9 - https:\/\/yoast.com\/wordpress\/plugins\/seo\/ -->\n<title>Indio Rico: Un j\u00f3ven recibi\u00f3 una brutal paliza a la salida de la Fiesta del Cordero al Disco. - Noticias Radio Reflejos<\/title>\n<meta name=\"robots\" content=\"index, follow, max-snippet:-1, max-image-preview:large, max-video-preview:-1\" \/>\n<link rel=\"canonical\" href=\"https:\/\/www.noticiasradioreflejos.com.ar\/2021\/indio-rico-un-joven-recibio-una-brutal-paliza-a-la-salida-de-la-fiesta-del-cordero-al-disco\/\" \/>\n<meta property=\"og:locale\" content=\"es_ES\" \/>\n<meta property=\"og:type\" content=\"article\" \/>\n<meta property=\"og:title\" content=\"Indio Rico: Un j\u00f3ven recibi\u00f3 una brutal paliza a la salida de la Fiesta del Cordero al Disco. - Noticias Radio Reflejos\" \/>\n<meta property=\"og:description\" content=\"Un nuevo hecho de violencia, que le podr\u00eda haber costado la vida a un joven pringlense, se registr\u00f3 el pasado fin de semana en Indio Rico, a la salida de la Fiesta del Cordero al Disco.\u00a0\u00a0Agust\u00edn Walter se encuentra hospitalizado a ra\u00edz de una tremenda golpiza recibida el domingo a la madrugada. En la oportunidad,\u00a0 [&hellip;]\" \/>\n<meta property=\"og:url\" content=\"https:\/\/www.noticiasradioreflejos.com.ar\/2021\/indio-rico-un-joven-recibio-una-brutal-paliza-a-la-salida-de-la-fiesta-del-cordero-al-disco\/\" \/>\n<meta property=\"og:site_name\" content=\"Noticias Radio Reflejos\" \/>\n<meta property=\"article:published_time\" content=\"2020-02-24T20:11:12+00:00\" \/>\n<meta property=\"og:image\" content=\"http:\/\/live.staticflickr.com\/65535\/49580698181_5cfb527d1e.jpg\" \/>\n<meta name=\"author\" content=\"Arnaldo Botto\" \/>\n<meta name=\"twitter:card\" content=\"summary_large_image\" \/>\n<script type=\"application\/ld+json\" class=\"yoast-schema-graph\">{\"@context\":\"https:\/\/schema.org\",\"@graph\":[{\"@type\":\"WebPage\",\"@id\":\"https:\/\/www.noticiasradioreflejos.com.ar\/2021\/indio-rico-un-joven-recibio-una-brutal-paliza-a-la-salida-de-la-fiesta-del-cordero-al-disco\/\",\"url\":\"https:\/\/www.noticiasradioreflejos.com.ar\/2021\/indio-rico-un-joven-recibio-una-brutal-paliza-a-la-salida-de-la-fiesta-del-cordero-al-disco\/\",\"name\":\"Indio Rico: Un j\u00f3ven recibi\u00f3 una brutal paliza a la salida de la Fiesta del Cordero al Disco. - Noticias Radio Reflejos\",\"isPartOf\":{\"@id\":\"https:\/\/www.noticiasradioreflejos.com.ar\/2021\/#website\"},\"primaryImageOfPage\":{\"@id\":\"https:\/\/www.noticiasradioreflejos.com.ar\/2021\/indio-rico-un-joven-recibio-una-brutal-paliza-a-la-salida-de-la-fiesta-del-cordero-al-disco\/#primaryimage\"},\"image\":{\"@id\":\"https:\/\/www.noticiasradioreflejos.com.ar\/2021\/indio-rico-un-joven-recibio-una-brutal-paliza-a-la-salida-de-la-fiesta-del-cordero-al-disco\/#primaryimage\"},\"thumbnailUrl\":\"http:\/\/live.staticflickr.com\/65535\/49580698181_5cfb527d1e.jpg\",\"datePublished\":\"2020-02-24T20:11:12+00:00\",\"author\":{\"@id\":\"https:\/\/www.noticiasradioreflejos.com.ar\/2021\/#\/schema\/person\/ad82545263dcc5ec0996818884fd5fb1\"},\"breadcrumb\":{\"@id\":\"https:\/\/www.noticiasradioreflejos.com.ar\/2021\/indio-rico-un-joven-recibio-una-brutal-paliza-a-la-salida-de-la-fiesta-del-cordero-al-disco\/#breadcrumb\"},\"inLanguage\":\"es\",\"potentialAction\":[{\"@type\":\"ReadAction\",\"target\":[\"https:\/\/www.noticiasradioreflejos.com.ar\/2021\/indio-rico-un-joven-recibio-una-brutal-paliza-a-la-salida-de-la-fiesta-del-cordero-al-disco\/\"]}]},{\"@type\":\"ImageObject\",\"inLanguage\":\"es\",\"@id\":\"https:\/\/www.noticiasradioreflejos.com.ar\/2021\/indio-rico-un-joven-recibio-una-brutal-paliza-a-la-salida-de-la-fiesta-del-cordero-al-disco\/#primaryimage\",\"url\":\"http:\/\/live.staticflickr.com\/65535\/49580698181_5cfb527d1e.jpg\",\"contentUrl\":\"http:\/\/live.staticflickr.com\/65535\/49580698181_5cfb527d1e.jpg\"},{\"@type\":\"BreadcrumbList\",\"@id\":\"https:\/\/www.noticiasradioreflejos.com.ar\/2021\/indio-rico-un-joven-recibio-una-brutal-paliza-a-la-salida-de-la-fiesta-del-cordero-al-disco\/#breadcrumb\",\"itemListElement\":[{\"@type\":\"ListItem\",\"position\":1,\"name\":\"Portada\",\"item\":\"https:\/\/www.noticiasradioreflejos.com.ar\/2021\/\"},{\"@type\":\"ListItem\",\"position\":2,\"name\":\"Indio Rico: Un j\u00f3ven recibi\u00f3 una brutal paliza a la salida de la Fiesta del Cordero al Disco.\"}]},{\"@type\":\"WebSite\",\"@id\":\"https:\/\/www.noticiasradioreflejos.com.ar\/2021\/#website\",\"url\":\"https:\/\/www.noticiasradioreflejos.com.ar\/2021\/\",\"name\":\"Noticias Radio Reflejos\",\"description\":\"Las noticias de mi comarca\",\"potentialAction\":[{\"@type\":\"SearchAction\",\"target\":{\"@type\":\"EntryPoint\",\"urlTemplate\":\"https:\/\/www.noticiasradioreflejos.com.ar\/2021\/?s={search_term_string}\"},\"query-input\":{\"@type\":\"PropertyValueSpecification\",\"valueRequired\":true,\"valueName\":\"search_term_string\"}}],\"inLanguage\":\"es\"},{\"@type\":\"Person\",\"@id\":\"https:\/\/www.noticiasradioreflejos.com.ar\/2021\/#\/schema\/person\/ad82545263dcc5ec0996818884fd5fb1\",\"name\":\"Arnaldo Botto\",\"image\":{\"@type\":\"ImageObject\",\"inLanguage\":\"es\",\"@id\":\"https:\/\/www.noticiasradioreflejos.com.ar\/2021\/#\/schema\/person\/image\/\",\"url\":\"https:\/\/secure.gravatar.com\/avatar\/55cb5e37c1efa326397366e6974cb338056df65cb50e7d64d1cf314e87504837?s=96&d=mm&r=g\",\"contentUrl\":\"https:\/\/secure.gravatar.com\/avatar\/55cb5e37c1efa326397366e6974cb338056df65cb50e7d64d1cf314e87504837?s=96&d=mm&r=g\",\"caption\":\"Arnaldo Botto\"},\"url\":\"https:\/\/www.noticiasradioreflejos.com.ar\/2021\/author\/arnaldo\/\"}]}<\/script>\n<!-- \/ Yoast SEO plugin. -->","yoast_head_json":{"title":"Indio Rico: Un j\u00f3ven recibi\u00f3 una brutal paliza a la salida de la Fiesta del Cordero al Disco. - Noticias Radio Reflejos","robots":{"index":"index","follow":"follow","max-snippet":"max-snippet:-1","max-image-preview":"max-image-preview:large","max-video-preview":"max-video-preview:-1"},"canonical":"https:\/\/www.noticiasradioreflejos.com.ar\/2021\/indio-rico-un-joven-recibio-una-brutal-paliza-a-la-salida-de-la-fiesta-del-cordero-al-disco\/","og_locale":"es_ES","og_type":"article","og_title":"Indio Rico: Un j\u00f3ven recibi\u00f3 una brutal paliza a la salida de la Fiesta del Cordero al Disco. - Noticias Radio Reflejos","og_description":"Un nuevo hecho de violencia, que le podr\u00eda haber costado la vida a un joven pringlense, se registr\u00f3 el pasado fin de semana en Indio Rico, a la salida de la Fiesta del Cordero al Disco.\u00a0\u00a0Agust\u00edn Walter se encuentra hospitalizado a ra\u00edz de una tremenda golpiza recibida el domingo a la madrugada. En la oportunidad,\u00a0 [&hellip;]","og_url":"https:\/\/www.noticiasradioreflejos.com.ar\/2021\/indio-rico-un-joven-recibio-una-brutal-paliza-a-la-salida-de-la-fiesta-del-cordero-al-disco\/","og_site_name":"Noticias Radio Reflejos","article_published_time":"2020-02-24T20:11:12+00:00","og_image":[{"url":"http:\/\/live.staticflickr.com\/65535\/49580698181_5cfb527d1e.jpg","type":"","width":"","height":""}],"author":"Arnaldo Botto","twitter_card":"summary_large_image","schema":{"@context":"https:\/\/schema.org","@graph":[{"@type":"WebPage","@id":"https:\/\/www.noticiasradioreflejos.com.ar\/2021\/indio-rico-un-joven-recibio-una-brutal-paliza-a-la-salida-de-la-fiesta-del-cordero-al-disco\/","url":"https:\/\/www.noticiasradioreflejos.com.ar\/2021\/indio-rico-un-joven-recibio-una-brutal-paliza-a-la-salida-de-la-fiesta-del-cordero-al-disco\/","name":"Indio Rico: Un j\u00f3ven recibi\u00f3 una brutal paliza a la salida de la Fiesta del Cordero al Disco. - Noticias Radio Reflejos","isPartOf":{"@id":"https:\/\/www.noticiasradioreflejos.com.ar\/2021\/#website"},"primaryImageOfPage":{"@id":"https:\/\/www.noticiasradioreflejos.com.ar\/2021\/indio-rico-un-joven-recibio-una-brutal-paliza-a-la-salida-de-la-fiesta-del-cordero-al-disco\/#primaryimage"},"image":{"@id":"https:\/\/www.noticiasradioreflejos.com.ar\/2021\/indio-rico-un-joven-recibio-una-brutal-paliza-a-la-salida-de-la-fiesta-del-cordero-al-disco\/#primaryimage"},"thumbnailUrl":"http:\/\/live.staticflickr.com\/65535\/49580698181_5cfb527d1e.jpg","datePublished":"2020-02-24T20:11:12+00:00","author":{"@id":"https:\/\/www.noticiasradioreflejos.com.ar\/2021\/#\/schema\/person\/ad82545263dcc5ec0996818884fd5fb1"},"breadcrumb":{"@id":"https:\/\/www.noticiasradioreflejos.com.ar\/2021\/indio-rico-un-joven-recibio-una-brutal-paliza-a-la-salida-de-la-fiesta-del-cordero-al-disco\/#breadcrumb"},"inLanguage":"es","potentialAction":[{"@type":"ReadAction","target":["https:\/\/www.noticiasradioreflejos.com.ar\/2021\/indio-rico-un-joven-recibio-una-brutal-paliza-a-la-salida-de-la-fiesta-del-cordero-al-disco\/"]}]},{"@type":"ImageObject","inLanguage":"es","@id":"https:\/\/www.noticiasradioreflejos.com.ar\/2021\/indio-rico-un-joven-recibio-una-brutal-paliza-a-la-salida-de-la-fiesta-del-cordero-al-disco\/#primaryimage","url":"http:\/\/live.staticflickr.com\/65535\/49580698181_5cfb527d1e.jpg","contentUrl":"http:\/\/live.staticflickr.com\/65535\/49580698181_5cfb527d1e.jpg"},{"@type":"BreadcrumbList","@id":"https:\/\/www.noticiasradioreflejos.com.ar\/2021\/indio-rico-un-joven-recibio-una-brutal-paliza-a-la-salida-de-la-fiesta-del-cordero-al-disco\/#breadcrumb","itemListElement":[{"@type":"ListItem","position":1,"name":"Portada","item":"https:\/\/www.noticiasradioreflejos.com.ar\/2021\/"},{"@type":"ListItem","position":2,"name":"Indio Rico: Un j\u00f3ven recibi\u00f3 una brutal paliza a la salida de la Fiesta del Cordero al Disco."}]},{"@type":"WebSite","@id":"https:\/\/www.noticiasradioreflejos.com.ar\/2021\/#website","url":"https:\/\/www.noticiasradioreflejos.com.ar\/2021\/","name":"Noticias Radio Reflejos","description":"Las noticias de mi comarca","potentialAction":[{"@type":"SearchAction","target":{"@type":"EntryPoint","urlTemplate":"https:\/\/www.noticiasradioreflejos.com.ar\/2021\/?s={search_term_string}"},"query-input":{"@type":"PropertyValueSpecification","valueRequired":true,"valueName":"search_term_string"}}],"inLanguage":"es"},{"@type":"Person","@id":"https:\/\/www.noticiasradioreflejos.com.ar\/2021\/#\/schema\/person\/ad82545263dcc5ec0996818884fd5fb1","name":"Arnaldo Botto","image":{"@type":"ImageObject","inLanguage":"es","@id":"https:\/\/www.noticiasradioreflejos.com.ar\/2021\/#\/schema\/person\/image\/","url":"https:\/\/secure.gravatar.com\/avatar\/55cb5e37c1efa326397366e6974cb338056df65cb50e7d64d1cf314e87504837?s=96&d=mm&r=g","contentUrl":"https:\/\/secure.gravatar.com\/avatar\/55cb5e37c1efa326397366e6974cb338056df65cb50e7d64d1cf314e87504837?s=96&d=mm&r=g","caption":"Arnaldo Botto"},"url":"https:\/\/www.noticiasradioreflejos.com.ar\/2021\/author\/arnaldo\/"}]}},"_links":{"self":[{"href":"https:\/\/www.noticiasradioreflejos.com.ar\/2021\/wp-json\/wp\/v2\/posts\/38854","targetHints":{"allow":["GET"]}}],"collection":[{"href":"https:\/\/www.noticiasradioreflejos.com.ar\/2021\/wp-json\/wp\/v2\/posts"}],"about":[{"href":"https:\/\/www.noticiasradioreflejos.com.ar\/2021\/wp-json\/wp\/v2\/types\/post"}],"author":[{"embeddable":true,"href":"https:\/\/www.noticiasradioreflejos.com.ar\/2021\/wp-json\/wp\/v2\/users\/3"}],"replies":[{"embeddable":true,"href":"https:\/\/www.noticiasradioreflejos.com.ar\/2021\/wp-json\/wp\/v2\/comments?post=38854"}],"version-history":[{"count":0,"href":"https:\/\/www.noticiasradioreflejos.com.ar\/2021\/wp-json\/wp\/v2\/posts\/38854\/revisions"}],"wp:attachment":[{"href":"https:\/\/www.noticiasradioreflejos.com.ar\/2021\/wp-json\/wp\/v2\/media?parent=38854"}],"wp:term":[{"taxonomy":"category","embeddable":true,"href":"https:\/\/www.noticiasradioreflejos.com.ar\/2021\/wp-json\/wp\/v2\/categories?post=38854"},{"taxonomy":"post_tag","embeddable":true,"href":"https:\/\/www.noticiasradioreflejos.com.ar\/2021\/wp-json\/wp\/v2\/tags?post=38854"}],"curies":[{"name":"wp","href":"https:\/\/api.w.org\/{rel}","templated":true}]}}