{"id":38766,"date":"2020-02-20T12:03:13","date_gmt":"2020-02-20T15:03:13","guid":{"rendered":"http:\/\/www.noticiasradioreflejos.com.ar\/noticias\/?p=38766"},"modified":"2020-02-20T12:03:13","modified_gmt":"2020-02-20T15:03:13","slug":"asombro-a-vecinos-y-turistas-el-tren-de-luces-en-el-firmamento-serrano","status":"publish","type":"post","link":"https:\/\/www.noticiasradioreflejos.com.ar\/2021\/asombro-a-vecinos-y-turistas-el-tren-de-luces-en-el-firmamento-serrano\/","title":{"rendered":"Asombr\u00f3 a vecinos y turistas el tren de luces en el firmamento serrano."},"content":{"rendered":"<p><a title=\"Sin t\u00edtulo\" href=\"http:\/\/live.staticflickr.com\/65535\/49560639168_34754934bf_s.jpg\" rel=\"\"><img loading=\"lazy\" decoding=\"async\" class=\"alignleft\" style=\"float: left;\" title=\"Sin t\u00edtulo\" src=\"http:\/\/live.staticflickr.com\/65535\/49560639168_34754934bf.jpg\" alt=\"Sin t\u00edtulo\" width=\"500\" height=\"280\" \/><\/a>Tras la publicaci\u00f3n de una fotograf\u00eda con un objeto oscuro en el cielo de Sierra de la Ventana, siguieron los comentarios de todo tipo sobre diferentes avistamientos. Con variadas opiniones, pocos conocen bi\u00e9n de qu\u00e9 se trata, y la mayor\u00eda no sale de su asombro ante la contemplaci\u00f3n del fen\u00f3meno.<br \/>\nSe trata de un proyecto que instalar\u00e1 12 mil sat\u00e9lites en el espacio para ofrecer internet sin cables. Ya hay 300 sat\u00e9lites en el espacio de los 12.000 que la compa\u00f1\u00eda tiene como objetivo. As\u00ed es Starlink, el proyecto global de internet de Elon Musk que cubrir\u00e1 el cielo de sat\u00e9lites&#8230; y enfada a los astr\u00f3nomos<!--more--><\/p>\n<p>La compa\u00f1\u00eda de tecnolog\u00eda aeroespacial SpaceX contin\u00faa trabajando en su proyecto Starlink, una red de internet de alta velocidad que funcione a nivel global a trav\u00e9s de sat\u00e9lites que construyan una megaconstelaci\u00f3n alrededor de la Tierra, lo que ha suscitado las cr\u00edticas de astr\u00f3nomos.<\/p>\n<p>El objetivo de la empresa, propiedad de Elon Musk, a quien tambi\u00e9n pertenece la firma de veh\u00edculos el\u00e9ctricos Tesla, es desplegar 12.000 sat\u00e9lites para \u00abofrecer internet de banda ancha de alta velocidad a ubicaciones donde el acceso ha sido poco confiable, costoso o no disponible\u00bb, explica en su p\u00e1gina oficial.<\/p>\n<p>SpaceX espera poder comenzar a dar servicio en el norte de Estados Unidos (EE UU) y Canad\u00e1 en 2020, y llegar a casi todas las zonas pobladas el pr\u00f3ximo a\u00f1o.<\/p>\n<p>Para ello, Starlink ya tiene 300 sat\u00e9lites en \u00f3rbita, que se desorbitan solos al final de su vida \u00fatil y que se queman en la atm\u00f3sfera terrestre en un periodo de uno a cinco a\u00f1os debido a que se encuentran a una latitud menor que otros sat\u00e9lites (550 kil\u00f3metros frente a 1.000 kil\u00f3metros o m\u00e1s).<\/p>\n<p>Estos sat\u00e9lites tienen un dise\u00f1o compacto que aprovecha al m\u00e1ximo el Falcon 9, el cohete que los pone en \u00f3rbita, y pesan unos 260kg. Tiene cuatro antenas muy potentes que le otorgan de una gran capacidad de rendimiento y que pueden redirigirse r\u00e1pidamente.<\/p>\n<p>Tambi\u00e9n est\u00e1n compuestos por paneles solares y sistemas de propulsi\u00f3ni\u00f3nicos alimentados por cript\u00f3n, lo que les permite moverse y deshacerse al final de su vida \u00fatil. Adem\u00e1s, cuentan con rastreador de estrellas, lo que les da la capacidad de colocarse en el sitio exacto para garantizar el mejor funcionamiento posible de la banda ancha. De igual forma, tienen un sensor que detecta los escombros para evitar que colisionen con ellos.<br \/>\nC\u00f3mo dan internet los sat\u00e9lites Starlink<br \/>\nEl proyecto de Musk es un nuevo internet satelital. Las se\u00f1ales de internet no se env\u00edan a trav\u00e9s de cables el\u00e9ctricos, sino que transmiten informaci\u00f3n a trav\u00e9s del vac\u00edo del espacio, donde funciona un 47% m\u00e1s r\u00e1pido que en un cable de fibra \u00f3ptica.<\/p>\n<p>El internet satelital actual funciona gracias a grandes naves espaciales que orbitan a m\u00e1s de 35.000 kil\u00f3metros por encima de en un lugar espec\u00edfico del planeta. La distancia tan grande a la que se encuentra, provoca que exista una tardanza mayor en el env\u00edo y la recepci\u00f3n de datos.<\/p>\n<p>En el caso de Starlink, al situarse m\u00e1s cerca de la Tierra y establecer redes, pueden transportar grandes cantidades de informaci\u00f3n muy r\u00e1pidamente a cualquier lugar del planeta, incluyendo los oc\u00e9anos y los lugares en los que la fibra no se puede instalar o es muy caro hacerlo.<\/p>\n<blockquote class=\"twitter-tweet\" data-width=\"500\" data-dnt=\"true\">\n<p lang=\"es\" dir=\"ltr\">Anoche y hoy por la madrugada pudo observarse en varias ciudades de Argentina el tren luminoso formado por los sat\u00e9lites <a href=\"https:\/\/twitter.com\/hashtag\/Starlink?src=hash&amp;ref_src=twsrc%5Etfw\">#Starlink<\/a>, de la empresa <a href=\"https:\/\/twitter.com\/SpaceX?ref_src=twsrc%5Etfw\">@SpaceX<\/a> de <a href=\"https:\/\/twitter.com\/hashtag\/ElonMusk?src=hash&amp;ref_src=twsrc%5Etfw\">#ElonMusk<\/a>. Esta noche alrededor de las 21 se podr\u00e1 volver a verlos, sobre el cielo sud oeste. \ud83d\udef0<a href=\"https:\/\/t.co\/ayejsx1tkG\">pic.twitter.com\/ayejsx1tkG<\/a><\/p>\n<p>&mdash; Fer Gigena (@emilyplay_) <a href=\"https:\/\/twitter.com\/emilyplay_\/status\/1223702305176018945?ref_src=twsrc%5Etfw\">February 1, 2020<\/a><\/p><\/blockquote>\n<p><script async src=\"https:\/\/platform.twitter.com\/widgets.js\" charset=\"utf-8\"><\/script><\/p>\n<p><strong>El enfado de los astr\u00f3nomos<\/strong><br \/>\nAunque el proyecto ha gustado mucho por lo innovadora que resulta la propuesta, muchos son los astr\u00f3nomos que se han quejado porque consideran que los sat\u00e9lites impedir\u00e1n una visi\u00f3n limpia del cielo y el espacio.<\/p>\n<p>Tras el lanzamiento de la primera tanda de 60 sat\u00e9lites el pasado 23 de mayo de 2019, muchos detectaron una cadena de luces que gener\u00f3 mucha preocupaci\u00f3n.<\/p>\n<p>\u00abPuedo protestar porque alguien ponga un cobertizo que obstruya mi visi\u00f3n, \u00bfpero hay algo que pueda hacer si alguien lanza miles de sat\u00e9lites al cielo?\u00bb, asegur\u00f3 a The Atlantic Krzysztof Stanek, astr\u00f3nomo de la Universidad Estatal de Ohio.<\/p>\n<p>Que SpaceX cubriera con una capa oscura sus sat\u00e9lites para que dejaran de brillar no calm\u00f3 los \u00e1nimos de sus detractores. \u00abEl cielo nocturno es un bien com\u00fan, y lo que tenemos aqu\u00ed es una tragedia de los bienes comunes\u00bb, se quej\u00f3 en la BBC Dave Clements, astrof\u00edsico del Imperial College London.<\/p>\n<p>\u00abSe interponen en el camino de todo. Nos perderemos todo lo que est\u00e9 detr\u00e1s de ellos, ya sea un asteroide potencialmente peligroso cercano o el qu\u00e1sar m\u00e1s distante del Universo\u00bb, a\u00f1adi\u00f3 tambi\u00e9n.<\/p>\n<p>Ya son 300 los sat\u00e9lites en la \u00f3rbita de la Tierra, ya que la quinta tanda de 60 sat\u00e9lites se ha lanzado este lunes desde Cabo Ca\u00f1averal, en Florida (EE UU). El lanzamiento tuvo que posponerse el pasado domingo debido a que las condiciones climatol\u00f3gicas no eran las m\u00e1s adecuadas. La misi\u00f3n espacial ha comenzado finalmente este 17 de febrero a las 10:05 hora local (16:05 GMT).<\/p>\n<p>&nbsp;<\/p>\n<p>Fuente; Infobae y <a href=\"https:\/\/www.20minutos.es\/noticia\/4154473\/0\/starlink-red-internet-espacial-spacex\/\">20 Min<\/a><\/p>\n","protected":false},"excerpt":{"rendered":"<p>Tras la publicaci\u00f3n de una fotograf\u00eda con un objeto oscuro en el cielo de Sierra de la Ventana, siguieron los comentarios de todo tipo sobre diferentes avistamientos. Con variadas opiniones, pocos conocen bi\u00e9n de qu\u00e9 se trata, y la mayor\u00eda no sale de su asombro ante la contemplaci\u00f3n del fen\u00f3meno. Se trata de un proyecto [&hellip;]<\/p>\n","protected":false},"author":3,"featured_media":0,"comment_status":"closed","ping_status":"open","sticky":false,"template":"","format":"standard","meta":{"footnotes":""},"categories":[26],"tags":[],"class_list":["post-38766","post","type-post","status-publish","format-standard","hentry","category-sociedad"],"yoast_head":"<!-- This site is optimized with the Yoast SEO plugin v25.9 - https:\/\/yoast.com\/wordpress\/plugins\/seo\/ -->\n<title>Asombr\u00f3 a vecinos y turistas el tren de luces en el firmamento serrano. - Noticias Radio Reflejos<\/title>\n<meta name=\"robots\" content=\"index, follow, max-snippet:-1, max-image-preview:large, max-video-preview:-1\" \/>\n<link rel=\"canonical\" href=\"https:\/\/www.noticiasradioreflejos.com.ar\/2021\/asombro-a-vecinos-y-turistas-el-tren-de-luces-en-el-firmamento-serrano\/\" \/>\n<meta property=\"og:locale\" content=\"es_ES\" \/>\n<meta property=\"og:type\" content=\"article\" \/>\n<meta property=\"og:title\" content=\"Asombr\u00f3 a vecinos y turistas el tren de luces en el firmamento serrano. - Noticias Radio Reflejos\" \/>\n<meta property=\"og:description\" content=\"Tras la publicaci\u00f3n de una fotograf\u00eda con un objeto oscuro en el cielo de Sierra de la Ventana, siguieron los comentarios de todo tipo sobre diferentes avistamientos. Con variadas opiniones, pocos conocen bi\u00e9n de qu\u00e9 se trata, y la mayor\u00eda no sale de su asombro ante la contemplaci\u00f3n del fen\u00f3meno. Se trata de un proyecto [&hellip;]\" \/>\n<meta property=\"og:url\" content=\"https:\/\/www.noticiasradioreflejos.com.ar\/2021\/asombro-a-vecinos-y-turistas-el-tren-de-luces-en-el-firmamento-serrano\/\" \/>\n<meta property=\"og:site_name\" content=\"Noticias Radio Reflejos\" \/>\n<meta property=\"article:published_time\" content=\"2020-02-20T15:03:13+00:00\" \/>\n<meta property=\"og:image\" content=\"http:\/\/live.staticflickr.com\/65535\/49560639168_34754934bf.jpg\" \/>\n<meta name=\"author\" content=\"Arnaldo Botto\" \/>\n<meta name=\"twitter:card\" content=\"summary_large_image\" \/>\n<script type=\"application\/ld+json\" class=\"yoast-schema-graph\">{\"@context\":\"https:\/\/schema.org\",\"@graph\":[{\"@type\":\"WebPage\",\"@id\":\"https:\/\/www.noticiasradioreflejos.com.ar\/2021\/asombro-a-vecinos-y-turistas-el-tren-de-luces-en-el-firmamento-serrano\/\",\"url\":\"https:\/\/www.noticiasradioreflejos.com.ar\/2021\/asombro-a-vecinos-y-turistas-el-tren-de-luces-en-el-firmamento-serrano\/\",\"name\":\"Asombr\u00f3 a vecinos y turistas el tren de luces en el firmamento serrano. - Noticias Radio Reflejos\",\"isPartOf\":{\"@id\":\"https:\/\/www.noticiasradioreflejos.com.ar\/2021\/#website\"},\"primaryImageOfPage\":{\"@id\":\"https:\/\/www.noticiasradioreflejos.com.ar\/2021\/asombro-a-vecinos-y-turistas-el-tren-de-luces-en-el-firmamento-serrano\/#primaryimage\"},\"image\":{\"@id\":\"https:\/\/www.noticiasradioreflejos.com.ar\/2021\/asombro-a-vecinos-y-turistas-el-tren-de-luces-en-el-firmamento-serrano\/#primaryimage\"},\"thumbnailUrl\":\"http:\/\/live.staticflickr.com\/65535\/49560639168_34754934bf.jpg\",\"datePublished\":\"2020-02-20T15:03:13+00:00\",\"author\":{\"@id\":\"https:\/\/www.noticiasradioreflejos.com.ar\/2021\/#\/schema\/person\/ad82545263dcc5ec0996818884fd5fb1\"},\"breadcrumb\":{\"@id\":\"https:\/\/www.noticiasradioreflejos.com.ar\/2021\/asombro-a-vecinos-y-turistas-el-tren-de-luces-en-el-firmamento-serrano\/#breadcrumb\"},\"inLanguage\":\"es\",\"potentialAction\":[{\"@type\":\"ReadAction\",\"target\":[\"https:\/\/www.noticiasradioreflejos.com.ar\/2021\/asombro-a-vecinos-y-turistas-el-tren-de-luces-en-el-firmamento-serrano\/\"]}]},{\"@type\":\"ImageObject\",\"inLanguage\":\"es\",\"@id\":\"https:\/\/www.noticiasradioreflejos.com.ar\/2021\/asombro-a-vecinos-y-turistas-el-tren-de-luces-en-el-firmamento-serrano\/#primaryimage\",\"url\":\"http:\/\/live.staticflickr.com\/65535\/49560639168_34754934bf.jpg\",\"contentUrl\":\"http:\/\/live.staticflickr.com\/65535\/49560639168_34754934bf.jpg\"},{\"@type\":\"BreadcrumbList\",\"@id\":\"https:\/\/www.noticiasradioreflejos.com.ar\/2021\/asombro-a-vecinos-y-turistas-el-tren-de-luces-en-el-firmamento-serrano\/#breadcrumb\",\"itemListElement\":[{\"@type\":\"ListItem\",\"position\":1,\"name\":\"Portada\",\"item\":\"https:\/\/www.noticiasradioreflejos.com.ar\/2021\/\"},{\"@type\":\"ListItem\",\"position\":2,\"name\":\"Asombr\u00f3 a vecinos y turistas el tren de luces en el firmamento serrano.\"}]},{\"@type\":\"WebSite\",\"@id\":\"https:\/\/www.noticiasradioreflejos.com.ar\/2021\/#website\",\"url\":\"https:\/\/www.noticiasradioreflejos.com.ar\/2021\/\",\"name\":\"Noticias Radio Reflejos\",\"description\":\"Las noticias de mi comarca\",\"potentialAction\":[{\"@type\":\"SearchAction\",\"target\":{\"@type\":\"EntryPoint\",\"urlTemplate\":\"https:\/\/www.noticiasradioreflejos.com.ar\/2021\/?s={search_term_string}\"},\"query-input\":{\"@type\":\"PropertyValueSpecification\",\"valueRequired\":true,\"valueName\":\"search_term_string\"}}],\"inLanguage\":\"es\"},{\"@type\":\"Person\",\"@id\":\"https:\/\/www.noticiasradioreflejos.com.ar\/2021\/#\/schema\/person\/ad82545263dcc5ec0996818884fd5fb1\",\"name\":\"Arnaldo Botto\",\"image\":{\"@type\":\"ImageObject\",\"inLanguage\":\"es\",\"@id\":\"https:\/\/www.noticiasradioreflejos.com.ar\/2021\/#\/schema\/person\/image\/\",\"url\":\"https:\/\/secure.gravatar.com\/avatar\/55cb5e37c1efa326397366e6974cb338056df65cb50e7d64d1cf314e87504837?s=96&d=mm&r=g\",\"contentUrl\":\"https:\/\/secure.gravatar.com\/avatar\/55cb5e37c1efa326397366e6974cb338056df65cb50e7d64d1cf314e87504837?s=96&d=mm&r=g\",\"caption\":\"Arnaldo Botto\"},\"url\":\"https:\/\/www.noticiasradioreflejos.com.ar\/2021\/author\/arnaldo\/\"}]}<\/script>\n<!-- \/ Yoast SEO plugin. -->","yoast_head_json":{"title":"Asombr\u00f3 a vecinos y turistas el tren de luces en el firmamento serrano. - Noticias Radio Reflejos","robots":{"index":"index","follow":"follow","max-snippet":"max-snippet:-1","max-image-preview":"max-image-preview:large","max-video-preview":"max-video-preview:-1"},"canonical":"https:\/\/www.noticiasradioreflejos.com.ar\/2021\/asombro-a-vecinos-y-turistas-el-tren-de-luces-en-el-firmamento-serrano\/","og_locale":"es_ES","og_type":"article","og_title":"Asombr\u00f3 a vecinos y turistas el tren de luces en el firmamento serrano. - Noticias Radio Reflejos","og_description":"Tras la publicaci\u00f3n de una fotograf\u00eda con un objeto oscuro en el cielo de Sierra de la Ventana, siguieron los comentarios de todo tipo sobre diferentes avistamientos. Con variadas opiniones, pocos conocen bi\u00e9n de qu\u00e9 se trata, y la mayor\u00eda no sale de su asombro ante la contemplaci\u00f3n del fen\u00f3meno. Se trata de un proyecto [&hellip;]","og_url":"https:\/\/www.noticiasradioreflejos.com.ar\/2021\/asombro-a-vecinos-y-turistas-el-tren-de-luces-en-el-firmamento-serrano\/","og_site_name":"Noticias Radio Reflejos","article_published_time":"2020-02-20T15:03:13+00:00","og_image":[{"url":"http:\/\/live.staticflickr.com\/65535\/49560639168_34754934bf.jpg","type":"","width":"","height":""}],"author":"Arnaldo Botto","twitter_card":"summary_large_image","schema":{"@context":"https:\/\/schema.org","@graph":[{"@type":"WebPage","@id":"https:\/\/www.noticiasradioreflejos.com.ar\/2021\/asombro-a-vecinos-y-turistas-el-tren-de-luces-en-el-firmamento-serrano\/","url":"https:\/\/www.noticiasradioreflejos.com.ar\/2021\/asombro-a-vecinos-y-turistas-el-tren-de-luces-en-el-firmamento-serrano\/","name":"Asombr\u00f3 a vecinos y turistas el tren de luces en el firmamento serrano. - Noticias Radio Reflejos","isPartOf":{"@id":"https:\/\/www.noticiasradioreflejos.com.ar\/2021\/#website"},"primaryImageOfPage":{"@id":"https:\/\/www.noticiasradioreflejos.com.ar\/2021\/asombro-a-vecinos-y-turistas-el-tren-de-luces-en-el-firmamento-serrano\/#primaryimage"},"image":{"@id":"https:\/\/www.noticiasradioreflejos.com.ar\/2021\/asombro-a-vecinos-y-turistas-el-tren-de-luces-en-el-firmamento-serrano\/#primaryimage"},"thumbnailUrl":"http:\/\/live.staticflickr.com\/65535\/49560639168_34754934bf.jpg","datePublished":"2020-02-20T15:03:13+00:00","author":{"@id":"https:\/\/www.noticiasradioreflejos.com.ar\/2021\/#\/schema\/person\/ad82545263dcc5ec0996818884fd5fb1"},"breadcrumb":{"@id":"https:\/\/www.noticiasradioreflejos.com.ar\/2021\/asombro-a-vecinos-y-turistas-el-tren-de-luces-en-el-firmamento-serrano\/#breadcrumb"},"inLanguage":"es","potentialAction":[{"@type":"ReadAction","target":["https:\/\/www.noticiasradioreflejos.com.ar\/2021\/asombro-a-vecinos-y-turistas-el-tren-de-luces-en-el-firmamento-serrano\/"]}]},{"@type":"ImageObject","inLanguage":"es","@id":"https:\/\/www.noticiasradioreflejos.com.ar\/2021\/asombro-a-vecinos-y-turistas-el-tren-de-luces-en-el-firmamento-serrano\/#primaryimage","url":"http:\/\/live.staticflickr.com\/65535\/49560639168_34754934bf.jpg","contentUrl":"http:\/\/live.staticflickr.com\/65535\/49560639168_34754934bf.jpg"},{"@type":"BreadcrumbList","@id":"https:\/\/www.noticiasradioreflejos.com.ar\/2021\/asombro-a-vecinos-y-turistas-el-tren-de-luces-en-el-firmamento-serrano\/#breadcrumb","itemListElement":[{"@type":"ListItem","position":1,"name":"Portada","item":"https:\/\/www.noticiasradioreflejos.com.ar\/2021\/"},{"@type":"ListItem","position":2,"name":"Asombr\u00f3 a vecinos y turistas el tren de luces en el firmamento serrano."}]},{"@type":"WebSite","@id":"https:\/\/www.noticiasradioreflejos.com.ar\/2021\/#website","url":"https:\/\/www.noticiasradioreflejos.com.ar\/2021\/","name":"Noticias Radio Reflejos","description":"Las noticias de mi comarca","potentialAction":[{"@type":"SearchAction","target":{"@type":"EntryPoint","urlTemplate":"https:\/\/www.noticiasradioreflejos.com.ar\/2021\/?s={search_term_string}"},"query-input":{"@type":"PropertyValueSpecification","valueRequired":true,"valueName":"search_term_string"}}],"inLanguage":"es"},{"@type":"Person","@id":"https:\/\/www.noticiasradioreflejos.com.ar\/2021\/#\/schema\/person\/ad82545263dcc5ec0996818884fd5fb1","name":"Arnaldo Botto","image":{"@type":"ImageObject","inLanguage":"es","@id":"https:\/\/www.noticiasradioreflejos.com.ar\/2021\/#\/schema\/person\/image\/","url":"https:\/\/secure.gravatar.com\/avatar\/55cb5e37c1efa326397366e6974cb338056df65cb50e7d64d1cf314e87504837?s=96&d=mm&r=g","contentUrl":"https:\/\/secure.gravatar.com\/avatar\/55cb5e37c1efa326397366e6974cb338056df65cb50e7d64d1cf314e87504837?s=96&d=mm&r=g","caption":"Arnaldo Botto"},"url":"https:\/\/www.noticiasradioreflejos.com.ar\/2021\/author\/arnaldo\/"}]}},"_links":{"self":[{"href":"https:\/\/www.noticiasradioreflejos.com.ar\/2021\/wp-json\/wp\/v2\/posts\/38766","targetHints":{"allow":["GET"]}}],"collection":[{"href":"https:\/\/www.noticiasradioreflejos.com.ar\/2021\/wp-json\/wp\/v2\/posts"}],"about":[{"href":"https:\/\/www.noticiasradioreflejos.com.ar\/2021\/wp-json\/wp\/v2\/types\/post"}],"author":[{"embeddable":true,"href":"https:\/\/www.noticiasradioreflejos.com.ar\/2021\/wp-json\/wp\/v2\/users\/3"}],"replies":[{"embeddable":true,"href":"https:\/\/www.noticiasradioreflejos.com.ar\/2021\/wp-json\/wp\/v2\/comments?post=38766"}],"version-history":[{"count":0,"href":"https:\/\/www.noticiasradioreflejos.com.ar\/2021\/wp-json\/wp\/v2\/posts\/38766\/revisions"}],"wp:attachment":[{"href":"https:\/\/www.noticiasradioreflejos.com.ar\/2021\/wp-json\/wp\/v2\/media?parent=38766"}],"wp:term":[{"taxonomy":"category","embeddable":true,"href":"https:\/\/www.noticiasradioreflejos.com.ar\/2021\/wp-json\/wp\/v2\/categories?post=38766"},{"taxonomy":"post_tag","embeddable":true,"href":"https:\/\/www.noticiasradioreflejos.com.ar\/2021\/wp-json\/wp\/v2\/tags?post=38766"}],"curies":[{"name":"wp","href":"https:\/\/api.w.org\/{rel}","templated":true}]}}