{"id":38764,"date":"2020-02-20T11:03:05","date_gmt":"2020-02-20T14:03:05","guid":{"rendered":"http:\/\/www.noticiasradioreflejos.com.ar\/noticias\/?p=38764"},"modified":"2020-02-20T11:03:05","modified_gmt":"2020-02-20T14:03:05","slug":"torneo-de-futbol-8-este-viernes-entrega-de-premios-y-show-en-vivo","status":"publish","type":"post","link":"https:\/\/www.noticiasradioreflejos.com.ar\/2021\/torneo-de-futbol-8-este-viernes-entrega-de-premios-y-show-en-vivo\/","title":{"rendered":"Torneo de F\u00fatbol 8: Este viernes, entrega de premios y show en vivo"},"content":{"rendered":"<p><a title=\"Torneo de Futbol 8 - Premios\" href=\"http:\/\/live.staticflickr.com\/65535\/49560932896_b8f66e6da3_s.jpg\" rel=\"\"><img loading=\"lazy\" decoding=\"async\" class=\"alignleft\" style=\"float: left;\" title=\"Torneo de Futbol 8 - Premios\" src=\"http:\/\/live.staticflickr.com\/65535\/49560932896_b8f66e6da3.jpg\" alt=\"Torneo de Futbol 8 - Premios\" width=\"500\" height=\"375\" \/><\/a>Este viernes, 21 de febrero, se realizar\u00e1 la entrega de premios del Torneo de F\u00fatbol 8 que organiz\u00f3 el Club Uni\u00f3n y en el que se consagr\u00f3 campe\u00f3n Construcciones El Bebe.<!--more--><br \/>\nLa iniciativa tendr\u00e1 lugar a partir de las 20.30 hs en el sal\u00f3n Bajos donde, adem\u00e1s de la entrega de los galardones, se presentar\u00e1 en vivo la banda local \u2018Cara Cumbia\u2019. Recibir\u00e1n sus premios los equipos 1\u00ba, 2\u00ba y 3\u00ba, el goleador del torneo y el arquero con la valla menos vencida.<br \/>\nDurante todo el evento, habr\u00e1 un completo servicio de cantina.<\/p>\n<p>Prensa Club Uni\u00f3n<br \/>\nwww.uniondetornquist.com &#8211; clubuniondetornquist@gmail.com &#8211; \/ClubUnionDeTornquist &#8211; @UnionTornquist<\/p>\n","protected":false},"excerpt":{"rendered":"<p>Este viernes, 21 de febrero, se realizar\u00e1 la entrega de premios del Torneo de F\u00fatbol 8 que organiz\u00f3 el Club Uni\u00f3n y en el que se consagr\u00f3 campe\u00f3n Construcciones El Bebe.<\/p>\n","protected":false},"author":3,"featured_media":0,"comment_status":"closed","ping_status":"open","sticky":false,"template":"","format":"standard","meta":{"footnotes":""},"categories":[27],"tags":[],"class_list":["post-38764","post","type-post","status-publish","format-standard","hentry","category-deportes"],"yoast_head":"<!-- This site is optimized with the Yoast SEO plugin v25.9 - https:\/\/yoast.com\/wordpress\/plugins\/seo\/ -->\n<title>Torneo de F\u00fatbol 8: Este viernes, entrega de premios y show en vivo - Noticias Radio Reflejos<\/title>\n<meta name=\"robots\" content=\"index, follow, max-snippet:-1, max-image-preview:large, max-video-preview:-1\" \/>\n<link rel=\"canonical\" href=\"https:\/\/www.noticiasradioreflejos.com.ar\/2021\/torneo-de-futbol-8-este-viernes-entrega-de-premios-y-show-en-vivo\/\" \/>\n<meta property=\"og:locale\" content=\"es_ES\" \/>\n<meta property=\"og:type\" content=\"article\" \/>\n<meta property=\"og:title\" content=\"Torneo de F\u00fatbol 8: Este viernes, entrega de premios y show en vivo - Noticias Radio Reflejos\" \/>\n<meta property=\"og:description\" content=\"Este viernes, 21 de febrero, se realizar\u00e1 la entrega de premios del Torneo de F\u00fatbol 8 que organiz\u00f3 el Club Uni\u00f3n y en el que se consagr\u00f3 campe\u00f3n Construcciones El Bebe.\" \/>\n<meta property=\"og:url\" content=\"https:\/\/www.noticiasradioreflejos.com.ar\/2021\/torneo-de-futbol-8-este-viernes-entrega-de-premios-y-show-en-vivo\/\" \/>\n<meta property=\"og:site_name\" content=\"Noticias Radio Reflejos\" \/>\n<meta property=\"article:published_time\" content=\"2020-02-20T14:03:05+00:00\" \/>\n<meta property=\"og:image\" content=\"http:\/\/live.staticflickr.com\/65535\/49560932896_b8f66e6da3.jpg\" \/>\n<meta name=\"author\" content=\"Arnaldo Botto\" \/>\n<meta name=\"twitter:card\" content=\"summary_large_image\" \/>\n<script type=\"application\/ld+json\" class=\"yoast-schema-graph\">{\"@context\":\"https:\/\/schema.org\",\"@graph\":[{\"@type\":\"WebPage\",\"@id\":\"https:\/\/www.noticiasradioreflejos.com.ar\/2021\/torneo-de-futbol-8-este-viernes-entrega-de-premios-y-show-en-vivo\/\",\"url\":\"https:\/\/www.noticiasradioreflejos.com.ar\/2021\/torneo-de-futbol-8-este-viernes-entrega-de-premios-y-show-en-vivo\/\",\"name\":\"Torneo de F\u00fatbol 8: Este viernes, entrega de premios y show en vivo - Noticias Radio Reflejos\",\"isPartOf\":{\"@id\":\"https:\/\/www.noticiasradioreflejos.com.ar\/2021\/#website\"},\"primaryImageOfPage\":{\"@id\":\"https:\/\/www.noticiasradioreflejos.com.ar\/2021\/torneo-de-futbol-8-este-viernes-entrega-de-premios-y-show-en-vivo\/#primaryimage\"},\"image\":{\"@id\":\"https:\/\/www.noticiasradioreflejos.com.ar\/2021\/torneo-de-futbol-8-este-viernes-entrega-de-premios-y-show-en-vivo\/#primaryimage\"},\"thumbnailUrl\":\"http:\/\/live.staticflickr.com\/65535\/49560932896_b8f66e6da3.jpg\",\"datePublished\":\"2020-02-20T14:03:05+00:00\",\"author\":{\"@id\":\"https:\/\/www.noticiasradioreflejos.com.ar\/2021\/#\/schema\/person\/ad82545263dcc5ec0996818884fd5fb1\"},\"breadcrumb\":{\"@id\":\"https:\/\/www.noticiasradioreflejos.com.ar\/2021\/torneo-de-futbol-8-este-viernes-entrega-de-premios-y-show-en-vivo\/#breadcrumb\"},\"inLanguage\":\"es\",\"potentialAction\":[{\"@type\":\"ReadAction\",\"target\":[\"https:\/\/www.noticiasradioreflejos.com.ar\/2021\/torneo-de-futbol-8-este-viernes-entrega-de-premios-y-show-en-vivo\/\"]}]},{\"@type\":\"ImageObject\",\"inLanguage\":\"es\",\"@id\":\"https:\/\/www.noticiasradioreflejos.com.ar\/2021\/torneo-de-futbol-8-este-viernes-entrega-de-premios-y-show-en-vivo\/#primaryimage\",\"url\":\"http:\/\/live.staticflickr.com\/65535\/49560932896_b8f66e6da3.jpg\",\"contentUrl\":\"http:\/\/live.staticflickr.com\/65535\/49560932896_b8f66e6da3.jpg\"},{\"@type\":\"BreadcrumbList\",\"@id\":\"https:\/\/www.noticiasradioreflejos.com.ar\/2021\/torneo-de-futbol-8-este-viernes-entrega-de-premios-y-show-en-vivo\/#breadcrumb\",\"itemListElement\":[{\"@type\":\"ListItem\",\"position\":1,\"name\":\"Portada\",\"item\":\"https:\/\/www.noticiasradioreflejos.com.ar\/2021\/\"},{\"@type\":\"ListItem\",\"position\":2,\"name\":\"Torneo de F\u00fatbol 8: Este viernes, entrega de premios y show en vivo\"}]},{\"@type\":\"WebSite\",\"@id\":\"https:\/\/www.noticiasradioreflejos.com.ar\/2021\/#website\",\"url\":\"https:\/\/www.noticiasradioreflejos.com.ar\/2021\/\",\"name\":\"Noticias Radio Reflejos\",\"description\":\"Las noticias de mi comarca\",\"potentialAction\":[{\"@type\":\"SearchAction\",\"target\":{\"@type\":\"EntryPoint\",\"urlTemplate\":\"https:\/\/www.noticiasradioreflejos.com.ar\/2021\/?s={search_term_string}\"},\"query-input\":{\"@type\":\"PropertyValueSpecification\",\"valueRequired\":true,\"valueName\":\"search_term_string\"}}],\"inLanguage\":\"es\"},{\"@type\":\"Person\",\"@id\":\"https:\/\/www.noticiasradioreflejos.com.ar\/2021\/#\/schema\/person\/ad82545263dcc5ec0996818884fd5fb1\",\"name\":\"Arnaldo Botto\",\"image\":{\"@type\":\"ImageObject\",\"inLanguage\":\"es\",\"@id\":\"https:\/\/www.noticiasradioreflejos.com.ar\/2021\/#\/schema\/person\/image\/\",\"url\":\"https:\/\/secure.gravatar.com\/avatar\/55cb5e37c1efa326397366e6974cb338056df65cb50e7d64d1cf314e87504837?s=96&d=mm&r=g\",\"contentUrl\":\"https:\/\/secure.gravatar.com\/avatar\/55cb5e37c1efa326397366e6974cb338056df65cb50e7d64d1cf314e87504837?s=96&d=mm&r=g\",\"caption\":\"Arnaldo Botto\"},\"url\":\"https:\/\/www.noticiasradioreflejos.com.ar\/2021\/author\/arnaldo\/\"}]}<\/script>\n<!-- \/ Yoast SEO plugin. -->","yoast_head_json":{"title":"Torneo de F\u00fatbol 8: Este viernes, entrega de premios y show en vivo - Noticias Radio Reflejos","robots":{"index":"index","follow":"follow","max-snippet":"max-snippet:-1","max-image-preview":"max-image-preview:large","max-video-preview":"max-video-preview:-1"},"canonical":"https:\/\/www.noticiasradioreflejos.com.ar\/2021\/torneo-de-futbol-8-este-viernes-entrega-de-premios-y-show-en-vivo\/","og_locale":"es_ES","og_type":"article","og_title":"Torneo de F\u00fatbol 8: Este viernes, entrega de premios y show en vivo - Noticias Radio Reflejos","og_description":"Este viernes, 21 de febrero, se realizar\u00e1 la entrega de premios del Torneo de F\u00fatbol 8 que organiz\u00f3 el Club Uni\u00f3n y en el que se consagr\u00f3 campe\u00f3n Construcciones El Bebe.","og_url":"https:\/\/www.noticiasradioreflejos.com.ar\/2021\/torneo-de-futbol-8-este-viernes-entrega-de-premios-y-show-en-vivo\/","og_site_name":"Noticias Radio Reflejos","article_published_time":"2020-02-20T14:03:05+00:00","og_image":[{"url":"http:\/\/live.staticflickr.com\/65535\/49560932896_b8f66e6da3.jpg","type":"","width":"","height":""}],"author":"Arnaldo Botto","twitter_card":"summary_large_image","schema":{"@context":"https:\/\/schema.org","@graph":[{"@type":"WebPage","@id":"https:\/\/www.noticiasradioreflejos.com.ar\/2021\/torneo-de-futbol-8-este-viernes-entrega-de-premios-y-show-en-vivo\/","url":"https:\/\/www.noticiasradioreflejos.com.ar\/2021\/torneo-de-futbol-8-este-viernes-entrega-de-premios-y-show-en-vivo\/","name":"Torneo de F\u00fatbol 8: Este viernes, entrega de premios y show en vivo - Noticias Radio Reflejos","isPartOf":{"@id":"https:\/\/www.noticiasradioreflejos.com.ar\/2021\/#website"},"primaryImageOfPage":{"@id":"https:\/\/www.noticiasradioreflejos.com.ar\/2021\/torneo-de-futbol-8-este-viernes-entrega-de-premios-y-show-en-vivo\/#primaryimage"},"image":{"@id":"https:\/\/www.noticiasradioreflejos.com.ar\/2021\/torneo-de-futbol-8-este-viernes-entrega-de-premios-y-show-en-vivo\/#primaryimage"},"thumbnailUrl":"http:\/\/live.staticflickr.com\/65535\/49560932896_b8f66e6da3.jpg","datePublished":"2020-02-20T14:03:05+00:00","author":{"@id":"https:\/\/www.noticiasradioreflejos.com.ar\/2021\/#\/schema\/person\/ad82545263dcc5ec0996818884fd5fb1"},"breadcrumb":{"@id":"https:\/\/www.noticiasradioreflejos.com.ar\/2021\/torneo-de-futbol-8-este-viernes-entrega-de-premios-y-show-en-vivo\/#breadcrumb"},"inLanguage":"es","potentialAction":[{"@type":"ReadAction","target":["https:\/\/www.noticiasradioreflejos.com.ar\/2021\/torneo-de-futbol-8-este-viernes-entrega-de-premios-y-show-en-vivo\/"]}]},{"@type":"ImageObject","inLanguage":"es","@id":"https:\/\/www.noticiasradioreflejos.com.ar\/2021\/torneo-de-futbol-8-este-viernes-entrega-de-premios-y-show-en-vivo\/#primaryimage","url":"http:\/\/live.staticflickr.com\/65535\/49560932896_b8f66e6da3.jpg","contentUrl":"http:\/\/live.staticflickr.com\/65535\/49560932896_b8f66e6da3.jpg"},{"@type":"BreadcrumbList","@id":"https:\/\/www.noticiasradioreflejos.com.ar\/2021\/torneo-de-futbol-8-este-viernes-entrega-de-premios-y-show-en-vivo\/#breadcrumb","itemListElement":[{"@type":"ListItem","position":1,"name":"Portada","item":"https:\/\/www.noticiasradioreflejos.com.ar\/2021\/"},{"@type":"ListItem","position":2,"name":"Torneo de F\u00fatbol 8: Este viernes, entrega de premios y show en vivo"}]},{"@type":"WebSite","@id":"https:\/\/www.noticiasradioreflejos.com.ar\/2021\/#website","url":"https:\/\/www.noticiasradioreflejos.com.ar\/2021\/","name":"Noticias Radio Reflejos","description":"Las noticias de mi comarca","potentialAction":[{"@type":"SearchAction","target":{"@type":"EntryPoint","urlTemplate":"https:\/\/www.noticiasradioreflejos.com.ar\/2021\/?s={search_term_string}"},"query-input":{"@type":"PropertyValueSpecification","valueRequired":true,"valueName":"search_term_string"}}],"inLanguage":"es"},{"@type":"Person","@id":"https:\/\/www.noticiasradioreflejos.com.ar\/2021\/#\/schema\/person\/ad82545263dcc5ec0996818884fd5fb1","name":"Arnaldo Botto","image":{"@type":"ImageObject","inLanguage":"es","@id":"https:\/\/www.noticiasradioreflejos.com.ar\/2021\/#\/schema\/person\/image\/","url":"https:\/\/secure.gravatar.com\/avatar\/55cb5e37c1efa326397366e6974cb338056df65cb50e7d64d1cf314e87504837?s=96&d=mm&r=g","contentUrl":"https:\/\/secure.gravatar.com\/avatar\/55cb5e37c1efa326397366e6974cb338056df65cb50e7d64d1cf314e87504837?s=96&d=mm&r=g","caption":"Arnaldo Botto"},"url":"https:\/\/www.noticiasradioreflejos.com.ar\/2021\/author\/arnaldo\/"}]}},"_links":{"self":[{"href":"https:\/\/www.noticiasradioreflejos.com.ar\/2021\/wp-json\/wp\/v2\/posts\/38764","targetHints":{"allow":["GET"]}}],"collection":[{"href":"https:\/\/www.noticiasradioreflejos.com.ar\/2021\/wp-json\/wp\/v2\/posts"}],"about":[{"href":"https:\/\/www.noticiasradioreflejos.com.ar\/2021\/wp-json\/wp\/v2\/types\/post"}],"author":[{"embeddable":true,"href":"https:\/\/www.noticiasradioreflejos.com.ar\/2021\/wp-json\/wp\/v2\/users\/3"}],"replies":[{"embeddable":true,"href":"https:\/\/www.noticiasradioreflejos.com.ar\/2021\/wp-json\/wp\/v2\/comments?post=38764"}],"version-history":[{"count":0,"href":"https:\/\/www.noticiasradioreflejos.com.ar\/2021\/wp-json\/wp\/v2\/posts\/38764\/revisions"}],"wp:attachment":[{"href":"https:\/\/www.noticiasradioreflejos.com.ar\/2021\/wp-json\/wp\/v2\/media?parent=38764"}],"wp:term":[{"taxonomy":"category","embeddable":true,"href":"https:\/\/www.noticiasradioreflejos.com.ar\/2021\/wp-json\/wp\/v2\/categories?post=38764"},{"taxonomy":"post_tag","embeddable":true,"href":"https:\/\/www.noticiasradioreflejos.com.ar\/2021\/wp-json\/wp\/v2\/tags?post=38764"}],"curies":[{"name":"wp","href":"https:\/\/api.w.org\/{rel}","templated":true}]}}