{"id":38746,"date":"2020-02-19T12:16:01","date_gmt":"2020-02-19T15:16:01","guid":{"rendered":"http:\/\/www.noticiasradioreflejos.com.ar\/noticias\/?p=38746"},"modified":"2020-02-19T12:16:01","modified_gmt":"2020-02-19T15:16:01","slug":"beneficiarios-del-ips-renovacion-y-altas-de-asignaciones-familiares","status":"publish","type":"post","link":"https:\/\/www.noticiasradioreflejos.com.ar\/2021\/beneficiarios-del-ips-renovacion-y-altas-de-asignaciones-familiares\/","title":{"rendered":"Beneficiarios del IPS &#8211; Renovaci\u00f3n y altas de asignaciones familiares."},"content":{"rendered":"<p>Tornquist Municipio informa a los jubilados y\/o pensionados del Instituto de Previsi\u00f3n Social (IPS) que se encuentren percibiendo Asignaci\u00f3n Familiar por hijo, discapacidad o por c\u00f3nyuge, que deber\u00e1n presentar la documentaci\u00f3n respaldatoria antes del 31 de marzo del corriente a\u00f1o, a fin de garantizar la continuidad del cobro del beneficio durante el 2020<!--more--><\/p>\n<p>La documentaci\u00f3n deber\u00e1 ser presentada, para su alta o renovaci\u00f3n, en la oficina de Discapacidad, Jubilaciones y Pensiones, situada en Valent\u00edn Vergara 28, de lunes a viernes de 7 a 14 hs.<br \/>\nPara mayor informaci\u00f3n, comunicarse al 4941075 interno 161, en el horario antes mencionado.<br \/>\nREQUISITOS:<br \/>\nDEL TITULAR:<br \/>\n \u2022 Que sea titular de un beneficio previsional (Jubilaci\u00f3n o Pensi\u00f3n) otorgado por el IPS (prestaci\u00f3n contributiva).<br \/>\n\u2022 Que los familiares por los cuales solicita la Asignaci\u00f3n Familiar los tenga a cargo.<br \/>\nDEL C\u00d3NYUGE:<br \/>\n\u2022 Debe estar legalmente casado, no incluye Conviviente, de hecho ni uni\u00f3n convivencial registrada.<br \/>\nDEL HIJO:<br \/>\n\u2022 Debe ser menor de dieciocho (18) a\u00f1os y soltero.<br \/>\n\u2022 Puede ser adoptado o estar en Guarda, Tenencia o Tutela acordada por Autoridad Judicial o Administrativa competente.<br \/>\nHIJO CON CAPACIDADES RESTRINGIDAS:<br \/>\n \u2022 No debe estar casado.<br \/>\n\u2022 Debe acreditar su condici\u00f3n de capacidad restringida.<br \/>\n \u2022 Puede ser adoptado o estar en Guarda, Tenencia o Tutela acordada por Autoridad Judicial o Administrativa competente.<\/p>\n<p> DOCUMENTACI\u00d3N NECESARIA Y OBLIGATORIA PARA INICIACI\u00d3N DEL TR\u00c1MITE: En todos los casos, sin perjuicio del tipo de familiar a cargo, se deber\u00e1 acompa\u00f1ar:<br \/>\n\u2022 Formulario E-109 (Se descarga de la p\u00e1gina Web)<br \/>\n\u2022 Fotocopia del Documento de Identidad del Titular, del C\u00f3nyuge o Progenitor Af\u00edn (en caso de corresponder) (frente y reverso).<br \/>\n \u2022 Constancias de CUIL del Titular, del C\u00f3nyuge o Progenitor Af\u00edn (en caso de corresponder) y del Integrante del grupo familiar por quien se pide la Asignaci\u00f3n.<br \/>\n\u2022 Certificado Negativo de ANSES del Titular. (En caso de que del mismo surja que se encuentra en actividad o percibiendo un beneficio, deber\u00e1 agregar recibo de sueldo o haberes, o justificaci\u00f3n de ingresos aut\u00f3nomos).<br \/>\n \u2022 Certificado Negativo de ANSES del C\u00f3nyuge o Progenitor Af\u00edn.( En caso de que del mismo surja que se encuentra en actividad o percibiendo un beneficio, deber\u00e1 agregar recibo de sueldo o haberes, o justificaci\u00f3n de ingresos aut\u00f3nomos).<br \/>\nIMPORTANTE: Cuando no sea posible agregar recibo de sueldo o de haberes del progenitor, aduciendo desconocimiento de paradero del mismo, se deber\u00e1 agregar sentencia de juicio por alimentos y denuncia por incumplimiento.<br \/>\nPARA ASIGNACI\u00d3N POR C\u00d3NYUGE:<br \/>\n \u2022 Partida de matrimonio actualizada y legalizada. En caso de divorcio vincular o separaci\u00f3n de hecho o legal, el derecho a percibir asignaci\u00f3n familiar por c\u00f3nyuge se mantendr\u00e1 para el beneficiario obligado a pasar alimentos. Cesar\u00e1 el derecho a percibir asignaci\u00f3n por este concepto, si cesare la obligaci\u00f3n alimentaria.<br \/>\nPARA ASIGNACI\u00d3N POR HIJO:<br \/>\n\u2022 Original y fotocopia de la Partida de Nacimiento actualizada y legalizada.<br \/>\n\u2022 Tutela, Tenencia o guarda (ante Juez de Familia) expedida por autoridad judicial (en caso de corresponder).<br \/>\nHIJO CON CAPACIDADES RESTRINGIDAS (en caso de corresponder):<br \/>\n\u2022 Curatela y testimonio de aceptaci\u00f3n del cargo (en caso de corresponder).<br \/>\n\u2022 Certificado \u00danico de Discapacidad (CUD) emitido exclusivamente por el Servicio Nacional de Rehabilitaci\u00f3n (SNR). El mismo deber\u00e1 ser presentado nuevamente cada vez que pierda vigencia el anterior.<br \/>\nHIJO ADOPTIVO (en caso de corresponder):<br \/>\n\u2022 Fotocopia autenticada del Testimonio de Sentencia de Adopci\u00f3n.<br \/>\nPARA ASIGNACI\u00d3N AYUDA ESCOLAR: \u2022 Acreditaci\u00f3n de Escolaridad \/ Escolaridad Especial, firmado y sellado por el establecimiento educativo o de rehabilitaci\u00f3n al que concurra el hijo\/a, presentando dichos certificados el sello oval de DIPREGEP o de DIRECCION GENERAL DE ESCUELAS. Deber\u00e1 ser presentado a partir del inicio del ciclo lectivo y hasta el 31 de marzo de cada a\u00f1o. Legalizado. <\/p>\n","protected":false},"excerpt":{"rendered":"<p>Tornquist Municipio informa a los jubilados y\/o pensionados del Instituto de Previsi\u00f3n Social (IPS) que se encuentren percibiendo Asignaci\u00f3n Familiar por hijo, discapacidad o por c\u00f3nyuge, que deber\u00e1n presentar la documentaci\u00f3n respaldatoria antes del 31 de marzo del corriente a\u00f1o, a fin de garantizar la continuidad del cobro del beneficio durante el 2020<\/p>\n","protected":false},"author":3,"featured_media":38747,"comment_status":"closed","ping_status":"open","sticky":false,"template":"","format":"standard","meta":{"footnotes":""},"categories":[26],"tags":[],"class_list":["post-38746","post","type-post","status-publish","format-standard","has-post-thumbnail","hentry","category-sociedad"],"yoast_head":"<!-- This site is optimized with the Yoast SEO plugin v25.9 - https:\/\/yoast.com\/wordpress\/plugins\/seo\/ -->\n<title>Beneficiarios del IPS - Renovaci\u00f3n y altas de asignaciones familiares. - Noticias Radio Reflejos<\/title>\n<meta name=\"robots\" content=\"index, follow, max-snippet:-1, max-image-preview:large, max-video-preview:-1\" \/>\n<link rel=\"canonical\" href=\"https:\/\/www.noticiasradioreflejos.com.ar\/2021\/beneficiarios-del-ips-renovacion-y-altas-de-asignaciones-familiares\/\" \/>\n<meta property=\"og:locale\" content=\"es_ES\" \/>\n<meta property=\"og:type\" content=\"article\" \/>\n<meta property=\"og:title\" content=\"Beneficiarios del IPS - Renovaci\u00f3n y altas de asignaciones familiares. - Noticias Radio Reflejos\" \/>\n<meta property=\"og:description\" content=\"Tornquist Municipio informa a los jubilados y\/o pensionados del Instituto de Previsi\u00f3n Social (IPS) que se encuentren percibiendo Asignaci\u00f3n Familiar por hijo, discapacidad o por c\u00f3nyuge, que deber\u00e1n presentar la documentaci\u00f3n respaldatoria antes del 31 de marzo del corriente a\u00f1o, a fin de garantizar la continuidad del cobro del beneficio durante el 2020\" \/>\n<meta property=\"og:url\" content=\"https:\/\/www.noticiasradioreflejos.com.ar\/2021\/beneficiarios-del-ips-renovacion-y-altas-de-asignaciones-familiares\/\" \/>\n<meta property=\"og:site_name\" content=\"Noticias Radio Reflejos\" \/>\n<meta property=\"article:published_time\" content=\"2020-02-19T15:16:01+00:00\" \/>\n<meta property=\"og:image\" content=\"https:\/\/www.noticiasradioreflejos.com.ar\/2021\/wp-content\/uploads\/2020\/02\/IPS.jpg\" \/>\n\t<meta property=\"og:image:width\" content=\"400\" \/>\n\t<meta property=\"og:image:height\" content=\"400\" \/>\n\t<meta property=\"og:image:type\" content=\"image\/jpeg\" \/>\n<meta name=\"author\" content=\"Arnaldo Botto\" \/>\n<meta name=\"twitter:card\" content=\"summary_large_image\" \/>\n<script type=\"application\/ld+json\" class=\"yoast-schema-graph\">{\"@context\":\"https:\/\/schema.org\",\"@graph\":[{\"@type\":\"WebPage\",\"@id\":\"https:\/\/www.noticiasradioreflejos.com.ar\/2021\/beneficiarios-del-ips-renovacion-y-altas-de-asignaciones-familiares\/\",\"url\":\"https:\/\/www.noticiasradioreflejos.com.ar\/2021\/beneficiarios-del-ips-renovacion-y-altas-de-asignaciones-familiares\/\",\"name\":\"Beneficiarios del IPS - Renovaci\u00f3n y altas de asignaciones familiares. - Noticias Radio Reflejos\",\"isPartOf\":{\"@id\":\"https:\/\/www.noticiasradioreflejos.com.ar\/2021\/#website\"},\"primaryImageOfPage\":{\"@id\":\"https:\/\/www.noticiasradioreflejos.com.ar\/2021\/beneficiarios-del-ips-renovacion-y-altas-de-asignaciones-familiares\/#primaryimage\"},\"image\":{\"@id\":\"https:\/\/www.noticiasradioreflejos.com.ar\/2021\/beneficiarios-del-ips-renovacion-y-altas-de-asignaciones-familiares\/#primaryimage\"},\"thumbnailUrl\":\"https:\/\/www.noticiasradioreflejos.com.ar\/2021\/wp-content\/uploads\/2020\/02\/IPS.jpg\",\"datePublished\":\"2020-02-19T15:16:01+00:00\",\"author\":{\"@id\":\"https:\/\/www.noticiasradioreflejos.com.ar\/2021\/#\/schema\/person\/ad82545263dcc5ec0996818884fd5fb1\"},\"breadcrumb\":{\"@id\":\"https:\/\/www.noticiasradioreflejos.com.ar\/2021\/beneficiarios-del-ips-renovacion-y-altas-de-asignaciones-familiares\/#breadcrumb\"},\"inLanguage\":\"es\",\"potentialAction\":[{\"@type\":\"ReadAction\",\"target\":[\"https:\/\/www.noticiasradioreflejos.com.ar\/2021\/beneficiarios-del-ips-renovacion-y-altas-de-asignaciones-familiares\/\"]}]},{\"@type\":\"ImageObject\",\"inLanguage\":\"es\",\"@id\":\"https:\/\/www.noticiasradioreflejos.com.ar\/2021\/beneficiarios-del-ips-renovacion-y-altas-de-asignaciones-familiares\/#primaryimage\",\"url\":\"https:\/\/www.noticiasradioreflejos.com.ar\/2021\/wp-content\/uploads\/2020\/02\/IPS.jpg\",\"contentUrl\":\"https:\/\/www.noticiasradioreflejos.com.ar\/2021\/wp-content\/uploads\/2020\/02\/IPS.jpg\",\"width\":400,\"height\":400},{\"@type\":\"BreadcrumbList\",\"@id\":\"https:\/\/www.noticiasradioreflejos.com.ar\/2021\/beneficiarios-del-ips-renovacion-y-altas-de-asignaciones-familiares\/#breadcrumb\",\"itemListElement\":[{\"@type\":\"ListItem\",\"position\":1,\"name\":\"Portada\",\"item\":\"https:\/\/www.noticiasradioreflejos.com.ar\/2021\/\"},{\"@type\":\"ListItem\",\"position\":2,\"name\":\"Beneficiarios del IPS &#8211; Renovaci\u00f3n y altas de asignaciones familiares.\"}]},{\"@type\":\"WebSite\",\"@id\":\"https:\/\/www.noticiasradioreflejos.com.ar\/2021\/#website\",\"url\":\"https:\/\/www.noticiasradioreflejos.com.ar\/2021\/\",\"name\":\"Noticias Radio Reflejos\",\"description\":\"Las noticias de mi comarca\",\"potentialAction\":[{\"@type\":\"SearchAction\",\"target\":{\"@type\":\"EntryPoint\",\"urlTemplate\":\"https:\/\/www.noticiasradioreflejos.com.ar\/2021\/?s={search_term_string}\"},\"query-input\":{\"@type\":\"PropertyValueSpecification\",\"valueRequired\":true,\"valueName\":\"search_term_string\"}}],\"inLanguage\":\"es\"},{\"@type\":\"Person\",\"@id\":\"https:\/\/www.noticiasradioreflejos.com.ar\/2021\/#\/schema\/person\/ad82545263dcc5ec0996818884fd5fb1\",\"name\":\"Arnaldo Botto\",\"image\":{\"@type\":\"ImageObject\",\"inLanguage\":\"es\",\"@id\":\"https:\/\/www.noticiasradioreflejos.com.ar\/2021\/#\/schema\/person\/image\/\",\"url\":\"https:\/\/secure.gravatar.com\/avatar\/55cb5e37c1efa326397366e6974cb338056df65cb50e7d64d1cf314e87504837?s=96&d=mm&r=g\",\"contentUrl\":\"https:\/\/secure.gravatar.com\/avatar\/55cb5e37c1efa326397366e6974cb338056df65cb50e7d64d1cf314e87504837?s=96&d=mm&r=g\",\"caption\":\"Arnaldo Botto\"},\"url\":\"https:\/\/www.noticiasradioreflejos.com.ar\/2021\/author\/arnaldo\/\"}]}<\/script>\n<!-- \/ Yoast SEO plugin. -->","yoast_head_json":{"title":"Beneficiarios del IPS - Renovaci\u00f3n y altas de asignaciones familiares. - Noticias Radio Reflejos","robots":{"index":"index","follow":"follow","max-snippet":"max-snippet:-1","max-image-preview":"max-image-preview:large","max-video-preview":"max-video-preview:-1"},"canonical":"https:\/\/www.noticiasradioreflejos.com.ar\/2021\/beneficiarios-del-ips-renovacion-y-altas-de-asignaciones-familiares\/","og_locale":"es_ES","og_type":"article","og_title":"Beneficiarios del IPS - Renovaci\u00f3n y altas de asignaciones familiares. - Noticias Radio Reflejos","og_description":"Tornquist Municipio informa a los jubilados y\/o pensionados del Instituto de Previsi\u00f3n Social (IPS) que se encuentren percibiendo Asignaci\u00f3n Familiar por hijo, discapacidad o por c\u00f3nyuge, que deber\u00e1n presentar la documentaci\u00f3n respaldatoria antes del 31 de marzo del corriente a\u00f1o, a fin de garantizar la continuidad del cobro del beneficio durante el 2020","og_url":"https:\/\/www.noticiasradioreflejos.com.ar\/2021\/beneficiarios-del-ips-renovacion-y-altas-de-asignaciones-familiares\/","og_site_name":"Noticias Radio Reflejos","article_published_time":"2020-02-19T15:16:01+00:00","og_image":[{"width":400,"height":400,"url":"https:\/\/www.noticiasradioreflejos.com.ar\/2021\/wp-content\/uploads\/2020\/02\/IPS.jpg","type":"image\/jpeg"}],"author":"Arnaldo Botto","twitter_card":"summary_large_image","schema":{"@context":"https:\/\/schema.org","@graph":[{"@type":"WebPage","@id":"https:\/\/www.noticiasradioreflejos.com.ar\/2021\/beneficiarios-del-ips-renovacion-y-altas-de-asignaciones-familiares\/","url":"https:\/\/www.noticiasradioreflejos.com.ar\/2021\/beneficiarios-del-ips-renovacion-y-altas-de-asignaciones-familiares\/","name":"Beneficiarios del IPS - Renovaci\u00f3n y altas de asignaciones familiares. - Noticias Radio Reflejos","isPartOf":{"@id":"https:\/\/www.noticiasradioreflejos.com.ar\/2021\/#website"},"primaryImageOfPage":{"@id":"https:\/\/www.noticiasradioreflejos.com.ar\/2021\/beneficiarios-del-ips-renovacion-y-altas-de-asignaciones-familiares\/#primaryimage"},"image":{"@id":"https:\/\/www.noticiasradioreflejos.com.ar\/2021\/beneficiarios-del-ips-renovacion-y-altas-de-asignaciones-familiares\/#primaryimage"},"thumbnailUrl":"https:\/\/www.noticiasradioreflejos.com.ar\/2021\/wp-content\/uploads\/2020\/02\/IPS.jpg","datePublished":"2020-02-19T15:16:01+00:00","author":{"@id":"https:\/\/www.noticiasradioreflejos.com.ar\/2021\/#\/schema\/person\/ad82545263dcc5ec0996818884fd5fb1"},"breadcrumb":{"@id":"https:\/\/www.noticiasradioreflejos.com.ar\/2021\/beneficiarios-del-ips-renovacion-y-altas-de-asignaciones-familiares\/#breadcrumb"},"inLanguage":"es","potentialAction":[{"@type":"ReadAction","target":["https:\/\/www.noticiasradioreflejos.com.ar\/2021\/beneficiarios-del-ips-renovacion-y-altas-de-asignaciones-familiares\/"]}]},{"@type":"ImageObject","inLanguage":"es","@id":"https:\/\/www.noticiasradioreflejos.com.ar\/2021\/beneficiarios-del-ips-renovacion-y-altas-de-asignaciones-familiares\/#primaryimage","url":"https:\/\/www.noticiasradioreflejos.com.ar\/2021\/wp-content\/uploads\/2020\/02\/IPS.jpg","contentUrl":"https:\/\/www.noticiasradioreflejos.com.ar\/2021\/wp-content\/uploads\/2020\/02\/IPS.jpg","width":400,"height":400},{"@type":"BreadcrumbList","@id":"https:\/\/www.noticiasradioreflejos.com.ar\/2021\/beneficiarios-del-ips-renovacion-y-altas-de-asignaciones-familiares\/#breadcrumb","itemListElement":[{"@type":"ListItem","position":1,"name":"Portada","item":"https:\/\/www.noticiasradioreflejos.com.ar\/2021\/"},{"@type":"ListItem","position":2,"name":"Beneficiarios del IPS &#8211; Renovaci\u00f3n y altas de asignaciones familiares."}]},{"@type":"WebSite","@id":"https:\/\/www.noticiasradioreflejos.com.ar\/2021\/#website","url":"https:\/\/www.noticiasradioreflejos.com.ar\/2021\/","name":"Noticias Radio Reflejos","description":"Las noticias de mi comarca","potentialAction":[{"@type":"SearchAction","target":{"@type":"EntryPoint","urlTemplate":"https:\/\/www.noticiasradioreflejos.com.ar\/2021\/?s={search_term_string}"},"query-input":{"@type":"PropertyValueSpecification","valueRequired":true,"valueName":"search_term_string"}}],"inLanguage":"es"},{"@type":"Person","@id":"https:\/\/www.noticiasradioreflejos.com.ar\/2021\/#\/schema\/person\/ad82545263dcc5ec0996818884fd5fb1","name":"Arnaldo Botto","image":{"@type":"ImageObject","inLanguage":"es","@id":"https:\/\/www.noticiasradioreflejos.com.ar\/2021\/#\/schema\/person\/image\/","url":"https:\/\/secure.gravatar.com\/avatar\/55cb5e37c1efa326397366e6974cb338056df65cb50e7d64d1cf314e87504837?s=96&d=mm&r=g","contentUrl":"https:\/\/secure.gravatar.com\/avatar\/55cb5e37c1efa326397366e6974cb338056df65cb50e7d64d1cf314e87504837?s=96&d=mm&r=g","caption":"Arnaldo Botto"},"url":"https:\/\/www.noticiasradioreflejos.com.ar\/2021\/author\/arnaldo\/"}]}},"_links":{"self":[{"href":"https:\/\/www.noticiasradioreflejos.com.ar\/2021\/wp-json\/wp\/v2\/posts\/38746","targetHints":{"allow":["GET"]}}],"collection":[{"href":"https:\/\/www.noticiasradioreflejos.com.ar\/2021\/wp-json\/wp\/v2\/posts"}],"about":[{"href":"https:\/\/www.noticiasradioreflejos.com.ar\/2021\/wp-json\/wp\/v2\/types\/post"}],"author":[{"embeddable":true,"href":"https:\/\/www.noticiasradioreflejos.com.ar\/2021\/wp-json\/wp\/v2\/users\/3"}],"replies":[{"embeddable":true,"href":"https:\/\/www.noticiasradioreflejos.com.ar\/2021\/wp-json\/wp\/v2\/comments?post=38746"}],"version-history":[{"count":0,"href":"https:\/\/www.noticiasradioreflejos.com.ar\/2021\/wp-json\/wp\/v2\/posts\/38746\/revisions"}],"wp:featuredmedia":[{"embeddable":true,"href":"https:\/\/www.noticiasradioreflejos.com.ar\/2021\/wp-json\/wp\/v2\/media\/38747"}],"wp:attachment":[{"href":"https:\/\/www.noticiasradioreflejos.com.ar\/2021\/wp-json\/wp\/v2\/media?parent=38746"}],"wp:term":[{"taxonomy":"category","embeddable":true,"href":"https:\/\/www.noticiasradioreflejos.com.ar\/2021\/wp-json\/wp\/v2\/categories?post=38746"},{"taxonomy":"post_tag","embeddable":true,"href":"https:\/\/www.noticiasradioreflejos.com.ar\/2021\/wp-json\/wp\/v2\/tags?post=38746"}],"curies":[{"name":"wp","href":"https:\/\/api.w.org\/{rel}","templated":true}]}}