{"id":38742,"date":"2020-02-19T09:30:35","date_gmt":"2020-02-19T12:30:35","guid":{"rendered":"http:\/\/www.noticiasradioreflejos.com.ar\/noticias\/?p=38742"},"modified":"2020-02-19T09:30:35","modified_gmt":"2020-02-19T12:30:35","slug":"secuestran-un-vehiculo-por-el-delito-de-estafa-y-plantas-de-marihuana-en-el-balneario-de-saldungaray","status":"publish","type":"post","link":"https:\/\/www.noticiasradioreflejos.com.ar\/2021\/secuestran-un-vehiculo-por-el-delito-de-estafa-y-plantas-de-marihuana-en-el-balneario-de-saldungaray\/","title":{"rendered":"Secuestran un veh\u00edculo por el delito de estafa y plantas de marihuana en el Balneario de Saldungaray."},"content":{"rendered":"<p>Desde la Secretar\u00eda de Seguridad de la Municipalidad de Tornquist, llevamos a conocimiento de la poblaci\u00f3n lo ocurrido en los \u00faltimos d\u00edas, referente a hechos y operativos policiales que se detallan a continuaci\u00f3n: <!--more--><\/p>\n<p>SECUESTRO DE VEHICULO POR EL DELITO DE ESTAFA<br \/>\nSe informa que en el d\u00eda de la fecha (martes 18), personal policial de la Estaci\u00f3n Comunal de Tornquist, procedi\u00f3 a la identificaci\u00f3n de una pareja for\u00e1nea del medio, trat\u00e1ndose de Marcelo N\u00e9stor Mart\u00ednez, de 36 a\u00f1os, y su pareja Priscila Natalie Torrisi M\u00e9ndez, de 24 a\u00f1os, ambos oriundos de San Carlos de Bariloche, quienes circulaban a bordo de una camioneta Ford Ranger, dominio IKR-191, y al ser cursado los datos filiatorios de la pareja, como as\u00ed el dominio del rodado por Sala Inform\u00e1tica de la Polic\u00eda, se constata que el veh\u00edculo ten\u00eda un PEDIDO DE SECUESTRO ACTIVO solicitado por el Ministerio P\u00fablico Fiscal de la ciudad de Comodoro Rivadavia por el delito de ESTAFA, por lo que el veh\u00edculo qued\u00f3 secuestrado en la seccional policial local, a disposici\u00f3n del magistrado interviniente.-<\/p>\n<p>INFRACCION A LA LEY DE ESTUPEFACIONES N\u00ba 23.737.-<br \/>\nCon fecha 17\/2\/2020, sobre intersecci\u00f3n de calles Corrales y Rinc\u00f3n de Saldungaray, personal policial de la Sub Estaci\u00f3n Policial de dicha localidad procedi\u00f3 a la detenci\u00f3n del joven NAHUEL YAIR TORRES, de 20 a\u00f1os de edad, oriundo de Bah\u00eda Blanca, quien fuera sorprendido por los uniformados al momento de requis\u00e1rsele sus pertenec\u00edas, con un tubo met\u00e1lico curvo de unos 10 cm, utilizado com\u00fanmente como pipa \u2013 tuquera-, conteniendo en su interior picadillo de una sustancia verdosa tipo yerba que llevaba en su poder, y que posteriormente, realizado el test de orientaci\u00f3n en reactivos el mismo, dio POSITIVO para marihuana, arrojando un pesaje total de 2 gramos. Se procedi\u00f3 al decomiso de la sustancia. Interviene la Unidad Funcional de Instrucci\u00f3n y Juicio Nro. 19 (especializada en delitos de estupefacientes) del Departamento Judicial Bah\u00eda Blanca. El joven Torres, luego de realizar los recaudos legales pertinentes, recuper\u00f3 su LIBERTAD.-<br \/>\n<a title=\"Imagen1\" href=\"http:\/\/live.staticflickr.com\/65535\/49555913178_bfb657afc8_s.jpg\" rel=\"\"><img loading=\"lazy\" decoding=\"async\" class=\"aligncenter\" title=\"Imagen1\" src=\"http:\/\/live.staticflickr.com\/65535\/49555913178_bfb657afc8.jpg\" alt=\"Imagen1\" width=\"427\" height=\"500\" \/><\/a><\/p>\n<p>Por otro lado, dicho d\u00eda en momentos en que el m\u00f3vil policial de la mencionada seccional se encontraba recorriendo el Balneario Municipal de Saldungaray, puede divisar entre la vegetaci\u00f3n dos plantas similares en caracter\u00edsticas y contextura a la de Marihuana, procediendo a su secuestro, arrojando un resultado total de 170 gramos en pesaje, y POSITIVO para Marihuana en su test de orientaci\u00f3n en reactivos, labr\u00e1ndose Actuaciones Prevencionales por Infracci\u00f3n a la Ley Federal de Estupefacientes N\u00ba 23.737, con intervenci\u00f3n de la Ufij N\u00ba 19 de Bah\u00eda Blanca.-<\/p>\n<p>SECRETARIA DE SEGURIDAD \u2013 MUNICIPALIDAD DE TORNQUIST<br \/>\n18 DE FEBRERO DE 2020.-<\/p>\n","protected":false},"excerpt":{"rendered":"<p>Desde la Secretar\u00eda de Seguridad de la Municipalidad de Tornquist, llevamos a conocimiento de la poblaci\u00f3n lo ocurrido en los \u00faltimos d\u00edas, referente a hechos y operativos policiales que se detallan a continuaci\u00f3n:<\/p>\n","protected":false},"author":3,"featured_media":0,"comment_status":"closed","ping_status":"open","sticky":false,"template":"","format":"standard","meta":{"footnotes":""},"categories":[29],"tags":[],"class_list":["post-38742","post","type-post","status-publish","format-standard","hentry","category-policiales"],"yoast_head":"<!-- This site is optimized with the Yoast SEO plugin v25.9 - https:\/\/yoast.com\/wordpress\/plugins\/seo\/ -->\n<title>Secuestran un veh\u00edculo por el delito de estafa y plantas de marihuana en el Balneario de Saldungaray. - Noticias Radio Reflejos<\/title>\n<meta name=\"robots\" content=\"index, follow, max-snippet:-1, max-image-preview:large, max-video-preview:-1\" \/>\n<link rel=\"canonical\" href=\"https:\/\/www.noticiasradioreflejos.com.ar\/2021\/secuestran-un-vehiculo-por-el-delito-de-estafa-y-plantas-de-marihuana-en-el-balneario-de-saldungaray\/\" \/>\n<meta property=\"og:locale\" content=\"es_ES\" \/>\n<meta property=\"og:type\" content=\"article\" \/>\n<meta property=\"og:title\" content=\"Secuestran un veh\u00edculo por el delito de estafa y plantas de marihuana en el Balneario de Saldungaray. - Noticias Radio Reflejos\" \/>\n<meta property=\"og:description\" content=\"Desde la Secretar\u00eda de Seguridad de la Municipalidad de Tornquist, llevamos a conocimiento de la poblaci\u00f3n lo ocurrido en los \u00faltimos d\u00edas, referente a hechos y operativos policiales que se detallan a continuaci\u00f3n:\" \/>\n<meta property=\"og:url\" content=\"https:\/\/www.noticiasradioreflejos.com.ar\/2021\/secuestran-un-vehiculo-por-el-delito-de-estafa-y-plantas-de-marihuana-en-el-balneario-de-saldungaray\/\" \/>\n<meta property=\"og:site_name\" content=\"Noticias Radio Reflejos\" \/>\n<meta property=\"article:published_time\" content=\"2020-02-19T12:30:35+00:00\" \/>\n<meta property=\"og:image\" content=\"http:\/\/live.staticflickr.com\/65535\/49555913178_bfb657afc8.jpg\" \/>\n<meta name=\"author\" content=\"Arnaldo Botto\" \/>\n<meta name=\"twitter:card\" content=\"summary_large_image\" \/>\n<script type=\"application\/ld+json\" class=\"yoast-schema-graph\">{\"@context\":\"https:\/\/schema.org\",\"@graph\":[{\"@type\":\"WebPage\",\"@id\":\"https:\/\/www.noticiasradioreflejos.com.ar\/2021\/secuestran-un-vehiculo-por-el-delito-de-estafa-y-plantas-de-marihuana-en-el-balneario-de-saldungaray\/\",\"url\":\"https:\/\/www.noticiasradioreflejos.com.ar\/2021\/secuestran-un-vehiculo-por-el-delito-de-estafa-y-plantas-de-marihuana-en-el-balneario-de-saldungaray\/\",\"name\":\"Secuestran un veh\u00edculo por el delito de estafa y plantas de marihuana en el Balneario de Saldungaray. - Noticias Radio Reflejos\",\"isPartOf\":{\"@id\":\"https:\/\/www.noticiasradioreflejos.com.ar\/2021\/#website\"},\"primaryImageOfPage\":{\"@id\":\"https:\/\/www.noticiasradioreflejos.com.ar\/2021\/secuestran-un-vehiculo-por-el-delito-de-estafa-y-plantas-de-marihuana-en-el-balneario-de-saldungaray\/#primaryimage\"},\"image\":{\"@id\":\"https:\/\/www.noticiasradioreflejos.com.ar\/2021\/secuestran-un-vehiculo-por-el-delito-de-estafa-y-plantas-de-marihuana-en-el-balneario-de-saldungaray\/#primaryimage\"},\"thumbnailUrl\":\"http:\/\/live.staticflickr.com\/65535\/49555913178_bfb657afc8.jpg\",\"datePublished\":\"2020-02-19T12:30:35+00:00\",\"author\":{\"@id\":\"https:\/\/www.noticiasradioreflejos.com.ar\/2021\/#\/schema\/person\/ad82545263dcc5ec0996818884fd5fb1\"},\"breadcrumb\":{\"@id\":\"https:\/\/www.noticiasradioreflejos.com.ar\/2021\/secuestran-un-vehiculo-por-el-delito-de-estafa-y-plantas-de-marihuana-en-el-balneario-de-saldungaray\/#breadcrumb\"},\"inLanguage\":\"es\",\"potentialAction\":[{\"@type\":\"ReadAction\",\"target\":[\"https:\/\/www.noticiasradioreflejos.com.ar\/2021\/secuestran-un-vehiculo-por-el-delito-de-estafa-y-plantas-de-marihuana-en-el-balneario-de-saldungaray\/\"]}]},{\"@type\":\"ImageObject\",\"inLanguage\":\"es\",\"@id\":\"https:\/\/www.noticiasradioreflejos.com.ar\/2021\/secuestran-un-vehiculo-por-el-delito-de-estafa-y-plantas-de-marihuana-en-el-balneario-de-saldungaray\/#primaryimage\",\"url\":\"http:\/\/live.staticflickr.com\/65535\/49555913178_bfb657afc8.jpg\",\"contentUrl\":\"http:\/\/live.staticflickr.com\/65535\/49555913178_bfb657afc8.jpg\"},{\"@type\":\"BreadcrumbList\",\"@id\":\"https:\/\/www.noticiasradioreflejos.com.ar\/2021\/secuestran-un-vehiculo-por-el-delito-de-estafa-y-plantas-de-marihuana-en-el-balneario-de-saldungaray\/#breadcrumb\",\"itemListElement\":[{\"@type\":\"ListItem\",\"position\":1,\"name\":\"Portada\",\"item\":\"https:\/\/www.noticiasradioreflejos.com.ar\/2021\/\"},{\"@type\":\"ListItem\",\"position\":2,\"name\":\"Secuestran un veh\u00edculo por el delito de estafa y plantas de marihuana en el Balneario de Saldungaray.\"}]},{\"@type\":\"WebSite\",\"@id\":\"https:\/\/www.noticiasradioreflejos.com.ar\/2021\/#website\",\"url\":\"https:\/\/www.noticiasradioreflejos.com.ar\/2021\/\",\"name\":\"Noticias Radio Reflejos\",\"description\":\"Las noticias de mi comarca\",\"potentialAction\":[{\"@type\":\"SearchAction\",\"target\":{\"@type\":\"EntryPoint\",\"urlTemplate\":\"https:\/\/www.noticiasradioreflejos.com.ar\/2021\/?s={search_term_string}\"},\"query-input\":{\"@type\":\"PropertyValueSpecification\",\"valueRequired\":true,\"valueName\":\"search_term_string\"}}],\"inLanguage\":\"es\"},{\"@type\":\"Person\",\"@id\":\"https:\/\/www.noticiasradioreflejos.com.ar\/2021\/#\/schema\/person\/ad82545263dcc5ec0996818884fd5fb1\",\"name\":\"Arnaldo Botto\",\"image\":{\"@type\":\"ImageObject\",\"inLanguage\":\"es\",\"@id\":\"https:\/\/www.noticiasradioreflejos.com.ar\/2021\/#\/schema\/person\/image\/\",\"url\":\"https:\/\/secure.gravatar.com\/avatar\/55cb5e37c1efa326397366e6974cb338056df65cb50e7d64d1cf314e87504837?s=96&d=mm&r=g\",\"contentUrl\":\"https:\/\/secure.gravatar.com\/avatar\/55cb5e37c1efa326397366e6974cb338056df65cb50e7d64d1cf314e87504837?s=96&d=mm&r=g\",\"caption\":\"Arnaldo Botto\"},\"url\":\"https:\/\/www.noticiasradioreflejos.com.ar\/2021\/author\/arnaldo\/\"}]}<\/script>\n<!-- \/ Yoast SEO plugin. -->","yoast_head_json":{"title":"Secuestran un veh\u00edculo por el delito de estafa y plantas de marihuana en el Balneario de Saldungaray. - Noticias Radio Reflejos","robots":{"index":"index","follow":"follow","max-snippet":"max-snippet:-1","max-image-preview":"max-image-preview:large","max-video-preview":"max-video-preview:-1"},"canonical":"https:\/\/www.noticiasradioreflejos.com.ar\/2021\/secuestran-un-vehiculo-por-el-delito-de-estafa-y-plantas-de-marihuana-en-el-balneario-de-saldungaray\/","og_locale":"es_ES","og_type":"article","og_title":"Secuestran un veh\u00edculo por el delito de estafa y plantas de marihuana en el Balneario de Saldungaray. - Noticias Radio Reflejos","og_description":"Desde la Secretar\u00eda de Seguridad de la Municipalidad de Tornquist, llevamos a conocimiento de la poblaci\u00f3n lo ocurrido en los \u00faltimos d\u00edas, referente a hechos y operativos policiales que se detallan a continuaci\u00f3n:","og_url":"https:\/\/www.noticiasradioreflejos.com.ar\/2021\/secuestran-un-vehiculo-por-el-delito-de-estafa-y-plantas-de-marihuana-en-el-balneario-de-saldungaray\/","og_site_name":"Noticias Radio Reflejos","article_published_time":"2020-02-19T12:30:35+00:00","og_image":[{"url":"http:\/\/live.staticflickr.com\/65535\/49555913178_bfb657afc8.jpg","type":"","width":"","height":""}],"author":"Arnaldo Botto","twitter_card":"summary_large_image","schema":{"@context":"https:\/\/schema.org","@graph":[{"@type":"WebPage","@id":"https:\/\/www.noticiasradioreflejos.com.ar\/2021\/secuestran-un-vehiculo-por-el-delito-de-estafa-y-plantas-de-marihuana-en-el-balneario-de-saldungaray\/","url":"https:\/\/www.noticiasradioreflejos.com.ar\/2021\/secuestran-un-vehiculo-por-el-delito-de-estafa-y-plantas-de-marihuana-en-el-balneario-de-saldungaray\/","name":"Secuestran un veh\u00edculo por el delito de estafa y plantas de marihuana en el Balneario de Saldungaray. - Noticias Radio Reflejos","isPartOf":{"@id":"https:\/\/www.noticiasradioreflejos.com.ar\/2021\/#website"},"primaryImageOfPage":{"@id":"https:\/\/www.noticiasradioreflejos.com.ar\/2021\/secuestran-un-vehiculo-por-el-delito-de-estafa-y-plantas-de-marihuana-en-el-balneario-de-saldungaray\/#primaryimage"},"image":{"@id":"https:\/\/www.noticiasradioreflejos.com.ar\/2021\/secuestran-un-vehiculo-por-el-delito-de-estafa-y-plantas-de-marihuana-en-el-balneario-de-saldungaray\/#primaryimage"},"thumbnailUrl":"http:\/\/live.staticflickr.com\/65535\/49555913178_bfb657afc8.jpg","datePublished":"2020-02-19T12:30:35+00:00","author":{"@id":"https:\/\/www.noticiasradioreflejos.com.ar\/2021\/#\/schema\/person\/ad82545263dcc5ec0996818884fd5fb1"},"breadcrumb":{"@id":"https:\/\/www.noticiasradioreflejos.com.ar\/2021\/secuestran-un-vehiculo-por-el-delito-de-estafa-y-plantas-de-marihuana-en-el-balneario-de-saldungaray\/#breadcrumb"},"inLanguage":"es","potentialAction":[{"@type":"ReadAction","target":["https:\/\/www.noticiasradioreflejos.com.ar\/2021\/secuestran-un-vehiculo-por-el-delito-de-estafa-y-plantas-de-marihuana-en-el-balneario-de-saldungaray\/"]}]},{"@type":"ImageObject","inLanguage":"es","@id":"https:\/\/www.noticiasradioreflejos.com.ar\/2021\/secuestran-un-vehiculo-por-el-delito-de-estafa-y-plantas-de-marihuana-en-el-balneario-de-saldungaray\/#primaryimage","url":"http:\/\/live.staticflickr.com\/65535\/49555913178_bfb657afc8.jpg","contentUrl":"http:\/\/live.staticflickr.com\/65535\/49555913178_bfb657afc8.jpg"},{"@type":"BreadcrumbList","@id":"https:\/\/www.noticiasradioreflejos.com.ar\/2021\/secuestran-un-vehiculo-por-el-delito-de-estafa-y-plantas-de-marihuana-en-el-balneario-de-saldungaray\/#breadcrumb","itemListElement":[{"@type":"ListItem","position":1,"name":"Portada","item":"https:\/\/www.noticiasradioreflejos.com.ar\/2021\/"},{"@type":"ListItem","position":2,"name":"Secuestran un veh\u00edculo por el delito de estafa y plantas de marihuana en el Balneario de Saldungaray."}]},{"@type":"WebSite","@id":"https:\/\/www.noticiasradioreflejos.com.ar\/2021\/#website","url":"https:\/\/www.noticiasradioreflejos.com.ar\/2021\/","name":"Noticias Radio Reflejos","description":"Las noticias de mi comarca","potentialAction":[{"@type":"SearchAction","target":{"@type":"EntryPoint","urlTemplate":"https:\/\/www.noticiasradioreflejos.com.ar\/2021\/?s={search_term_string}"},"query-input":{"@type":"PropertyValueSpecification","valueRequired":true,"valueName":"search_term_string"}}],"inLanguage":"es"},{"@type":"Person","@id":"https:\/\/www.noticiasradioreflejos.com.ar\/2021\/#\/schema\/person\/ad82545263dcc5ec0996818884fd5fb1","name":"Arnaldo Botto","image":{"@type":"ImageObject","inLanguage":"es","@id":"https:\/\/www.noticiasradioreflejos.com.ar\/2021\/#\/schema\/person\/image\/","url":"https:\/\/secure.gravatar.com\/avatar\/55cb5e37c1efa326397366e6974cb338056df65cb50e7d64d1cf314e87504837?s=96&d=mm&r=g","contentUrl":"https:\/\/secure.gravatar.com\/avatar\/55cb5e37c1efa326397366e6974cb338056df65cb50e7d64d1cf314e87504837?s=96&d=mm&r=g","caption":"Arnaldo Botto"},"url":"https:\/\/www.noticiasradioreflejos.com.ar\/2021\/author\/arnaldo\/"}]}},"_links":{"self":[{"href":"https:\/\/www.noticiasradioreflejos.com.ar\/2021\/wp-json\/wp\/v2\/posts\/38742","targetHints":{"allow":["GET"]}}],"collection":[{"href":"https:\/\/www.noticiasradioreflejos.com.ar\/2021\/wp-json\/wp\/v2\/posts"}],"about":[{"href":"https:\/\/www.noticiasradioreflejos.com.ar\/2021\/wp-json\/wp\/v2\/types\/post"}],"author":[{"embeddable":true,"href":"https:\/\/www.noticiasradioreflejos.com.ar\/2021\/wp-json\/wp\/v2\/users\/3"}],"replies":[{"embeddable":true,"href":"https:\/\/www.noticiasradioreflejos.com.ar\/2021\/wp-json\/wp\/v2\/comments?post=38742"}],"version-history":[{"count":0,"href":"https:\/\/www.noticiasradioreflejos.com.ar\/2021\/wp-json\/wp\/v2\/posts\/38742\/revisions"}],"wp:attachment":[{"href":"https:\/\/www.noticiasradioreflejos.com.ar\/2021\/wp-json\/wp\/v2\/media?parent=38742"}],"wp:term":[{"taxonomy":"category","embeddable":true,"href":"https:\/\/www.noticiasradioreflejos.com.ar\/2021\/wp-json\/wp\/v2\/categories?post=38742"},{"taxonomy":"post_tag","embeddable":true,"href":"https:\/\/www.noticiasradioreflejos.com.ar\/2021\/wp-json\/wp\/v2\/tags?post=38742"}],"curies":[{"name":"wp","href":"https:\/\/api.w.org\/{rel}","templated":true}]}}