{"id":38735,"date":"2020-02-19T08:51:32","date_gmt":"2020-02-19T11:51:32","guid":{"rendered":"http:\/\/www.noticiasradioreflejos.com.ar\/noticias\/?p=38735"},"modified":"2020-02-19T08:51:32","modified_gmt":"2020-02-19T11:51:32","slug":"sierra-de-la-ventana-una-turista-fotografio-un-ovni","status":"publish","type":"post","link":"https:\/\/www.noticiasradioreflejos.com.ar\/2021\/sierra-de-la-ventana-una-turista-fotografio-un-ovni\/","title":{"rendered":"Sierra de la Ventana: Una turista fotografi\u00f3 un OVNI&#8230;??"},"content":{"rendered":"<p><a title=\"Allison 3\" href=\"http:\/\/live.staticflickr.com\/65535\/49556538932_ea80cfdd16_s.jpg\" rel=\"\"><img loading=\"lazy\" decoding=\"async\" class=\"alignleft\" style=\"float: left;\" title=\"Allison 3\" src=\"http:\/\/live.staticflickr.com\/65535\/49556538932_ea80cfdd16.jpg\" alt=\"Allison 3\" width=\"500\" height=\"236\" \/><\/a>En una selfie, una turista capt\u00f3 un objeto extra\u00f1o, oscuro, con la forma de un sombrero o plato invertido y se puede observar a simple vista. Lo descubri\u00f3 al mirar detenidamente la fotograf\u00eda y nos pidi\u00f3 un an\u00e1lisis sobre el fen\u00f3meno.<!--more--><br \/>\nAllison se encontraba paseando por Sierra de la Ventana durante la soleada ma\u00f1ana de este martes 18 de febrero, una y otra vez, desde su tel\u00e9fono m\u00f3vil, capt\u00f3 los paisajes que la fueron deslumbrando en su recorrido. Al transitar por el terrapl\u00e9n de las v\u00edas de ferrocarril, con el cerro Ceferino como centro, se saca una autofoto; y sac\u00f3 muchas otras.<br \/>\nEn determinado momento, al hacer una pausa y comenzar a recorrer las im\u00e1genes que hab\u00eda en su galer\u00eda, le llam\u00f3 la atenci\u00f3n una; es que en el despejado cielo serrano se pod\u00eda ver algo diferente.<br \/>\nAcerc\u00f3 lo m\u00e1s que pudo desde su pantalla la captura, y no lograba distinguir lo que observaba.No estaba en otras fotograf\u00edas, solo en esa. Un objeto oscuro, con la forma de un sombrero o plato invertido es lo que se puede observar a simple vista.<br \/>\nA un ave no parece, una mancha..?? podr\u00eda ser.<\/p>\n<p>Se observa junto al objeto oscuro, otra im\u00e1gen clara que podr\u00eda tratarse de una mancha en el lente de la c\u00e1mara, lo que nos lleva a definir que ambas im\u00e1genes ser\u00edan del mismo origen.<\/p>\n<p>Otra definici\u00f3n la obtendremos en pocos d\u00edas, ya que la fotograf\u00eda fu\u00e9 enviada a un centro de estudios especializados.<\/p>\n<p>Por el momento nos queda la duda.<\/p>\n<p><a title=\"Allison 4\" href=\"http:\/\/live.staticflickr.com\/65535\/49555807388_30e8f6c446_s.jpg\" rel=\"\"><img loading=\"lazy\" decoding=\"async\" class=\"aligncenter\" title=\"Allison 4\" src=\"http:\/\/live.staticflickr.com\/65535\/49555807388_30e8f6c446_c.jpg\" alt=\"Allison 4\" width=\"800\" height=\"426\" \/><\/a><\/p>\n<p>&nbsp;<\/p>\n","protected":false},"excerpt":{"rendered":"<p>En una selfie, una turista capt\u00f3 un objeto extra\u00f1o, oscuro, con la forma de un sombrero o plato invertido y se puede observar a simple vista. Lo descubri\u00f3 al mirar detenidamente la fotograf\u00eda y nos pidi\u00f3 un an\u00e1lisis sobre el fen\u00f3meno.<\/p>\n","protected":false},"author":3,"featured_media":0,"comment_status":"closed","ping_status":"open","sticky":false,"template":"","format":"standard","meta":{"footnotes":""},"categories":[26],"tags":[],"class_list":["post-38735","post","type-post","status-publish","format-standard","hentry","category-sociedad"],"yoast_head":"<!-- This site is optimized with the Yoast SEO plugin v25.9 - https:\/\/yoast.com\/wordpress\/plugins\/seo\/ -->\n<title>Sierra de la Ventana: Una turista fotografi\u00f3 un OVNI...?? - Noticias Radio Reflejos<\/title>\n<meta name=\"robots\" content=\"index, follow, max-snippet:-1, max-image-preview:large, max-video-preview:-1\" \/>\n<link rel=\"canonical\" href=\"https:\/\/www.noticiasradioreflejos.com.ar\/2021\/sierra-de-la-ventana-una-turista-fotografio-un-ovni\/\" \/>\n<meta property=\"og:locale\" content=\"es_ES\" \/>\n<meta property=\"og:type\" content=\"article\" \/>\n<meta property=\"og:title\" content=\"Sierra de la Ventana: Una turista fotografi\u00f3 un OVNI...?? - Noticias Radio Reflejos\" \/>\n<meta property=\"og:description\" content=\"En una selfie, una turista capt\u00f3 un objeto extra\u00f1o, oscuro, con la forma de un sombrero o plato invertido y se puede observar a simple vista. Lo descubri\u00f3 al mirar detenidamente la fotograf\u00eda y nos pidi\u00f3 un an\u00e1lisis sobre el fen\u00f3meno.\" \/>\n<meta property=\"og:url\" content=\"https:\/\/www.noticiasradioreflejos.com.ar\/2021\/sierra-de-la-ventana-una-turista-fotografio-un-ovni\/\" \/>\n<meta property=\"og:site_name\" content=\"Noticias Radio Reflejos\" \/>\n<meta property=\"article:published_time\" content=\"2020-02-19T11:51:32+00:00\" \/>\n<meta property=\"og:image\" content=\"http:\/\/live.staticflickr.com\/65535\/49556538932_ea80cfdd16.jpg\" \/>\n<meta name=\"author\" content=\"Arnaldo Botto\" \/>\n<meta name=\"twitter:card\" content=\"summary_large_image\" \/>\n<script type=\"application\/ld+json\" class=\"yoast-schema-graph\">{\"@context\":\"https:\/\/schema.org\",\"@graph\":[{\"@type\":\"WebPage\",\"@id\":\"https:\/\/www.noticiasradioreflejos.com.ar\/2021\/sierra-de-la-ventana-una-turista-fotografio-un-ovni\/\",\"url\":\"https:\/\/www.noticiasradioreflejos.com.ar\/2021\/sierra-de-la-ventana-una-turista-fotografio-un-ovni\/\",\"name\":\"Sierra de la Ventana: Una turista fotografi\u00f3 un OVNI...?? - Noticias Radio Reflejos\",\"isPartOf\":{\"@id\":\"https:\/\/www.noticiasradioreflejos.com.ar\/2021\/#website\"},\"primaryImageOfPage\":{\"@id\":\"https:\/\/www.noticiasradioreflejos.com.ar\/2021\/sierra-de-la-ventana-una-turista-fotografio-un-ovni\/#primaryimage\"},\"image\":{\"@id\":\"https:\/\/www.noticiasradioreflejos.com.ar\/2021\/sierra-de-la-ventana-una-turista-fotografio-un-ovni\/#primaryimage\"},\"thumbnailUrl\":\"http:\/\/live.staticflickr.com\/65535\/49556538932_ea80cfdd16.jpg\",\"datePublished\":\"2020-02-19T11:51:32+00:00\",\"author\":{\"@id\":\"https:\/\/www.noticiasradioreflejos.com.ar\/2021\/#\/schema\/person\/ad82545263dcc5ec0996818884fd5fb1\"},\"breadcrumb\":{\"@id\":\"https:\/\/www.noticiasradioreflejos.com.ar\/2021\/sierra-de-la-ventana-una-turista-fotografio-un-ovni\/#breadcrumb\"},\"inLanguage\":\"es\",\"potentialAction\":[{\"@type\":\"ReadAction\",\"target\":[\"https:\/\/www.noticiasradioreflejos.com.ar\/2021\/sierra-de-la-ventana-una-turista-fotografio-un-ovni\/\"]}]},{\"@type\":\"ImageObject\",\"inLanguage\":\"es\",\"@id\":\"https:\/\/www.noticiasradioreflejos.com.ar\/2021\/sierra-de-la-ventana-una-turista-fotografio-un-ovni\/#primaryimage\",\"url\":\"http:\/\/live.staticflickr.com\/65535\/49556538932_ea80cfdd16.jpg\",\"contentUrl\":\"http:\/\/live.staticflickr.com\/65535\/49556538932_ea80cfdd16.jpg\"},{\"@type\":\"BreadcrumbList\",\"@id\":\"https:\/\/www.noticiasradioreflejos.com.ar\/2021\/sierra-de-la-ventana-una-turista-fotografio-un-ovni\/#breadcrumb\",\"itemListElement\":[{\"@type\":\"ListItem\",\"position\":1,\"name\":\"Portada\",\"item\":\"https:\/\/www.noticiasradioreflejos.com.ar\/2021\/\"},{\"@type\":\"ListItem\",\"position\":2,\"name\":\"Sierra de la Ventana: Una turista fotografi\u00f3 un OVNI&#8230;??\"}]},{\"@type\":\"WebSite\",\"@id\":\"https:\/\/www.noticiasradioreflejos.com.ar\/2021\/#website\",\"url\":\"https:\/\/www.noticiasradioreflejos.com.ar\/2021\/\",\"name\":\"Noticias Radio Reflejos\",\"description\":\"Las noticias de mi comarca\",\"potentialAction\":[{\"@type\":\"SearchAction\",\"target\":{\"@type\":\"EntryPoint\",\"urlTemplate\":\"https:\/\/www.noticiasradioreflejos.com.ar\/2021\/?s={search_term_string}\"},\"query-input\":{\"@type\":\"PropertyValueSpecification\",\"valueRequired\":true,\"valueName\":\"search_term_string\"}}],\"inLanguage\":\"es\"},{\"@type\":\"Person\",\"@id\":\"https:\/\/www.noticiasradioreflejos.com.ar\/2021\/#\/schema\/person\/ad82545263dcc5ec0996818884fd5fb1\",\"name\":\"Arnaldo Botto\",\"image\":{\"@type\":\"ImageObject\",\"inLanguage\":\"es\",\"@id\":\"https:\/\/www.noticiasradioreflejos.com.ar\/2021\/#\/schema\/person\/image\/\",\"url\":\"https:\/\/secure.gravatar.com\/avatar\/55cb5e37c1efa326397366e6974cb338056df65cb50e7d64d1cf314e87504837?s=96&d=mm&r=g\",\"contentUrl\":\"https:\/\/secure.gravatar.com\/avatar\/55cb5e37c1efa326397366e6974cb338056df65cb50e7d64d1cf314e87504837?s=96&d=mm&r=g\",\"caption\":\"Arnaldo Botto\"},\"url\":\"https:\/\/www.noticiasradioreflejos.com.ar\/2021\/author\/arnaldo\/\"}]}<\/script>\n<!-- \/ Yoast SEO plugin. -->","yoast_head_json":{"title":"Sierra de la Ventana: Una turista fotografi\u00f3 un OVNI...?? - Noticias Radio Reflejos","robots":{"index":"index","follow":"follow","max-snippet":"max-snippet:-1","max-image-preview":"max-image-preview:large","max-video-preview":"max-video-preview:-1"},"canonical":"https:\/\/www.noticiasradioreflejos.com.ar\/2021\/sierra-de-la-ventana-una-turista-fotografio-un-ovni\/","og_locale":"es_ES","og_type":"article","og_title":"Sierra de la Ventana: Una turista fotografi\u00f3 un OVNI...?? - Noticias Radio Reflejos","og_description":"En una selfie, una turista capt\u00f3 un objeto extra\u00f1o, oscuro, con la forma de un sombrero o plato invertido y se puede observar a simple vista. Lo descubri\u00f3 al mirar detenidamente la fotograf\u00eda y nos pidi\u00f3 un an\u00e1lisis sobre el fen\u00f3meno.","og_url":"https:\/\/www.noticiasradioreflejos.com.ar\/2021\/sierra-de-la-ventana-una-turista-fotografio-un-ovni\/","og_site_name":"Noticias Radio Reflejos","article_published_time":"2020-02-19T11:51:32+00:00","og_image":[{"url":"http:\/\/live.staticflickr.com\/65535\/49556538932_ea80cfdd16.jpg","type":"","width":"","height":""}],"author":"Arnaldo Botto","twitter_card":"summary_large_image","schema":{"@context":"https:\/\/schema.org","@graph":[{"@type":"WebPage","@id":"https:\/\/www.noticiasradioreflejos.com.ar\/2021\/sierra-de-la-ventana-una-turista-fotografio-un-ovni\/","url":"https:\/\/www.noticiasradioreflejos.com.ar\/2021\/sierra-de-la-ventana-una-turista-fotografio-un-ovni\/","name":"Sierra de la Ventana: Una turista fotografi\u00f3 un OVNI...?? - Noticias Radio Reflejos","isPartOf":{"@id":"https:\/\/www.noticiasradioreflejos.com.ar\/2021\/#website"},"primaryImageOfPage":{"@id":"https:\/\/www.noticiasradioreflejos.com.ar\/2021\/sierra-de-la-ventana-una-turista-fotografio-un-ovni\/#primaryimage"},"image":{"@id":"https:\/\/www.noticiasradioreflejos.com.ar\/2021\/sierra-de-la-ventana-una-turista-fotografio-un-ovni\/#primaryimage"},"thumbnailUrl":"http:\/\/live.staticflickr.com\/65535\/49556538932_ea80cfdd16.jpg","datePublished":"2020-02-19T11:51:32+00:00","author":{"@id":"https:\/\/www.noticiasradioreflejos.com.ar\/2021\/#\/schema\/person\/ad82545263dcc5ec0996818884fd5fb1"},"breadcrumb":{"@id":"https:\/\/www.noticiasradioreflejos.com.ar\/2021\/sierra-de-la-ventana-una-turista-fotografio-un-ovni\/#breadcrumb"},"inLanguage":"es","potentialAction":[{"@type":"ReadAction","target":["https:\/\/www.noticiasradioreflejos.com.ar\/2021\/sierra-de-la-ventana-una-turista-fotografio-un-ovni\/"]}]},{"@type":"ImageObject","inLanguage":"es","@id":"https:\/\/www.noticiasradioreflejos.com.ar\/2021\/sierra-de-la-ventana-una-turista-fotografio-un-ovni\/#primaryimage","url":"http:\/\/live.staticflickr.com\/65535\/49556538932_ea80cfdd16.jpg","contentUrl":"http:\/\/live.staticflickr.com\/65535\/49556538932_ea80cfdd16.jpg"},{"@type":"BreadcrumbList","@id":"https:\/\/www.noticiasradioreflejos.com.ar\/2021\/sierra-de-la-ventana-una-turista-fotografio-un-ovni\/#breadcrumb","itemListElement":[{"@type":"ListItem","position":1,"name":"Portada","item":"https:\/\/www.noticiasradioreflejos.com.ar\/2021\/"},{"@type":"ListItem","position":2,"name":"Sierra de la Ventana: Una turista fotografi\u00f3 un OVNI&#8230;??"}]},{"@type":"WebSite","@id":"https:\/\/www.noticiasradioreflejos.com.ar\/2021\/#website","url":"https:\/\/www.noticiasradioreflejos.com.ar\/2021\/","name":"Noticias Radio Reflejos","description":"Las noticias de mi comarca","potentialAction":[{"@type":"SearchAction","target":{"@type":"EntryPoint","urlTemplate":"https:\/\/www.noticiasradioreflejos.com.ar\/2021\/?s={search_term_string}"},"query-input":{"@type":"PropertyValueSpecification","valueRequired":true,"valueName":"search_term_string"}}],"inLanguage":"es"},{"@type":"Person","@id":"https:\/\/www.noticiasradioreflejos.com.ar\/2021\/#\/schema\/person\/ad82545263dcc5ec0996818884fd5fb1","name":"Arnaldo Botto","image":{"@type":"ImageObject","inLanguage":"es","@id":"https:\/\/www.noticiasradioreflejos.com.ar\/2021\/#\/schema\/person\/image\/","url":"https:\/\/secure.gravatar.com\/avatar\/55cb5e37c1efa326397366e6974cb338056df65cb50e7d64d1cf314e87504837?s=96&d=mm&r=g","contentUrl":"https:\/\/secure.gravatar.com\/avatar\/55cb5e37c1efa326397366e6974cb338056df65cb50e7d64d1cf314e87504837?s=96&d=mm&r=g","caption":"Arnaldo Botto"},"url":"https:\/\/www.noticiasradioreflejos.com.ar\/2021\/author\/arnaldo\/"}]}},"_links":{"self":[{"href":"https:\/\/www.noticiasradioreflejos.com.ar\/2021\/wp-json\/wp\/v2\/posts\/38735","targetHints":{"allow":["GET"]}}],"collection":[{"href":"https:\/\/www.noticiasradioreflejos.com.ar\/2021\/wp-json\/wp\/v2\/posts"}],"about":[{"href":"https:\/\/www.noticiasradioreflejos.com.ar\/2021\/wp-json\/wp\/v2\/types\/post"}],"author":[{"embeddable":true,"href":"https:\/\/www.noticiasradioreflejos.com.ar\/2021\/wp-json\/wp\/v2\/users\/3"}],"replies":[{"embeddable":true,"href":"https:\/\/www.noticiasradioreflejos.com.ar\/2021\/wp-json\/wp\/v2\/comments?post=38735"}],"version-history":[{"count":0,"href":"https:\/\/www.noticiasradioreflejos.com.ar\/2021\/wp-json\/wp\/v2\/posts\/38735\/revisions"}],"wp:attachment":[{"href":"https:\/\/www.noticiasradioreflejos.com.ar\/2021\/wp-json\/wp\/v2\/media?parent=38735"}],"wp:term":[{"taxonomy":"category","embeddable":true,"href":"https:\/\/www.noticiasradioreflejos.com.ar\/2021\/wp-json\/wp\/v2\/categories?post=38735"},{"taxonomy":"post_tag","embeddable":true,"href":"https:\/\/www.noticiasradioreflejos.com.ar\/2021\/wp-json\/wp\/v2\/tags?post=38735"}],"curies":[{"name":"wp","href":"https:\/\/api.w.org\/{rel}","templated":true}]}}