{"id":38730,"date":"2020-02-19T07:58:37","date_gmt":"2020-02-19T10:58:37","guid":{"rendered":"http:\/\/www.noticiasradioreflejos.com.ar\/noticias\/?p=38730"},"modified":"2020-02-19T07:58:37","modified_gmt":"2020-02-19T10:58:37","slug":"agradecimiento-a-la-dra-lucrecia-dube","status":"publish","type":"post","link":"https:\/\/www.noticiasradioreflejos.com.ar\/2021\/agradecimiento-a-la-dra-lucrecia-dube\/","title":{"rendered":"Agradecimiento a la Dra. Lucrecia Dube."},"content":{"rendered":"<p>La Familia de Francisco Aiello quiere agradecer a la Dra. Lucrecia Dube de Sierra de la Ventana, por la atenci\u00f3n y contenci\u00f3n recibida en los momentos dif\u00edciles que la familia tuvo que atravesar, d\u00edas pasados, con la p\u00e9rdida de Francisco.<!--more--><br \/>\nLa familia entera no encuentra las palabras justas para expresar la inmensa gratitud con la que usted, lo trat\u00f3 a \u00e9l en sus momentos finales y acompa\u00f1\u00f3 a cada uno de los miembros de la familia cuando m\u00e1s la necesitamos.<br \/>\nQueremos hacer p\u00fablico nuestro respeto hacia su persona y felicitarla, no solo por su capacidad m\u00e9dica profesional, sino tambien por sus excelentes valores personales.<br \/>\nSimplemente GRACIAS por todo el amor que demostr\u00f3 hacia Francisco.<br \/>\n\u00a1Nunca olvidaremos su actuar!<\/p>\n<p>Aprovechamos para hacer extensivo el agradecimiento a todo el personal de la Sala M\u00e9dica de Sierra de la Ventana, quienes nos atendieron con calidez y responsabilidad en todo momento.<\/p>\n","protected":false},"excerpt":{"rendered":"<p>La Familia de Francisco Aiello quiere agradecer a la Dra. Lucrecia Dube de Sierra de la Ventana, por la atenci\u00f3n y contenci\u00f3n recibida en los momentos dif\u00edciles que la familia tuvo que atravesar, d\u00edas pasados, con la p\u00e9rdida de Francisco.<\/p>\n","protected":false},"author":3,"featured_media":32549,"comment_status":"closed","ping_status":"open","sticky":false,"template":"","format":"standard","meta":{"footnotes":""},"categories":[26],"tags":[],"class_list":["post-38730","post","type-post","status-publish","format-standard","has-post-thumbnail","hentry","category-sociedad"],"yoast_head":"<!-- This site is optimized with the Yoast SEO plugin v25.9 - https:\/\/yoast.com\/wordpress\/plugins\/seo\/ -->\n<title>Agradecimiento a la Dra. Lucrecia Dube. - Noticias Radio Reflejos<\/title>\n<meta name=\"robots\" content=\"index, follow, max-snippet:-1, max-image-preview:large, max-video-preview:-1\" \/>\n<link rel=\"canonical\" href=\"https:\/\/www.noticiasradioreflejos.com.ar\/2021\/agradecimiento-a-la-dra-lucrecia-dube\/\" \/>\n<meta property=\"og:locale\" content=\"es_ES\" \/>\n<meta property=\"og:type\" content=\"article\" \/>\n<meta property=\"og:title\" content=\"Agradecimiento a la Dra. Lucrecia Dube. - Noticias Radio Reflejos\" \/>\n<meta property=\"og:description\" content=\"La Familia de Francisco Aiello quiere agradecer a la Dra. Lucrecia Dube de Sierra de la Ventana, por la atenci\u00f3n y contenci\u00f3n recibida en los momentos dif\u00edciles que la familia tuvo que atravesar, d\u00edas pasados, con la p\u00e9rdida de Francisco.\" \/>\n<meta property=\"og:url\" content=\"https:\/\/www.noticiasradioreflejos.com.ar\/2021\/agradecimiento-a-la-dra-lucrecia-dube\/\" \/>\n<meta property=\"og:site_name\" content=\"Noticias Radio Reflejos\" \/>\n<meta property=\"article:published_time\" content=\"2020-02-19T10:58:37+00:00\" \/>\n<meta property=\"og:image\" content=\"https:\/\/www.noticiasradioreflejos.com.ar\/2021\/wp-content\/uploads\/2019\/06\/muchas-gracias.jpg\" \/>\n\t<meta property=\"og:image:width\" content=\"600\" \/>\n\t<meta property=\"og:image:height\" content=\"394\" \/>\n\t<meta property=\"og:image:type\" content=\"image\/jpeg\" \/>\n<meta name=\"author\" content=\"Arnaldo Botto\" \/>\n<meta name=\"twitter:card\" content=\"summary_large_image\" \/>\n<script type=\"application\/ld+json\" class=\"yoast-schema-graph\">{\"@context\":\"https:\/\/schema.org\",\"@graph\":[{\"@type\":\"WebPage\",\"@id\":\"https:\/\/www.noticiasradioreflejos.com.ar\/2021\/agradecimiento-a-la-dra-lucrecia-dube\/\",\"url\":\"https:\/\/www.noticiasradioreflejos.com.ar\/2021\/agradecimiento-a-la-dra-lucrecia-dube\/\",\"name\":\"Agradecimiento a la Dra. Lucrecia Dube. - Noticias Radio Reflejos\",\"isPartOf\":{\"@id\":\"https:\/\/www.noticiasradioreflejos.com.ar\/2021\/#website\"},\"primaryImageOfPage\":{\"@id\":\"https:\/\/www.noticiasradioreflejos.com.ar\/2021\/agradecimiento-a-la-dra-lucrecia-dube\/#primaryimage\"},\"image\":{\"@id\":\"https:\/\/www.noticiasradioreflejos.com.ar\/2021\/agradecimiento-a-la-dra-lucrecia-dube\/#primaryimage\"},\"thumbnailUrl\":\"https:\/\/www.noticiasradioreflejos.com.ar\/2021\/wp-content\/uploads\/2019\/06\/muchas-gracias.jpg\",\"datePublished\":\"2020-02-19T10:58:37+00:00\",\"author\":{\"@id\":\"https:\/\/www.noticiasradioreflejos.com.ar\/2021\/#\/schema\/person\/ad82545263dcc5ec0996818884fd5fb1\"},\"breadcrumb\":{\"@id\":\"https:\/\/www.noticiasradioreflejos.com.ar\/2021\/agradecimiento-a-la-dra-lucrecia-dube\/#breadcrumb\"},\"inLanguage\":\"es\",\"potentialAction\":[{\"@type\":\"ReadAction\",\"target\":[\"https:\/\/www.noticiasradioreflejos.com.ar\/2021\/agradecimiento-a-la-dra-lucrecia-dube\/\"]}]},{\"@type\":\"ImageObject\",\"inLanguage\":\"es\",\"@id\":\"https:\/\/www.noticiasradioreflejos.com.ar\/2021\/agradecimiento-a-la-dra-lucrecia-dube\/#primaryimage\",\"url\":\"https:\/\/www.noticiasradioreflejos.com.ar\/2021\/wp-content\/uploads\/2019\/06\/muchas-gracias.jpg\",\"contentUrl\":\"https:\/\/www.noticiasradioreflejos.com.ar\/2021\/wp-content\/uploads\/2019\/06\/muchas-gracias.jpg\",\"width\":600,\"height\":394},{\"@type\":\"BreadcrumbList\",\"@id\":\"https:\/\/www.noticiasradioreflejos.com.ar\/2021\/agradecimiento-a-la-dra-lucrecia-dube\/#breadcrumb\",\"itemListElement\":[{\"@type\":\"ListItem\",\"position\":1,\"name\":\"Portada\",\"item\":\"https:\/\/www.noticiasradioreflejos.com.ar\/2021\/\"},{\"@type\":\"ListItem\",\"position\":2,\"name\":\"Agradecimiento a la Dra. Lucrecia Dube.\"}]},{\"@type\":\"WebSite\",\"@id\":\"https:\/\/www.noticiasradioreflejos.com.ar\/2021\/#website\",\"url\":\"https:\/\/www.noticiasradioreflejos.com.ar\/2021\/\",\"name\":\"Noticias Radio Reflejos\",\"description\":\"Las noticias de mi comarca\",\"potentialAction\":[{\"@type\":\"SearchAction\",\"target\":{\"@type\":\"EntryPoint\",\"urlTemplate\":\"https:\/\/www.noticiasradioreflejos.com.ar\/2021\/?s={search_term_string}\"},\"query-input\":{\"@type\":\"PropertyValueSpecification\",\"valueRequired\":true,\"valueName\":\"search_term_string\"}}],\"inLanguage\":\"es\"},{\"@type\":\"Person\",\"@id\":\"https:\/\/www.noticiasradioreflejos.com.ar\/2021\/#\/schema\/person\/ad82545263dcc5ec0996818884fd5fb1\",\"name\":\"Arnaldo Botto\",\"image\":{\"@type\":\"ImageObject\",\"inLanguage\":\"es\",\"@id\":\"https:\/\/www.noticiasradioreflejos.com.ar\/2021\/#\/schema\/person\/image\/\",\"url\":\"https:\/\/secure.gravatar.com\/avatar\/55cb5e37c1efa326397366e6974cb338056df65cb50e7d64d1cf314e87504837?s=96&d=mm&r=g\",\"contentUrl\":\"https:\/\/secure.gravatar.com\/avatar\/55cb5e37c1efa326397366e6974cb338056df65cb50e7d64d1cf314e87504837?s=96&d=mm&r=g\",\"caption\":\"Arnaldo Botto\"},\"url\":\"https:\/\/www.noticiasradioreflejos.com.ar\/2021\/author\/arnaldo\/\"}]}<\/script>\n<!-- \/ Yoast SEO plugin. -->","yoast_head_json":{"title":"Agradecimiento a la Dra. Lucrecia Dube. - Noticias Radio Reflejos","robots":{"index":"index","follow":"follow","max-snippet":"max-snippet:-1","max-image-preview":"max-image-preview:large","max-video-preview":"max-video-preview:-1"},"canonical":"https:\/\/www.noticiasradioreflejos.com.ar\/2021\/agradecimiento-a-la-dra-lucrecia-dube\/","og_locale":"es_ES","og_type":"article","og_title":"Agradecimiento a la Dra. Lucrecia Dube. - Noticias Radio Reflejos","og_description":"La Familia de Francisco Aiello quiere agradecer a la Dra. Lucrecia Dube de Sierra de la Ventana, por la atenci\u00f3n y contenci\u00f3n recibida en los momentos dif\u00edciles que la familia tuvo que atravesar, d\u00edas pasados, con la p\u00e9rdida de Francisco.","og_url":"https:\/\/www.noticiasradioreflejos.com.ar\/2021\/agradecimiento-a-la-dra-lucrecia-dube\/","og_site_name":"Noticias Radio Reflejos","article_published_time":"2020-02-19T10:58:37+00:00","og_image":[{"width":600,"height":394,"url":"https:\/\/www.noticiasradioreflejos.com.ar\/2021\/wp-content\/uploads\/2019\/06\/muchas-gracias.jpg","type":"image\/jpeg"}],"author":"Arnaldo Botto","twitter_card":"summary_large_image","schema":{"@context":"https:\/\/schema.org","@graph":[{"@type":"WebPage","@id":"https:\/\/www.noticiasradioreflejos.com.ar\/2021\/agradecimiento-a-la-dra-lucrecia-dube\/","url":"https:\/\/www.noticiasradioreflejos.com.ar\/2021\/agradecimiento-a-la-dra-lucrecia-dube\/","name":"Agradecimiento a la Dra. Lucrecia Dube. - Noticias Radio Reflejos","isPartOf":{"@id":"https:\/\/www.noticiasradioreflejos.com.ar\/2021\/#website"},"primaryImageOfPage":{"@id":"https:\/\/www.noticiasradioreflejos.com.ar\/2021\/agradecimiento-a-la-dra-lucrecia-dube\/#primaryimage"},"image":{"@id":"https:\/\/www.noticiasradioreflejos.com.ar\/2021\/agradecimiento-a-la-dra-lucrecia-dube\/#primaryimage"},"thumbnailUrl":"https:\/\/www.noticiasradioreflejos.com.ar\/2021\/wp-content\/uploads\/2019\/06\/muchas-gracias.jpg","datePublished":"2020-02-19T10:58:37+00:00","author":{"@id":"https:\/\/www.noticiasradioreflejos.com.ar\/2021\/#\/schema\/person\/ad82545263dcc5ec0996818884fd5fb1"},"breadcrumb":{"@id":"https:\/\/www.noticiasradioreflejos.com.ar\/2021\/agradecimiento-a-la-dra-lucrecia-dube\/#breadcrumb"},"inLanguage":"es","potentialAction":[{"@type":"ReadAction","target":["https:\/\/www.noticiasradioreflejos.com.ar\/2021\/agradecimiento-a-la-dra-lucrecia-dube\/"]}]},{"@type":"ImageObject","inLanguage":"es","@id":"https:\/\/www.noticiasradioreflejos.com.ar\/2021\/agradecimiento-a-la-dra-lucrecia-dube\/#primaryimage","url":"https:\/\/www.noticiasradioreflejos.com.ar\/2021\/wp-content\/uploads\/2019\/06\/muchas-gracias.jpg","contentUrl":"https:\/\/www.noticiasradioreflejos.com.ar\/2021\/wp-content\/uploads\/2019\/06\/muchas-gracias.jpg","width":600,"height":394},{"@type":"BreadcrumbList","@id":"https:\/\/www.noticiasradioreflejos.com.ar\/2021\/agradecimiento-a-la-dra-lucrecia-dube\/#breadcrumb","itemListElement":[{"@type":"ListItem","position":1,"name":"Portada","item":"https:\/\/www.noticiasradioreflejos.com.ar\/2021\/"},{"@type":"ListItem","position":2,"name":"Agradecimiento a la Dra. Lucrecia Dube."}]},{"@type":"WebSite","@id":"https:\/\/www.noticiasradioreflejos.com.ar\/2021\/#website","url":"https:\/\/www.noticiasradioreflejos.com.ar\/2021\/","name":"Noticias Radio Reflejos","description":"Las noticias de mi comarca","potentialAction":[{"@type":"SearchAction","target":{"@type":"EntryPoint","urlTemplate":"https:\/\/www.noticiasradioreflejos.com.ar\/2021\/?s={search_term_string}"},"query-input":{"@type":"PropertyValueSpecification","valueRequired":true,"valueName":"search_term_string"}}],"inLanguage":"es"},{"@type":"Person","@id":"https:\/\/www.noticiasradioreflejos.com.ar\/2021\/#\/schema\/person\/ad82545263dcc5ec0996818884fd5fb1","name":"Arnaldo Botto","image":{"@type":"ImageObject","inLanguage":"es","@id":"https:\/\/www.noticiasradioreflejos.com.ar\/2021\/#\/schema\/person\/image\/","url":"https:\/\/secure.gravatar.com\/avatar\/55cb5e37c1efa326397366e6974cb338056df65cb50e7d64d1cf314e87504837?s=96&d=mm&r=g","contentUrl":"https:\/\/secure.gravatar.com\/avatar\/55cb5e37c1efa326397366e6974cb338056df65cb50e7d64d1cf314e87504837?s=96&d=mm&r=g","caption":"Arnaldo Botto"},"url":"https:\/\/www.noticiasradioreflejos.com.ar\/2021\/author\/arnaldo\/"}]}},"_links":{"self":[{"href":"https:\/\/www.noticiasradioreflejos.com.ar\/2021\/wp-json\/wp\/v2\/posts\/38730","targetHints":{"allow":["GET"]}}],"collection":[{"href":"https:\/\/www.noticiasradioreflejos.com.ar\/2021\/wp-json\/wp\/v2\/posts"}],"about":[{"href":"https:\/\/www.noticiasradioreflejos.com.ar\/2021\/wp-json\/wp\/v2\/types\/post"}],"author":[{"embeddable":true,"href":"https:\/\/www.noticiasradioreflejos.com.ar\/2021\/wp-json\/wp\/v2\/users\/3"}],"replies":[{"embeddable":true,"href":"https:\/\/www.noticiasradioreflejos.com.ar\/2021\/wp-json\/wp\/v2\/comments?post=38730"}],"version-history":[{"count":0,"href":"https:\/\/www.noticiasradioreflejos.com.ar\/2021\/wp-json\/wp\/v2\/posts\/38730\/revisions"}],"wp:featuredmedia":[{"embeddable":true,"href":"https:\/\/www.noticiasradioreflejos.com.ar\/2021\/wp-json\/wp\/v2\/media\/32549"}],"wp:attachment":[{"href":"https:\/\/www.noticiasradioreflejos.com.ar\/2021\/wp-json\/wp\/v2\/media?parent=38730"}],"wp:term":[{"taxonomy":"category","embeddable":true,"href":"https:\/\/www.noticiasradioreflejos.com.ar\/2021\/wp-json\/wp\/v2\/categories?post=38730"},{"taxonomy":"post_tag","embeddable":true,"href":"https:\/\/www.noticiasradioreflejos.com.ar\/2021\/wp-json\/wp\/v2\/tags?post=38730"}],"curies":[{"name":"wp","href":"https:\/\/api.w.org\/{rel}","templated":true}]}}