{"id":38724,"date":"2020-02-19T00:08:27","date_gmt":"2020-02-19T03:08:27","guid":{"rendered":"http:\/\/www.noticiasradioreflejos.com.ar\/noticias\/?p=38724"},"modified":"2020-02-19T00:08:27","modified_gmt":"2020-02-19T03:08:27","slug":"una-camioneta-impacto-al-tren-de-pasajeros-en-la-ruta-76","status":"publish","type":"post","link":"https:\/\/www.noticiasradioreflejos.com.ar\/2021\/una-camioneta-impacto-al-tren-de-pasajeros-en-la-ruta-76\/","title":{"rendered":"Una camioneta impact\u00f3 al tren de pasajeros en la ruta 76."},"content":{"rendered":"<p><a title=\"110_8915_WhatsAppZImageZ2020-02-18ZatZ23.32.38_1582080220.jpeg_1024\" href=\"http:\/\/live.staticflickr.com\/65535\/49555052596_b43fcc3f32_s.jpg\" rel=\"\"><img loading=\"lazy\" decoding=\"async\" class=\"alignleft\" style=\"float: left;\" title=\"110_8915_WhatsAppZImageZ2020-02-18ZatZ23.32.38_1582080220.jpeg_1024\" src=\"http:\/\/live.staticflickr.com\/65535\/49555052596_b43fcc3f32_b.jpg\" alt=\"110_8915_WhatsAppZImageZ2020-02-18ZatZ23.32.38_1582080220.jpeg_1024\" width=\"1024\" height=\"768\" \/><\/a>Ocurri\u00f3 cerca de las 23 hs de este martes en el paso a nivel de la ruta 76.<br \/>\n<!--more--><\/p>\n<p>Un fuerte choque se produjo este martes cerca de las 23 hs en el paso a nivel de la Ruta Provincial 76, a la altura del camino al balneario municipal &#8216;Parque Norte&#8217;.<\/p>\n<p>All\u00ed, una camioneta Toyota Hilux, al mando de un hombre de Chivilcoy que se desempe\u00f1a en el establecimiento Santo Tomas de la Sierra, impact\u00f3 al tren de pasajeros de Trenes Argentinos que se dirig\u00eda desde Bah\u00eda Blanca hacia Plaza Constituci\u00f3n.<\/p>\n<p>A pesar de la violencia del golpe, la formaci\u00f3n continu\u00f3 con su marcha, por lo que se estima que el maquinista no sinti\u00f3 el impacto, aunque se le informar\u00eda de lo sucedido cuando arribara a Saavedra, su siguiente parada.<\/p>\n<p>Por los golpes sufridos, el conductor del veh\u00edculo, identificado como Gabriel Oscar Masotto (41 a\u00f1os), fue trasladado al hospital municipal de Tornquist para su atenci\u00f3n.<\/p>\n<p><a title=\"110_720f_WhatsAppZImageZ2020-02-18ZatZ23.32.40_1582080242.jpeg_1024\" href=\"http:\/\/live.staticflickr.com\/65535\/49555067726_88d6c4c639_s.jpg\" rel=\"\"><img loading=\"lazy\" decoding=\"async\" class=\"aligncenter\" title=\"110_720f_WhatsAppZImageZ2020-02-18ZatZ23.32.40_1582080242.jpeg_1024\" src=\"http:\/\/live.staticflickr.com\/65535\/49555067726_88d6c4c639_b.jpg\" alt=\"110_720f_WhatsAppZImageZ2020-02-18ZatZ23.32.40_1582080242.jpeg_1024\" width=\"1024\" height=\"768\" \/><\/a><\/p>\n<p><a title=\"110_9a5b_WhatsAppZImageZ2020-02-18ZatZ23.32.37_1582080219.jpeg_1024\" href=\"http:\/\/live.staticflickr.com\/65535\/49554573828_8825f0cf10_s.jpg\" rel=\"\"><img loading=\"lazy\" decoding=\"async\" class=\"aligncenter\" title=\"110_9a5b_WhatsAppZImageZ2020-02-18ZatZ23.32.37_1582080219.jpeg_1024\" src=\"http:\/\/live.staticflickr.com\/65535\/49554573828_8825f0cf10_b.jpg\" alt=\"110_9a5b_WhatsAppZImageZ2020-02-18ZatZ23.32.37_1582080219.jpeg_1024\" width=\"1024\" height=\"768\" \/><\/a><\/p>\n","protected":false},"excerpt":{"rendered":"<p>Ocurri\u00f3 cerca de las 23 hs de este martes en el paso a nivel de la ruta 76.<\/p>\n","protected":false},"author":3,"featured_media":0,"comment_status":"closed","ping_status":"open","sticky":false,"template":"","format":"standard","meta":{"footnotes":""},"categories":[29],"tags":[],"class_list":["post-38724","post","type-post","status-publish","format-standard","hentry","category-policiales"],"yoast_head":"<!-- This site is optimized with the Yoast SEO plugin v25.9 - https:\/\/yoast.com\/wordpress\/plugins\/seo\/ -->\n<title>Una camioneta impact\u00f3 al tren de pasajeros en la ruta 76. - Noticias Radio Reflejos<\/title>\n<meta name=\"robots\" content=\"index, follow, max-snippet:-1, max-image-preview:large, max-video-preview:-1\" \/>\n<link rel=\"canonical\" href=\"https:\/\/www.noticiasradioreflejos.com.ar\/2021\/una-camioneta-impacto-al-tren-de-pasajeros-en-la-ruta-76\/\" \/>\n<meta property=\"og:locale\" content=\"es_ES\" \/>\n<meta property=\"og:type\" content=\"article\" \/>\n<meta property=\"og:title\" content=\"Una camioneta impact\u00f3 al tren de pasajeros en la ruta 76. - Noticias Radio Reflejos\" \/>\n<meta property=\"og:description\" content=\"Ocurri\u00f3 cerca de las 23 hs de este martes en el paso a nivel de la ruta 76.\" \/>\n<meta property=\"og:url\" content=\"https:\/\/www.noticiasradioreflejos.com.ar\/2021\/una-camioneta-impacto-al-tren-de-pasajeros-en-la-ruta-76\/\" \/>\n<meta property=\"og:site_name\" content=\"Noticias Radio Reflejos\" \/>\n<meta property=\"article:published_time\" content=\"2020-02-19T03:08:27+00:00\" \/>\n<meta property=\"og:image\" content=\"http:\/\/live.staticflickr.com\/65535\/49555052596_b43fcc3f32_b.jpg\" \/>\n<meta name=\"author\" content=\"Arnaldo Botto\" \/>\n<meta name=\"twitter:card\" content=\"summary_large_image\" \/>\n<script type=\"application\/ld+json\" class=\"yoast-schema-graph\">{\"@context\":\"https:\/\/schema.org\",\"@graph\":[{\"@type\":\"WebPage\",\"@id\":\"https:\/\/www.noticiasradioreflejos.com.ar\/2021\/una-camioneta-impacto-al-tren-de-pasajeros-en-la-ruta-76\/\",\"url\":\"https:\/\/www.noticiasradioreflejos.com.ar\/2021\/una-camioneta-impacto-al-tren-de-pasajeros-en-la-ruta-76\/\",\"name\":\"Una camioneta impact\u00f3 al tren de pasajeros en la ruta 76. - Noticias Radio Reflejos\",\"isPartOf\":{\"@id\":\"https:\/\/www.noticiasradioreflejos.com.ar\/2021\/#website\"},\"primaryImageOfPage\":{\"@id\":\"https:\/\/www.noticiasradioreflejos.com.ar\/2021\/una-camioneta-impacto-al-tren-de-pasajeros-en-la-ruta-76\/#primaryimage\"},\"image\":{\"@id\":\"https:\/\/www.noticiasradioreflejos.com.ar\/2021\/una-camioneta-impacto-al-tren-de-pasajeros-en-la-ruta-76\/#primaryimage\"},\"thumbnailUrl\":\"http:\/\/live.staticflickr.com\/65535\/49555052596_b43fcc3f32_b.jpg\",\"datePublished\":\"2020-02-19T03:08:27+00:00\",\"author\":{\"@id\":\"https:\/\/www.noticiasradioreflejos.com.ar\/2021\/#\/schema\/person\/ad82545263dcc5ec0996818884fd5fb1\"},\"breadcrumb\":{\"@id\":\"https:\/\/www.noticiasradioreflejos.com.ar\/2021\/una-camioneta-impacto-al-tren-de-pasajeros-en-la-ruta-76\/#breadcrumb\"},\"inLanguage\":\"es\",\"potentialAction\":[{\"@type\":\"ReadAction\",\"target\":[\"https:\/\/www.noticiasradioreflejos.com.ar\/2021\/una-camioneta-impacto-al-tren-de-pasajeros-en-la-ruta-76\/\"]}]},{\"@type\":\"ImageObject\",\"inLanguage\":\"es\",\"@id\":\"https:\/\/www.noticiasradioreflejos.com.ar\/2021\/una-camioneta-impacto-al-tren-de-pasajeros-en-la-ruta-76\/#primaryimage\",\"url\":\"http:\/\/live.staticflickr.com\/65535\/49555052596_b43fcc3f32_b.jpg\",\"contentUrl\":\"http:\/\/live.staticflickr.com\/65535\/49555052596_b43fcc3f32_b.jpg\"},{\"@type\":\"BreadcrumbList\",\"@id\":\"https:\/\/www.noticiasradioreflejos.com.ar\/2021\/una-camioneta-impacto-al-tren-de-pasajeros-en-la-ruta-76\/#breadcrumb\",\"itemListElement\":[{\"@type\":\"ListItem\",\"position\":1,\"name\":\"Portada\",\"item\":\"https:\/\/www.noticiasradioreflejos.com.ar\/2021\/\"},{\"@type\":\"ListItem\",\"position\":2,\"name\":\"Una camioneta impact\u00f3 al tren de pasajeros en la ruta 76.\"}]},{\"@type\":\"WebSite\",\"@id\":\"https:\/\/www.noticiasradioreflejos.com.ar\/2021\/#website\",\"url\":\"https:\/\/www.noticiasradioreflejos.com.ar\/2021\/\",\"name\":\"Noticias Radio Reflejos\",\"description\":\"Las noticias de mi comarca\",\"potentialAction\":[{\"@type\":\"SearchAction\",\"target\":{\"@type\":\"EntryPoint\",\"urlTemplate\":\"https:\/\/www.noticiasradioreflejos.com.ar\/2021\/?s={search_term_string}\"},\"query-input\":{\"@type\":\"PropertyValueSpecification\",\"valueRequired\":true,\"valueName\":\"search_term_string\"}}],\"inLanguage\":\"es\"},{\"@type\":\"Person\",\"@id\":\"https:\/\/www.noticiasradioreflejos.com.ar\/2021\/#\/schema\/person\/ad82545263dcc5ec0996818884fd5fb1\",\"name\":\"Arnaldo Botto\",\"image\":{\"@type\":\"ImageObject\",\"inLanguage\":\"es\",\"@id\":\"https:\/\/www.noticiasradioreflejos.com.ar\/2021\/#\/schema\/person\/image\/\",\"url\":\"https:\/\/secure.gravatar.com\/avatar\/55cb5e37c1efa326397366e6974cb338056df65cb50e7d64d1cf314e87504837?s=96&d=mm&r=g\",\"contentUrl\":\"https:\/\/secure.gravatar.com\/avatar\/55cb5e37c1efa326397366e6974cb338056df65cb50e7d64d1cf314e87504837?s=96&d=mm&r=g\",\"caption\":\"Arnaldo Botto\"},\"url\":\"https:\/\/www.noticiasradioreflejos.com.ar\/2021\/author\/arnaldo\/\"}]}<\/script>\n<!-- \/ Yoast SEO plugin. -->","yoast_head_json":{"title":"Una camioneta impact\u00f3 al tren de pasajeros en la ruta 76. - Noticias Radio Reflejos","robots":{"index":"index","follow":"follow","max-snippet":"max-snippet:-1","max-image-preview":"max-image-preview:large","max-video-preview":"max-video-preview:-1"},"canonical":"https:\/\/www.noticiasradioreflejos.com.ar\/2021\/una-camioneta-impacto-al-tren-de-pasajeros-en-la-ruta-76\/","og_locale":"es_ES","og_type":"article","og_title":"Una camioneta impact\u00f3 al tren de pasajeros en la ruta 76. - Noticias Radio Reflejos","og_description":"Ocurri\u00f3 cerca de las 23 hs de este martes en el paso a nivel de la ruta 76.","og_url":"https:\/\/www.noticiasradioreflejos.com.ar\/2021\/una-camioneta-impacto-al-tren-de-pasajeros-en-la-ruta-76\/","og_site_name":"Noticias Radio Reflejos","article_published_time":"2020-02-19T03:08:27+00:00","og_image":[{"url":"http:\/\/live.staticflickr.com\/65535\/49555052596_b43fcc3f32_b.jpg","type":"","width":"","height":""}],"author":"Arnaldo Botto","twitter_card":"summary_large_image","schema":{"@context":"https:\/\/schema.org","@graph":[{"@type":"WebPage","@id":"https:\/\/www.noticiasradioreflejos.com.ar\/2021\/una-camioneta-impacto-al-tren-de-pasajeros-en-la-ruta-76\/","url":"https:\/\/www.noticiasradioreflejos.com.ar\/2021\/una-camioneta-impacto-al-tren-de-pasajeros-en-la-ruta-76\/","name":"Una camioneta impact\u00f3 al tren de pasajeros en la ruta 76. - Noticias Radio Reflejos","isPartOf":{"@id":"https:\/\/www.noticiasradioreflejos.com.ar\/2021\/#website"},"primaryImageOfPage":{"@id":"https:\/\/www.noticiasradioreflejos.com.ar\/2021\/una-camioneta-impacto-al-tren-de-pasajeros-en-la-ruta-76\/#primaryimage"},"image":{"@id":"https:\/\/www.noticiasradioreflejos.com.ar\/2021\/una-camioneta-impacto-al-tren-de-pasajeros-en-la-ruta-76\/#primaryimage"},"thumbnailUrl":"http:\/\/live.staticflickr.com\/65535\/49555052596_b43fcc3f32_b.jpg","datePublished":"2020-02-19T03:08:27+00:00","author":{"@id":"https:\/\/www.noticiasradioreflejos.com.ar\/2021\/#\/schema\/person\/ad82545263dcc5ec0996818884fd5fb1"},"breadcrumb":{"@id":"https:\/\/www.noticiasradioreflejos.com.ar\/2021\/una-camioneta-impacto-al-tren-de-pasajeros-en-la-ruta-76\/#breadcrumb"},"inLanguage":"es","potentialAction":[{"@type":"ReadAction","target":["https:\/\/www.noticiasradioreflejos.com.ar\/2021\/una-camioneta-impacto-al-tren-de-pasajeros-en-la-ruta-76\/"]}]},{"@type":"ImageObject","inLanguage":"es","@id":"https:\/\/www.noticiasradioreflejos.com.ar\/2021\/una-camioneta-impacto-al-tren-de-pasajeros-en-la-ruta-76\/#primaryimage","url":"http:\/\/live.staticflickr.com\/65535\/49555052596_b43fcc3f32_b.jpg","contentUrl":"http:\/\/live.staticflickr.com\/65535\/49555052596_b43fcc3f32_b.jpg"},{"@type":"BreadcrumbList","@id":"https:\/\/www.noticiasradioreflejos.com.ar\/2021\/una-camioneta-impacto-al-tren-de-pasajeros-en-la-ruta-76\/#breadcrumb","itemListElement":[{"@type":"ListItem","position":1,"name":"Portada","item":"https:\/\/www.noticiasradioreflejos.com.ar\/2021\/"},{"@type":"ListItem","position":2,"name":"Una camioneta impact\u00f3 al tren de pasajeros en la ruta 76."}]},{"@type":"WebSite","@id":"https:\/\/www.noticiasradioreflejos.com.ar\/2021\/#website","url":"https:\/\/www.noticiasradioreflejos.com.ar\/2021\/","name":"Noticias Radio Reflejos","description":"Las noticias de mi comarca","potentialAction":[{"@type":"SearchAction","target":{"@type":"EntryPoint","urlTemplate":"https:\/\/www.noticiasradioreflejos.com.ar\/2021\/?s={search_term_string}"},"query-input":{"@type":"PropertyValueSpecification","valueRequired":true,"valueName":"search_term_string"}}],"inLanguage":"es"},{"@type":"Person","@id":"https:\/\/www.noticiasradioreflejos.com.ar\/2021\/#\/schema\/person\/ad82545263dcc5ec0996818884fd5fb1","name":"Arnaldo Botto","image":{"@type":"ImageObject","inLanguage":"es","@id":"https:\/\/www.noticiasradioreflejos.com.ar\/2021\/#\/schema\/person\/image\/","url":"https:\/\/secure.gravatar.com\/avatar\/55cb5e37c1efa326397366e6974cb338056df65cb50e7d64d1cf314e87504837?s=96&d=mm&r=g","contentUrl":"https:\/\/secure.gravatar.com\/avatar\/55cb5e37c1efa326397366e6974cb338056df65cb50e7d64d1cf314e87504837?s=96&d=mm&r=g","caption":"Arnaldo Botto"},"url":"https:\/\/www.noticiasradioreflejos.com.ar\/2021\/author\/arnaldo\/"}]}},"_links":{"self":[{"href":"https:\/\/www.noticiasradioreflejos.com.ar\/2021\/wp-json\/wp\/v2\/posts\/38724","targetHints":{"allow":["GET"]}}],"collection":[{"href":"https:\/\/www.noticiasradioreflejos.com.ar\/2021\/wp-json\/wp\/v2\/posts"}],"about":[{"href":"https:\/\/www.noticiasradioreflejos.com.ar\/2021\/wp-json\/wp\/v2\/types\/post"}],"author":[{"embeddable":true,"href":"https:\/\/www.noticiasradioreflejos.com.ar\/2021\/wp-json\/wp\/v2\/users\/3"}],"replies":[{"embeddable":true,"href":"https:\/\/www.noticiasradioreflejos.com.ar\/2021\/wp-json\/wp\/v2\/comments?post=38724"}],"version-history":[{"count":0,"href":"https:\/\/www.noticiasradioreflejos.com.ar\/2021\/wp-json\/wp\/v2\/posts\/38724\/revisions"}],"wp:attachment":[{"href":"https:\/\/www.noticiasradioreflejos.com.ar\/2021\/wp-json\/wp\/v2\/media?parent=38724"}],"wp:term":[{"taxonomy":"category","embeddable":true,"href":"https:\/\/www.noticiasradioreflejos.com.ar\/2021\/wp-json\/wp\/v2\/categories?post=38724"},{"taxonomy":"post_tag","embeddable":true,"href":"https:\/\/www.noticiasradioreflejos.com.ar\/2021\/wp-json\/wp\/v2\/tags?post=38724"}],"curies":[{"name":"wp","href":"https:\/\/api.w.org\/{rel}","templated":true}]}}