{"id":38721,"date":"2020-02-18T20:13:37","date_gmt":"2020-02-18T23:13:37","guid":{"rendered":"http:\/\/www.noticiasradioreflejos.com.ar\/noticias\/?p=38721"},"modified":"2020-02-18T20:13:37","modified_gmt":"2020-02-18T23:13:37","slug":"sergio-bordoni-entre-obras-por-concluir-y-varios-proyectos-en-carpeta","status":"publish","type":"post","link":"https:\/\/www.noticiasradioreflejos.com.ar\/2021\/sergio-bordoni-entre-obras-por-concluir-y-varios-proyectos-en-carpeta\/","title":{"rendered":"Sergio Bordoni, entre obras por concluir y varios proyectos en carpeta"},"content":{"rendered":"<p>Este martes por la tarde, el intendente municipal, Sergio Bordoni, mantuvo una entrevista con nuestro medio en la que habl\u00f3, entre otros temas, de las \u00faltimas gestiones realizadas ante el Gobierno Provincial y referidas a obras de infraestructura.<br \/>\nTambi\u00e9n, confirm\u00f3 la salida a partir de marzo de un funcionario de su gabinete y una bonificaci\u00f3n remunerativa para los empleados de planta de la comuna.<!--more--><\/p>\n<p>PLANEAMIENTO URBANO Y OBRAS EN LAS NUEVAS TIERRAS<br \/>\nEn primer lugar, el jefe comunal indic\u00f3 que en su \u00faltimo viaje a La Plata mantuvo una reuni\u00f3n con la Subsecretaria de Poblaci\u00f3n y Desarrollo Sustentable de la Provincia, Marcela Villegas, con quien dialog\u00f3 sobre la agilizaci\u00f3n del c\u00f3digo de planeamiento urbano.<br \/>\n\u201cFue muy poco lo que pudimos avanzar en los \u00faltimos cuatro a\u00f1os, porque ni siquiera se dignaron a venir al territorio, que era lo que le planteamos a la nueva Subsecretaria del \u00e1rea. Fuimos muy bien atendidos. Vuelvo a ir este jueves y viernes, donde tenemos otra audiencia por el cambio de las tierras adquiridas en Tornquist de rurales a urbanas\u201d, se\u00f1al\u00f3 Bordoni.<br \/>\nSobre las obras de infraestructura que se ejecutan en dicho loteo, mencion\u00f3 que \u201ctenemos casi concluido lo de cloacas y las perforaciones de agua. Pasa que desde que se perdieron las PASO en agosto, dejaron de venir todos los pagos, lo que nos imposibilit\u00f3 seguir con los trabajos\u201d.<br \/>\nRespecto a ese tema charl\u00f3 el intendente con Agust\u00edn Simone, Secretario de Obras P\u00fablicas bonaerense, a quien tambi\u00e9n le plante\u00f3 la obra de las 17 viviendas de Chasic\u00f3, \u201cdonde nos queda un 6% para culminar\u201d.<br \/>\n\u201cEst\u00e1 todo supeditado al presupuesto 2020, que se aprobar\u00eda en marzo; mientras tanto, se est\u00e1 operando con el de 2019. Buscaremos poder lograr distintas partidas presupuestarias donde est\u00e1n afectados los pagos que nos deben y continuar con obras nuevas\u201d, manifest\u00f3.<br \/>\nFONDO DE INFRAESTRUCTURA Y OBRAS INCONCLUSAS<br \/>\nEn otro segmento de la nota, Bordoni coment\u00f3 que, por iniciativa de legisladores de Juntos por el Cambio, \u201cse logr\u00f3 reactivar el Fondo de Infraestructura Municipal (FIM) por dos mil millones de pesos, de los que a nosotros nos corresponder\u00edan siete. Los usar\u00edamos para terminar las obras del hospital y concluir la pavimentaci\u00f3n de la Avenida Ernesto Tornquist y San Mart\u00edn\u201d, ambas de Sierra de la Ventana.<br \/>\n\u201cTambi\u00e9n en la DIPAC (Direcci\u00f3n Provincial de Agua y Cloacas), presentamos el proyecto de terminaci\u00f3n de las cloacas de Sierra de la Ventana (el viernes se presentar\u00e1 uno similar para dotar del servicio a Saldungaray), y de agua en Villa Serrana La Gruta. Estamos tratando de tocar todas las puertas para empezar a mover\u201d, a\u00f1adi\u00f3.<br \/>\nFUTURO DEL FONDO EDUCATIVO<br \/>\n\u201cEstuvimos con la Ministra de Educaci\u00f3n, Agustina Vila, para ver qu\u00e9 es lo que va a pasar el Fondo Educativo, que va a seguir viniendo de Naci\u00f3n, pero desde donde tienen que crear un decreto para asignar la partida correspondiente. Hoy est\u00e1 entrando con la coparticipaci\u00f3n general con los mismo n\u00fameros de 2019, es decir $123.000 por d\u00eda\u201d, afirm\u00f3 Bordoni al respecto.<br \/>\nAsimismo, confirm\u00f3 que la funcionaria se comprometi\u00f3 a afrontar desde el Ministerio una obra necesaria en el edificio del Mar\u00eda Auxiliadora de Saldungaray, donde funcionan cuatro establecimientos, por un monto de $1.600.000<br \/>\nM\u00e1s adelante, indic\u00f3 que \u201cvamos a renovar el convenio de transporte escolar; yo fui el \u00fanico intendente de la Regi\u00f3n 23 que lo ten\u00eda ese\u201d.<br \/>\nA prop\u00f3sito, precis\u00f3: \u201cEn 2018 se cambia la forma de liquidar el fondo educativo y pasa a ser 50% a trav\u00e9s del CUD y 50% de la matr\u00edcula escolar, lo que a nosotros nos perjudic\u00f3 porque no tiene nada que ver uno con el otro. Nos baj\u00f3 el fondo pero nos dieron, el primer a\u00f1o, un subsidio de 4 millones y, en 2019, uno de 5,3 millones. Me preguntaron por qu\u00e9 era el \u00fanico municipio que lo ten\u00eda, lo entendieron y, aparentemente, van a seguir con esa modalidad\u201d.<br \/>\nDEUDAS DE CONTRIBUYENTES MUNICIPALES<br \/>\n\u201cEntiendo que hay gente que no puede pagar las tasas porque no pod\u00eda ni siquiera abonar la luz ni el gas. Pero hay otros contribuyentes, de buen poder adquisitivo, que tampoco pagaban. Estamos cruzando datos con ARBA y realmente nos sorprende como nos ment\u00edan, a ellos les declaraban una cosa y a nosotros otra. Hoy se est\u00e1 haciendo un seguimiento m\u00e1s exhausto y ha tenido su lado positivo; nos facilit\u00f3 tener m\u00e1s recaudaci\u00f3n y que la gente tome m\u00e1s conciencia\u201d.<br \/>\n\u201cHAY QUE DARLE TIEMPO AL GOBIERNO\u201d<br \/>\n\u201cQuiero ser optimista de que la situaci\u00f3n econ\u00f3mica del pa\u00eds va a cambiar, es lo que espera todo argentino, quiero que las cosas cambien. Si la provincia no gira dinero, es imposible hacerlo con lo nuestro -afirm\u00f3. El fin de semana estuve en Tandil y el tramo de la ruta 76 que bacheamos est\u00e1, pero la otra parte se empez\u00f3 a detonar de nuevo, es necesario que hagan una repavimentaci\u00f3n urgente\u201d.<br \/>\n\u201cHay que darle tiempo al Gobierno, obviamente en dos meses de gesti\u00f3n no podes hacer nada, hay que ordenarse y tengo fe que se va a ordenar. Ojal\u00e1 que se empiece a mover la rueda. Esperemos que las cosas empiecen a caminar, no creo que quieran hacer las cosas al rev\u00e9s para que les vaya mal\u201d, sostuvo.<br \/>\nUN FUNCIONARIO DEJA SU PUESTO<br \/>\nPor otro lado, el jefe comunal confirm\u00f3 que a partir del 1 de marzo, \u201cpor cuestiones laborales\u201d, dejar\u00e1 su puesto el Subsecretario de Turismo, Mart\u00edn Olhaberry:<br \/>\n\u201cUna p\u00e9rdida importante, estamos buscando el o la reemplazante. Es muy dif\u00edcil conseguir una persona que trabaje full time por 38, 40 mil pesos por mes. A veces se habla por desconocimiento y se otorgan a funcionarios sueldos que no son\u201d.<br \/>\nPara cerrar, Bordoni inform\u00f3 que, adem\u00e1s de la bonificaci\u00f3n de $3000 remunerativa que vienen cobrando desde julio, los empleados municipales tendr\u00e1n otra suma extra (tambi\u00e9n de car\u00e1cter remunerativa) de $2.000.<\/p>\n<p><iframe loading=\"lazy\" src=\"https:\/\/w.soundcloud.com\/player\/?url=https%3A\/\/api.soundcloud.com\/tracks\/762926098&amp;color=%23ff5500&amp;auto_play=false&amp;hide_related=false&amp;show_comments=true&amp;show_user=true&amp;show_reposts=false&amp;show_teaser=true\" width=\"100%\" height=\"166\" frameborder=\"no\" scrolling=\"no\"><\/iframe><\/p>\n","protected":false},"excerpt":{"rendered":"<p>Este martes por la tarde, el intendente municipal, Sergio Bordoni, mantuvo una entrevista con nuestro medio en la que habl\u00f3, entre otros temas, de las \u00faltimas gestiones realizadas ante el Gobierno Provincial y referidas a obras de infraestructura. Tambi\u00e9n, confirm\u00f3 la salida a partir de marzo de un funcionario de su gabinete y una bonificaci\u00f3n [&hellip;]<\/p>\n","protected":false},"author":3,"featured_media":0,"comment_status":"closed","ping_status":"open","sticky":false,"template":"","format":"standard","meta":{"footnotes":""},"categories":[28],"tags":[],"class_list":["post-38721","post","type-post","status-publish","format-standard","hentry","category-municipales"],"yoast_head":"<!-- This site is optimized with the Yoast SEO plugin v25.9 - https:\/\/yoast.com\/wordpress\/plugins\/seo\/ -->\n<title>Sergio Bordoni, entre obras por concluir y varios proyectos en carpeta - Noticias Radio Reflejos<\/title>\n<meta name=\"robots\" content=\"index, follow, max-snippet:-1, max-image-preview:large, max-video-preview:-1\" \/>\n<link rel=\"canonical\" href=\"https:\/\/www.noticiasradioreflejos.com.ar\/2021\/sergio-bordoni-entre-obras-por-concluir-y-varios-proyectos-en-carpeta\/\" \/>\n<meta property=\"og:locale\" content=\"es_ES\" \/>\n<meta property=\"og:type\" content=\"article\" \/>\n<meta property=\"og:title\" content=\"Sergio Bordoni, entre obras por concluir y varios proyectos en carpeta - Noticias Radio Reflejos\" \/>\n<meta property=\"og:description\" content=\"Este martes por la tarde, el intendente municipal, Sergio Bordoni, mantuvo una entrevista con nuestro medio en la que habl\u00f3, entre otros temas, de las \u00faltimas gestiones realizadas ante el Gobierno Provincial y referidas a obras de infraestructura. Tambi\u00e9n, confirm\u00f3 la salida a partir de marzo de un funcionario de su gabinete y una bonificaci\u00f3n [&hellip;]\" \/>\n<meta property=\"og:url\" content=\"https:\/\/www.noticiasradioreflejos.com.ar\/2021\/sergio-bordoni-entre-obras-por-concluir-y-varios-proyectos-en-carpeta\/\" \/>\n<meta property=\"og:site_name\" content=\"Noticias Radio Reflejos\" \/>\n<meta property=\"article:published_time\" content=\"2020-02-18T23:13:37+00:00\" \/>\n<meta property=\"og:image\" content=\"https:\/\/www.noticiasradioreflejos.com.ar\/2021\/wp-content\/uploads\/2021\/07\/logosol300x200.png\" \/>\n\t<meta property=\"og:image:width\" content=\"300\" \/>\n\t<meta property=\"og:image:height\" content=\"200\" \/>\n\t<meta property=\"og:image:type\" content=\"image\/png\" \/>\n<meta name=\"author\" content=\"Arnaldo Botto\" \/>\n<meta name=\"twitter:card\" content=\"summary_large_image\" \/>\n<script type=\"application\/ld+json\" class=\"yoast-schema-graph\">{\"@context\":\"https:\/\/schema.org\",\"@graph\":[{\"@type\":\"WebPage\",\"@id\":\"https:\/\/www.noticiasradioreflejos.com.ar\/2021\/sergio-bordoni-entre-obras-por-concluir-y-varios-proyectos-en-carpeta\/\",\"url\":\"https:\/\/www.noticiasradioreflejos.com.ar\/2021\/sergio-bordoni-entre-obras-por-concluir-y-varios-proyectos-en-carpeta\/\",\"name\":\"Sergio Bordoni, entre obras por concluir y varios proyectos en carpeta - Noticias Radio Reflejos\",\"isPartOf\":{\"@id\":\"https:\/\/www.noticiasradioreflejos.com.ar\/2021\/#website\"},\"datePublished\":\"2020-02-18T23:13:37+00:00\",\"author\":{\"@id\":\"https:\/\/www.noticiasradioreflejos.com.ar\/2021\/#\/schema\/person\/ad82545263dcc5ec0996818884fd5fb1\"},\"breadcrumb\":{\"@id\":\"https:\/\/www.noticiasradioreflejos.com.ar\/2021\/sergio-bordoni-entre-obras-por-concluir-y-varios-proyectos-en-carpeta\/#breadcrumb\"},\"inLanguage\":\"es\",\"potentialAction\":[{\"@type\":\"ReadAction\",\"target\":[\"https:\/\/www.noticiasradioreflejos.com.ar\/2021\/sergio-bordoni-entre-obras-por-concluir-y-varios-proyectos-en-carpeta\/\"]}]},{\"@type\":\"BreadcrumbList\",\"@id\":\"https:\/\/www.noticiasradioreflejos.com.ar\/2021\/sergio-bordoni-entre-obras-por-concluir-y-varios-proyectos-en-carpeta\/#breadcrumb\",\"itemListElement\":[{\"@type\":\"ListItem\",\"position\":1,\"name\":\"Portada\",\"item\":\"https:\/\/www.noticiasradioreflejos.com.ar\/2021\/\"},{\"@type\":\"ListItem\",\"position\":2,\"name\":\"Sergio Bordoni, entre obras por concluir y varios proyectos en carpeta\"}]},{\"@type\":\"WebSite\",\"@id\":\"https:\/\/www.noticiasradioreflejos.com.ar\/2021\/#website\",\"url\":\"https:\/\/www.noticiasradioreflejos.com.ar\/2021\/\",\"name\":\"Noticias Radio Reflejos\",\"description\":\"Las noticias de mi comarca\",\"potentialAction\":[{\"@type\":\"SearchAction\",\"target\":{\"@type\":\"EntryPoint\",\"urlTemplate\":\"https:\/\/www.noticiasradioreflejos.com.ar\/2021\/?s={search_term_string}\"},\"query-input\":{\"@type\":\"PropertyValueSpecification\",\"valueRequired\":true,\"valueName\":\"search_term_string\"}}],\"inLanguage\":\"es\"},{\"@type\":\"Person\",\"@id\":\"https:\/\/www.noticiasradioreflejos.com.ar\/2021\/#\/schema\/person\/ad82545263dcc5ec0996818884fd5fb1\",\"name\":\"Arnaldo Botto\",\"image\":{\"@type\":\"ImageObject\",\"inLanguage\":\"es\",\"@id\":\"https:\/\/www.noticiasradioreflejos.com.ar\/2021\/#\/schema\/person\/image\/\",\"url\":\"https:\/\/secure.gravatar.com\/avatar\/55cb5e37c1efa326397366e6974cb338056df65cb50e7d64d1cf314e87504837?s=96&d=mm&r=g\",\"contentUrl\":\"https:\/\/secure.gravatar.com\/avatar\/55cb5e37c1efa326397366e6974cb338056df65cb50e7d64d1cf314e87504837?s=96&d=mm&r=g\",\"caption\":\"Arnaldo Botto\"},\"url\":\"https:\/\/www.noticiasradioreflejos.com.ar\/2021\/author\/arnaldo\/\"}]}<\/script>\n<!-- \/ Yoast SEO plugin. -->","yoast_head_json":{"title":"Sergio Bordoni, entre obras por concluir y varios proyectos en carpeta - Noticias Radio Reflejos","robots":{"index":"index","follow":"follow","max-snippet":"max-snippet:-1","max-image-preview":"max-image-preview:large","max-video-preview":"max-video-preview:-1"},"canonical":"https:\/\/www.noticiasradioreflejos.com.ar\/2021\/sergio-bordoni-entre-obras-por-concluir-y-varios-proyectos-en-carpeta\/","og_locale":"es_ES","og_type":"article","og_title":"Sergio Bordoni, entre obras por concluir y varios proyectos en carpeta - Noticias Radio Reflejos","og_description":"Este martes por la tarde, el intendente municipal, Sergio Bordoni, mantuvo una entrevista con nuestro medio en la que habl\u00f3, entre otros temas, de las \u00faltimas gestiones realizadas ante el Gobierno Provincial y referidas a obras de infraestructura. Tambi\u00e9n, confirm\u00f3 la salida a partir de marzo de un funcionario de su gabinete y una bonificaci\u00f3n [&hellip;]","og_url":"https:\/\/www.noticiasradioreflejos.com.ar\/2021\/sergio-bordoni-entre-obras-por-concluir-y-varios-proyectos-en-carpeta\/","og_site_name":"Noticias Radio Reflejos","article_published_time":"2020-02-18T23:13:37+00:00","og_image":[{"width":300,"height":200,"url":"https:\/\/www.noticiasradioreflejos.com.ar\/2021\/wp-content\/uploads\/2021\/07\/logosol300x200.png","type":"image\/png"}],"author":"Arnaldo Botto","twitter_card":"summary_large_image","schema":{"@context":"https:\/\/schema.org","@graph":[{"@type":"WebPage","@id":"https:\/\/www.noticiasradioreflejos.com.ar\/2021\/sergio-bordoni-entre-obras-por-concluir-y-varios-proyectos-en-carpeta\/","url":"https:\/\/www.noticiasradioreflejos.com.ar\/2021\/sergio-bordoni-entre-obras-por-concluir-y-varios-proyectos-en-carpeta\/","name":"Sergio Bordoni, entre obras por concluir y varios proyectos en carpeta - Noticias Radio Reflejos","isPartOf":{"@id":"https:\/\/www.noticiasradioreflejos.com.ar\/2021\/#website"},"datePublished":"2020-02-18T23:13:37+00:00","author":{"@id":"https:\/\/www.noticiasradioreflejos.com.ar\/2021\/#\/schema\/person\/ad82545263dcc5ec0996818884fd5fb1"},"breadcrumb":{"@id":"https:\/\/www.noticiasradioreflejos.com.ar\/2021\/sergio-bordoni-entre-obras-por-concluir-y-varios-proyectos-en-carpeta\/#breadcrumb"},"inLanguage":"es","potentialAction":[{"@type":"ReadAction","target":["https:\/\/www.noticiasradioreflejos.com.ar\/2021\/sergio-bordoni-entre-obras-por-concluir-y-varios-proyectos-en-carpeta\/"]}]},{"@type":"BreadcrumbList","@id":"https:\/\/www.noticiasradioreflejos.com.ar\/2021\/sergio-bordoni-entre-obras-por-concluir-y-varios-proyectos-en-carpeta\/#breadcrumb","itemListElement":[{"@type":"ListItem","position":1,"name":"Portada","item":"https:\/\/www.noticiasradioreflejos.com.ar\/2021\/"},{"@type":"ListItem","position":2,"name":"Sergio Bordoni, entre obras por concluir y varios proyectos en carpeta"}]},{"@type":"WebSite","@id":"https:\/\/www.noticiasradioreflejos.com.ar\/2021\/#website","url":"https:\/\/www.noticiasradioreflejos.com.ar\/2021\/","name":"Noticias Radio Reflejos","description":"Las noticias de mi comarca","potentialAction":[{"@type":"SearchAction","target":{"@type":"EntryPoint","urlTemplate":"https:\/\/www.noticiasradioreflejos.com.ar\/2021\/?s={search_term_string}"},"query-input":{"@type":"PropertyValueSpecification","valueRequired":true,"valueName":"search_term_string"}}],"inLanguage":"es"},{"@type":"Person","@id":"https:\/\/www.noticiasradioreflejos.com.ar\/2021\/#\/schema\/person\/ad82545263dcc5ec0996818884fd5fb1","name":"Arnaldo Botto","image":{"@type":"ImageObject","inLanguage":"es","@id":"https:\/\/www.noticiasradioreflejos.com.ar\/2021\/#\/schema\/person\/image\/","url":"https:\/\/secure.gravatar.com\/avatar\/55cb5e37c1efa326397366e6974cb338056df65cb50e7d64d1cf314e87504837?s=96&d=mm&r=g","contentUrl":"https:\/\/secure.gravatar.com\/avatar\/55cb5e37c1efa326397366e6974cb338056df65cb50e7d64d1cf314e87504837?s=96&d=mm&r=g","caption":"Arnaldo Botto"},"url":"https:\/\/www.noticiasradioreflejos.com.ar\/2021\/author\/arnaldo\/"}]}},"_links":{"self":[{"href":"https:\/\/www.noticiasradioreflejos.com.ar\/2021\/wp-json\/wp\/v2\/posts\/38721","targetHints":{"allow":["GET"]}}],"collection":[{"href":"https:\/\/www.noticiasradioreflejos.com.ar\/2021\/wp-json\/wp\/v2\/posts"}],"about":[{"href":"https:\/\/www.noticiasradioreflejos.com.ar\/2021\/wp-json\/wp\/v2\/types\/post"}],"author":[{"embeddable":true,"href":"https:\/\/www.noticiasradioreflejos.com.ar\/2021\/wp-json\/wp\/v2\/users\/3"}],"replies":[{"embeddable":true,"href":"https:\/\/www.noticiasradioreflejos.com.ar\/2021\/wp-json\/wp\/v2\/comments?post=38721"}],"version-history":[{"count":0,"href":"https:\/\/www.noticiasradioreflejos.com.ar\/2021\/wp-json\/wp\/v2\/posts\/38721\/revisions"}],"wp:attachment":[{"href":"https:\/\/www.noticiasradioreflejos.com.ar\/2021\/wp-json\/wp\/v2\/media?parent=38721"}],"wp:term":[{"taxonomy":"category","embeddable":true,"href":"https:\/\/www.noticiasradioreflejos.com.ar\/2021\/wp-json\/wp\/v2\/categories?post=38721"},{"taxonomy":"post_tag","embeddable":true,"href":"https:\/\/www.noticiasradioreflejos.com.ar\/2021\/wp-json\/wp\/v2\/tags?post=38721"}],"curies":[{"name":"wp","href":"https:\/\/api.w.org\/{rel}","templated":true}]}}