{"id":38693,"date":"2020-02-18T08:36:36","date_gmt":"2020-02-18T11:36:36","guid":{"rendered":"http:\/\/www.noticiasradioreflejos.com.ar\/noticias\/?p=38693"},"modified":"2020-02-18T08:36:36","modified_gmt":"2020-02-18T11:36:36","slug":"11o-edicion-del-festival-musica-la-ventana","status":"publish","type":"post","link":"https:\/\/www.noticiasradioreflejos.com.ar\/2021\/11o-edicion-del-festival-musica-la-ventana\/","title":{"rendered":"11\u00ba edici\u00f3n del Festival M\u00fasica la Ventana."},"content":{"rendered":"<p>El Festival M\u00fasica en la Ventana anuncia la realizaci\u00f3n de la und\u00e9cima edici\u00f3n a desarrollarse los d\u00edas viernes 28 de Febrero, s\u00e1bado 29 de febrero y 1 de marzo en las localidades de Villa Ventana, Sierra de la Ventana y Saldungaray, Argentina.<!--more--><br \/>\nParticipar\u00e1n m\u00fasicos de Bah\u00eda Blanca, C.A.B.A., Coronel Dorrego, Sierra de la Ventana, Viedma, y comprender\u00e1 cursos, conciertos, y una mesa debate en torno a la ense\u00f1anza y producci\u00f3n musical en la regi\u00f3n, enfoque gremial, el d\u00eda s\u00e1bado 29 de febrero en el Hogar Agr\u00edcola Santa In\u00e9s de Saldungaray a las 10 horas. Detalle adjunto.<br \/>\nInformes e inscripci\u00f3n: incripcionmusicaenlaventana@gmail.com<br \/>\nDirecci\u00f3n art\u00edstica: A. D\u00b4Alessandro<br \/>\nCoordinaci\u00f3n general: Maximiliano Molina<\/p>\n<p><strong><a title=\"83853035_2668288639935981_259181708442599424_o\" href=\"http:\/\/live.staticflickr.com\/65535\/49552312792_78b784f29c_s.jpg\" rel=\"\"><img loading=\"lazy\" decoding=\"async\" class=\"alignleft\" style=\"float: left;\" title=\"83853035_2668288639935981_259181708442599424_o\" src=\"http:\/\/live.staticflickr.com\/65535\/49552312792_78b784f29c.jpg\" alt=\"83853035_2668288639935981_259181708442599424_o\" width=\"345\" height=\"500\" \/><\/a>Agenda de conciertos<\/strong><br \/>\n<strong>M\u00fasica en la ventana 2020-11\u00ba Edici\u00f3n<\/strong><br \/>\n<strong>Viernes 28 de febrero<\/strong>: Biblioteca Macedonio Fern\u00e1ndez-21,30 horas- Villa Ventana-<br \/>\nFrancisco Alonso (guitarra)-Giselle Albamonte (danza)(C.A.B.A.)<br \/>\nJorge Bustamante (Viedma)<br \/>\nPablo S\u00e1nchez (Viedma)<br \/>\nPablo L\u00f3pez Minucci (Viedma)<\/p>\n<p><strong>S\u00e1bado 29 de febrero<\/strong>-Centro Cultural \u2013 22 horas-Sierra de la Ventana<br \/>\nLuciana Jury (voz) (Buenos Aires)<br \/>\nAlberto D\u00b4Alessandro (Bah\u00eda Blanca)<br \/>\nMaximiliano Molina (Sierra de la Ventana)<\/p>\n<p><strong>Domingo 1 de marzo<\/strong>-Centro de Interpretaci\u00f3n Francisco Salamone-21,30 horas -Saldungaray<br \/>\nJuli\u00e1n Mart\u00ednez (Bah\u00eda Blanca)<br \/>\nPasionaria\u2019s D\u00fao (Sierra de la Ventana)<br \/>\nRodrigo Terr\u00f3n (Coronel Dorrego)<br \/>\nFernando Di Marco (Coronel Dorrego)<br \/>\n&#8212;&#8212;&#8212;&#8212;&#8212;&#8212;&#8212;&#8212;&#8212;&#8212;&#8212;&#8212;&#8212;&#8212;&#8212;&#8212;&#8212;&#8212;&#8212;&#8212;&#8212;&#8212;&#8212;&#8212;&#8212;<br \/>\n<strong>Agenda de cursos<\/strong><br \/>\n\uf0b7 Cursos para guitarristas, m\u00fasicxs, bailarinxs<br \/>\n\uf0b7 Prof. Natalia Martirena. Curso: M\u00fasica y cuerpo. Nuevas posibilidades<\/p>\n<p>\uf0b7 Prof. Natalia Martirena. Curso: La composici\u00f3n en la danza. \u201cAbordajes para la creaci\u00f3n\u201d<\/p>\n<p>\uf0b7 Prof. Alberto D\u00b4Alessandro. Curso \u2013Guitarra-T\u00e9cnica de la mano izquierda-La mano de yeso<\/p>\n<p>\uf0b7 Profesorxs: Lucrecia Iglesias y Nicol\u00e1s Fernandez Vicente. Curso: Compendio de elementos fundamentales del tango (m\u00fasica y danza).<\/p>\n<p>\uf0b7 Prof. Alberto D\u00b4Alessandro Curso: Guitarra-T\u00e9cnica de la mano derecha-\u201cPensar en colores\u201d<\/p>\n<p>\uf0b7 Prof. Laura Zylberstejn. Curso: Afinar el cuerpo .Taller para escuchar, sintonizar y templar el cuerpo<\/p>\n<p>\uf0b7 Prof. Astor Vitali. Curso: Taller de creaci\u00f3n de canciones.<\/p>\n<p>Informes e inscripci\u00f3n:<a href=\"mailto:inscripcionmusicaenlaventana@gmail.com\"> inscripcionmusicaenlaventana@gmail.com<\/a><\/p>\n","protected":false},"excerpt":{"rendered":"<p>El Festival M\u00fasica en la Ventana anuncia la realizaci\u00f3n de la und\u00e9cima edici\u00f3n a desarrollarse los d\u00edas viernes 28 de Febrero, s\u00e1bado 29 de febrero y 1 de marzo en las localidades de Villa Ventana, Sierra de la Ventana y Saldungaray, Argentina.<\/p>\n","protected":false},"author":3,"featured_media":0,"comment_status":"closed","ping_status":"open","sticky":false,"template":"","format":"standard","meta":{"footnotes":""},"categories":[35],"tags":[],"class_list":["post-38693","post","type-post","status-publish","format-standard","hentry","category-cultura"],"yoast_head":"<!-- This site is optimized with the Yoast SEO plugin v25.9 - https:\/\/yoast.com\/wordpress\/plugins\/seo\/ -->\n<title>11\u00ba edici\u00f3n del Festival M\u00fasica la Ventana. - Noticias Radio Reflejos<\/title>\n<meta name=\"robots\" content=\"index, follow, max-snippet:-1, max-image-preview:large, max-video-preview:-1\" \/>\n<link rel=\"canonical\" href=\"https:\/\/www.noticiasradioreflejos.com.ar\/2021\/11o-edicion-del-festival-musica-la-ventana\/\" \/>\n<meta property=\"og:locale\" content=\"es_ES\" \/>\n<meta property=\"og:type\" content=\"article\" \/>\n<meta property=\"og:title\" content=\"11\u00ba edici\u00f3n del Festival M\u00fasica la Ventana. - Noticias Radio Reflejos\" \/>\n<meta property=\"og:description\" content=\"El Festival M\u00fasica en la Ventana anuncia la realizaci\u00f3n de la und\u00e9cima edici\u00f3n a desarrollarse los d\u00edas viernes 28 de Febrero, s\u00e1bado 29 de febrero y 1 de marzo en las localidades de Villa Ventana, Sierra de la Ventana y Saldungaray, Argentina.\" \/>\n<meta property=\"og:url\" content=\"https:\/\/www.noticiasradioreflejos.com.ar\/2021\/11o-edicion-del-festival-musica-la-ventana\/\" \/>\n<meta property=\"og:site_name\" content=\"Noticias Radio Reflejos\" \/>\n<meta property=\"article:published_time\" content=\"2020-02-18T11:36:36+00:00\" \/>\n<meta property=\"og:image\" content=\"http:\/\/live.staticflickr.com\/65535\/49552312792_78b784f29c.jpg\" \/>\n<meta name=\"author\" content=\"Arnaldo Botto\" \/>\n<meta name=\"twitter:card\" content=\"summary_large_image\" \/>\n<script type=\"application\/ld+json\" class=\"yoast-schema-graph\">{\"@context\":\"https:\/\/schema.org\",\"@graph\":[{\"@type\":\"WebPage\",\"@id\":\"https:\/\/www.noticiasradioreflejos.com.ar\/2021\/11o-edicion-del-festival-musica-la-ventana\/\",\"url\":\"https:\/\/www.noticiasradioreflejos.com.ar\/2021\/11o-edicion-del-festival-musica-la-ventana\/\",\"name\":\"11\u00ba edici\u00f3n del Festival M\u00fasica la Ventana. - Noticias Radio Reflejos\",\"isPartOf\":{\"@id\":\"https:\/\/www.noticiasradioreflejos.com.ar\/2021\/#website\"},\"primaryImageOfPage\":{\"@id\":\"https:\/\/www.noticiasradioreflejos.com.ar\/2021\/11o-edicion-del-festival-musica-la-ventana\/#primaryimage\"},\"image\":{\"@id\":\"https:\/\/www.noticiasradioreflejos.com.ar\/2021\/11o-edicion-del-festival-musica-la-ventana\/#primaryimage\"},\"thumbnailUrl\":\"http:\/\/live.staticflickr.com\/65535\/49552312792_78b784f29c.jpg\",\"datePublished\":\"2020-02-18T11:36:36+00:00\",\"author\":{\"@id\":\"https:\/\/www.noticiasradioreflejos.com.ar\/2021\/#\/schema\/person\/ad82545263dcc5ec0996818884fd5fb1\"},\"breadcrumb\":{\"@id\":\"https:\/\/www.noticiasradioreflejos.com.ar\/2021\/11o-edicion-del-festival-musica-la-ventana\/#breadcrumb\"},\"inLanguage\":\"es\",\"potentialAction\":[{\"@type\":\"ReadAction\",\"target\":[\"https:\/\/www.noticiasradioreflejos.com.ar\/2021\/11o-edicion-del-festival-musica-la-ventana\/\"]}]},{\"@type\":\"ImageObject\",\"inLanguage\":\"es\",\"@id\":\"https:\/\/www.noticiasradioreflejos.com.ar\/2021\/11o-edicion-del-festival-musica-la-ventana\/#primaryimage\",\"url\":\"http:\/\/live.staticflickr.com\/65535\/49552312792_78b784f29c.jpg\",\"contentUrl\":\"http:\/\/live.staticflickr.com\/65535\/49552312792_78b784f29c.jpg\"},{\"@type\":\"BreadcrumbList\",\"@id\":\"https:\/\/www.noticiasradioreflejos.com.ar\/2021\/11o-edicion-del-festival-musica-la-ventana\/#breadcrumb\",\"itemListElement\":[{\"@type\":\"ListItem\",\"position\":1,\"name\":\"Portada\",\"item\":\"https:\/\/www.noticiasradioreflejos.com.ar\/2021\/\"},{\"@type\":\"ListItem\",\"position\":2,\"name\":\"11\u00ba edici\u00f3n del Festival M\u00fasica la Ventana.\"}]},{\"@type\":\"WebSite\",\"@id\":\"https:\/\/www.noticiasradioreflejos.com.ar\/2021\/#website\",\"url\":\"https:\/\/www.noticiasradioreflejos.com.ar\/2021\/\",\"name\":\"Noticias Radio Reflejos\",\"description\":\"Las noticias de mi comarca\",\"potentialAction\":[{\"@type\":\"SearchAction\",\"target\":{\"@type\":\"EntryPoint\",\"urlTemplate\":\"https:\/\/www.noticiasradioreflejos.com.ar\/2021\/?s={search_term_string}\"},\"query-input\":{\"@type\":\"PropertyValueSpecification\",\"valueRequired\":true,\"valueName\":\"search_term_string\"}}],\"inLanguage\":\"es\"},{\"@type\":\"Person\",\"@id\":\"https:\/\/www.noticiasradioreflejos.com.ar\/2021\/#\/schema\/person\/ad82545263dcc5ec0996818884fd5fb1\",\"name\":\"Arnaldo Botto\",\"image\":{\"@type\":\"ImageObject\",\"inLanguage\":\"es\",\"@id\":\"https:\/\/www.noticiasradioreflejos.com.ar\/2021\/#\/schema\/person\/image\/\",\"url\":\"https:\/\/secure.gravatar.com\/avatar\/55cb5e37c1efa326397366e6974cb338056df65cb50e7d64d1cf314e87504837?s=96&d=mm&r=g\",\"contentUrl\":\"https:\/\/secure.gravatar.com\/avatar\/55cb5e37c1efa326397366e6974cb338056df65cb50e7d64d1cf314e87504837?s=96&d=mm&r=g\",\"caption\":\"Arnaldo Botto\"},\"url\":\"https:\/\/www.noticiasradioreflejos.com.ar\/2021\/author\/arnaldo\/\"}]}<\/script>\n<!-- \/ Yoast SEO plugin. -->","yoast_head_json":{"title":"11\u00ba edici\u00f3n del Festival M\u00fasica la Ventana. - Noticias Radio Reflejos","robots":{"index":"index","follow":"follow","max-snippet":"max-snippet:-1","max-image-preview":"max-image-preview:large","max-video-preview":"max-video-preview:-1"},"canonical":"https:\/\/www.noticiasradioreflejos.com.ar\/2021\/11o-edicion-del-festival-musica-la-ventana\/","og_locale":"es_ES","og_type":"article","og_title":"11\u00ba edici\u00f3n del Festival M\u00fasica la Ventana. - Noticias Radio Reflejos","og_description":"El Festival M\u00fasica en la Ventana anuncia la realizaci\u00f3n de la und\u00e9cima edici\u00f3n a desarrollarse los d\u00edas viernes 28 de Febrero, s\u00e1bado 29 de febrero y 1 de marzo en las localidades de Villa Ventana, Sierra de la Ventana y Saldungaray, Argentina.","og_url":"https:\/\/www.noticiasradioreflejos.com.ar\/2021\/11o-edicion-del-festival-musica-la-ventana\/","og_site_name":"Noticias Radio Reflejos","article_published_time":"2020-02-18T11:36:36+00:00","og_image":[{"url":"http:\/\/live.staticflickr.com\/65535\/49552312792_78b784f29c.jpg","type":"","width":"","height":""}],"author":"Arnaldo Botto","twitter_card":"summary_large_image","schema":{"@context":"https:\/\/schema.org","@graph":[{"@type":"WebPage","@id":"https:\/\/www.noticiasradioreflejos.com.ar\/2021\/11o-edicion-del-festival-musica-la-ventana\/","url":"https:\/\/www.noticiasradioreflejos.com.ar\/2021\/11o-edicion-del-festival-musica-la-ventana\/","name":"11\u00ba edici\u00f3n del Festival M\u00fasica la Ventana. - Noticias Radio Reflejos","isPartOf":{"@id":"https:\/\/www.noticiasradioreflejos.com.ar\/2021\/#website"},"primaryImageOfPage":{"@id":"https:\/\/www.noticiasradioreflejos.com.ar\/2021\/11o-edicion-del-festival-musica-la-ventana\/#primaryimage"},"image":{"@id":"https:\/\/www.noticiasradioreflejos.com.ar\/2021\/11o-edicion-del-festival-musica-la-ventana\/#primaryimage"},"thumbnailUrl":"http:\/\/live.staticflickr.com\/65535\/49552312792_78b784f29c.jpg","datePublished":"2020-02-18T11:36:36+00:00","author":{"@id":"https:\/\/www.noticiasradioreflejos.com.ar\/2021\/#\/schema\/person\/ad82545263dcc5ec0996818884fd5fb1"},"breadcrumb":{"@id":"https:\/\/www.noticiasradioreflejos.com.ar\/2021\/11o-edicion-del-festival-musica-la-ventana\/#breadcrumb"},"inLanguage":"es","potentialAction":[{"@type":"ReadAction","target":["https:\/\/www.noticiasradioreflejos.com.ar\/2021\/11o-edicion-del-festival-musica-la-ventana\/"]}]},{"@type":"ImageObject","inLanguage":"es","@id":"https:\/\/www.noticiasradioreflejos.com.ar\/2021\/11o-edicion-del-festival-musica-la-ventana\/#primaryimage","url":"http:\/\/live.staticflickr.com\/65535\/49552312792_78b784f29c.jpg","contentUrl":"http:\/\/live.staticflickr.com\/65535\/49552312792_78b784f29c.jpg"},{"@type":"BreadcrumbList","@id":"https:\/\/www.noticiasradioreflejos.com.ar\/2021\/11o-edicion-del-festival-musica-la-ventana\/#breadcrumb","itemListElement":[{"@type":"ListItem","position":1,"name":"Portada","item":"https:\/\/www.noticiasradioreflejos.com.ar\/2021\/"},{"@type":"ListItem","position":2,"name":"11\u00ba edici\u00f3n del Festival M\u00fasica la Ventana."}]},{"@type":"WebSite","@id":"https:\/\/www.noticiasradioreflejos.com.ar\/2021\/#website","url":"https:\/\/www.noticiasradioreflejos.com.ar\/2021\/","name":"Noticias Radio Reflejos","description":"Las noticias de mi comarca","potentialAction":[{"@type":"SearchAction","target":{"@type":"EntryPoint","urlTemplate":"https:\/\/www.noticiasradioreflejos.com.ar\/2021\/?s={search_term_string}"},"query-input":{"@type":"PropertyValueSpecification","valueRequired":true,"valueName":"search_term_string"}}],"inLanguage":"es"},{"@type":"Person","@id":"https:\/\/www.noticiasradioreflejos.com.ar\/2021\/#\/schema\/person\/ad82545263dcc5ec0996818884fd5fb1","name":"Arnaldo Botto","image":{"@type":"ImageObject","inLanguage":"es","@id":"https:\/\/www.noticiasradioreflejos.com.ar\/2021\/#\/schema\/person\/image\/","url":"https:\/\/secure.gravatar.com\/avatar\/55cb5e37c1efa326397366e6974cb338056df65cb50e7d64d1cf314e87504837?s=96&d=mm&r=g","contentUrl":"https:\/\/secure.gravatar.com\/avatar\/55cb5e37c1efa326397366e6974cb338056df65cb50e7d64d1cf314e87504837?s=96&d=mm&r=g","caption":"Arnaldo Botto"},"url":"https:\/\/www.noticiasradioreflejos.com.ar\/2021\/author\/arnaldo\/"}]}},"_links":{"self":[{"href":"https:\/\/www.noticiasradioreflejos.com.ar\/2021\/wp-json\/wp\/v2\/posts\/38693","targetHints":{"allow":["GET"]}}],"collection":[{"href":"https:\/\/www.noticiasradioreflejos.com.ar\/2021\/wp-json\/wp\/v2\/posts"}],"about":[{"href":"https:\/\/www.noticiasradioreflejos.com.ar\/2021\/wp-json\/wp\/v2\/types\/post"}],"author":[{"embeddable":true,"href":"https:\/\/www.noticiasradioreflejos.com.ar\/2021\/wp-json\/wp\/v2\/users\/3"}],"replies":[{"embeddable":true,"href":"https:\/\/www.noticiasradioreflejos.com.ar\/2021\/wp-json\/wp\/v2\/comments?post=38693"}],"version-history":[{"count":0,"href":"https:\/\/www.noticiasradioreflejos.com.ar\/2021\/wp-json\/wp\/v2\/posts\/38693\/revisions"}],"wp:attachment":[{"href":"https:\/\/www.noticiasradioreflejos.com.ar\/2021\/wp-json\/wp\/v2\/media?parent=38693"}],"wp:term":[{"taxonomy":"category","embeddable":true,"href":"https:\/\/www.noticiasradioreflejos.com.ar\/2021\/wp-json\/wp\/v2\/categories?post=38693"},{"taxonomy":"post_tag","embeddable":true,"href":"https:\/\/www.noticiasradioreflejos.com.ar\/2021\/wp-json\/wp\/v2\/tags?post=38693"}],"curies":[{"name":"wp","href":"https:\/\/api.w.org\/{rel}","templated":true}]}}