{"id":38684,"date":"2020-02-18T00:51:25","date_gmt":"2020-02-18T03:51:25","guid":{"rendered":"http:\/\/www.noticiasradioreflejos.com.ar\/noticias\/?p=38684"},"modified":"2020-02-18T00:51:25","modified_gmt":"2020-02-18T03:51:25","slug":"cronica-de-un-raid-delectivo-de-pelicula-que-al-final-termino-premiado-con-la-libertad","status":"publish","type":"post","link":"https:\/\/www.noticiasradioreflejos.com.ar\/2021\/cronica-de-un-raid-delectivo-de-pelicula-que-al-final-termino-premiado-con-la-libertad\/","title":{"rendered":"Cr\u00f3nica de un raid delictivo de pel\u00edcula,  que al final termin\u00f3 premiado con la libertad."},"content":{"rendered":"<p>Del robo en\u00a0 \u00a0 la panader\u00eda de Monte a las mini vacaciones en Villa Ventana, pasaron al calabozo y en tres horas se fueron libres y con el auto que compraron con el bot\u00edn.\u00a0<!--more-->La paz natural de los pueblos muchas veces se ve fracturada por los excesos de confianza y los tiempos violentos que se viven hoy en d\u00eda en las grandes urbes. All\u00ed se conocen todos con todos, all\u00ed la amistad y la palabra valen m\u00e1s que mil documentos firmados, un apret\u00f3n de manos es significado de lealtad y la tinta de la pluma no pesa tanto como el sentimiento de la confianza hacia el otro. Y a veces, algunas personas carentes de valores \u00a0trascienden esas fronteras; muchas veces por ambici\u00f3n desmedida incurren en traicionar a quienes \u00a0les tendieron una mano, una y otra vez. \u00a0No \u00a0entienden siquiera el significado del sacrificio ni de las horas muertas del otro en pos del crecimiento personal. Su \u00fanica meta est\u00e1 signada en el fin econ\u00f3mico sin importar c\u00f3mo lograrlo. Y as\u00ed es como se reciben, de un instante a otro, en viles delincuentes\u00a0 de poca monta y de un intelecto por debajo de la media,\u00a0 y proceden a apropiarse del bien ajeno, cosa que ven\u00edan premeditando \u00a0esperando \u00a0el momento justo para cometer un il\u00edcito. En\u00a0muchos hechos de estas caracter\u00edsticas, como el que vamos a relatar, el autor del hecho tiene o tuvo un v\u00ednculo cercano con las v\u00edctimas.<\/p>\n<p>As\u00ed, el s\u00e1bado pr\u00f3ximo pasado, la localidad de\u00a0Monte Hermoso amaneci\u00f3 con la noticia del cuantioso robo perpetrado en una panader\u00eda local. Muchos son los que conocen del sacrificio de sus propietarios y as\u00ed la indignaci\u00f3n fue mayor a\u00fan. Pero \u00e9stos (sus propietarios), previendo la posibilidad de sufrir este tipo de hechos, colocaron c\u00e1maras de seguridad dentro del comercio. No fue tanta la desaz\u00f3n por la \u00a0p\u00e9rdida econ\u00f3mica, sino ver en el monitor qui\u00e9n sustra\u00eda el esfuerzo de tanto tiempo. Una persona amiga a quien brindaron ayuda y trabajo, \u00a0los despojaba descaradamente de una cifra millonaria. A pesar del dolor que ello conlleva, realizan la denuncia policial pertinente y acercan las pruebas gr\u00e1ficas de su autor. El oficial a cargo de la Seccional de Monte Hermoso pone en marcha as\u00ed el protocolo ante la denuncia, y se emite un comunicado a todas las dependencias. El auge por exponer la vida en las redes sociales y las modas de mostrar de manera continua todos los movimientos personales, compras, vivencias, sentimientos, etc.,\u00a0 actuaron en conjunto esta vez a favor de los damnificados, ya que la autora del il\u00edcito mostr\u00f3 en una red social (whatsapp) una fotograf\u00eda suya en una caba\u00f1a rodeada de \u00e1rboles, ostentando una vida no acorde a su pasar econ\u00f3mico. Esta fotograf\u00eda fue replicada a distintos grupos de investigaci\u00f3n y llega a poder del oficial Maximiliano Fogel, oficial a cargo de la Sub Estaci\u00f3n de Polic\u00eda Comunal de Sierra de la Ventana, otrora a cargo del destacamento de Villa Ventana. Inmediatamente reconoce la caba\u00f1a e informa a su superior a cargo, el Comisario Inspector Jorge Maffioli. Con las comunicaciones pertinentes a la fiscal\u00eda de turno, se emite una orden de allanamiento y as\u00ed el Oficial Fogel, junto a su personal, los oficiales Mart\u00edn Fuentes y Fernando Araujo, deciden montar un operativo de inteligencia dentro de Villa Ventana desde el d\u00eda S\u00e1bado en horas de la tarde en un sitio muy pr\u00f3ximo a la finca ocupada por la malviviente y su pareja. Es importante reflejar, y a la vez indignante, que los malvivientes, con el dinero sustra\u00eddo, adquieren un autom\u00f3vil de alta gama y cinco perros de raza, am\u00e9n de gastos por doquier. Este autom\u00f3vil se hallaba estacionado en la finca que ocupaban en\u00a0 \u00absu descanso de fin de semana\u00bb. Pasada la noche del d\u00eda s\u00e1bado todos los puestos viales cercanos a la Villa se hallaban en apresto ante la inminente retirada de los mismos, cosa que se extendi\u00f3 hasta entrada la tarde del Domingo. Las horas fueron intensas como tambi\u00e9n \u00a0los recursos puestos en esta tarea investigativa y \u00a0el esfuerzo desmedido del personal, quienes sin escatimar cansancio aguardaron a la espera de un resultado satisfactorio para los damnificados y para la labor policial.<\/p>\n<p>Muchas veces se critica al polic\u00eda por la escasez de resultados, cr\u00edticas para nada constructivas y hasta a veces carentes de fundamentos,\u00a0 basadas en el desconocimiento y tambi\u00e9n en el descontento l\u00f3gico por la inseguridad reinante. Pero lo que a veces se ignora es que las leyes no van a la par de la labor policial, ya que las garant\u00edas est\u00e1n escritas \u00a0y hay que respetarlas, muchas decisiones son exclusivas de los fiscales y jueces.\u00a0 La Polic\u00eda es una herramienta de la Justicia, claro est\u00e1, \u00a0por lo tanto no juzga ni tiene poder de resoluci\u00f3n. Los encargados de impartir justicia son quienes resuelven las aprehensiones, detenciones o liberaciones de los malvivientes. Y as\u00ed se genera entonces el vaiv\u00e9n de culpas hacia un lado o hacia el otro, pero la balanza finalmente golpea al efectivo policial, quien es el que est\u00e1 expuesto ante la sociedad. Lo mismo sucede con la difusi\u00f3n de las \u00a0identidades de los delincuentes, ni polic\u00eda como tampoco ning\u00fan medio tiene la facultad de difundir sus datos personales ya que la ley los ampara.<\/p>\n<p>As\u00ed, en horas de la tarde del domingo, los malvivientes abandonan la caba\u00f1a que ocupaban y son interceptados inmediatamente por los efectivos policiales, quienes cumplimentando la orden de allanamiento, proceden al secuestro de dinero en efectivo y \u00e9stos son trasladados a la sede policial de Sierra de la Ventana.<\/p>\n<p>En todo momento los damnificados acompa\u00f1aron los procedimientos, desde el minuto uno, pudiendo as\u00ed ver, en primera persona, c\u00f3mo se desarrollaba una investigaci\u00f3n que procuraba arrojar el mejor resultado para ellos. Aprehendidos los malvivientes pudo verse reflejado en el rostro de todos los part\u00edcipes, un dejo de felicidad por la labor desarrollada, m\u00e1s all\u00e1 del cansancio por las horas impuestas en esta tarea.<\/p>\n<p>A s\u00f3lo tres horas de realizado el exitoso procedimiento y finalizadas las diligencias policiales, los malvivientes \u00a0quedaron en libertad por una decisi\u00f3n meramente \u00a0judicial, abandonando as\u00ed la comarca serrana en el autom\u00f3vil adquirido con el dinero que sustrajeran del comercio propiedad de los damnificados.<\/p>\n<p>Como corolario final, agrego la frase expresada por el oficial Maximiliano Fogel \u00a0antes de cerrar la puerta de su despacho\u00a0 y que resume toda esta cr\u00f3nica: \u201cLos logros de una organizaci\u00f3n son los resultados del esfuerzo combinado de todos los individuos\u201d.<\/p>\n","protected":false},"excerpt":{"rendered":"<p>Del robo en\u00a0 \u00a0 la panader\u00eda de Monte a las mini vacaciones en Villa Ventana, pasaron al calabozo y en tres horas se fueron libres y con el auto que compraron con el bot\u00edn.\u00a0<\/p>\n","protected":false},"author":3,"featured_media":0,"comment_status":"closed","ping_status":"open","sticky":false,"template":"","format":"standard","meta":{"footnotes":""},"categories":[29],"tags":[],"class_list":["post-38684","post","type-post","status-publish","format-standard","hentry","category-policiales"],"yoast_head":"<!-- This site is optimized with the Yoast SEO plugin v25.9 - https:\/\/yoast.com\/wordpress\/plugins\/seo\/ -->\n<title>Cr\u00f3nica de un raid delictivo de pel\u00edcula, que al final termin\u00f3 premiado con la libertad. - Noticias Radio Reflejos<\/title>\n<meta name=\"robots\" content=\"index, follow, max-snippet:-1, max-image-preview:large, max-video-preview:-1\" \/>\n<link rel=\"canonical\" href=\"https:\/\/www.noticiasradioreflejos.com.ar\/2021\/cronica-de-un-raid-delectivo-de-pelicula-que-al-final-termino-premiado-con-la-libertad\/\" \/>\n<meta property=\"og:locale\" content=\"es_ES\" \/>\n<meta property=\"og:type\" content=\"article\" \/>\n<meta property=\"og:title\" content=\"Cr\u00f3nica de un raid delictivo de pel\u00edcula, que al final termin\u00f3 premiado con la libertad. - Noticias Radio Reflejos\" \/>\n<meta property=\"og:description\" content=\"Del robo en\u00a0 \u00a0 la panader\u00eda de Monte a las mini vacaciones en Villa Ventana, pasaron al calabozo y en tres horas se fueron libres y con el auto que compraron con el bot\u00edn.\u00a0\" \/>\n<meta property=\"og:url\" content=\"https:\/\/www.noticiasradioreflejos.com.ar\/2021\/cronica-de-un-raid-delectivo-de-pelicula-que-al-final-termino-premiado-con-la-libertad\/\" \/>\n<meta property=\"og:site_name\" content=\"Noticias Radio Reflejos\" \/>\n<meta property=\"article:published_time\" content=\"2020-02-18T03:51:25+00:00\" \/>\n<meta property=\"og:image\" content=\"https:\/\/www.noticiasradioreflejos.com.ar\/2021\/wp-content\/uploads\/2021\/07\/logosol300x200.png\" \/>\n\t<meta property=\"og:image:width\" content=\"300\" \/>\n\t<meta property=\"og:image:height\" content=\"200\" \/>\n\t<meta property=\"og:image:type\" content=\"image\/png\" \/>\n<meta name=\"author\" content=\"Arnaldo Botto\" \/>\n<meta name=\"twitter:card\" content=\"summary_large_image\" \/>\n<script type=\"application\/ld+json\" class=\"yoast-schema-graph\">{\"@context\":\"https:\/\/schema.org\",\"@graph\":[{\"@type\":\"WebPage\",\"@id\":\"https:\/\/www.noticiasradioreflejos.com.ar\/2021\/cronica-de-un-raid-delectivo-de-pelicula-que-al-final-termino-premiado-con-la-libertad\/\",\"url\":\"https:\/\/www.noticiasradioreflejos.com.ar\/2021\/cronica-de-un-raid-delectivo-de-pelicula-que-al-final-termino-premiado-con-la-libertad\/\",\"name\":\"Cr\u00f3nica de un raid delictivo de pel\u00edcula, que al final termin\u00f3 premiado con la libertad. - Noticias Radio Reflejos\",\"isPartOf\":{\"@id\":\"https:\/\/www.noticiasradioreflejos.com.ar\/2021\/#website\"},\"datePublished\":\"2020-02-18T03:51:25+00:00\",\"author\":{\"@id\":\"https:\/\/www.noticiasradioreflejos.com.ar\/2021\/#\/schema\/person\/ad82545263dcc5ec0996818884fd5fb1\"},\"breadcrumb\":{\"@id\":\"https:\/\/www.noticiasradioreflejos.com.ar\/2021\/cronica-de-un-raid-delectivo-de-pelicula-que-al-final-termino-premiado-con-la-libertad\/#breadcrumb\"},\"inLanguage\":\"es\",\"potentialAction\":[{\"@type\":\"ReadAction\",\"target\":[\"https:\/\/www.noticiasradioreflejos.com.ar\/2021\/cronica-de-un-raid-delectivo-de-pelicula-que-al-final-termino-premiado-con-la-libertad\/\"]}]},{\"@type\":\"BreadcrumbList\",\"@id\":\"https:\/\/www.noticiasradioreflejos.com.ar\/2021\/cronica-de-un-raid-delectivo-de-pelicula-que-al-final-termino-premiado-con-la-libertad\/#breadcrumb\",\"itemListElement\":[{\"@type\":\"ListItem\",\"position\":1,\"name\":\"Portada\",\"item\":\"https:\/\/www.noticiasradioreflejos.com.ar\/2021\/\"},{\"@type\":\"ListItem\",\"position\":2,\"name\":\"Cr\u00f3nica de un raid delictivo de pel\u00edcula, que al final termin\u00f3 premiado con la libertad.\"}]},{\"@type\":\"WebSite\",\"@id\":\"https:\/\/www.noticiasradioreflejos.com.ar\/2021\/#website\",\"url\":\"https:\/\/www.noticiasradioreflejos.com.ar\/2021\/\",\"name\":\"Noticias Radio Reflejos\",\"description\":\"Las noticias de mi comarca\",\"potentialAction\":[{\"@type\":\"SearchAction\",\"target\":{\"@type\":\"EntryPoint\",\"urlTemplate\":\"https:\/\/www.noticiasradioreflejos.com.ar\/2021\/?s={search_term_string}\"},\"query-input\":{\"@type\":\"PropertyValueSpecification\",\"valueRequired\":true,\"valueName\":\"search_term_string\"}}],\"inLanguage\":\"es\"},{\"@type\":\"Person\",\"@id\":\"https:\/\/www.noticiasradioreflejos.com.ar\/2021\/#\/schema\/person\/ad82545263dcc5ec0996818884fd5fb1\",\"name\":\"Arnaldo Botto\",\"image\":{\"@type\":\"ImageObject\",\"inLanguage\":\"es\",\"@id\":\"https:\/\/www.noticiasradioreflejos.com.ar\/2021\/#\/schema\/person\/image\/\",\"url\":\"https:\/\/secure.gravatar.com\/avatar\/55cb5e37c1efa326397366e6974cb338056df65cb50e7d64d1cf314e87504837?s=96&d=mm&r=g\",\"contentUrl\":\"https:\/\/secure.gravatar.com\/avatar\/55cb5e37c1efa326397366e6974cb338056df65cb50e7d64d1cf314e87504837?s=96&d=mm&r=g\",\"caption\":\"Arnaldo Botto\"},\"url\":\"https:\/\/www.noticiasradioreflejos.com.ar\/2021\/author\/arnaldo\/\"}]}<\/script>\n<!-- \/ Yoast SEO plugin. -->","yoast_head_json":{"title":"Cr\u00f3nica de un raid delictivo de pel\u00edcula, que al final termin\u00f3 premiado con la libertad. - Noticias Radio Reflejos","robots":{"index":"index","follow":"follow","max-snippet":"max-snippet:-1","max-image-preview":"max-image-preview:large","max-video-preview":"max-video-preview:-1"},"canonical":"https:\/\/www.noticiasradioreflejos.com.ar\/2021\/cronica-de-un-raid-delectivo-de-pelicula-que-al-final-termino-premiado-con-la-libertad\/","og_locale":"es_ES","og_type":"article","og_title":"Cr\u00f3nica de un raid delictivo de pel\u00edcula, que al final termin\u00f3 premiado con la libertad. - Noticias Radio Reflejos","og_description":"Del robo en\u00a0 \u00a0 la panader\u00eda de Monte a las mini vacaciones en Villa Ventana, pasaron al calabozo y en tres horas se fueron libres y con el auto que compraron con el bot\u00edn.\u00a0","og_url":"https:\/\/www.noticiasradioreflejos.com.ar\/2021\/cronica-de-un-raid-delectivo-de-pelicula-que-al-final-termino-premiado-con-la-libertad\/","og_site_name":"Noticias Radio Reflejos","article_published_time":"2020-02-18T03:51:25+00:00","og_image":[{"width":300,"height":200,"url":"https:\/\/www.noticiasradioreflejos.com.ar\/2021\/wp-content\/uploads\/2021\/07\/logosol300x200.png","type":"image\/png"}],"author":"Arnaldo Botto","twitter_card":"summary_large_image","schema":{"@context":"https:\/\/schema.org","@graph":[{"@type":"WebPage","@id":"https:\/\/www.noticiasradioreflejos.com.ar\/2021\/cronica-de-un-raid-delectivo-de-pelicula-que-al-final-termino-premiado-con-la-libertad\/","url":"https:\/\/www.noticiasradioreflejos.com.ar\/2021\/cronica-de-un-raid-delectivo-de-pelicula-que-al-final-termino-premiado-con-la-libertad\/","name":"Cr\u00f3nica de un raid delictivo de pel\u00edcula, que al final termin\u00f3 premiado con la libertad. - Noticias Radio Reflejos","isPartOf":{"@id":"https:\/\/www.noticiasradioreflejos.com.ar\/2021\/#website"},"datePublished":"2020-02-18T03:51:25+00:00","author":{"@id":"https:\/\/www.noticiasradioreflejos.com.ar\/2021\/#\/schema\/person\/ad82545263dcc5ec0996818884fd5fb1"},"breadcrumb":{"@id":"https:\/\/www.noticiasradioreflejos.com.ar\/2021\/cronica-de-un-raid-delectivo-de-pelicula-que-al-final-termino-premiado-con-la-libertad\/#breadcrumb"},"inLanguage":"es","potentialAction":[{"@type":"ReadAction","target":["https:\/\/www.noticiasradioreflejos.com.ar\/2021\/cronica-de-un-raid-delectivo-de-pelicula-que-al-final-termino-premiado-con-la-libertad\/"]}]},{"@type":"BreadcrumbList","@id":"https:\/\/www.noticiasradioreflejos.com.ar\/2021\/cronica-de-un-raid-delectivo-de-pelicula-que-al-final-termino-premiado-con-la-libertad\/#breadcrumb","itemListElement":[{"@type":"ListItem","position":1,"name":"Portada","item":"https:\/\/www.noticiasradioreflejos.com.ar\/2021\/"},{"@type":"ListItem","position":2,"name":"Cr\u00f3nica de un raid delictivo de pel\u00edcula, que al final termin\u00f3 premiado con la libertad."}]},{"@type":"WebSite","@id":"https:\/\/www.noticiasradioreflejos.com.ar\/2021\/#website","url":"https:\/\/www.noticiasradioreflejos.com.ar\/2021\/","name":"Noticias Radio Reflejos","description":"Las noticias de mi comarca","potentialAction":[{"@type":"SearchAction","target":{"@type":"EntryPoint","urlTemplate":"https:\/\/www.noticiasradioreflejos.com.ar\/2021\/?s={search_term_string}"},"query-input":{"@type":"PropertyValueSpecification","valueRequired":true,"valueName":"search_term_string"}}],"inLanguage":"es"},{"@type":"Person","@id":"https:\/\/www.noticiasradioreflejos.com.ar\/2021\/#\/schema\/person\/ad82545263dcc5ec0996818884fd5fb1","name":"Arnaldo Botto","image":{"@type":"ImageObject","inLanguage":"es","@id":"https:\/\/www.noticiasradioreflejos.com.ar\/2021\/#\/schema\/person\/image\/","url":"https:\/\/secure.gravatar.com\/avatar\/55cb5e37c1efa326397366e6974cb338056df65cb50e7d64d1cf314e87504837?s=96&d=mm&r=g","contentUrl":"https:\/\/secure.gravatar.com\/avatar\/55cb5e37c1efa326397366e6974cb338056df65cb50e7d64d1cf314e87504837?s=96&d=mm&r=g","caption":"Arnaldo Botto"},"url":"https:\/\/www.noticiasradioreflejos.com.ar\/2021\/author\/arnaldo\/"}]}},"_links":{"self":[{"href":"https:\/\/www.noticiasradioreflejos.com.ar\/2021\/wp-json\/wp\/v2\/posts\/38684","targetHints":{"allow":["GET"]}}],"collection":[{"href":"https:\/\/www.noticiasradioreflejos.com.ar\/2021\/wp-json\/wp\/v2\/posts"}],"about":[{"href":"https:\/\/www.noticiasradioreflejos.com.ar\/2021\/wp-json\/wp\/v2\/types\/post"}],"author":[{"embeddable":true,"href":"https:\/\/www.noticiasradioreflejos.com.ar\/2021\/wp-json\/wp\/v2\/users\/3"}],"replies":[{"embeddable":true,"href":"https:\/\/www.noticiasradioreflejos.com.ar\/2021\/wp-json\/wp\/v2\/comments?post=38684"}],"version-history":[{"count":0,"href":"https:\/\/www.noticiasradioreflejos.com.ar\/2021\/wp-json\/wp\/v2\/posts\/38684\/revisions"}],"wp:attachment":[{"href":"https:\/\/www.noticiasradioreflejos.com.ar\/2021\/wp-json\/wp\/v2\/media?parent=38684"}],"wp:term":[{"taxonomy":"category","embeddable":true,"href":"https:\/\/www.noticiasradioreflejos.com.ar\/2021\/wp-json\/wp\/v2\/categories?post=38684"},{"taxonomy":"post_tag","embeddable":true,"href":"https:\/\/www.noticiasradioreflejos.com.ar\/2021\/wp-json\/wp\/v2\/tags?post=38684"}],"curies":[{"name":"wp","href":"https:\/\/api.w.org\/{rel}","templated":true}]}}