{"id":38679,"date":"2020-02-17T19:30:44","date_gmt":"2020-02-17T22:30:44","guid":{"rendered":"http:\/\/www.noticiasradioreflejos.com.ar\/noticias\/?p=38679"},"modified":"2020-02-17T19:30:44","modified_gmt":"2020-02-17T22:30:44","slug":"proyecto-de-ley-que-propone-bajar-de-25-a-18-anos-la-edad-para-poder-ser-concejal-ver-video","status":"publish","type":"post","link":"https:\/\/www.noticiasradioreflejos.com.ar\/2021\/proyecto-de-ley-que-propone-bajar-de-25-a-18-anos-la-edad-para-poder-ser-concejal-ver-video\/","title":{"rendered":"Proyecto de ley que propone bajar de 25 a 18 a\u00f1os la edad para poder ser concejal. (Ver Video)"},"content":{"rendered":"<p>El Diputado Provincial de la Juventud Radical Valent\u00edn Miranda (Juntos Por El Cambio), present\u00f3 proyecto de ley que propone bajar de 25 a 18 a\u00f1os la edad para poder ser concejal. Es necesario para renovar la pol\u00edtica, para sumar j\u00f3venes a la participaci\u00f3n ciudadana.<!--more--><\/p>\n<p><iframe loading=\"lazy\" src=\"https:\/\/www.youtube.com\/embed\/e8D3BeHiopQ\" width=\"560\" height=\"315\" frameborder=\"0\" allowfullscreen=\"allowfullscreen\"><\/iframe><\/p>\n","protected":false},"excerpt":{"rendered":"<p>El Diputado Provincial de la Juventud Radical Valent\u00edn Miranda (Juntos Por El Cambio), present\u00f3 proyecto de ley que propone bajar de 25 a 18 a\u00f1os la edad para poder ser concejal. Es necesario para renovar la pol\u00edtica, para sumar j\u00f3venes a la participaci\u00f3n ciudadana.<\/p>\n","protected":false},"author":3,"featured_media":0,"comment_status":"closed","ping_status":"open","sticky":false,"template":"","format":"standard","meta":{"footnotes":""},"categories":[24],"tags":[],"class_list":["post-38679","post","type-post","status-publish","format-standard","hentry","category-politica"],"yoast_head":"<!-- This site is optimized with the Yoast SEO plugin v25.9 - https:\/\/yoast.com\/wordpress\/plugins\/seo\/ -->\n<title>Proyecto de ley que propone bajar de 25 a 18 a\u00f1os la edad para poder ser concejal. (Ver Video) - Noticias Radio Reflejos<\/title>\n<meta name=\"robots\" content=\"index, follow, max-snippet:-1, max-image-preview:large, max-video-preview:-1\" \/>\n<link rel=\"canonical\" href=\"https:\/\/www.noticiasradioreflejos.com.ar\/2021\/proyecto-de-ley-que-propone-bajar-de-25-a-18-anos-la-edad-para-poder-ser-concejal-ver-video\/\" \/>\n<meta property=\"og:locale\" content=\"es_ES\" \/>\n<meta property=\"og:type\" content=\"article\" \/>\n<meta property=\"og:title\" content=\"Proyecto de ley que propone bajar de 25 a 18 a\u00f1os la edad para poder ser concejal. (Ver Video) - Noticias Radio Reflejos\" \/>\n<meta property=\"og:description\" content=\"El Diputado Provincial de la Juventud Radical Valent\u00edn Miranda (Juntos Por El Cambio), present\u00f3 proyecto de ley que propone bajar de 25 a 18 a\u00f1os la edad para poder ser concejal. Es necesario para renovar la pol\u00edtica, para sumar j\u00f3venes a la participaci\u00f3n ciudadana.\" \/>\n<meta property=\"og:url\" content=\"https:\/\/www.noticiasradioreflejos.com.ar\/2021\/proyecto-de-ley-que-propone-bajar-de-25-a-18-anos-la-edad-para-poder-ser-concejal-ver-video\/\" \/>\n<meta property=\"og:site_name\" content=\"Noticias Radio Reflejos\" \/>\n<meta property=\"article:published_time\" content=\"2020-02-17T22:30:44+00:00\" \/>\n<meta property=\"og:image\" content=\"https:\/\/www.noticiasradioreflejos.com.ar\/2021\/wp-content\/uploads\/2021\/07\/logosol300x200.png\" \/>\n\t<meta property=\"og:image:width\" content=\"300\" \/>\n\t<meta property=\"og:image:height\" content=\"200\" \/>\n\t<meta property=\"og:image:type\" content=\"image\/png\" \/>\n<meta name=\"author\" content=\"Arnaldo Botto\" \/>\n<meta name=\"twitter:card\" content=\"summary_large_image\" \/>\n<script type=\"application\/ld+json\" class=\"yoast-schema-graph\">{\"@context\":\"https:\/\/schema.org\",\"@graph\":[{\"@type\":\"WebPage\",\"@id\":\"https:\/\/www.noticiasradioreflejos.com.ar\/2021\/proyecto-de-ley-que-propone-bajar-de-25-a-18-anos-la-edad-para-poder-ser-concejal-ver-video\/\",\"url\":\"https:\/\/www.noticiasradioreflejos.com.ar\/2021\/proyecto-de-ley-que-propone-bajar-de-25-a-18-anos-la-edad-para-poder-ser-concejal-ver-video\/\",\"name\":\"Proyecto de ley que propone bajar de 25 a 18 a\u00f1os la edad para poder ser concejal. (Ver Video) - Noticias Radio Reflejos\",\"isPartOf\":{\"@id\":\"https:\/\/www.noticiasradioreflejos.com.ar\/2021\/#website\"},\"datePublished\":\"2020-02-17T22:30:44+00:00\",\"author\":{\"@id\":\"https:\/\/www.noticiasradioreflejos.com.ar\/2021\/#\/schema\/person\/ad82545263dcc5ec0996818884fd5fb1\"},\"breadcrumb\":{\"@id\":\"https:\/\/www.noticiasradioreflejos.com.ar\/2021\/proyecto-de-ley-que-propone-bajar-de-25-a-18-anos-la-edad-para-poder-ser-concejal-ver-video\/#breadcrumb\"},\"inLanguage\":\"es\",\"potentialAction\":[{\"@type\":\"ReadAction\",\"target\":[\"https:\/\/www.noticiasradioreflejos.com.ar\/2021\/proyecto-de-ley-que-propone-bajar-de-25-a-18-anos-la-edad-para-poder-ser-concejal-ver-video\/\"]}]},{\"@type\":\"BreadcrumbList\",\"@id\":\"https:\/\/www.noticiasradioreflejos.com.ar\/2021\/proyecto-de-ley-que-propone-bajar-de-25-a-18-anos-la-edad-para-poder-ser-concejal-ver-video\/#breadcrumb\",\"itemListElement\":[{\"@type\":\"ListItem\",\"position\":1,\"name\":\"Portada\",\"item\":\"https:\/\/www.noticiasradioreflejos.com.ar\/2021\/\"},{\"@type\":\"ListItem\",\"position\":2,\"name\":\"Proyecto de ley que propone bajar de 25 a 18 a\u00f1os la edad para poder ser concejal. (Ver Video)\"}]},{\"@type\":\"WebSite\",\"@id\":\"https:\/\/www.noticiasradioreflejos.com.ar\/2021\/#website\",\"url\":\"https:\/\/www.noticiasradioreflejos.com.ar\/2021\/\",\"name\":\"Noticias Radio Reflejos\",\"description\":\"Las noticias de mi comarca\",\"potentialAction\":[{\"@type\":\"SearchAction\",\"target\":{\"@type\":\"EntryPoint\",\"urlTemplate\":\"https:\/\/www.noticiasradioreflejos.com.ar\/2021\/?s={search_term_string}\"},\"query-input\":{\"@type\":\"PropertyValueSpecification\",\"valueRequired\":true,\"valueName\":\"search_term_string\"}}],\"inLanguage\":\"es\"},{\"@type\":\"Person\",\"@id\":\"https:\/\/www.noticiasradioreflejos.com.ar\/2021\/#\/schema\/person\/ad82545263dcc5ec0996818884fd5fb1\",\"name\":\"Arnaldo Botto\",\"image\":{\"@type\":\"ImageObject\",\"inLanguage\":\"es\",\"@id\":\"https:\/\/www.noticiasradioreflejos.com.ar\/2021\/#\/schema\/person\/image\/\",\"url\":\"https:\/\/secure.gravatar.com\/avatar\/55cb5e37c1efa326397366e6974cb338056df65cb50e7d64d1cf314e87504837?s=96&d=mm&r=g\",\"contentUrl\":\"https:\/\/secure.gravatar.com\/avatar\/55cb5e37c1efa326397366e6974cb338056df65cb50e7d64d1cf314e87504837?s=96&d=mm&r=g\",\"caption\":\"Arnaldo Botto\"},\"url\":\"https:\/\/www.noticiasradioreflejos.com.ar\/2021\/author\/arnaldo\/\"}]}<\/script>\n<!-- \/ Yoast SEO plugin. -->","yoast_head_json":{"title":"Proyecto de ley que propone bajar de 25 a 18 a\u00f1os la edad para poder ser concejal. (Ver Video) - Noticias Radio Reflejos","robots":{"index":"index","follow":"follow","max-snippet":"max-snippet:-1","max-image-preview":"max-image-preview:large","max-video-preview":"max-video-preview:-1"},"canonical":"https:\/\/www.noticiasradioreflejos.com.ar\/2021\/proyecto-de-ley-que-propone-bajar-de-25-a-18-anos-la-edad-para-poder-ser-concejal-ver-video\/","og_locale":"es_ES","og_type":"article","og_title":"Proyecto de ley que propone bajar de 25 a 18 a\u00f1os la edad para poder ser concejal. (Ver Video) - Noticias Radio Reflejos","og_description":"El Diputado Provincial de la Juventud Radical Valent\u00edn Miranda (Juntos Por El Cambio), present\u00f3 proyecto de ley que propone bajar de 25 a 18 a\u00f1os la edad para poder ser concejal. Es necesario para renovar la pol\u00edtica, para sumar j\u00f3venes a la participaci\u00f3n ciudadana.","og_url":"https:\/\/www.noticiasradioreflejos.com.ar\/2021\/proyecto-de-ley-que-propone-bajar-de-25-a-18-anos-la-edad-para-poder-ser-concejal-ver-video\/","og_site_name":"Noticias Radio Reflejos","article_published_time":"2020-02-17T22:30:44+00:00","og_image":[{"width":300,"height":200,"url":"https:\/\/www.noticiasradioreflejos.com.ar\/2021\/wp-content\/uploads\/2021\/07\/logosol300x200.png","type":"image\/png"}],"author":"Arnaldo Botto","twitter_card":"summary_large_image","schema":{"@context":"https:\/\/schema.org","@graph":[{"@type":"WebPage","@id":"https:\/\/www.noticiasradioreflejos.com.ar\/2021\/proyecto-de-ley-que-propone-bajar-de-25-a-18-anos-la-edad-para-poder-ser-concejal-ver-video\/","url":"https:\/\/www.noticiasradioreflejos.com.ar\/2021\/proyecto-de-ley-que-propone-bajar-de-25-a-18-anos-la-edad-para-poder-ser-concejal-ver-video\/","name":"Proyecto de ley que propone bajar de 25 a 18 a\u00f1os la edad para poder ser concejal. (Ver Video) - Noticias Radio Reflejos","isPartOf":{"@id":"https:\/\/www.noticiasradioreflejos.com.ar\/2021\/#website"},"datePublished":"2020-02-17T22:30:44+00:00","author":{"@id":"https:\/\/www.noticiasradioreflejos.com.ar\/2021\/#\/schema\/person\/ad82545263dcc5ec0996818884fd5fb1"},"breadcrumb":{"@id":"https:\/\/www.noticiasradioreflejos.com.ar\/2021\/proyecto-de-ley-que-propone-bajar-de-25-a-18-anos-la-edad-para-poder-ser-concejal-ver-video\/#breadcrumb"},"inLanguage":"es","potentialAction":[{"@type":"ReadAction","target":["https:\/\/www.noticiasradioreflejos.com.ar\/2021\/proyecto-de-ley-que-propone-bajar-de-25-a-18-anos-la-edad-para-poder-ser-concejal-ver-video\/"]}]},{"@type":"BreadcrumbList","@id":"https:\/\/www.noticiasradioreflejos.com.ar\/2021\/proyecto-de-ley-que-propone-bajar-de-25-a-18-anos-la-edad-para-poder-ser-concejal-ver-video\/#breadcrumb","itemListElement":[{"@type":"ListItem","position":1,"name":"Portada","item":"https:\/\/www.noticiasradioreflejos.com.ar\/2021\/"},{"@type":"ListItem","position":2,"name":"Proyecto de ley que propone bajar de 25 a 18 a\u00f1os la edad para poder ser concejal. (Ver Video)"}]},{"@type":"WebSite","@id":"https:\/\/www.noticiasradioreflejos.com.ar\/2021\/#website","url":"https:\/\/www.noticiasradioreflejos.com.ar\/2021\/","name":"Noticias Radio Reflejos","description":"Las noticias de mi comarca","potentialAction":[{"@type":"SearchAction","target":{"@type":"EntryPoint","urlTemplate":"https:\/\/www.noticiasradioreflejos.com.ar\/2021\/?s={search_term_string}"},"query-input":{"@type":"PropertyValueSpecification","valueRequired":true,"valueName":"search_term_string"}}],"inLanguage":"es"},{"@type":"Person","@id":"https:\/\/www.noticiasradioreflejos.com.ar\/2021\/#\/schema\/person\/ad82545263dcc5ec0996818884fd5fb1","name":"Arnaldo Botto","image":{"@type":"ImageObject","inLanguage":"es","@id":"https:\/\/www.noticiasradioreflejos.com.ar\/2021\/#\/schema\/person\/image\/","url":"https:\/\/secure.gravatar.com\/avatar\/55cb5e37c1efa326397366e6974cb338056df65cb50e7d64d1cf314e87504837?s=96&d=mm&r=g","contentUrl":"https:\/\/secure.gravatar.com\/avatar\/55cb5e37c1efa326397366e6974cb338056df65cb50e7d64d1cf314e87504837?s=96&d=mm&r=g","caption":"Arnaldo Botto"},"url":"https:\/\/www.noticiasradioreflejos.com.ar\/2021\/author\/arnaldo\/"}]}},"_links":{"self":[{"href":"https:\/\/www.noticiasradioreflejos.com.ar\/2021\/wp-json\/wp\/v2\/posts\/38679","targetHints":{"allow":["GET"]}}],"collection":[{"href":"https:\/\/www.noticiasradioreflejos.com.ar\/2021\/wp-json\/wp\/v2\/posts"}],"about":[{"href":"https:\/\/www.noticiasradioreflejos.com.ar\/2021\/wp-json\/wp\/v2\/types\/post"}],"author":[{"embeddable":true,"href":"https:\/\/www.noticiasradioreflejos.com.ar\/2021\/wp-json\/wp\/v2\/users\/3"}],"replies":[{"embeddable":true,"href":"https:\/\/www.noticiasradioreflejos.com.ar\/2021\/wp-json\/wp\/v2\/comments?post=38679"}],"version-history":[{"count":0,"href":"https:\/\/www.noticiasradioreflejos.com.ar\/2021\/wp-json\/wp\/v2\/posts\/38679\/revisions"}],"wp:attachment":[{"href":"https:\/\/www.noticiasradioreflejos.com.ar\/2021\/wp-json\/wp\/v2\/media?parent=38679"}],"wp:term":[{"taxonomy":"category","embeddable":true,"href":"https:\/\/www.noticiasradioreflejos.com.ar\/2021\/wp-json\/wp\/v2\/categories?post=38679"},{"taxonomy":"post_tag","embeddable":true,"href":"https:\/\/www.noticiasradioreflejos.com.ar\/2021\/wp-json\/wp\/v2\/tags?post=38679"}],"curies":[{"name":"wp","href":"https:\/\/api.w.org\/{rel}","templated":true}]}}