{"id":38665,"date":"2020-02-17T17:28:49","date_gmt":"2020-02-17T20:28:49","guid":{"rendered":"http:\/\/www.noticiasradioreflejos.com.ar\/noticias\/?p=38665"},"modified":"2020-02-17T17:28:49","modified_gmt":"2020-02-17T20:28:49","slug":"robaron-en-monte-hermoso-y-los-detuvieron-en-villa-ventana","status":"publish","type":"post","link":"https:\/\/www.noticiasradioreflejos.com.ar\/2021\/robaron-en-monte-hermoso-y-los-detuvieron-en-villa-ventana\/","title":{"rendered":"Robaron en Monte Hermoso y los detuvieron en Villa Ventana"},"content":{"rendered":"<p>Un robo de caracter\u00edsticas particulares ocurri\u00f3 en Monte Hermoso, con la participaci\u00f3n de una mujer que sustrajo alrededor de un mill\u00f3n de pesos del interior de una vivienda y se dio a la fuga. Hecho que qued\u00f3 registrado por las c\u00e1maras de seguridad de la propiedad.<br \/>\nSeg\u00fan lo que se pudo saber, la mujer era una presunta empleada de la panader\u00eda denominada \u201cLa Deseada\u201d y adem\u00e1s resultaba ser conocida de los propietarios. Su nombre por el momento no trascendi\u00f3 p\u00fablicamente, pero la justicia la tendr\u00eda identificada por un tatuaje en una de sus piernas.<!--more--><br \/>\nEl episodio se desarroll\u00f3 el pasado viernes, cuando la ladrona ingres\u00f3 al domicilio de Antonio Emanuel Fern\u00e1ndez con evidentes intenciones de robo. Las im\u00e1genes exhiben c\u00f3mo se desenvolvi\u00f3 con total naturalidad dentro de la casa y logr\u00f3 alzarse con el mencionado bot\u00edn para luego retirarse.<\/p>\n<p>El propietario del comercio radic\u00f3 la correspondiente denuncia, donde iniciaron la investigaci\u00f3n del caso.<\/p>\n<p>De acuerdo a informaciones, B.F. se fug\u00f3 a Coronel Dorrego y all\u00ed con parte del dinero, habr\u00eda adquirido un autom\u00f3vil. Sin embargo, los investigadores no pudieron localizarla en aquella ciudad.<\/p>\n<p>Luego se sospech\u00f3 que la mujer pod\u00eda haber estado en Sierra de la Ventana y ese dato termin\u00f3 por confirmarse. En este marco, la UFIJ N\u00b09 y la Ayudant\u00eda Fiscal local libraron dos \u00f3rdenes de allanamiento en inmuebles de Dorrego y de la comarca serrana.<br \/>\nEl primero en una propiedad de calle Uslenghi 1031, donde secuestraron 460 mil pesos, prendas de vestir utilizadas en el hecho, un tel\u00e9fono celular y boletos de compra y venta.<br \/>\nEl restante en una caba\u00f1a ubicada en la calle Piquito de Oro, entre Cruz del sur y Pillahuinco, donde los agentes incautaron 1.400 d\u00f3lares y 22.500 pesos. Adem\u00e1s se llevaron una mochila, un bolso y un par de zapatillas que habr\u00edan sido tambi\u00e9n empleadas para perpetrar el il\u00edcito.<br \/>\nLa causa est\u00e1 caratulada como Hurto Agravado y de acuerdo a informaci\u00f3n a la que pudo acceder este medio, si bien hay indicios importantes de la autor\u00eda de B.F., hasta el momento la fiscal\u00eda no dispuso su aprehensi\u00f3n.<br \/>\n<iframe loading=\"lazy\" src=\"https:\/\/www.youtube.com\/embed\/urSU3Swm4b4\" width=\"560\" height=\"315\" frameborder=\"0\" allowfullscreen=\"allowfullscreen\"><\/iframe><\/p>\n<p>Fuente: Telefe Bah\u00eda Blanca<\/p>\n","protected":false},"excerpt":{"rendered":"<p>Un robo de caracter\u00edsticas particulares ocurri\u00f3 en Monte Hermoso, con la participaci\u00f3n de una mujer que sustrajo alrededor de un mill\u00f3n de pesos del interior de una vivienda y se dio a la fuga. Hecho que qued\u00f3 registrado por las c\u00e1maras de seguridad de la propiedad. Seg\u00fan lo que se pudo saber, la mujer era [&hellip;]<\/p>\n","protected":false},"author":3,"featured_media":0,"comment_status":"closed","ping_status":"open","sticky":false,"template":"","format":"standard","meta":{"footnotes":""},"categories":[29],"tags":[],"class_list":["post-38665","post","type-post","status-publish","format-standard","hentry","category-policiales"],"yoast_head":"<!-- This site is optimized with the Yoast SEO plugin v25.9 - https:\/\/yoast.com\/wordpress\/plugins\/seo\/ -->\n<title>Robaron en Monte Hermoso y los detuvieron en Villa Ventana - Noticias Radio Reflejos<\/title>\n<meta name=\"robots\" content=\"index, follow, max-snippet:-1, max-image-preview:large, max-video-preview:-1\" \/>\n<link rel=\"canonical\" href=\"https:\/\/www.noticiasradioreflejos.com.ar\/2021\/robaron-en-monte-hermoso-y-los-detuvieron-en-villa-ventana\/\" \/>\n<meta property=\"og:locale\" content=\"es_ES\" \/>\n<meta property=\"og:type\" content=\"article\" \/>\n<meta property=\"og:title\" content=\"Robaron en Monte Hermoso y los detuvieron en Villa Ventana - Noticias Radio Reflejos\" \/>\n<meta property=\"og:description\" content=\"Un robo de caracter\u00edsticas particulares ocurri\u00f3 en Monte Hermoso, con la participaci\u00f3n de una mujer que sustrajo alrededor de un mill\u00f3n de pesos del interior de una vivienda y se dio a la fuga. Hecho que qued\u00f3 registrado por las c\u00e1maras de seguridad de la propiedad. Seg\u00fan lo que se pudo saber, la mujer era [&hellip;]\" \/>\n<meta property=\"og:url\" content=\"https:\/\/www.noticiasradioreflejos.com.ar\/2021\/robaron-en-monte-hermoso-y-los-detuvieron-en-villa-ventana\/\" \/>\n<meta property=\"og:site_name\" content=\"Noticias Radio Reflejos\" \/>\n<meta property=\"article:published_time\" content=\"2020-02-17T20:28:49+00:00\" \/>\n<meta property=\"og:image\" content=\"https:\/\/www.noticiasradioreflejos.com.ar\/2021\/wp-content\/uploads\/2021\/07\/logosol300x200.png\" \/>\n\t<meta property=\"og:image:width\" content=\"300\" \/>\n\t<meta property=\"og:image:height\" content=\"200\" \/>\n\t<meta property=\"og:image:type\" content=\"image\/png\" \/>\n<meta name=\"author\" content=\"Arnaldo Botto\" \/>\n<meta name=\"twitter:card\" content=\"summary_large_image\" \/>\n<script type=\"application\/ld+json\" class=\"yoast-schema-graph\">{\"@context\":\"https:\/\/schema.org\",\"@graph\":[{\"@type\":\"WebPage\",\"@id\":\"https:\/\/www.noticiasradioreflejos.com.ar\/2021\/robaron-en-monte-hermoso-y-los-detuvieron-en-villa-ventana\/\",\"url\":\"https:\/\/www.noticiasradioreflejos.com.ar\/2021\/robaron-en-monte-hermoso-y-los-detuvieron-en-villa-ventana\/\",\"name\":\"Robaron en Monte Hermoso y los detuvieron en Villa Ventana - Noticias Radio Reflejos\",\"isPartOf\":{\"@id\":\"https:\/\/www.noticiasradioreflejos.com.ar\/2021\/#website\"},\"datePublished\":\"2020-02-17T20:28:49+00:00\",\"author\":{\"@id\":\"https:\/\/www.noticiasradioreflejos.com.ar\/2021\/#\/schema\/person\/ad82545263dcc5ec0996818884fd5fb1\"},\"breadcrumb\":{\"@id\":\"https:\/\/www.noticiasradioreflejos.com.ar\/2021\/robaron-en-monte-hermoso-y-los-detuvieron-en-villa-ventana\/#breadcrumb\"},\"inLanguage\":\"es\",\"potentialAction\":[{\"@type\":\"ReadAction\",\"target\":[\"https:\/\/www.noticiasradioreflejos.com.ar\/2021\/robaron-en-monte-hermoso-y-los-detuvieron-en-villa-ventana\/\"]}]},{\"@type\":\"BreadcrumbList\",\"@id\":\"https:\/\/www.noticiasradioreflejos.com.ar\/2021\/robaron-en-monte-hermoso-y-los-detuvieron-en-villa-ventana\/#breadcrumb\",\"itemListElement\":[{\"@type\":\"ListItem\",\"position\":1,\"name\":\"Portada\",\"item\":\"https:\/\/www.noticiasradioreflejos.com.ar\/2021\/\"},{\"@type\":\"ListItem\",\"position\":2,\"name\":\"Robaron en Monte Hermoso y los detuvieron en Villa Ventana\"}]},{\"@type\":\"WebSite\",\"@id\":\"https:\/\/www.noticiasradioreflejos.com.ar\/2021\/#website\",\"url\":\"https:\/\/www.noticiasradioreflejos.com.ar\/2021\/\",\"name\":\"Noticias Radio Reflejos\",\"description\":\"Las noticias de mi comarca\",\"potentialAction\":[{\"@type\":\"SearchAction\",\"target\":{\"@type\":\"EntryPoint\",\"urlTemplate\":\"https:\/\/www.noticiasradioreflejos.com.ar\/2021\/?s={search_term_string}\"},\"query-input\":{\"@type\":\"PropertyValueSpecification\",\"valueRequired\":true,\"valueName\":\"search_term_string\"}}],\"inLanguage\":\"es\"},{\"@type\":\"Person\",\"@id\":\"https:\/\/www.noticiasradioreflejos.com.ar\/2021\/#\/schema\/person\/ad82545263dcc5ec0996818884fd5fb1\",\"name\":\"Arnaldo Botto\",\"image\":{\"@type\":\"ImageObject\",\"inLanguage\":\"es\",\"@id\":\"https:\/\/www.noticiasradioreflejos.com.ar\/2021\/#\/schema\/person\/image\/\",\"url\":\"https:\/\/secure.gravatar.com\/avatar\/55cb5e37c1efa326397366e6974cb338056df65cb50e7d64d1cf314e87504837?s=96&d=mm&r=g\",\"contentUrl\":\"https:\/\/secure.gravatar.com\/avatar\/55cb5e37c1efa326397366e6974cb338056df65cb50e7d64d1cf314e87504837?s=96&d=mm&r=g\",\"caption\":\"Arnaldo Botto\"},\"url\":\"https:\/\/www.noticiasradioreflejos.com.ar\/2021\/author\/arnaldo\/\"}]}<\/script>\n<!-- \/ Yoast SEO plugin. -->","yoast_head_json":{"title":"Robaron en Monte Hermoso y los detuvieron en Villa Ventana - Noticias Radio Reflejos","robots":{"index":"index","follow":"follow","max-snippet":"max-snippet:-1","max-image-preview":"max-image-preview:large","max-video-preview":"max-video-preview:-1"},"canonical":"https:\/\/www.noticiasradioreflejos.com.ar\/2021\/robaron-en-monte-hermoso-y-los-detuvieron-en-villa-ventana\/","og_locale":"es_ES","og_type":"article","og_title":"Robaron en Monte Hermoso y los detuvieron en Villa Ventana - Noticias Radio Reflejos","og_description":"Un robo de caracter\u00edsticas particulares ocurri\u00f3 en Monte Hermoso, con la participaci\u00f3n de una mujer que sustrajo alrededor de un mill\u00f3n de pesos del interior de una vivienda y se dio a la fuga. Hecho que qued\u00f3 registrado por las c\u00e1maras de seguridad de la propiedad. Seg\u00fan lo que se pudo saber, la mujer era [&hellip;]","og_url":"https:\/\/www.noticiasradioreflejos.com.ar\/2021\/robaron-en-monte-hermoso-y-los-detuvieron-en-villa-ventana\/","og_site_name":"Noticias Radio Reflejos","article_published_time":"2020-02-17T20:28:49+00:00","og_image":[{"width":300,"height":200,"url":"https:\/\/www.noticiasradioreflejos.com.ar\/2021\/wp-content\/uploads\/2021\/07\/logosol300x200.png","type":"image\/png"}],"author":"Arnaldo Botto","twitter_card":"summary_large_image","schema":{"@context":"https:\/\/schema.org","@graph":[{"@type":"WebPage","@id":"https:\/\/www.noticiasradioreflejos.com.ar\/2021\/robaron-en-monte-hermoso-y-los-detuvieron-en-villa-ventana\/","url":"https:\/\/www.noticiasradioreflejos.com.ar\/2021\/robaron-en-monte-hermoso-y-los-detuvieron-en-villa-ventana\/","name":"Robaron en Monte Hermoso y los detuvieron en Villa Ventana - Noticias Radio Reflejos","isPartOf":{"@id":"https:\/\/www.noticiasradioreflejos.com.ar\/2021\/#website"},"datePublished":"2020-02-17T20:28:49+00:00","author":{"@id":"https:\/\/www.noticiasradioreflejos.com.ar\/2021\/#\/schema\/person\/ad82545263dcc5ec0996818884fd5fb1"},"breadcrumb":{"@id":"https:\/\/www.noticiasradioreflejos.com.ar\/2021\/robaron-en-monte-hermoso-y-los-detuvieron-en-villa-ventana\/#breadcrumb"},"inLanguage":"es","potentialAction":[{"@type":"ReadAction","target":["https:\/\/www.noticiasradioreflejos.com.ar\/2021\/robaron-en-monte-hermoso-y-los-detuvieron-en-villa-ventana\/"]}]},{"@type":"BreadcrumbList","@id":"https:\/\/www.noticiasradioreflejos.com.ar\/2021\/robaron-en-monte-hermoso-y-los-detuvieron-en-villa-ventana\/#breadcrumb","itemListElement":[{"@type":"ListItem","position":1,"name":"Portada","item":"https:\/\/www.noticiasradioreflejos.com.ar\/2021\/"},{"@type":"ListItem","position":2,"name":"Robaron en Monte Hermoso y los detuvieron en Villa Ventana"}]},{"@type":"WebSite","@id":"https:\/\/www.noticiasradioreflejos.com.ar\/2021\/#website","url":"https:\/\/www.noticiasradioreflejos.com.ar\/2021\/","name":"Noticias Radio Reflejos","description":"Las noticias de mi comarca","potentialAction":[{"@type":"SearchAction","target":{"@type":"EntryPoint","urlTemplate":"https:\/\/www.noticiasradioreflejos.com.ar\/2021\/?s={search_term_string}"},"query-input":{"@type":"PropertyValueSpecification","valueRequired":true,"valueName":"search_term_string"}}],"inLanguage":"es"},{"@type":"Person","@id":"https:\/\/www.noticiasradioreflejos.com.ar\/2021\/#\/schema\/person\/ad82545263dcc5ec0996818884fd5fb1","name":"Arnaldo Botto","image":{"@type":"ImageObject","inLanguage":"es","@id":"https:\/\/www.noticiasradioreflejos.com.ar\/2021\/#\/schema\/person\/image\/","url":"https:\/\/secure.gravatar.com\/avatar\/55cb5e37c1efa326397366e6974cb338056df65cb50e7d64d1cf314e87504837?s=96&d=mm&r=g","contentUrl":"https:\/\/secure.gravatar.com\/avatar\/55cb5e37c1efa326397366e6974cb338056df65cb50e7d64d1cf314e87504837?s=96&d=mm&r=g","caption":"Arnaldo Botto"},"url":"https:\/\/www.noticiasradioreflejos.com.ar\/2021\/author\/arnaldo\/"}]}},"_links":{"self":[{"href":"https:\/\/www.noticiasradioreflejos.com.ar\/2021\/wp-json\/wp\/v2\/posts\/38665","targetHints":{"allow":["GET"]}}],"collection":[{"href":"https:\/\/www.noticiasradioreflejos.com.ar\/2021\/wp-json\/wp\/v2\/posts"}],"about":[{"href":"https:\/\/www.noticiasradioreflejos.com.ar\/2021\/wp-json\/wp\/v2\/types\/post"}],"author":[{"embeddable":true,"href":"https:\/\/www.noticiasradioreflejos.com.ar\/2021\/wp-json\/wp\/v2\/users\/3"}],"replies":[{"embeddable":true,"href":"https:\/\/www.noticiasradioreflejos.com.ar\/2021\/wp-json\/wp\/v2\/comments?post=38665"}],"version-history":[{"count":0,"href":"https:\/\/www.noticiasradioreflejos.com.ar\/2021\/wp-json\/wp\/v2\/posts\/38665\/revisions"}],"wp:attachment":[{"href":"https:\/\/www.noticiasradioreflejos.com.ar\/2021\/wp-json\/wp\/v2\/media?parent=38665"}],"wp:term":[{"taxonomy":"category","embeddable":true,"href":"https:\/\/www.noticiasradioreflejos.com.ar\/2021\/wp-json\/wp\/v2\/categories?post=38665"},{"taxonomy":"post_tag","embeddable":true,"href":"https:\/\/www.noticiasradioreflejos.com.ar\/2021\/wp-json\/wp\/v2\/tags?post=38665"}],"curies":[{"name":"wp","href":"https:\/\/api.w.org\/{rel}","templated":true}]}}