{"id":38662,"date":"2020-02-17T16:44:51","date_gmt":"2020-02-17T19:44:51","guid":{"rendered":"http:\/\/www.noticiasradioreflejos.com.ar\/noticias\/?p=38662"},"modified":"2020-02-17T16:44:51","modified_gmt":"2020-02-17T19:44:51","slug":"detenidos-allanamientos-en-el-ultimo-fin-de-semana","status":"publish","type":"post","link":"https:\/\/www.noticiasradioreflejos.com.ar\/2021\/detenidos-allanamientos-en-el-ultimo-fin-de-semana\/","title":{"rendered":"Detenidos, allanamientos en el \u00faltimo fin de semana."},"content":{"rendered":"<p>Desde la Secretar\u00eda de Seguridad de la Municipalidad de Tornquist, llevamos a conocimiento de la poblaci\u00f3n lo ocurrido en el periodo del \u00faltimo fin de semana referente a hechos y operativos policiales que se detallan a continuaci\u00f3n:<!--more--><\/p>\n<p>VIOLACION DE DOMICILIO Y RESISTENCIA A LA AUTORIDAD.-<\/p>\n<p>Con fecha S\u00e1bado 15 de corriente mes y a\u00f1o en horas de la noche se recibe a la Guardia de Emergencias 101 de la Estaci\u00f3n Policial local llamado telef\u00f3nico dando cuenta que en el<\/p>\n<p>domicilio de calle Rivadavia 745 de este medio habr\u00eda un masculino pernoctando en el interior de veh\u00edculo situado en el patio de la finca perteneciente al domicilio de anterior menci\u00f3n, es as\u00ed que r\u00e1pidamente se dirigen los uniformados al lugar constatando la veracidad del llamado identificando al se\u00f1or MARCELO ALEJANDRO BULLONES de actuales 34 a\u00f1os de edad, con domicilio en la ciudad de Bah\u00eda Blanca, quien estaba durmiendo en la parte delantera lado acompa\u00f1ante del Renault 12 propiedad de Alfredo Mario Monachessi, a lo cual los efectivos policiales hacen descender y al verse esta persona sorprendido por la polic\u00eda se torna violento comenzando a proferir gritos e insultos arremetiendo mediante punta pies al aire, ocasion\u00e1ndose un forcejeo para proceder a la inmediata aprehensi\u00f3n del mentado MARCELO ALEJANDRO BULLONES por resultar prima facie penalmente responsable de los delitos caratulados \u201cViolaci\u00f3n de Domicilio y Resistencia a la Autoridad\u201d a disposici\u00f3n de la Unidad Funcional de Instrucci\u00f3n y Juicio Nro. 15 (Flagrancia Delito) del Departamento Judicial Bah\u00eda Blanca.- No obstante el aprehendido de menci\u00f3n Ut-Supra quedara alojado en los calabozos de la Estaci\u00f3n de Policia Comunal local hasta la fecha del Lunes 17 de Febrero donde comparecer\u00e1 ante el magistrado de injerencia fines recepcionarsele declaraci\u00f3n indagatoria a tenor del Articulo 308 del C\u00f3digo de Procedimiento Penal de La Provincia de Buenos Aires.-<\/p>\n<p>INFRACCION A LOS ARTICULOS 35, 72 Y 74 DE DECRETO LEY 8031\/73<\/p>\n<p>Asimismo tambi\u00e9n en la localidad de Tornquist con fecha 16 del corriente en horas de la madrugada es que espont\u00e1neamente se hace presente en la Estaci\u00f3n de Policia Comunal Local el se\u00f1or de nombres FERNANDO DAVID CORIA, de actuales (35) a\u00f1os de edad, presentando lesiones corporales de reciente data emanado fuerte aliento et\u00edlico y dificultades para mantener el equilibrio, incitando a la pelea desde la vereda de la Comisaria local a los uniformados que se hallaban ocasionalmente de guardia, procediendo a la inmediata DETENCION de Coria Fernando David por resultar incurso en lo estipulado para con los Art\u00edculos 35, 72 y 74 del Decreto Ley 8031\/73 (incitar a la pelea, ebriedad y desorden) quedando a disposici\u00f3n del Juzgado de Paz local a cargo del Dr. Francisco Frizza. Que una vez cumplimentados los recaudos legales Coria recupero la LIBERTAD.-<\/p>\n<p>DESOBEDIENCIA, AMENAZAS Y RESISTENCIA A LA AUTORIDAD.-<\/p>\n<p>En la localidad de Saldungaray con fecha 16\/2\/2020 siendo las 01:20 horas se recibe llamado telef\u00f3nico al n\u00famero de emergencias 101 perteneciente a la guardia policial de la citada localidad, dando cuenta que PAULO EZEQUIER ROJAS de 22 a\u00f1os se presenta en el domicilio de sus progenitores sita en calle Chile 156 (Saldungaray) siendo que el mismo posee prohibici\u00f3n de acercamiento en vigencia impuesta por el juzgado de Paz Local a tenor de una causa judicial por Violencia Familiar y que estar\u00eda amedrentando a los moradores con la utilizaci\u00f3n de un cuchillo, que r\u00e1pidamente acude al lugar personal policial y al constatar la reglamentaci\u00f3n judicial momentos que proceden a detenerlo a \u00a0Rojas, este se torna aun mas violento efectu\u00e1ndose en cuesti\u00f3n un forcejeo con los uniformados procediendo a la aprehensi\u00f3n del agresor por resultar prima facie penalmente responsable de los delitos caratulados \u201cDesobediencia, Amenazas y Resistencia a la Autoridad\u201d a disposici\u00f3n de la Unidad Funcional de Instrucci\u00f3n y Juicio nro. 15 (Flagrancia Delito) del Departamento Judicial Bah\u00eda Blanca, posteriormente trasladado a los calabozos de la Estaci\u00f3n de Policia Comunal Tornquist hasta el d\u00eda Lunes 17 de Febrero donde comparecer\u00e1 ante el magistrado de injerencia fines recepcionarsele declaraci\u00f3n indagatoria a tenor del Articulo 308 del C\u00f3digo de Procedimiento Penal de La Provincia de Buenos Aires.-<\/p>\n<p>INFRACCION A LA LEY DE ESTUPEFACIONES 23.737.-<\/p>\n<p>Con fecha 16\/2\/2020 siendo las 19:50 horas sobre intersecci\u00f3n de calles Pav\u00f3n y Belgrano de Saldungaray personal policial procedi\u00f3 a la detenci\u00f3n del se\u00f1or LUCIANO FERNANDO CORREA de 22 a\u00f1os de edad, oriundo de Saldungaray quien fuera sorprendido por los uniformados al momento de requis\u00e1rsele sus pertenec\u00edas con restos de una sustancia verdosa tipo yerba en el interior de un atado de cigarrillos que llevaba en su poder, que posteriormente realizado el test de orientaci\u00f3n en reactivos el mismo dio POSITIVO para marihuana, arrojando un pesaje total de 0,3 gramos, procediendo al decomiso de la sustancia, interviene la Unidad Funcional de Instrucci\u00f3n y Juicio Nro. 19\u00a0 (especializada en delitos de estupefacientes) del Departamento Judicial Bah\u00eda Blanca.- Para con el se\u00f1or Correa luego de realizar los recaudos legales pertinentes recuper\u00f3 su LIBERTAD.-<\/p>\n<p>ALLANAMINETO POSITIVO EN VILLA VENTANA POR UN DELITO OCURRIDO EN MONTE HERMOSO.-Con fecha 16 del corriente luego de realizar tareas de inteligencia personal policial logr\u00f3 establecer que en el complejo \u201cCaba\u00f1as Caramelo\u201d de Villa Ventana sita en calle Piquito de Oro sin n\u00famero de la mencionada localidad, se hallaba alojada una ciudadana oriunda de Coronel Dorrego quien horas previas habr\u00eda perpetrado un hecho de Hurto sobre una vivienda en la localidad de Monte Hermoso, que tras cumplimentar las diligencias pertinentes al caso en el Marco de la Investigaci\u00f3n Penal Preparatoria nro. 3462\/20, con injerencia de la Ayudant\u00eda Fiscal de Monte Hermoso, se solicito la orden de allanamiento al Juzgado de Garant\u00edas nro. 3 de Bah\u00eda Blanca y cumplimentado el mismo se logr\u00f3 SECUESTRAR: la suma de $22.500 argentinos y la cantidad de USS 1400 estadounidenses, dinero denunciado como sustra\u00eddo y de inter\u00e9s para la investigaci\u00f3n en curso, quedando la totalidad del efecto a disposici\u00f3n de la Unidad Funcional de Instrucci\u00f3n y Juicio nro. 9 del Departamento Judicial Bah\u00eda Blanca.<\/p>\n<p>Es dable destacar en la oportunidad que ante llamados telef\u00f3nicos de dudosa procedencia se de inmediato aviso a la Policia local abonados 0291-4941071 o bien al n\u00famero de emergencias 101, Sierra de la Ventana abonado n\u00famero 0291-4915008, Saldungaray 0291-4916013, Chasico 0292-4961040, Nueva Roma 0291-4912003, Tres Picos 0291-154712559, Villa Ventana 0291-4910102, fines alertar delitos denominados CUENTOS DEL TIO.-<\/p>\n<p>&nbsp;<\/p>\n<p>SECRETARIA DE SEGURIDAD TORNQUIST, 17 DE FEBRERO DE 2020.-<\/p>\n<p>&nbsp;<\/p>\n<p>&nbsp;<\/p>\n<p>&nbsp;<\/p>\n<p>&nbsp;<\/p>\n<p>&nbsp;<\/p>\n<p>&nbsp;<\/p>\n<p>&nbsp;<\/p>\n<p>&nbsp;<\/p>\n<p>&nbsp;<\/p>\n<p>&nbsp;<\/p>\n<p>&nbsp;<\/p>\n<p>&nbsp;<\/p>\n<p>&nbsp;<\/p>\n<p>&nbsp;<\/p>\n<p>&nbsp;<\/p>\n<p>&nbsp;<\/p>\n<p>&nbsp;<\/p>\n<p>&nbsp;<\/p>\n<p>&nbsp;<\/p>\n<p>&nbsp;<\/p>\n<p>&nbsp;<\/p>\n<p>&nbsp;<\/p>\n<p>&nbsp;<\/p>\n<p>&nbsp;<\/p>\n<p>&nbsp;<\/p>\n<p>&nbsp;<\/p>\n<p>&nbsp;<\/p>\n<p>&nbsp;<\/p>\n<p>&nbsp;<\/p>\n<p>&nbsp;<\/p>\n<p>&nbsp;<\/p>\n<p>&nbsp;<\/p>\n<p>&nbsp;<\/p>\n<p>&nbsp;<\/p>\n<p>&nbsp;<\/p>\n<p>&nbsp;<\/p>\n<p>&nbsp;<\/p>\n<p>&nbsp;<\/p>\n<p>&nbsp;<\/p>\n<p>&nbsp;<\/p>\n<p>&nbsp;<\/p>\n<p>&nbsp;<\/p>\n<p>&nbsp;<\/p>\n","protected":false},"excerpt":{"rendered":"<p>Desde la Secretar\u00eda de Seguridad de la Municipalidad de Tornquist, llevamos a conocimiento de la poblaci\u00f3n lo ocurrido en el periodo del \u00faltimo fin de semana referente a hechos y operativos policiales que se detallan a continuaci\u00f3n:<\/p>\n","protected":false},"author":3,"featured_media":0,"comment_status":"closed","ping_status":"open","sticky":false,"template":"","format":"standard","meta":{"footnotes":""},"categories":[29],"tags":[],"class_list":["post-38662","post","type-post","status-publish","format-standard","hentry","category-policiales"],"yoast_head":"<!-- This site is optimized with the Yoast SEO plugin v25.9 - https:\/\/yoast.com\/wordpress\/plugins\/seo\/ -->\n<title>Detenidos, allanamientos en el \u00faltimo fin de semana. - Noticias Radio Reflejos<\/title>\n<meta name=\"robots\" content=\"index, follow, max-snippet:-1, max-image-preview:large, max-video-preview:-1\" \/>\n<link rel=\"canonical\" href=\"https:\/\/www.noticiasradioreflejos.com.ar\/2021\/detenidos-allanamientos-en-el-ultimo-fin-de-semana\/\" \/>\n<meta property=\"og:locale\" content=\"es_ES\" \/>\n<meta property=\"og:type\" content=\"article\" \/>\n<meta property=\"og:title\" content=\"Detenidos, allanamientos en el \u00faltimo fin de semana. - Noticias Radio Reflejos\" \/>\n<meta property=\"og:description\" content=\"Desde la Secretar\u00eda de Seguridad de la Municipalidad de Tornquist, llevamos a conocimiento de la poblaci\u00f3n lo ocurrido en el periodo del \u00faltimo fin de semana referente a hechos y operativos policiales que se detallan a continuaci\u00f3n:\" \/>\n<meta property=\"og:url\" content=\"https:\/\/www.noticiasradioreflejos.com.ar\/2021\/detenidos-allanamientos-en-el-ultimo-fin-de-semana\/\" \/>\n<meta property=\"og:site_name\" content=\"Noticias Radio Reflejos\" \/>\n<meta property=\"article:published_time\" content=\"2020-02-17T19:44:51+00:00\" \/>\n<meta property=\"og:image\" content=\"https:\/\/www.noticiasradioreflejos.com.ar\/2021\/wp-content\/uploads\/2021\/07\/logosol300x200.png\" \/>\n\t<meta property=\"og:image:width\" content=\"300\" \/>\n\t<meta property=\"og:image:height\" content=\"200\" \/>\n\t<meta property=\"og:image:type\" content=\"image\/png\" \/>\n<meta name=\"author\" content=\"Arnaldo Botto\" \/>\n<meta name=\"twitter:card\" content=\"summary_large_image\" \/>\n<script type=\"application\/ld+json\" class=\"yoast-schema-graph\">{\"@context\":\"https:\/\/schema.org\",\"@graph\":[{\"@type\":\"WebPage\",\"@id\":\"https:\/\/www.noticiasradioreflejos.com.ar\/2021\/detenidos-allanamientos-en-el-ultimo-fin-de-semana\/\",\"url\":\"https:\/\/www.noticiasradioreflejos.com.ar\/2021\/detenidos-allanamientos-en-el-ultimo-fin-de-semana\/\",\"name\":\"Detenidos, allanamientos en el \u00faltimo fin de semana. - Noticias Radio Reflejos\",\"isPartOf\":{\"@id\":\"https:\/\/www.noticiasradioreflejos.com.ar\/2021\/#website\"},\"datePublished\":\"2020-02-17T19:44:51+00:00\",\"author\":{\"@id\":\"https:\/\/www.noticiasradioreflejos.com.ar\/2021\/#\/schema\/person\/ad82545263dcc5ec0996818884fd5fb1\"},\"breadcrumb\":{\"@id\":\"https:\/\/www.noticiasradioreflejos.com.ar\/2021\/detenidos-allanamientos-en-el-ultimo-fin-de-semana\/#breadcrumb\"},\"inLanguage\":\"es\",\"potentialAction\":[{\"@type\":\"ReadAction\",\"target\":[\"https:\/\/www.noticiasradioreflejos.com.ar\/2021\/detenidos-allanamientos-en-el-ultimo-fin-de-semana\/\"]}]},{\"@type\":\"BreadcrumbList\",\"@id\":\"https:\/\/www.noticiasradioreflejos.com.ar\/2021\/detenidos-allanamientos-en-el-ultimo-fin-de-semana\/#breadcrumb\",\"itemListElement\":[{\"@type\":\"ListItem\",\"position\":1,\"name\":\"Portada\",\"item\":\"https:\/\/www.noticiasradioreflejos.com.ar\/2021\/\"},{\"@type\":\"ListItem\",\"position\":2,\"name\":\"Detenidos, allanamientos en el \u00faltimo fin de semana.\"}]},{\"@type\":\"WebSite\",\"@id\":\"https:\/\/www.noticiasradioreflejos.com.ar\/2021\/#website\",\"url\":\"https:\/\/www.noticiasradioreflejos.com.ar\/2021\/\",\"name\":\"Noticias Radio Reflejos\",\"description\":\"Las noticias de mi comarca\",\"potentialAction\":[{\"@type\":\"SearchAction\",\"target\":{\"@type\":\"EntryPoint\",\"urlTemplate\":\"https:\/\/www.noticiasradioreflejos.com.ar\/2021\/?s={search_term_string}\"},\"query-input\":{\"@type\":\"PropertyValueSpecification\",\"valueRequired\":true,\"valueName\":\"search_term_string\"}}],\"inLanguage\":\"es\"},{\"@type\":\"Person\",\"@id\":\"https:\/\/www.noticiasradioreflejos.com.ar\/2021\/#\/schema\/person\/ad82545263dcc5ec0996818884fd5fb1\",\"name\":\"Arnaldo Botto\",\"image\":{\"@type\":\"ImageObject\",\"inLanguage\":\"es\",\"@id\":\"https:\/\/www.noticiasradioreflejos.com.ar\/2021\/#\/schema\/person\/image\/\",\"url\":\"https:\/\/secure.gravatar.com\/avatar\/55cb5e37c1efa326397366e6974cb338056df65cb50e7d64d1cf314e87504837?s=96&d=mm&r=g\",\"contentUrl\":\"https:\/\/secure.gravatar.com\/avatar\/55cb5e37c1efa326397366e6974cb338056df65cb50e7d64d1cf314e87504837?s=96&d=mm&r=g\",\"caption\":\"Arnaldo Botto\"},\"url\":\"https:\/\/www.noticiasradioreflejos.com.ar\/2021\/author\/arnaldo\/\"}]}<\/script>\n<!-- \/ Yoast SEO plugin. -->","yoast_head_json":{"title":"Detenidos, allanamientos en el \u00faltimo fin de semana. - Noticias Radio Reflejos","robots":{"index":"index","follow":"follow","max-snippet":"max-snippet:-1","max-image-preview":"max-image-preview:large","max-video-preview":"max-video-preview:-1"},"canonical":"https:\/\/www.noticiasradioreflejos.com.ar\/2021\/detenidos-allanamientos-en-el-ultimo-fin-de-semana\/","og_locale":"es_ES","og_type":"article","og_title":"Detenidos, allanamientos en el \u00faltimo fin de semana. - Noticias Radio Reflejos","og_description":"Desde la Secretar\u00eda de Seguridad de la Municipalidad de Tornquist, llevamos a conocimiento de la poblaci\u00f3n lo ocurrido en el periodo del \u00faltimo fin de semana referente a hechos y operativos policiales que se detallan a continuaci\u00f3n:","og_url":"https:\/\/www.noticiasradioreflejos.com.ar\/2021\/detenidos-allanamientos-en-el-ultimo-fin-de-semana\/","og_site_name":"Noticias Radio Reflejos","article_published_time":"2020-02-17T19:44:51+00:00","og_image":[{"width":300,"height":200,"url":"https:\/\/www.noticiasradioreflejos.com.ar\/2021\/wp-content\/uploads\/2021\/07\/logosol300x200.png","type":"image\/png"}],"author":"Arnaldo Botto","twitter_card":"summary_large_image","schema":{"@context":"https:\/\/schema.org","@graph":[{"@type":"WebPage","@id":"https:\/\/www.noticiasradioreflejos.com.ar\/2021\/detenidos-allanamientos-en-el-ultimo-fin-de-semana\/","url":"https:\/\/www.noticiasradioreflejos.com.ar\/2021\/detenidos-allanamientos-en-el-ultimo-fin-de-semana\/","name":"Detenidos, allanamientos en el \u00faltimo fin de semana. - Noticias Radio Reflejos","isPartOf":{"@id":"https:\/\/www.noticiasradioreflejos.com.ar\/2021\/#website"},"datePublished":"2020-02-17T19:44:51+00:00","author":{"@id":"https:\/\/www.noticiasradioreflejos.com.ar\/2021\/#\/schema\/person\/ad82545263dcc5ec0996818884fd5fb1"},"breadcrumb":{"@id":"https:\/\/www.noticiasradioreflejos.com.ar\/2021\/detenidos-allanamientos-en-el-ultimo-fin-de-semana\/#breadcrumb"},"inLanguage":"es","potentialAction":[{"@type":"ReadAction","target":["https:\/\/www.noticiasradioreflejos.com.ar\/2021\/detenidos-allanamientos-en-el-ultimo-fin-de-semana\/"]}]},{"@type":"BreadcrumbList","@id":"https:\/\/www.noticiasradioreflejos.com.ar\/2021\/detenidos-allanamientos-en-el-ultimo-fin-de-semana\/#breadcrumb","itemListElement":[{"@type":"ListItem","position":1,"name":"Portada","item":"https:\/\/www.noticiasradioreflejos.com.ar\/2021\/"},{"@type":"ListItem","position":2,"name":"Detenidos, allanamientos en el \u00faltimo fin de semana."}]},{"@type":"WebSite","@id":"https:\/\/www.noticiasradioreflejos.com.ar\/2021\/#website","url":"https:\/\/www.noticiasradioreflejos.com.ar\/2021\/","name":"Noticias Radio Reflejos","description":"Las noticias de mi comarca","potentialAction":[{"@type":"SearchAction","target":{"@type":"EntryPoint","urlTemplate":"https:\/\/www.noticiasradioreflejos.com.ar\/2021\/?s={search_term_string}"},"query-input":{"@type":"PropertyValueSpecification","valueRequired":true,"valueName":"search_term_string"}}],"inLanguage":"es"},{"@type":"Person","@id":"https:\/\/www.noticiasradioreflejos.com.ar\/2021\/#\/schema\/person\/ad82545263dcc5ec0996818884fd5fb1","name":"Arnaldo Botto","image":{"@type":"ImageObject","inLanguage":"es","@id":"https:\/\/www.noticiasradioreflejos.com.ar\/2021\/#\/schema\/person\/image\/","url":"https:\/\/secure.gravatar.com\/avatar\/55cb5e37c1efa326397366e6974cb338056df65cb50e7d64d1cf314e87504837?s=96&d=mm&r=g","contentUrl":"https:\/\/secure.gravatar.com\/avatar\/55cb5e37c1efa326397366e6974cb338056df65cb50e7d64d1cf314e87504837?s=96&d=mm&r=g","caption":"Arnaldo Botto"},"url":"https:\/\/www.noticiasradioreflejos.com.ar\/2021\/author\/arnaldo\/"}]}},"_links":{"self":[{"href":"https:\/\/www.noticiasradioreflejos.com.ar\/2021\/wp-json\/wp\/v2\/posts\/38662","targetHints":{"allow":["GET"]}}],"collection":[{"href":"https:\/\/www.noticiasradioreflejos.com.ar\/2021\/wp-json\/wp\/v2\/posts"}],"about":[{"href":"https:\/\/www.noticiasradioreflejos.com.ar\/2021\/wp-json\/wp\/v2\/types\/post"}],"author":[{"embeddable":true,"href":"https:\/\/www.noticiasradioreflejos.com.ar\/2021\/wp-json\/wp\/v2\/users\/3"}],"replies":[{"embeddable":true,"href":"https:\/\/www.noticiasradioreflejos.com.ar\/2021\/wp-json\/wp\/v2\/comments?post=38662"}],"version-history":[{"count":0,"href":"https:\/\/www.noticiasradioreflejos.com.ar\/2021\/wp-json\/wp\/v2\/posts\/38662\/revisions"}],"wp:attachment":[{"href":"https:\/\/www.noticiasradioreflejos.com.ar\/2021\/wp-json\/wp\/v2\/media?parent=38662"}],"wp:term":[{"taxonomy":"category","embeddable":true,"href":"https:\/\/www.noticiasradioreflejos.com.ar\/2021\/wp-json\/wp\/v2\/categories?post=38662"},{"taxonomy":"post_tag","embeddable":true,"href":"https:\/\/www.noticiasradioreflejos.com.ar\/2021\/wp-json\/wp\/v2\/tags?post=38662"}],"curies":[{"name":"wp","href":"https:\/\/api.w.org\/{rel}","templated":true}]}}