{"id":38491,"date":"2020-02-11T08:35:08","date_gmt":"2020-02-11T11:35:08","guid":{"rendered":"http:\/\/www.noticiasradioreflejos.com.ar\/noticias\/?p=38491"},"modified":"2020-02-11T08:35:08","modified_gmt":"2020-02-11T11:35:08","slug":"asamble-general-ordinaria-en-automoto-club-deportivo","status":"publish","type":"post","link":"https:\/\/www.noticiasradioreflejos.com.ar\/2021\/asamble-general-ordinaria-en-automoto-club-deportivo\/","title":{"rendered":"Asamblea General Ordinaria en Automoto Club Deportivo."},"content":{"rendered":"<p>CONVOCATORIA<!--more--><\/p>\n<p>Estimados asociados:<\/p>\n<p>De acuerdo a lo establecido en los estatutos de nuestra instituci\u00f3n, se convoca a la Asamblea General Ordinaria para el pr\u00f3ximo d\u00eda 10 de Marzo de 2020 a las 21:00 horas en la sede de la secretar\u00eda del Club, sita en Avda. Ernesto Tornquist esquina Rawson, subsuelo, de nuestra Ciudad de Tornquist para tratar el siguiente<\/p>\n<p>ORDEN DEL DIA<\/p>\n<p>1) Designaci\u00f3n de dos socios para que conjuntamente con el Presidente y Secretario firmen el Acta de Asamblea<\/p>\n<p>2) Lectura y consideraci\u00f3n de la Memoria, Informe de la Comisi\u00f3n Revisora de Cuentas, Estado de Situaci\u00f3n Patrimonial, Estado de Recursos y Gastos, Estado de Evoluci\u00f3n del Patrimonio Neto, Estado de Flujo de Fondos, Cuadros y Anexos e Informe del Auditor, correspondientes al ejercicio finalizado el 31 de Diciembre de 2019.<\/p>\n<p>3) Renovaci\u00f3n parcial de la comisi\u00f3n directiva, debi\u00e9ndose elegir por finalizaci\u00f3n de mandato, un vicepresidente 1\u00ba por el t\u00e9rmino de un a\u00f1o, un vicepresidente 2\u00ba por el t\u00e9rmino de un a\u00f1o, un protesorero por el t\u00e9rmino de un a\u00f1o, un prosecretario por el t\u00e9rmino de un a\u00f1o, cuatro vocales suplentes por el t\u00e9rmino de un a\u00f1o, dos revisores de cuentas suplentes por el t\u00e9rmino de un a\u00f1o.<\/p>\n<p>4) Autorizaci\u00f3n para la pr\u00f3xima Comisi\u00f3n Directiva para la modificaci\u00f3n del valor de la cuota social de la Instituci\u00f3n<\/p>\n<p><strong>Gabriel Artola\u00a0 \u00a0 \u00a0 \u00a0 \u00a0 \u00a0 \u00a0 \u00a0 \u00a0 \u00a0 \u00a0 \u00a0 \u00a0 \u00a0 \u00a0 \u00a0 \u00a0 \u00a0 \u00a0 \u00a0 \u00a0 \u00a0 \u00a0 \u00a0 \u00a0 \u00a0 \u00a0 \u00a0 \u00a0 \u00a0 \u00a0 \u00a0 \u00a0 \u00a0 \u00a0 \u00a0 \u00a0 \u00a0 \u00a0 Consuelo Bacci<\/strong><br \/>\n<strong>\u00a0 \u00a0Presidente\u00a0 \u00a0 \u00a0 \u00a0 \u00a0 \u00a0 \u00a0 \u00a0 \u00a0 \u00a0 \u00a0 \u00a0 \u00a0 \u00a0 \u00a0 \u00a0 \u00a0 \u00a0 \u00a0 \u00a0 \u00a0 \u00a0 \u00a0 \u00a0 \u00a0 \u00a0 \u00a0 \u00a0 \u00a0 \u00a0 \u00a0 \u00a0 \u00a0 \u00a0 \u00a0 \u00a0 \u00a0 \u00a0 \u00a0 \u00a0 \u00a0 \u00a0 \u00a0Secretario<\/strong><\/p>\n<p>Nota: Despu\u00e9s de transcurrida 1 hora del horario de inicio de la Asamblea, si no se alcanzara el 50% mas uno de los socios presentes, \u00e9sta ser\u00e1 v\u00e1lida con el n\u00famero de asociados presentes.<\/p>\n<p>Departamento de Prensa. Automoto Club Deportivo<\/p>\n<p>1458315721296_DTO-DE-PRENSA.png<\/p>\n<p>www.clubautomotopasion.com.ar<br \/>\nFacebook: \/automototornquist<br \/>\nTwitter: @ClubAutomoto<br \/>\nYouTube: acdtvideos<\/p>\n","protected":false},"excerpt":{"rendered":"<p>CONVOCATORIA<\/p>\n","protected":false},"author":3,"featured_media":19269,"comment_status":"closed","ping_status":"open","sticky":false,"template":"","format":"standard","meta":{"footnotes":""},"categories":[26],"tags":[],"class_list":["post-38491","post","type-post","status-publish","format-standard","has-post-thumbnail","hentry","category-sociedad"],"yoast_head":"<!-- This site is optimized with the Yoast SEO plugin v25.9 - https:\/\/yoast.com\/wordpress\/plugins\/seo\/ -->\n<title>Asamblea General Ordinaria en Automoto Club Deportivo. - Noticias Radio Reflejos<\/title>\n<meta name=\"robots\" content=\"index, follow, max-snippet:-1, max-image-preview:large, max-video-preview:-1\" \/>\n<link rel=\"canonical\" href=\"https:\/\/www.noticiasradioreflejos.com.ar\/2021\/asamble-general-ordinaria-en-automoto-club-deportivo\/\" \/>\n<meta property=\"og:locale\" content=\"es_ES\" \/>\n<meta property=\"og:type\" content=\"article\" \/>\n<meta property=\"og:title\" content=\"Asamblea General Ordinaria en Automoto Club Deportivo. - Noticias Radio Reflejos\" \/>\n<meta property=\"og:description\" content=\"CONVOCATORIA\" \/>\n<meta property=\"og:url\" content=\"https:\/\/www.noticiasradioreflejos.com.ar\/2021\/asamble-general-ordinaria-en-automoto-club-deportivo\/\" \/>\n<meta property=\"og:site_name\" content=\"Noticias Radio Reflejos\" \/>\n<meta property=\"article:published_time\" content=\"2020-02-11T11:35:08+00:00\" \/>\n<meta property=\"og:image\" content=\"https:\/\/www.noticiasradioreflejos.com.ar\/2021\/wp-content\/uploads\/2018\/02\/Automoto.jpg\" \/>\n\t<meta property=\"og:image:width\" content=\"300\" \/>\n\t<meta property=\"og:image:height\" content=\"300\" \/>\n\t<meta property=\"og:image:type\" content=\"image\/jpeg\" \/>\n<meta name=\"author\" content=\"Arnaldo Botto\" \/>\n<meta name=\"twitter:card\" content=\"summary_large_image\" \/>\n<script type=\"application\/ld+json\" class=\"yoast-schema-graph\">{\"@context\":\"https:\/\/schema.org\",\"@graph\":[{\"@type\":\"WebPage\",\"@id\":\"https:\/\/www.noticiasradioreflejos.com.ar\/2021\/asamble-general-ordinaria-en-automoto-club-deportivo\/\",\"url\":\"https:\/\/www.noticiasradioreflejos.com.ar\/2021\/asamble-general-ordinaria-en-automoto-club-deportivo\/\",\"name\":\"Asamblea General Ordinaria en Automoto Club Deportivo. - Noticias Radio Reflejos\",\"isPartOf\":{\"@id\":\"https:\/\/www.noticiasradioreflejos.com.ar\/2021\/#website\"},\"primaryImageOfPage\":{\"@id\":\"https:\/\/www.noticiasradioreflejos.com.ar\/2021\/asamble-general-ordinaria-en-automoto-club-deportivo\/#primaryimage\"},\"image\":{\"@id\":\"https:\/\/www.noticiasradioreflejos.com.ar\/2021\/asamble-general-ordinaria-en-automoto-club-deportivo\/#primaryimage\"},\"thumbnailUrl\":\"https:\/\/www.noticiasradioreflejos.com.ar\/2021\/wp-content\/uploads\/2018\/02\/Automoto.jpg\",\"datePublished\":\"2020-02-11T11:35:08+00:00\",\"author\":{\"@id\":\"https:\/\/www.noticiasradioreflejos.com.ar\/2021\/#\/schema\/person\/ad82545263dcc5ec0996818884fd5fb1\"},\"breadcrumb\":{\"@id\":\"https:\/\/www.noticiasradioreflejos.com.ar\/2021\/asamble-general-ordinaria-en-automoto-club-deportivo\/#breadcrumb\"},\"inLanguage\":\"es\",\"potentialAction\":[{\"@type\":\"ReadAction\",\"target\":[\"https:\/\/www.noticiasradioreflejos.com.ar\/2021\/asamble-general-ordinaria-en-automoto-club-deportivo\/\"]}]},{\"@type\":\"ImageObject\",\"inLanguage\":\"es\",\"@id\":\"https:\/\/www.noticiasradioreflejos.com.ar\/2021\/asamble-general-ordinaria-en-automoto-club-deportivo\/#primaryimage\",\"url\":\"https:\/\/www.noticiasradioreflejos.com.ar\/2021\/wp-content\/uploads\/2018\/02\/Automoto.jpg\",\"contentUrl\":\"https:\/\/www.noticiasradioreflejos.com.ar\/2021\/wp-content\/uploads\/2018\/02\/Automoto.jpg\",\"width\":300,\"height\":300},{\"@type\":\"BreadcrumbList\",\"@id\":\"https:\/\/www.noticiasradioreflejos.com.ar\/2021\/asamble-general-ordinaria-en-automoto-club-deportivo\/#breadcrumb\",\"itemListElement\":[{\"@type\":\"ListItem\",\"position\":1,\"name\":\"Portada\",\"item\":\"https:\/\/www.noticiasradioreflejos.com.ar\/2021\/\"},{\"@type\":\"ListItem\",\"position\":2,\"name\":\"Asamblea General Ordinaria en Automoto Club Deportivo.\"}]},{\"@type\":\"WebSite\",\"@id\":\"https:\/\/www.noticiasradioreflejos.com.ar\/2021\/#website\",\"url\":\"https:\/\/www.noticiasradioreflejos.com.ar\/2021\/\",\"name\":\"Noticias Radio Reflejos\",\"description\":\"Las noticias de mi comarca\",\"potentialAction\":[{\"@type\":\"SearchAction\",\"target\":{\"@type\":\"EntryPoint\",\"urlTemplate\":\"https:\/\/www.noticiasradioreflejos.com.ar\/2021\/?s={search_term_string}\"},\"query-input\":{\"@type\":\"PropertyValueSpecification\",\"valueRequired\":true,\"valueName\":\"search_term_string\"}}],\"inLanguage\":\"es\"},{\"@type\":\"Person\",\"@id\":\"https:\/\/www.noticiasradioreflejos.com.ar\/2021\/#\/schema\/person\/ad82545263dcc5ec0996818884fd5fb1\",\"name\":\"Arnaldo Botto\",\"image\":{\"@type\":\"ImageObject\",\"inLanguage\":\"es\",\"@id\":\"https:\/\/www.noticiasradioreflejos.com.ar\/2021\/#\/schema\/person\/image\/\",\"url\":\"https:\/\/secure.gravatar.com\/avatar\/55cb5e37c1efa326397366e6974cb338056df65cb50e7d64d1cf314e87504837?s=96&d=mm&r=g\",\"contentUrl\":\"https:\/\/secure.gravatar.com\/avatar\/55cb5e37c1efa326397366e6974cb338056df65cb50e7d64d1cf314e87504837?s=96&d=mm&r=g\",\"caption\":\"Arnaldo Botto\"},\"url\":\"https:\/\/www.noticiasradioreflejos.com.ar\/2021\/author\/arnaldo\/\"}]}<\/script>\n<!-- \/ Yoast SEO plugin. -->","yoast_head_json":{"title":"Asamblea General Ordinaria en Automoto Club Deportivo. - Noticias Radio Reflejos","robots":{"index":"index","follow":"follow","max-snippet":"max-snippet:-1","max-image-preview":"max-image-preview:large","max-video-preview":"max-video-preview:-1"},"canonical":"https:\/\/www.noticiasradioreflejos.com.ar\/2021\/asamble-general-ordinaria-en-automoto-club-deportivo\/","og_locale":"es_ES","og_type":"article","og_title":"Asamblea General Ordinaria en Automoto Club Deportivo. - Noticias Radio Reflejos","og_description":"CONVOCATORIA","og_url":"https:\/\/www.noticiasradioreflejos.com.ar\/2021\/asamble-general-ordinaria-en-automoto-club-deportivo\/","og_site_name":"Noticias Radio Reflejos","article_published_time":"2020-02-11T11:35:08+00:00","og_image":[{"width":300,"height":300,"url":"https:\/\/www.noticiasradioreflejos.com.ar\/2021\/wp-content\/uploads\/2018\/02\/Automoto.jpg","type":"image\/jpeg"}],"author":"Arnaldo Botto","twitter_card":"summary_large_image","schema":{"@context":"https:\/\/schema.org","@graph":[{"@type":"WebPage","@id":"https:\/\/www.noticiasradioreflejos.com.ar\/2021\/asamble-general-ordinaria-en-automoto-club-deportivo\/","url":"https:\/\/www.noticiasradioreflejos.com.ar\/2021\/asamble-general-ordinaria-en-automoto-club-deportivo\/","name":"Asamblea General Ordinaria en Automoto Club Deportivo. - Noticias Radio Reflejos","isPartOf":{"@id":"https:\/\/www.noticiasradioreflejos.com.ar\/2021\/#website"},"primaryImageOfPage":{"@id":"https:\/\/www.noticiasradioreflejos.com.ar\/2021\/asamble-general-ordinaria-en-automoto-club-deportivo\/#primaryimage"},"image":{"@id":"https:\/\/www.noticiasradioreflejos.com.ar\/2021\/asamble-general-ordinaria-en-automoto-club-deportivo\/#primaryimage"},"thumbnailUrl":"https:\/\/www.noticiasradioreflejos.com.ar\/2021\/wp-content\/uploads\/2018\/02\/Automoto.jpg","datePublished":"2020-02-11T11:35:08+00:00","author":{"@id":"https:\/\/www.noticiasradioreflejos.com.ar\/2021\/#\/schema\/person\/ad82545263dcc5ec0996818884fd5fb1"},"breadcrumb":{"@id":"https:\/\/www.noticiasradioreflejos.com.ar\/2021\/asamble-general-ordinaria-en-automoto-club-deportivo\/#breadcrumb"},"inLanguage":"es","potentialAction":[{"@type":"ReadAction","target":["https:\/\/www.noticiasradioreflejos.com.ar\/2021\/asamble-general-ordinaria-en-automoto-club-deportivo\/"]}]},{"@type":"ImageObject","inLanguage":"es","@id":"https:\/\/www.noticiasradioreflejos.com.ar\/2021\/asamble-general-ordinaria-en-automoto-club-deportivo\/#primaryimage","url":"https:\/\/www.noticiasradioreflejos.com.ar\/2021\/wp-content\/uploads\/2018\/02\/Automoto.jpg","contentUrl":"https:\/\/www.noticiasradioreflejos.com.ar\/2021\/wp-content\/uploads\/2018\/02\/Automoto.jpg","width":300,"height":300},{"@type":"BreadcrumbList","@id":"https:\/\/www.noticiasradioreflejos.com.ar\/2021\/asamble-general-ordinaria-en-automoto-club-deportivo\/#breadcrumb","itemListElement":[{"@type":"ListItem","position":1,"name":"Portada","item":"https:\/\/www.noticiasradioreflejos.com.ar\/2021\/"},{"@type":"ListItem","position":2,"name":"Asamblea General Ordinaria en Automoto Club Deportivo."}]},{"@type":"WebSite","@id":"https:\/\/www.noticiasradioreflejos.com.ar\/2021\/#website","url":"https:\/\/www.noticiasradioreflejos.com.ar\/2021\/","name":"Noticias Radio Reflejos","description":"Las noticias de mi comarca","potentialAction":[{"@type":"SearchAction","target":{"@type":"EntryPoint","urlTemplate":"https:\/\/www.noticiasradioreflejos.com.ar\/2021\/?s={search_term_string}"},"query-input":{"@type":"PropertyValueSpecification","valueRequired":true,"valueName":"search_term_string"}}],"inLanguage":"es"},{"@type":"Person","@id":"https:\/\/www.noticiasradioreflejos.com.ar\/2021\/#\/schema\/person\/ad82545263dcc5ec0996818884fd5fb1","name":"Arnaldo Botto","image":{"@type":"ImageObject","inLanguage":"es","@id":"https:\/\/www.noticiasradioreflejos.com.ar\/2021\/#\/schema\/person\/image\/","url":"https:\/\/secure.gravatar.com\/avatar\/55cb5e37c1efa326397366e6974cb338056df65cb50e7d64d1cf314e87504837?s=96&d=mm&r=g","contentUrl":"https:\/\/secure.gravatar.com\/avatar\/55cb5e37c1efa326397366e6974cb338056df65cb50e7d64d1cf314e87504837?s=96&d=mm&r=g","caption":"Arnaldo Botto"},"url":"https:\/\/www.noticiasradioreflejos.com.ar\/2021\/author\/arnaldo\/"}]}},"_links":{"self":[{"href":"https:\/\/www.noticiasradioreflejos.com.ar\/2021\/wp-json\/wp\/v2\/posts\/38491","targetHints":{"allow":["GET"]}}],"collection":[{"href":"https:\/\/www.noticiasradioreflejos.com.ar\/2021\/wp-json\/wp\/v2\/posts"}],"about":[{"href":"https:\/\/www.noticiasradioreflejos.com.ar\/2021\/wp-json\/wp\/v2\/types\/post"}],"author":[{"embeddable":true,"href":"https:\/\/www.noticiasradioreflejos.com.ar\/2021\/wp-json\/wp\/v2\/users\/3"}],"replies":[{"embeddable":true,"href":"https:\/\/www.noticiasradioreflejos.com.ar\/2021\/wp-json\/wp\/v2\/comments?post=38491"}],"version-history":[{"count":0,"href":"https:\/\/www.noticiasradioreflejos.com.ar\/2021\/wp-json\/wp\/v2\/posts\/38491\/revisions"}],"wp:featuredmedia":[{"embeddable":true,"href":"https:\/\/www.noticiasradioreflejos.com.ar\/2021\/wp-json\/wp\/v2\/media\/19269"}],"wp:attachment":[{"href":"https:\/\/www.noticiasradioreflejos.com.ar\/2021\/wp-json\/wp\/v2\/media?parent=38491"}],"wp:term":[{"taxonomy":"category","embeddable":true,"href":"https:\/\/www.noticiasradioreflejos.com.ar\/2021\/wp-json\/wp\/v2\/categories?post=38491"},{"taxonomy":"post_tag","embeddable":true,"href":"https:\/\/www.noticiasradioreflejos.com.ar\/2021\/wp-json\/wp\/v2\/tags?post=38491"}],"curies":[{"name":"wp","href":"https:\/\/api.w.org\/{rel}","templated":true}]}}