{"id":38484,"date":"2020-02-10T13:02:15","date_gmt":"2020-02-10T16:02:15","guid":{"rendered":"http:\/\/www.noticiasradioreflejos.com.ar\/noticias\/?p=38484"},"modified":"2020-02-10T13:02:15","modified_gmt":"2020-02-10T16:02:15","slug":"gustavo-trankels-asumio-como-titular-de-vialidad-nacional-en-bahia-blanca","status":"publish","type":"post","link":"https:\/\/www.noticiasradioreflejos.com.ar\/2021\/gustavo-trankels-asumio-como-titular-de-vialidad-nacional-en-bahia-blanca\/","title":{"rendered":"Gustavo Trankels asumi\u00f3 como titular de Vialidad Nacional en Bah\u00eda Blanca."},"content":{"rendered":"<p><a href=\"http:\/\/live.staticflickr.com\/65535\/49516759467_f8aca20c8c_s.jpg\" title=\"WhatsApp Image 2020-02-10 at 12.58.20\" rel=\"\"><img loading=\"lazy\" decoding=\"async\" src=\"http:\/\/live.staticflickr.com\/65535\/49516759467_f8aca20c8c.jpg\" width=\"311\" height=\"500\" alt=\"WhatsApp Image 2020-02-10 at 12.58.20\" title=\"WhatsApp Image 2020-02-10 at 12.58.20\" class=\"alignleft\" style=\"float: left;\"><\/a>Gustavo Trankels fue oficialmente designado este lunes como el nuevo jefe del 19\u00b0 Distrito de Vialidad Nacional. La presentaci\u00f3n tuvo lugar esta ma\u00f1ana en la sede local del organismo, ubicada en la ciudad de Bah\u00eda Blanca y cont\u00f3 con la participaci\u00f3n de los agentes de la repartici\u00f3n, medios de comunicaci\u00f3n y referentes pol\u00edticos de la ciudad y la regi\u00f3n. <!--more--><br \/>\n\u201cAgradezco al Ministro de Obras P\u00fablicas, Gabriel Katopodis y a Gustavo Arrieta, administrador general de Vialidad Nacional por la confianza que han depositado en mi persona. Realmente es un honor y un gran desaf\u00edo hacerme cargo del 19\u00b0 Distrito de Vialidad Nacional, vengo a poner todo el empe\u00f1o y el esfuerzo para contribuir desde este sector de la provincia a la reconstrucci\u00f3n del pa\u00eds en un proyecto que encabeza nuestro presidente Alberto Fern\u00e1ndez, dentro del cual todos tenemos que colaborar desde el lugar que nos toca. Estoy muy agradecido de sumarme a la familia vial para trabajar e imprimir toda la experiencia en gesti\u00f3n y pol\u00edtica para llevar adelante las obras que le traigan soluciones a los vecinos de Bah\u00eda Blanca y la zona de influencia del 19\u00b0 Distrito\u201d, manifest\u00f3 Trankels.<br \/>\n<a href=\"http:\/\/live.staticflickr.com\/65535\/49516540016_5b8e7fd192_s.jpg\" title=\"WhatsApp Image 2020-02-10 at 12.58.21\" rel=\"\"><img loading=\"lazy\" decoding=\"async\" src=\"http:\/\/live.staticflickr.com\/65535\/49516540016_5b8e7fd192_z.jpg\" width=\"640\" height=\"332\" alt=\"WhatsApp Image 2020-02-10 at 12.58.21\" title=\"WhatsApp Image 2020-02-10 at 12.58.21\" class=\"aligncenter\"><\/a><\/p>\n","protected":false},"excerpt":{"rendered":"<p>Gustavo Trankels fue oficialmente designado este lunes como el nuevo jefe del 19\u00b0 Distrito de Vialidad Nacional. La presentaci\u00f3n tuvo lugar esta ma\u00f1ana en la sede local del organismo, ubicada en la ciudad de Bah\u00eda Blanca y cont\u00f3 con la participaci\u00f3n de los agentes de la repartici\u00f3n, medios de comunicaci\u00f3n y referentes pol\u00edticos de la [&hellip;]<\/p>\n","protected":false},"author":3,"featured_media":0,"comment_status":"closed","ping_status":"open","sticky":false,"template":"","format":"standard","meta":{"footnotes":""},"categories":[24],"tags":[],"class_list":["post-38484","post","type-post","status-publish","format-standard","hentry","category-politica"],"yoast_head":"<!-- This site is optimized with the Yoast SEO plugin v25.9 - https:\/\/yoast.com\/wordpress\/plugins\/seo\/ -->\n<title>Gustavo Trankels asumi\u00f3 como titular de Vialidad Nacional en Bah\u00eda Blanca. - Noticias Radio Reflejos<\/title>\n<meta name=\"robots\" content=\"index, follow, max-snippet:-1, max-image-preview:large, max-video-preview:-1\" \/>\n<link rel=\"canonical\" href=\"https:\/\/www.noticiasradioreflejos.com.ar\/2021\/gustavo-trankels-asumio-como-titular-de-vialidad-nacional-en-bahia-blanca\/\" \/>\n<meta property=\"og:locale\" content=\"es_ES\" \/>\n<meta property=\"og:type\" content=\"article\" \/>\n<meta property=\"og:title\" content=\"Gustavo Trankels asumi\u00f3 como titular de Vialidad Nacional en Bah\u00eda Blanca. - Noticias Radio Reflejos\" \/>\n<meta property=\"og:description\" content=\"Gustavo Trankels fue oficialmente designado este lunes como el nuevo jefe del 19\u00b0 Distrito de Vialidad Nacional. La presentaci\u00f3n tuvo lugar esta ma\u00f1ana en la sede local del organismo, ubicada en la ciudad de Bah\u00eda Blanca y cont\u00f3 con la participaci\u00f3n de los agentes de la repartici\u00f3n, medios de comunicaci\u00f3n y referentes pol\u00edticos de la [&hellip;]\" \/>\n<meta property=\"og:url\" content=\"https:\/\/www.noticiasradioreflejos.com.ar\/2021\/gustavo-trankels-asumio-como-titular-de-vialidad-nacional-en-bahia-blanca\/\" \/>\n<meta property=\"og:site_name\" content=\"Noticias Radio Reflejos\" \/>\n<meta property=\"article:published_time\" content=\"2020-02-10T16:02:15+00:00\" \/>\n<meta property=\"og:image\" content=\"http:\/\/live.staticflickr.com\/65535\/49516759467_f8aca20c8c.jpg\" \/>\n<meta name=\"author\" content=\"Arnaldo Botto\" \/>\n<meta name=\"twitter:card\" content=\"summary_large_image\" \/>\n<script type=\"application\/ld+json\" class=\"yoast-schema-graph\">{\"@context\":\"https:\/\/schema.org\",\"@graph\":[{\"@type\":\"WebPage\",\"@id\":\"https:\/\/www.noticiasradioreflejos.com.ar\/2021\/gustavo-trankels-asumio-como-titular-de-vialidad-nacional-en-bahia-blanca\/\",\"url\":\"https:\/\/www.noticiasradioreflejos.com.ar\/2021\/gustavo-trankels-asumio-como-titular-de-vialidad-nacional-en-bahia-blanca\/\",\"name\":\"Gustavo Trankels asumi\u00f3 como titular de Vialidad Nacional en Bah\u00eda Blanca. - Noticias Radio Reflejos\",\"isPartOf\":{\"@id\":\"https:\/\/www.noticiasradioreflejos.com.ar\/2021\/#website\"},\"primaryImageOfPage\":{\"@id\":\"https:\/\/www.noticiasradioreflejos.com.ar\/2021\/gustavo-trankels-asumio-como-titular-de-vialidad-nacional-en-bahia-blanca\/#primaryimage\"},\"image\":{\"@id\":\"https:\/\/www.noticiasradioreflejos.com.ar\/2021\/gustavo-trankels-asumio-como-titular-de-vialidad-nacional-en-bahia-blanca\/#primaryimage\"},\"thumbnailUrl\":\"http:\/\/live.staticflickr.com\/65535\/49516759467_f8aca20c8c.jpg\",\"datePublished\":\"2020-02-10T16:02:15+00:00\",\"author\":{\"@id\":\"https:\/\/www.noticiasradioreflejos.com.ar\/2021\/#\/schema\/person\/ad82545263dcc5ec0996818884fd5fb1\"},\"breadcrumb\":{\"@id\":\"https:\/\/www.noticiasradioreflejos.com.ar\/2021\/gustavo-trankels-asumio-como-titular-de-vialidad-nacional-en-bahia-blanca\/#breadcrumb\"},\"inLanguage\":\"es\",\"potentialAction\":[{\"@type\":\"ReadAction\",\"target\":[\"https:\/\/www.noticiasradioreflejos.com.ar\/2021\/gustavo-trankels-asumio-como-titular-de-vialidad-nacional-en-bahia-blanca\/\"]}]},{\"@type\":\"ImageObject\",\"inLanguage\":\"es\",\"@id\":\"https:\/\/www.noticiasradioreflejos.com.ar\/2021\/gustavo-trankels-asumio-como-titular-de-vialidad-nacional-en-bahia-blanca\/#primaryimage\",\"url\":\"http:\/\/live.staticflickr.com\/65535\/49516759467_f8aca20c8c.jpg\",\"contentUrl\":\"http:\/\/live.staticflickr.com\/65535\/49516759467_f8aca20c8c.jpg\"},{\"@type\":\"BreadcrumbList\",\"@id\":\"https:\/\/www.noticiasradioreflejos.com.ar\/2021\/gustavo-trankels-asumio-como-titular-de-vialidad-nacional-en-bahia-blanca\/#breadcrumb\",\"itemListElement\":[{\"@type\":\"ListItem\",\"position\":1,\"name\":\"Portada\",\"item\":\"https:\/\/www.noticiasradioreflejos.com.ar\/2021\/\"},{\"@type\":\"ListItem\",\"position\":2,\"name\":\"Gustavo Trankels asumi\u00f3 como titular de Vialidad Nacional en Bah\u00eda Blanca.\"}]},{\"@type\":\"WebSite\",\"@id\":\"https:\/\/www.noticiasradioreflejos.com.ar\/2021\/#website\",\"url\":\"https:\/\/www.noticiasradioreflejos.com.ar\/2021\/\",\"name\":\"Noticias Radio Reflejos\",\"description\":\"Las noticias de mi comarca\",\"potentialAction\":[{\"@type\":\"SearchAction\",\"target\":{\"@type\":\"EntryPoint\",\"urlTemplate\":\"https:\/\/www.noticiasradioreflejos.com.ar\/2021\/?s={search_term_string}\"},\"query-input\":{\"@type\":\"PropertyValueSpecification\",\"valueRequired\":true,\"valueName\":\"search_term_string\"}}],\"inLanguage\":\"es\"},{\"@type\":\"Person\",\"@id\":\"https:\/\/www.noticiasradioreflejos.com.ar\/2021\/#\/schema\/person\/ad82545263dcc5ec0996818884fd5fb1\",\"name\":\"Arnaldo Botto\",\"image\":{\"@type\":\"ImageObject\",\"inLanguage\":\"es\",\"@id\":\"https:\/\/www.noticiasradioreflejos.com.ar\/2021\/#\/schema\/person\/image\/\",\"url\":\"https:\/\/secure.gravatar.com\/avatar\/55cb5e37c1efa326397366e6974cb338056df65cb50e7d64d1cf314e87504837?s=96&d=mm&r=g\",\"contentUrl\":\"https:\/\/secure.gravatar.com\/avatar\/55cb5e37c1efa326397366e6974cb338056df65cb50e7d64d1cf314e87504837?s=96&d=mm&r=g\",\"caption\":\"Arnaldo Botto\"},\"url\":\"https:\/\/www.noticiasradioreflejos.com.ar\/2021\/author\/arnaldo\/\"}]}<\/script>\n<!-- \/ Yoast SEO plugin. -->","yoast_head_json":{"title":"Gustavo Trankels asumi\u00f3 como titular de Vialidad Nacional en Bah\u00eda Blanca. - Noticias Radio Reflejos","robots":{"index":"index","follow":"follow","max-snippet":"max-snippet:-1","max-image-preview":"max-image-preview:large","max-video-preview":"max-video-preview:-1"},"canonical":"https:\/\/www.noticiasradioreflejos.com.ar\/2021\/gustavo-trankels-asumio-como-titular-de-vialidad-nacional-en-bahia-blanca\/","og_locale":"es_ES","og_type":"article","og_title":"Gustavo Trankels asumi\u00f3 como titular de Vialidad Nacional en Bah\u00eda Blanca. - Noticias Radio Reflejos","og_description":"Gustavo Trankels fue oficialmente designado este lunes como el nuevo jefe del 19\u00b0 Distrito de Vialidad Nacional. La presentaci\u00f3n tuvo lugar esta ma\u00f1ana en la sede local del organismo, ubicada en la ciudad de Bah\u00eda Blanca y cont\u00f3 con la participaci\u00f3n de los agentes de la repartici\u00f3n, medios de comunicaci\u00f3n y referentes pol\u00edticos de la [&hellip;]","og_url":"https:\/\/www.noticiasradioreflejos.com.ar\/2021\/gustavo-trankels-asumio-como-titular-de-vialidad-nacional-en-bahia-blanca\/","og_site_name":"Noticias Radio Reflejos","article_published_time":"2020-02-10T16:02:15+00:00","og_image":[{"url":"http:\/\/live.staticflickr.com\/65535\/49516759467_f8aca20c8c.jpg","type":"","width":"","height":""}],"author":"Arnaldo Botto","twitter_card":"summary_large_image","schema":{"@context":"https:\/\/schema.org","@graph":[{"@type":"WebPage","@id":"https:\/\/www.noticiasradioreflejos.com.ar\/2021\/gustavo-trankels-asumio-como-titular-de-vialidad-nacional-en-bahia-blanca\/","url":"https:\/\/www.noticiasradioreflejos.com.ar\/2021\/gustavo-trankels-asumio-como-titular-de-vialidad-nacional-en-bahia-blanca\/","name":"Gustavo Trankels asumi\u00f3 como titular de Vialidad Nacional en Bah\u00eda Blanca. - Noticias Radio Reflejos","isPartOf":{"@id":"https:\/\/www.noticiasradioreflejos.com.ar\/2021\/#website"},"primaryImageOfPage":{"@id":"https:\/\/www.noticiasradioreflejos.com.ar\/2021\/gustavo-trankels-asumio-como-titular-de-vialidad-nacional-en-bahia-blanca\/#primaryimage"},"image":{"@id":"https:\/\/www.noticiasradioreflejos.com.ar\/2021\/gustavo-trankels-asumio-como-titular-de-vialidad-nacional-en-bahia-blanca\/#primaryimage"},"thumbnailUrl":"http:\/\/live.staticflickr.com\/65535\/49516759467_f8aca20c8c.jpg","datePublished":"2020-02-10T16:02:15+00:00","author":{"@id":"https:\/\/www.noticiasradioreflejos.com.ar\/2021\/#\/schema\/person\/ad82545263dcc5ec0996818884fd5fb1"},"breadcrumb":{"@id":"https:\/\/www.noticiasradioreflejos.com.ar\/2021\/gustavo-trankels-asumio-como-titular-de-vialidad-nacional-en-bahia-blanca\/#breadcrumb"},"inLanguage":"es","potentialAction":[{"@type":"ReadAction","target":["https:\/\/www.noticiasradioreflejos.com.ar\/2021\/gustavo-trankels-asumio-como-titular-de-vialidad-nacional-en-bahia-blanca\/"]}]},{"@type":"ImageObject","inLanguage":"es","@id":"https:\/\/www.noticiasradioreflejos.com.ar\/2021\/gustavo-trankels-asumio-como-titular-de-vialidad-nacional-en-bahia-blanca\/#primaryimage","url":"http:\/\/live.staticflickr.com\/65535\/49516759467_f8aca20c8c.jpg","contentUrl":"http:\/\/live.staticflickr.com\/65535\/49516759467_f8aca20c8c.jpg"},{"@type":"BreadcrumbList","@id":"https:\/\/www.noticiasradioreflejos.com.ar\/2021\/gustavo-trankels-asumio-como-titular-de-vialidad-nacional-en-bahia-blanca\/#breadcrumb","itemListElement":[{"@type":"ListItem","position":1,"name":"Portada","item":"https:\/\/www.noticiasradioreflejos.com.ar\/2021\/"},{"@type":"ListItem","position":2,"name":"Gustavo Trankels asumi\u00f3 como titular de Vialidad Nacional en Bah\u00eda Blanca."}]},{"@type":"WebSite","@id":"https:\/\/www.noticiasradioreflejos.com.ar\/2021\/#website","url":"https:\/\/www.noticiasradioreflejos.com.ar\/2021\/","name":"Noticias Radio Reflejos","description":"Las noticias de mi comarca","potentialAction":[{"@type":"SearchAction","target":{"@type":"EntryPoint","urlTemplate":"https:\/\/www.noticiasradioreflejos.com.ar\/2021\/?s={search_term_string}"},"query-input":{"@type":"PropertyValueSpecification","valueRequired":true,"valueName":"search_term_string"}}],"inLanguage":"es"},{"@type":"Person","@id":"https:\/\/www.noticiasradioreflejos.com.ar\/2021\/#\/schema\/person\/ad82545263dcc5ec0996818884fd5fb1","name":"Arnaldo Botto","image":{"@type":"ImageObject","inLanguage":"es","@id":"https:\/\/www.noticiasradioreflejos.com.ar\/2021\/#\/schema\/person\/image\/","url":"https:\/\/secure.gravatar.com\/avatar\/55cb5e37c1efa326397366e6974cb338056df65cb50e7d64d1cf314e87504837?s=96&d=mm&r=g","contentUrl":"https:\/\/secure.gravatar.com\/avatar\/55cb5e37c1efa326397366e6974cb338056df65cb50e7d64d1cf314e87504837?s=96&d=mm&r=g","caption":"Arnaldo Botto"},"url":"https:\/\/www.noticiasradioreflejos.com.ar\/2021\/author\/arnaldo\/"}]}},"_links":{"self":[{"href":"https:\/\/www.noticiasradioreflejos.com.ar\/2021\/wp-json\/wp\/v2\/posts\/38484","targetHints":{"allow":["GET"]}}],"collection":[{"href":"https:\/\/www.noticiasradioreflejos.com.ar\/2021\/wp-json\/wp\/v2\/posts"}],"about":[{"href":"https:\/\/www.noticiasradioreflejos.com.ar\/2021\/wp-json\/wp\/v2\/types\/post"}],"author":[{"embeddable":true,"href":"https:\/\/www.noticiasradioreflejos.com.ar\/2021\/wp-json\/wp\/v2\/users\/3"}],"replies":[{"embeddable":true,"href":"https:\/\/www.noticiasradioreflejos.com.ar\/2021\/wp-json\/wp\/v2\/comments?post=38484"}],"version-history":[{"count":0,"href":"https:\/\/www.noticiasradioreflejos.com.ar\/2021\/wp-json\/wp\/v2\/posts\/38484\/revisions"}],"wp:attachment":[{"href":"https:\/\/www.noticiasradioreflejos.com.ar\/2021\/wp-json\/wp\/v2\/media?parent=38484"}],"wp:term":[{"taxonomy":"category","embeddable":true,"href":"https:\/\/www.noticiasradioreflejos.com.ar\/2021\/wp-json\/wp\/v2\/categories?post=38484"},{"taxonomy":"post_tag","embeddable":true,"href":"https:\/\/www.noticiasradioreflejos.com.ar\/2021\/wp-json\/wp\/v2\/tags?post=38484"}],"curies":[{"name":"wp","href":"https:\/\/api.w.org\/{rel}","templated":true}]}}