{"id":38469,"date":"2020-02-10T07:58:38","date_gmt":"2020-02-10T10:58:38","guid":{"rendered":"http:\/\/www.noticiasradioreflejos.com.ar\/noticias\/?p=38469"},"modified":"2020-02-10T07:58:38","modified_gmt":"2020-02-10T10:58:38","slug":"comunicado-del-consejo-municipal-de-las-mujeres-de-tornquist-2","status":"publish","type":"post","link":"https:\/\/www.noticiasradioreflejos.com.ar\/2021\/comunicado-del-consejo-municipal-de-las-mujeres-de-tornquist-2\/","title":{"rendered":"Comunicado del Consejo Municipal de las Mujeres de Tornquist."},"content":{"rendered":"<p>El jueves 6 de febrero, concurrimos al Centro Cultural de Sierra de la Ventana  en respuesta a la invitaci\u00f3n de la Direcci\u00f3n de Seguridad Municipal, hecha a trav\u00e9s de la Comisaria de la Mujer.<!--more-->Asistieron el Delegado de Sierra de la Ventana; Concejales del bloque Frente de Todos;  el Comisario Distrital y personal de la Comisar\u00eda de la Mujer;  la Biblioteca Popular Macedonio Fern\u00e1ndez de Villa Ventana; el Consejo Municipal de las Mujeres Tornquist; Inspectora de Ense\u00f1anza; vecina\/os.<br \/>\nLa propuesta consist\u00eda en una charla informativa acerca de la problem\u00e1tica de la Violencia de G\u00e9nero pero dado que,  en ocasi\u00f3n del encuentro comunitario en el cuartel de los Bomberos Voluntarios del 30 de enero,  nos hab\u00edamos comprometido  a reunirnos para comenzar la elaboraci\u00f3n de un Protocolo (regla que gu\u00eda de qu\u00e9 manera debe concretarse una acci\u00f3n) que pueda ser usado en todas las instituciones; discutir acerca de la necesidad de la urgente aplicaci\u00f3n de la Ley Micaela de capacitaci\u00f3n en perspectiva de g\u00e9nero en los organismo p\u00fablicos y de la sanci\u00f3n de la ordenanza de acoso callejero, proyecto que presentamos hace un a\u00f1o en el HCD, propusimos a los disertantes abocarnos al tratamiento de estos temas que consideramos de vital importancia para nuestra comunidad.<br \/>\nLa predisposici\u00f3n positiva nos permiti\u00f3 debatir ideas y decidir,  un pr\u00f3ximo encuentro cuyo objetivo ser\u00e1 iniciar la elaboraci\u00f3n del Protocolo, con el acuerdo un\u00e1nime de los presentes.<br \/>\nEl encuentro se llevar\u00e1 a cabo el 20 de febrero a las 18.30 en el Centro Cultural y estar\u00e1n invitadas  las dem\u00e1s instituciones representativas de nuestro distrito,  las autoridades del distrito de Coronel Su\u00e1rez y la comunidad en general.<br \/>\nExpresamos nuestro benepl\u00e1cito porque los encuentros comunitarios nos enriquecen y contribuyen  a la construcci\u00f3n de nuevas y mejores formas de relacionarnos en nuestra sociedad.<\/p>\n","protected":false},"excerpt":{"rendered":"<p>El jueves 6 de febrero, concurrimos al Centro Cultural de Sierra de la Ventana en respuesta a la invitaci\u00f3n de la Direcci\u00f3n de Seguridad Municipal, hecha a trav\u00e9s de la Comisaria de la Mujer.<\/p>\n","protected":false},"author":3,"featured_media":0,"comment_status":"closed","ping_status":"open","sticky":false,"template":"","format":"standard","meta":{"footnotes":""},"categories":[24],"tags":[],"class_list":["post-38469","post","type-post","status-publish","format-standard","hentry","category-politica"],"yoast_head":"<!-- This site is optimized with the Yoast SEO plugin v25.9 - https:\/\/yoast.com\/wordpress\/plugins\/seo\/ -->\n<title>Comunicado del Consejo Municipal de las Mujeres de Tornquist. - Noticias Radio Reflejos<\/title>\n<meta name=\"robots\" content=\"index, follow, max-snippet:-1, max-image-preview:large, max-video-preview:-1\" \/>\n<link rel=\"canonical\" href=\"https:\/\/www.noticiasradioreflejos.com.ar\/2021\/comunicado-del-consejo-municipal-de-las-mujeres-de-tornquist-2\/\" \/>\n<meta property=\"og:locale\" content=\"es_ES\" \/>\n<meta property=\"og:type\" content=\"article\" \/>\n<meta property=\"og:title\" content=\"Comunicado del Consejo Municipal de las Mujeres de Tornquist. - Noticias Radio Reflejos\" \/>\n<meta property=\"og:description\" content=\"El jueves 6 de febrero, concurrimos al Centro Cultural de Sierra de la Ventana en respuesta a la invitaci\u00f3n de la Direcci\u00f3n de Seguridad Municipal, hecha a trav\u00e9s de la Comisaria de la Mujer.\" \/>\n<meta property=\"og:url\" content=\"https:\/\/www.noticiasradioreflejos.com.ar\/2021\/comunicado-del-consejo-municipal-de-las-mujeres-de-tornquist-2\/\" \/>\n<meta property=\"og:site_name\" content=\"Noticias Radio Reflejos\" \/>\n<meta property=\"article:published_time\" content=\"2020-02-10T10:58:38+00:00\" \/>\n<meta property=\"og:image\" content=\"https:\/\/www.noticiasradioreflejos.com.ar\/2021\/wp-content\/uploads\/2021\/07\/logosol300x200.png\" \/>\n\t<meta property=\"og:image:width\" content=\"300\" \/>\n\t<meta property=\"og:image:height\" content=\"200\" \/>\n\t<meta property=\"og:image:type\" content=\"image\/png\" \/>\n<meta name=\"author\" content=\"Arnaldo Botto\" \/>\n<meta name=\"twitter:card\" content=\"summary_large_image\" \/>\n<script type=\"application\/ld+json\" class=\"yoast-schema-graph\">{\"@context\":\"https:\/\/schema.org\",\"@graph\":[{\"@type\":\"WebPage\",\"@id\":\"https:\/\/www.noticiasradioreflejos.com.ar\/2021\/comunicado-del-consejo-municipal-de-las-mujeres-de-tornquist-2\/\",\"url\":\"https:\/\/www.noticiasradioreflejos.com.ar\/2021\/comunicado-del-consejo-municipal-de-las-mujeres-de-tornquist-2\/\",\"name\":\"Comunicado del Consejo Municipal de las Mujeres de Tornquist. - Noticias Radio Reflejos\",\"isPartOf\":{\"@id\":\"https:\/\/www.noticiasradioreflejos.com.ar\/2021\/#website\"},\"datePublished\":\"2020-02-10T10:58:38+00:00\",\"author\":{\"@id\":\"https:\/\/www.noticiasradioreflejos.com.ar\/2021\/#\/schema\/person\/ad82545263dcc5ec0996818884fd5fb1\"},\"breadcrumb\":{\"@id\":\"https:\/\/www.noticiasradioreflejos.com.ar\/2021\/comunicado-del-consejo-municipal-de-las-mujeres-de-tornquist-2\/#breadcrumb\"},\"inLanguage\":\"es\",\"potentialAction\":[{\"@type\":\"ReadAction\",\"target\":[\"https:\/\/www.noticiasradioreflejos.com.ar\/2021\/comunicado-del-consejo-municipal-de-las-mujeres-de-tornquist-2\/\"]}]},{\"@type\":\"BreadcrumbList\",\"@id\":\"https:\/\/www.noticiasradioreflejos.com.ar\/2021\/comunicado-del-consejo-municipal-de-las-mujeres-de-tornquist-2\/#breadcrumb\",\"itemListElement\":[{\"@type\":\"ListItem\",\"position\":1,\"name\":\"Portada\",\"item\":\"https:\/\/www.noticiasradioreflejos.com.ar\/2021\/\"},{\"@type\":\"ListItem\",\"position\":2,\"name\":\"Comunicado del Consejo Municipal de las Mujeres de Tornquist.\"}]},{\"@type\":\"WebSite\",\"@id\":\"https:\/\/www.noticiasradioreflejos.com.ar\/2021\/#website\",\"url\":\"https:\/\/www.noticiasradioreflejos.com.ar\/2021\/\",\"name\":\"Noticias Radio Reflejos\",\"description\":\"Las noticias de mi comarca\",\"potentialAction\":[{\"@type\":\"SearchAction\",\"target\":{\"@type\":\"EntryPoint\",\"urlTemplate\":\"https:\/\/www.noticiasradioreflejos.com.ar\/2021\/?s={search_term_string}\"},\"query-input\":{\"@type\":\"PropertyValueSpecification\",\"valueRequired\":true,\"valueName\":\"search_term_string\"}}],\"inLanguage\":\"es\"},{\"@type\":\"Person\",\"@id\":\"https:\/\/www.noticiasradioreflejos.com.ar\/2021\/#\/schema\/person\/ad82545263dcc5ec0996818884fd5fb1\",\"name\":\"Arnaldo Botto\",\"image\":{\"@type\":\"ImageObject\",\"inLanguage\":\"es\",\"@id\":\"https:\/\/www.noticiasradioreflejos.com.ar\/2021\/#\/schema\/person\/image\/\",\"url\":\"https:\/\/secure.gravatar.com\/avatar\/55cb5e37c1efa326397366e6974cb338056df65cb50e7d64d1cf314e87504837?s=96&d=mm&r=g\",\"contentUrl\":\"https:\/\/secure.gravatar.com\/avatar\/55cb5e37c1efa326397366e6974cb338056df65cb50e7d64d1cf314e87504837?s=96&d=mm&r=g\",\"caption\":\"Arnaldo Botto\"},\"url\":\"https:\/\/www.noticiasradioreflejos.com.ar\/2021\/author\/arnaldo\/\"}]}<\/script>\n<!-- \/ Yoast SEO plugin. -->","yoast_head_json":{"title":"Comunicado del Consejo Municipal de las Mujeres de Tornquist. - Noticias Radio Reflejos","robots":{"index":"index","follow":"follow","max-snippet":"max-snippet:-1","max-image-preview":"max-image-preview:large","max-video-preview":"max-video-preview:-1"},"canonical":"https:\/\/www.noticiasradioreflejos.com.ar\/2021\/comunicado-del-consejo-municipal-de-las-mujeres-de-tornquist-2\/","og_locale":"es_ES","og_type":"article","og_title":"Comunicado del Consejo Municipal de las Mujeres de Tornquist. - Noticias Radio Reflejos","og_description":"El jueves 6 de febrero, concurrimos al Centro Cultural de Sierra de la Ventana en respuesta a la invitaci\u00f3n de la Direcci\u00f3n de Seguridad Municipal, hecha a trav\u00e9s de la Comisaria de la Mujer.","og_url":"https:\/\/www.noticiasradioreflejos.com.ar\/2021\/comunicado-del-consejo-municipal-de-las-mujeres-de-tornquist-2\/","og_site_name":"Noticias Radio Reflejos","article_published_time":"2020-02-10T10:58:38+00:00","og_image":[{"width":300,"height":200,"url":"https:\/\/www.noticiasradioreflejos.com.ar\/2021\/wp-content\/uploads\/2021\/07\/logosol300x200.png","type":"image\/png"}],"author":"Arnaldo Botto","twitter_card":"summary_large_image","schema":{"@context":"https:\/\/schema.org","@graph":[{"@type":"WebPage","@id":"https:\/\/www.noticiasradioreflejos.com.ar\/2021\/comunicado-del-consejo-municipal-de-las-mujeres-de-tornquist-2\/","url":"https:\/\/www.noticiasradioreflejos.com.ar\/2021\/comunicado-del-consejo-municipal-de-las-mujeres-de-tornquist-2\/","name":"Comunicado del Consejo Municipal de las Mujeres de Tornquist. - Noticias Radio Reflejos","isPartOf":{"@id":"https:\/\/www.noticiasradioreflejos.com.ar\/2021\/#website"},"datePublished":"2020-02-10T10:58:38+00:00","author":{"@id":"https:\/\/www.noticiasradioreflejos.com.ar\/2021\/#\/schema\/person\/ad82545263dcc5ec0996818884fd5fb1"},"breadcrumb":{"@id":"https:\/\/www.noticiasradioreflejos.com.ar\/2021\/comunicado-del-consejo-municipal-de-las-mujeres-de-tornquist-2\/#breadcrumb"},"inLanguage":"es","potentialAction":[{"@type":"ReadAction","target":["https:\/\/www.noticiasradioreflejos.com.ar\/2021\/comunicado-del-consejo-municipal-de-las-mujeres-de-tornquist-2\/"]}]},{"@type":"BreadcrumbList","@id":"https:\/\/www.noticiasradioreflejos.com.ar\/2021\/comunicado-del-consejo-municipal-de-las-mujeres-de-tornquist-2\/#breadcrumb","itemListElement":[{"@type":"ListItem","position":1,"name":"Portada","item":"https:\/\/www.noticiasradioreflejos.com.ar\/2021\/"},{"@type":"ListItem","position":2,"name":"Comunicado del Consejo Municipal de las Mujeres de Tornquist."}]},{"@type":"WebSite","@id":"https:\/\/www.noticiasradioreflejos.com.ar\/2021\/#website","url":"https:\/\/www.noticiasradioreflejos.com.ar\/2021\/","name":"Noticias Radio Reflejos","description":"Las noticias de mi comarca","potentialAction":[{"@type":"SearchAction","target":{"@type":"EntryPoint","urlTemplate":"https:\/\/www.noticiasradioreflejos.com.ar\/2021\/?s={search_term_string}"},"query-input":{"@type":"PropertyValueSpecification","valueRequired":true,"valueName":"search_term_string"}}],"inLanguage":"es"},{"@type":"Person","@id":"https:\/\/www.noticiasradioreflejos.com.ar\/2021\/#\/schema\/person\/ad82545263dcc5ec0996818884fd5fb1","name":"Arnaldo Botto","image":{"@type":"ImageObject","inLanguage":"es","@id":"https:\/\/www.noticiasradioreflejos.com.ar\/2021\/#\/schema\/person\/image\/","url":"https:\/\/secure.gravatar.com\/avatar\/55cb5e37c1efa326397366e6974cb338056df65cb50e7d64d1cf314e87504837?s=96&d=mm&r=g","contentUrl":"https:\/\/secure.gravatar.com\/avatar\/55cb5e37c1efa326397366e6974cb338056df65cb50e7d64d1cf314e87504837?s=96&d=mm&r=g","caption":"Arnaldo Botto"},"url":"https:\/\/www.noticiasradioreflejos.com.ar\/2021\/author\/arnaldo\/"}]}},"_links":{"self":[{"href":"https:\/\/www.noticiasradioreflejos.com.ar\/2021\/wp-json\/wp\/v2\/posts\/38469","targetHints":{"allow":["GET"]}}],"collection":[{"href":"https:\/\/www.noticiasradioreflejos.com.ar\/2021\/wp-json\/wp\/v2\/posts"}],"about":[{"href":"https:\/\/www.noticiasradioreflejos.com.ar\/2021\/wp-json\/wp\/v2\/types\/post"}],"author":[{"embeddable":true,"href":"https:\/\/www.noticiasradioreflejos.com.ar\/2021\/wp-json\/wp\/v2\/users\/3"}],"replies":[{"embeddable":true,"href":"https:\/\/www.noticiasradioreflejos.com.ar\/2021\/wp-json\/wp\/v2\/comments?post=38469"}],"version-history":[{"count":0,"href":"https:\/\/www.noticiasradioreflejos.com.ar\/2021\/wp-json\/wp\/v2\/posts\/38469\/revisions"}],"wp:attachment":[{"href":"https:\/\/www.noticiasradioreflejos.com.ar\/2021\/wp-json\/wp\/v2\/media?parent=38469"}],"wp:term":[{"taxonomy":"category","embeddable":true,"href":"https:\/\/www.noticiasradioreflejos.com.ar\/2021\/wp-json\/wp\/v2\/categories?post=38469"},{"taxonomy":"post_tag","embeddable":true,"href":"https:\/\/www.noticiasradioreflejos.com.ar\/2021\/wp-json\/wp\/v2\/tags?post=38469"}],"curies":[{"name":"wp","href":"https:\/\/api.w.org\/{rel}","templated":true}]}}