{"id":38462,"date":"2020-02-09T19:13:02","date_gmt":"2020-02-09T22:13:02","guid":{"rendered":"http:\/\/www.noticiasradioreflejos.com.ar\/noticias\/?p=38462"},"modified":"2020-02-09T19:13:02","modified_gmt":"2020-02-09T22:13:02","slug":"trankels-sera-el-nuevo-director-de-vialidad-nacional-en-nuestra-region","status":"publish","type":"post","link":"https:\/\/www.noticiasradioreflejos.com.ar\/2021\/trankels-sera-el-nuevo-director-de-vialidad-nacional-en-nuestra-region\/","title":{"rendered":"Trankels ser\u00e1 el nuevo director de Vialidad Nacional en nuestra regi\u00f3n"},"content":{"rendered":"<p>Ma\u00f1ana lunes asumir\u00e1 el cargo y reemplazar\u00e1 en el cargo al ingeniero Gustavo Torres.<!--more--><br \/>\nEl ex Intendente de Tornquist Gustavo Trankels, asumir\u00e1 ma\u00f1ana como nuevo Director de la Regi\u00f3n 19 de Vialidad Nacional, con sede en Bah\u00eda Blanca.<br \/>\nTrankels es Licenciado en Ciencias Econ\u00f3micas y fue intendente del partido de Tornquist desde 2007 a 2015, mientras que en la \u00faltima elecci\u00f3n perdi\u00f3 con Sergio Bordoni cuando intent\u00f3 volver a ser jefe comunal.<br \/>\nEl funcionario tornquistense estuvo reunido la semana pasada con Gustavo Arrieta, director nacional de Vialidad, para interiorizarse de los trabajos en El Cholo y en la Ruta 33, que son emblem\u00e1ticos para la regi\u00f3n y est\u00e1n pr\u00e1cticamente paralizados en estos momentos.<br \/>\nEn su nuevo cargo reemplazar\u00e1 al ingeniero Gustavo Torres y tendr\u00e1 a cargo la ejecuci\u00f3n y el control de obras en las rutas nacionales de la gran mayor\u00eda de la sexta secci\u00f3n electoral.<br \/>\nEl acto de asunci\u00f3n se producir\u00e1 ma\u00f1ana, desde las 9,30, en la sede del organismo, en el predio de Montevideo 366.<\/p>\n","protected":false},"excerpt":{"rendered":"<p>Ma\u00f1ana lunes asumir\u00e1 el cargo y reemplazar\u00e1 en el cargo al ingeniero Gustavo Torres.<\/p>\n","protected":false},"author":3,"featured_media":0,"comment_status":"closed","ping_status":"open","sticky":false,"template":"","format":"standard","meta":{"footnotes":""},"categories":[24],"tags":[],"class_list":["post-38462","post","type-post","status-publish","format-standard","hentry","category-politica"],"yoast_head":"<!-- This site is optimized with the Yoast SEO plugin v25.9 - https:\/\/yoast.com\/wordpress\/plugins\/seo\/ -->\n<title>Trankels ser\u00e1 el nuevo director de Vialidad Nacional en nuestra regi\u00f3n - Noticias Radio Reflejos<\/title>\n<meta name=\"robots\" content=\"index, follow, max-snippet:-1, max-image-preview:large, max-video-preview:-1\" \/>\n<link rel=\"canonical\" href=\"https:\/\/www.noticiasradioreflejos.com.ar\/2021\/trankels-sera-el-nuevo-director-de-vialidad-nacional-en-nuestra-region\/\" \/>\n<meta property=\"og:locale\" content=\"es_ES\" \/>\n<meta property=\"og:type\" content=\"article\" \/>\n<meta property=\"og:title\" content=\"Trankels ser\u00e1 el nuevo director de Vialidad Nacional en nuestra regi\u00f3n - Noticias Radio Reflejos\" \/>\n<meta property=\"og:description\" content=\"Ma\u00f1ana lunes asumir\u00e1 el cargo y reemplazar\u00e1 en el cargo al ingeniero Gustavo Torres.\" \/>\n<meta property=\"og:url\" content=\"https:\/\/www.noticiasradioreflejos.com.ar\/2021\/trankels-sera-el-nuevo-director-de-vialidad-nacional-en-nuestra-region\/\" \/>\n<meta property=\"og:site_name\" content=\"Noticias Radio Reflejos\" \/>\n<meta property=\"article:published_time\" content=\"2020-02-09T22:13:02+00:00\" \/>\n<meta property=\"og:image\" content=\"https:\/\/www.noticiasradioreflejos.com.ar\/2021\/wp-content\/uploads\/2021\/07\/logosol300x200.png\" \/>\n\t<meta property=\"og:image:width\" content=\"300\" \/>\n\t<meta property=\"og:image:height\" content=\"200\" \/>\n\t<meta property=\"og:image:type\" content=\"image\/png\" \/>\n<meta name=\"author\" content=\"Arnaldo Botto\" \/>\n<meta name=\"twitter:card\" content=\"summary_large_image\" \/>\n<script type=\"application\/ld+json\" class=\"yoast-schema-graph\">{\"@context\":\"https:\/\/schema.org\",\"@graph\":[{\"@type\":\"WebPage\",\"@id\":\"https:\/\/www.noticiasradioreflejos.com.ar\/2021\/trankels-sera-el-nuevo-director-de-vialidad-nacional-en-nuestra-region\/\",\"url\":\"https:\/\/www.noticiasradioreflejos.com.ar\/2021\/trankels-sera-el-nuevo-director-de-vialidad-nacional-en-nuestra-region\/\",\"name\":\"Trankels ser\u00e1 el nuevo director de Vialidad Nacional en nuestra regi\u00f3n - Noticias Radio Reflejos\",\"isPartOf\":{\"@id\":\"https:\/\/www.noticiasradioreflejos.com.ar\/2021\/#website\"},\"datePublished\":\"2020-02-09T22:13:02+00:00\",\"author\":{\"@id\":\"https:\/\/www.noticiasradioreflejos.com.ar\/2021\/#\/schema\/person\/ad82545263dcc5ec0996818884fd5fb1\"},\"breadcrumb\":{\"@id\":\"https:\/\/www.noticiasradioreflejos.com.ar\/2021\/trankels-sera-el-nuevo-director-de-vialidad-nacional-en-nuestra-region\/#breadcrumb\"},\"inLanguage\":\"es\",\"potentialAction\":[{\"@type\":\"ReadAction\",\"target\":[\"https:\/\/www.noticiasradioreflejos.com.ar\/2021\/trankels-sera-el-nuevo-director-de-vialidad-nacional-en-nuestra-region\/\"]}]},{\"@type\":\"BreadcrumbList\",\"@id\":\"https:\/\/www.noticiasradioreflejos.com.ar\/2021\/trankels-sera-el-nuevo-director-de-vialidad-nacional-en-nuestra-region\/#breadcrumb\",\"itemListElement\":[{\"@type\":\"ListItem\",\"position\":1,\"name\":\"Portada\",\"item\":\"https:\/\/www.noticiasradioreflejos.com.ar\/2021\/\"},{\"@type\":\"ListItem\",\"position\":2,\"name\":\"Trankels ser\u00e1 el nuevo director de Vialidad Nacional en nuestra regi\u00f3n\"}]},{\"@type\":\"WebSite\",\"@id\":\"https:\/\/www.noticiasradioreflejos.com.ar\/2021\/#website\",\"url\":\"https:\/\/www.noticiasradioreflejos.com.ar\/2021\/\",\"name\":\"Noticias Radio Reflejos\",\"description\":\"Las noticias de mi comarca\",\"potentialAction\":[{\"@type\":\"SearchAction\",\"target\":{\"@type\":\"EntryPoint\",\"urlTemplate\":\"https:\/\/www.noticiasradioreflejos.com.ar\/2021\/?s={search_term_string}\"},\"query-input\":{\"@type\":\"PropertyValueSpecification\",\"valueRequired\":true,\"valueName\":\"search_term_string\"}}],\"inLanguage\":\"es\"},{\"@type\":\"Person\",\"@id\":\"https:\/\/www.noticiasradioreflejos.com.ar\/2021\/#\/schema\/person\/ad82545263dcc5ec0996818884fd5fb1\",\"name\":\"Arnaldo Botto\",\"image\":{\"@type\":\"ImageObject\",\"inLanguage\":\"es\",\"@id\":\"https:\/\/www.noticiasradioreflejos.com.ar\/2021\/#\/schema\/person\/image\/\",\"url\":\"https:\/\/secure.gravatar.com\/avatar\/55cb5e37c1efa326397366e6974cb338056df65cb50e7d64d1cf314e87504837?s=96&d=mm&r=g\",\"contentUrl\":\"https:\/\/secure.gravatar.com\/avatar\/55cb5e37c1efa326397366e6974cb338056df65cb50e7d64d1cf314e87504837?s=96&d=mm&r=g\",\"caption\":\"Arnaldo Botto\"},\"url\":\"https:\/\/www.noticiasradioreflejos.com.ar\/2021\/author\/arnaldo\/\"}]}<\/script>\n<!-- \/ Yoast SEO plugin. -->","yoast_head_json":{"title":"Trankels ser\u00e1 el nuevo director de Vialidad Nacional en nuestra regi\u00f3n - Noticias Radio Reflejos","robots":{"index":"index","follow":"follow","max-snippet":"max-snippet:-1","max-image-preview":"max-image-preview:large","max-video-preview":"max-video-preview:-1"},"canonical":"https:\/\/www.noticiasradioreflejos.com.ar\/2021\/trankels-sera-el-nuevo-director-de-vialidad-nacional-en-nuestra-region\/","og_locale":"es_ES","og_type":"article","og_title":"Trankels ser\u00e1 el nuevo director de Vialidad Nacional en nuestra regi\u00f3n - Noticias Radio Reflejos","og_description":"Ma\u00f1ana lunes asumir\u00e1 el cargo y reemplazar\u00e1 en el cargo al ingeniero Gustavo Torres.","og_url":"https:\/\/www.noticiasradioreflejos.com.ar\/2021\/trankels-sera-el-nuevo-director-de-vialidad-nacional-en-nuestra-region\/","og_site_name":"Noticias Radio Reflejos","article_published_time":"2020-02-09T22:13:02+00:00","og_image":[{"width":300,"height":200,"url":"https:\/\/www.noticiasradioreflejos.com.ar\/2021\/wp-content\/uploads\/2021\/07\/logosol300x200.png","type":"image\/png"}],"author":"Arnaldo Botto","twitter_card":"summary_large_image","schema":{"@context":"https:\/\/schema.org","@graph":[{"@type":"WebPage","@id":"https:\/\/www.noticiasradioreflejos.com.ar\/2021\/trankels-sera-el-nuevo-director-de-vialidad-nacional-en-nuestra-region\/","url":"https:\/\/www.noticiasradioreflejos.com.ar\/2021\/trankels-sera-el-nuevo-director-de-vialidad-nacional-en-nuestra-region\/","name":"Trankels ser\u00e1 el nuevo director de Vialidad Nacional en nuestra regi\u00f3n - Noticias Radio Reflejos","isPartOf":{"@id":"https:\/\/www.noticiasradioreflejos.com.ar\/2021\/#website"},"datePublished":"2020-02-09T22:13:02+00:00","author":{"@id":"https:\/\/www.noticiasradioreflejos.com.ar\/2021\/#\/schema\/person\/ad82545263dcc5ec0996818884fd5fb1"},"breadcrumb":{"@id":"https:\/\/www.noticiasradioreflejos.com.ar\/2021\/trankels-sera-el-nuevo-director-de-vialidad-nacional-en-nuestra-region\/#breadcrumb"},"inLanguage":"es","potentialAction":[{"@type":"ReadAction","target":["https:\/\/www.noticiasradioreflejos.com.ar\/2021\/trankels-sera-el-nuevo-director-de-vialidad-nacional-en-nuestra-region\/"]}]},{"@type":"BreadcrumbList","@id":"https:\/\/www.noticiasradioreflejos.com.ar\/2021\/trankels-sera-el-nuevo-director-de-vialidad-nacional-en-nuestra-region\/#breadcrumb","itemListElement":[{"@type":"ListItem","position":1,"name":"Portada","item":"https:\/\/www.noticiasradioreflejos.com.ar\/2021\/"},{"@type":"ListItem","position":2,"name":"Trankels ser\u00e1 el nuevo director de Vialidad Nacional en nuestra regi\u00f3n"}]},{"@type":"WebSite","@id":"https:\/\/www.noticiasradioreflejos.com.ar\/2021\/#website","url":"https:\/\/www.noticiasradioreflejos.com.ar\/2021\/","name":"Noticias Radio Reflejos","description":"Las noticias de mi comarca","potentialAction":[{"@type":"SearchAction","target":{"@type":"EntryPoint","urlTemplate":"https:\/\/www.noticiasradioreflejos.com.ar\/2021\/?s={search_term_string}"},"query-input":{"@type":"PropertyValueSpecification","valueRequired":true,"valueName":"search_term_string"}}],"inLanguage":"es"},{"@type":"Person","@id":"https:\/\/www.noticiasradioreflejos.com.ar\/2021\/#\/schema\/person\/ad82545263dcc5ec0996818884fd5fb1","name":"Arnaldo Botto","image":{"@type":"ImageObject","inLanguage":"es","@id":"https:\/\/www.noticiasradioreflejos.com.ar\/2021\/#\/schema\/person\/image\/","url":"https:\/\/secure.gravatar.com\/avatar\/55cb5e37c1efa326397366e6974cb338056df65cb50e7d64d1cf314e87504837?s=96&d=mm&r=g","contentUrl":"https:\/\/secure.gravatar.com\/avatar\/55cb5e37c1efa326397366e6974cb338056df65cb50e7d64d1cf314e87504837?s=96&d=mm&r=g","caption":"Arnaldo Botto"},"url":"https:\/\/www.noticiasradioreflejos.com.ar\/2021\/author\/arnaldo\/"}]}},"_links":{"self":[{"href":"https:\/\/www.noticiasradioreflejos.com.ar\/2021\/wp-json\/wp\/v2\/posts\/38462","targetHints":{"allow":["GET"]}}],"collection":[{"href":"https:\/\/www.noticiasradioreflejos.com.ar\/2021\/wp-json\/wp\/v2\/posts"}],"about":[{"href":"https:\/\/www.noticiasradioreflejos.com.ar\/2021\/wp-json\/wp\/v2\/types\/post"}],"author":[{"embeddable":true,"href":"https:\/\/www.noticiasradioreflejos.com.ar\/2021\/wp-json\/wp\/v2\/users\/3"}],"replies":[{"embeddable":true,"href":"https:\/\/www.noticiasradioreflejos.com.ar\/2021\/wp-json\/wp\/v2\/comments?post=38462"}],"version-history":[{"count":0,"href":"https:\/\/www.noticiasradioreflejos.com.ar\/2021\/wp-json\/wp\/v2\/posts\/38462\/revisions"}],"wp:attachment":[{"href":"https:\/\/www.noticiasradioreflejos.com.ar\/2021\/wp-json\/wp\/v2\/media?parent=38462"}],"wp:term":[{"taxonomy":"category","embeddable":true,"href":"https:\/\/www.noticiasradioreflejos.com.ar\/2021\/wp-json\/wp\/v2\/categories?post=38462"},{"taxonomy":"post_tag","embeddable":true,"href":"https:\/\/www.noticiasradioreflejos.com.ar\/2021\/wp-json\/wp\/v2\/tags?post=38462"}],"curies":[{"name":"wp","href":"https:\/\/api.w.org\/{rel}","templated":true}]}}