{"id":38459,"date":"2020-02-09T19:06:56","date_gmt":"2020-02-09T22:06:56","guid":{"rendered":"http:\/\/www.noticiasradioreflejos.com.ar\/noticias\/?p=38459"},"modified":"2020-02-09T19:06:56","modified_gmt":"2020-02-09T22:06:56","slug":"gran-exito-en-la-8va-edicion-del-patio-cervecero","status":"publish","type":"post","link":"https:\/\/www.noticiasradioreflejos.com.ar\/2021\/gran-exito-en-la-8va-edicion-del-patio-cervecero\/","title":{"rendered":"Gran \u00e9xito en la 8va edici\u00f3n del Patio Cervecero"},"content":{"rendered":"<p><a title=\"110_a5e2_DSC_0147Z1280x768_1581262822.jpg_1600\" href=\"http:\/\/live.staticflickr.com\/65535\/49512479863_4563ee0efa_s.jpg\" rel=\"\"><img loading=\"lazy\" decoding=\"async\" class=\"alignleft\" style=\"float: left;\" title=\"110_a5e2_DSC_0147Z1280x768_1581262822.jpg_1600\" src=\"http:\/\/live.staticflickr.com\/65535\/49512479863_4563ee0efa.jpg\" alt=\"110_a5e2_DSC_0147Z1280x768_1581262822.jpg_1600\" width=\"500\" height=\"333\" \/><\/a>El fr\u00edo no pudo con el gran calor de la Fiesta. Al aire libre disfrutaron de la mejor cerveza y comidas t\u00edpicas alemanas. Hubo baile y espect\u00e1culos muy aplaudidos.<!--more--><\/p>\n<p>Pese a los 16\u00ba de temperatura, la noche del patio cervecero en pleno verano fue un gran \u00e9xito. La Sociedad Germ\u00e1nica de nuestra ciudad lo organiz\u00f3 por octava vez consecutiva y siempre es muy convocante.<br \/>\nEl frio de la jornada no empa\u00f1\u00f3 el gran trabajo que llev\u00f3 adelante la comisi\u00f3n directiva presidida por Manuel Picado en colaboraci\u00f3n con un grupo de trabajo que acompa\u00f1a, como otras instituciones que colaboran.<br \/>\nMucha demanda por los platos t\u00edpicos alemanes y la parte dulce con el strudel que fue un manjar para muchos.<br \/>\nEl desfile tradicional de las banderas de argentina,alemania,austria y suiza dieron el paso a Omar Graf Astral que con su particular ritmo llen\u00f3 r\u00e1pidamente la pista y m\u00e1s a\u00fan cuando se ejecutaban las tradicionales polcas y cantadas en alem\u00e1n.<br \/>\nEn lo que respecta a las cerveceras hubo buenas propuestas de cervezas artesanales que con sus caracter\u00edsticos puestos pudieron ofrecer sus productos.<\/p>\n<p>En el exterior no hubo espacio para el estacionamiento y algunos caminaron hasta tres cuadras para poder llegar al predio.<\/p>\n<p>A la hora de los espect\u00e1culos el ballet Dulce Vida de la localidad de Azul, se fue ovacionado. Hace dos a\u00f1os tambi\u00e9n participaron y esta vez trajeron nuevamente las danzas rusas y tradicionales alemanas.<\/p>\n<p>Entrada la noche con la conducci\u00f3n de Carlos Polak, se realizaron muchos sorteos y se llev\u00f3 a cabo el Speecher de la cerveza con producci\u00f3n local.<\/p>\n<p>Ahora piensan en el 9\u00ba Patio Cervecero de 2021, prepar\u00e1ndose para los que ser\u00e1 en 2022 el centenario de la Sociedad Germ\u00e1nica y por consiguiente el 10\u00ba Patio. Habr\u00e1 mucho trabajo de ac\u00e1 en adelante, en la entidad casi centenaria.<\/p>\n<p>&nbsp;<\/p>\n<p><a href=\"https:\/\/www.facebook.com\/pg\/Noticias-Tornquist-826029020802350\/photos\/?tab=album&amp;album_id=3478047212267171\" target=\"_blank\" rel=\"noopener\"><em><strong>Fotos de Noticias Tornquist<\/strong><\/em><\/a><\/p>\n<p><iframe loading=\"lazy\" src=\"https:\/\/www.youtube.com\/embed\/qZAFGYpC3Nw\" width=\"560\" height=\"315\" frameborder=\"0\" allowfullscreen=\"allowfullscreen\"><\/iframe><\/p>\n","protected":false},"excerpt":{"rendered":"<p>El fr\u00edo no pudo con el gran calor de la Fiesta. Al aire libre disfrutaron de la mejor cerveza y comidas t\u00edpicas alemanas. Hubo baile y espect\u00e1culos muy aplaudidos.<\/p>\n","protected":false},"author":3,"featured_media":0,"comment_status":"closed","ping_status":"open","sticky":false,"template":"","format":"standard","meta":{"footnotes":""},"categories":[26],"tags":[],"class_list":["post-38459","post","type-post","status-publish","format-standard","hentry","category-sociedad"],"yoast_head":"<!-- This site is optimized with the Yoast SEO plugin v25.9 - https:\/\/yoast.com\/wordpress\/plugins\/seo\/ -->\n<title>Gran \u00e9xito en la 8va edici\u00f3n del Patio Cervecero - Noticias Radio Reflejos<\/title>\n<meta name=\"robots\" content=\"index, follow, max-snippet:-1, max-image-preview:large, max-video-preview:-1\" \/>\n<link rel=\"canonical\" href=\"https:\/\/www.noticiasradioreflejos.com.ar\/2021\/gran-exito-en-la-8va-edicion-del-patio-cervecero\/\" \/>\n<meta property=\"og:locale\" content=\"es_ES\" \/>\n<meta property=\"og:type\" content=\"article\" \/>\n<meta property=\"og:title\" content=\"Gran \u00e9xito en la 8va edici\u00f3n del Patio Cervecero - Noticias Radio Reflejos\" \/>\n<meta property=\"og:description\" content=\"El fr\u00edo no pudo con el gran calor de la Fiesta. Al aire libre disfrutaron de la mejor cerveza y comidas t\u00edpicas alemanas. Hubo baile y espect\u00e1culos muy aplaudidos.\" \/>\n<meta property=\"og:url\" content=\"https:\/\/www.noticiasradioreflejos.com.ar\/2021\/gran-exito-en-la-8va-edicion-del-patio-cervecero\/\" \/>\n<meta property=\"og:site_name\" content=\"Noticias Radio Reflejos\" \/>\n<meta property=\"article:published_time\" content=\"2020-02-09T22:06:56+00:00\" \/>\n<meta property=\"og:image\" content=\"http:\/\/live.staticflickr.com\/65535\/49512479863_4563ee0efa.jpg\" \/>\n<meta name=\"author\" content=\"Arnaldo Botto\" \/>\n<meta name=\"twitter:card\" content=\"summary_large_image\" \/>\n<script type=\"application\/ld+json\" class=\"yoast-schema-graph\">{\"@context\":\"https:\/\/schema.org\",\"@graph\":[{\"@type\":\"WebPage\",\"@id\":\"https:\/\/www.noticiasradioreflejos.com.ar\/2021\/gran-exito-en-la-8va-edicion-del-patio-cervecero\/\",\"url\":\"https:\/\/www.noticiasradioreflejos.com.ar\/2021\/gran-exito-en-la-8va-edicion-del-patio-cervecero\/\",\"name\":\"Gran \u00e9xito en la 8va edici\u00f3n del Patio Cervecero - Noticias Radio Reflejos\",\"isPartOf\":{\"@id\":\"https:\/\/www.noticiasradioreflejos.com.ar\/2021\/#website\"},\"primaryImageOfPage\":{\"@id\":\"https:\/\/www.noticiasradioreflejos.com.ar\/2021\/gran-exito-en-la-8va-edicion-del-patio-cervecero\/#primaryimage\"},\"image\":{\"@id\":\"https:\/\/www.noticiasradioreflejos.com.ar\/2021\/gran-exito-en-la-8va-edicion-del-patio-cervecero\/#primaryimage\"},\"thumbnailUrl\":\"http:\/\/live.staticflickr.com\/65535\/49512479863_4563ee0efa.jpg\",\"datePublished\":\"2020-02-09T22:06:56+00:00\",\"author\":{\"@id\":\"https:\/\/www.noticiasradioreflejos.com.ar\/2021\/#\/schema\/person\/ad82545263dcc5ec0996818884fd5fb1\"},\"breadcrumb\":{\"@id\":\"https:\/\/www.noticiasradioreflejos.com.ar\/2021\/gran-exito-en-la-8va-edicion-del-patio-cervecero\/#breadcrumb\"},\"inLanguage\":\"es\",\"potentialAction\":[{\"@type\":\"ReadAction\",\"target\":[\"https:\/\/www.noticiasradioreflejos.com.ar\/2021\/gran-exito-en-la-8va-edicion-del-patio-cervecero\/\"]}]},{\"@type\":\"ImageObject\",\"inLanguage\":\"es\",\"@id\":\"https:\/\/www.noticiasradioreflejos.com.ar\/2021\/gran-exito-en-la-8va-edicion-del-patio-cervecero\/#primaryimage\",\"url\":\"http:\/\/live.staticflickr.com\/65535\/49512479863_4563ee0efa.jpg\",\"contentUrl\":\"http:\/\/live.staticflickr.com\/65535\/49512479863_4563ee0efa.jpg\"},{\"@type\":\"BreadcrumbList\",\"@id\":\"https:\/\/www.noticiasradioreflejos.com.ar\/2021\/gran-exito-en-la-8va-edicion-del-patio-cervecero\/#breadcrumb\",\"itemListElement\":[{\"@type\":\"ListItem\",\"position\":1,\"name\":\"Portada\",\"item\":\"https:\/\/www.noticiasradioreflejos.com.ar\/2021\/\"},{\"@type\":\"ListItem\",\"position\":2,\"name\":\"Gran \u00e9xito en la 8va edici\u00f3n del Patio Cervecero\"}]},{\"@type\":\"WebSite\",\"@id\":\"https:\/\/www.noticiasradioreflejos.com.ar\/2021\/#website\",\"url\":\"https:\/\/www.noticiasradioreflejos.com.ar\/2021\/\",\"name\":\"Noticias Radio Reflejos\",\"description\":\"Las noticias de mi comarca\",\"potentialAction\":[{\"@type\":\"SearchAction\",\"target\":{\"@type\":\"EntryPoint\",\"urlTemplate\":\"https:\/\/www.noticiasradioreflejos.com.ar\/2021\/?s={search_term_string}\"},\"query-input\":{\"@type\":\"PropertyValueSpecification\",\"valueRequired\":true,\"valueName\":\"search_term_string\"}}],\"inLanguage\":\"es\"},{\"@type\":\"Person\",\"@id\":\"https:\/\/www.noticiasradioreflejos.com.ar\/2021\/#\/schema\/person\/ad82545263dcc5ec0996818884fd5fb1\",\"name\":\"Arnaldo Botto\",\"image\":{\"@type\":\"ImageObject\",\"inLanguage\":\"es\",\"@id\":\"https:\/\/www.noticiasradioreflejos.com.ar\/2021\/#\/schema\/person\/image\/\",\"url\":\"https:\/\/secure.gravatar.com\/avatar\/55cb5e37c1efa326397366e6974cb338056df65cb50e7d64d1cf314e87504837?s=96&d=mm&r=g\",\"contentUrl\":\"https:\/\/secure.gravatar.com\/avatar\/55cb5e37c1efa326397366e6974cb338056df65cb50e7d64d1cf314e87504837?s=96&d=mm&r=g\",\"caption\":\"Arnaldo Botto\"},\"url\":\"https:\/\/www.noticiasradioreflejos.com.ar\/2021\/author\/arnaldo\/\"}]}<\/script>\n<!-- \/ Yoast SEO plugin. -->","yoast_head_json":{"title":"Gran \u00e9xito en la 8va edici\u00f3n del Patio Cervecero - Noticias Radio Reflejos","robots":{"index":"index","follow":"follow","max-snippet":"max-snippet:-1","max-image-preview":"max-image-preview:large","max-video-preview":"max-video-preview:-1"},"canonical":"https:\/\/www.noticiasradioreflejos.com.ar\/2021\/gran-exito-en-la-8va-edicion-del-patio-cervecero\/","og_locale":"es_ES","og_type":"article","og_title":"Gran \u00e9xito en la 8va edici\u00f3n del Patio Cervecero - Noticias Radio Reflejos","og_description":"El fr\u00edo no pudo con el gran calor de la Fiesta. Al aire libre disfrutaron de la mejor cerveza y comidas t\u00edpicas alemanas. Hubo baile y espect\u00e1culos muy aplaudidos.","og_url":"https:\/\/www.noticiasradioreflejos.com.ar\/2021\/gran-exito-en-la-8va-edicion-del-patio-cervecero\/","og_site_name":"Noticias Radio Reflejos","article_published_time":"2020-02-09T22:06:56+00:00","og_image":[{"url":"http:\/\/live.staticflickr.com\/65535\/49512479863_4563ee0efa.jpg","type":"","width":"","height":""}],"author":"Arnaldo Botto","twitter_card":"summary_large_image","schema":{"@context":"https:\/\/schema.org","@graph":[{"@type":"WebPage","@id":"https:\/\/www.noticiasradioreflejos.com.ar\/2021\/gran-exito-en-la-8va-edicion-del-patio-cervecero\/","url":"https:\/\/www.noticiasradioreflejos.com.ar\/2021\/gran-exito-en-la-8va-edicion-del-patio-cervecero\/","name":"Gran \u00e9xito en la 8va edici\u00f3n del Patio Cervecero - Noticias Radio Reflejos","isPartOf":{"@id":"https:\/\/www.noticiasradioreflejos.com.ar\/2021\/#website"},"primaryImageOfPage":{"@id":"https:\/\/www.noticiasradioreflejos.com.ar\/2021\/gran-exito-en-la-8va-edicion-del-patio-cervecero\/#primaryimage"},"image":{"@id":"https:\/\/www.noticiasradioreflejos.com.ar\/2021\/gran-exito-en-la-8va-edicion-del-patio-cervecero\/#primaryimage"},"thumbnailUrl":"http:\/\/live.staticflickr.com\/65535\/49512479863_4563ee0efa.jpg","datePublished":"2020-02-09T22:06:56+00:00","author":{"@id":"https:\/\/www.noticiasradioreflejos.com.ar\/2021\/#\/schema\/person\/ad82545263dcc5ec0996818884fd5fb1"},"breadcrumb":{"@id":"https:\/\/www.noticiasradioreflejos.com.ar\/2021\/gran-exito-en-la-8va-edicion-del-patio-cervecero\/#breadcrumb"},"inLanguage":"es","potentialAction":[{"@type":"ReadAction","target":["https:\/\/www.noticiasradioreflejos.com.ar\/2021\/gran-exito-en-la-8va-edicion-del-patio-cervecero\/"]}]},{"@type":"ImageObject","inLanguage":"es","@id":"https:\/\/www.noticiasradioreflejos.com.ar\/2021\/gran-exito-en-la-8va-edicion-del-patio-cervecero\/#primaryimage","url":"http:\/\/live.staticflickr.com\/65535\/49512479863_4563ee0efa.jpg","contentUrl":"http:\/\/live.staticflickr.com\/65535\/49512479863_4563ee0efa.jpg"},{"@type":"BreadcrumbList","@id":"https:\/\/www.noticiasradioreflejos.com.ar\/2021\/gran-exito-en-la-8va-edicion-del-patio-cervecero\/#breadcrumb","itemListElement":[{"@type":"ListItem","position":1,"name":"Portada","item":"https:\/\/www.noticiasradioreflejos.com.ar\/2021\/"},{"@type":"ListItem","position":2,"name":"Gran \u00e9xito en la 8va edici\u00f3n del Patio Cervecero"}]},{"@type":"WebSite","@id":"https:\/\/www.noticiasradioreflejos.com.ar\/2021\/#website","url":"https:\/\/www.noticiasradioreflejos.com.ar\/2021\/","name":"Noticias Radio Reflejos","description":"Las noticias de mi comarca","potentialAction":[{"@type":"SearchAction","target":{"@type":"EntryPoint","urlTemplate":"https:\/\/www.noticiasradioreflejos.com.ar\/2021\/?s={search_term_string}"},"query-input":{"@type":"PropertyValueSpecification","valueRequired":true,"valueName":"search_term_string"}}],"inLanguage":"es"},{"@type":"Person","@id":"https:\/\/www.noticiasradioreflejos.com.ar\/2021\/#\/schema\/person\/ad82545263dcc5ec0996818884fd5fb1","name":"Arnaldo Botto","image":{"@type":"ImageObject","inLanguage":"es","@id":"https:\/\/www.noticiasradioreflejos.com.ar\/2021\/#\/schema\/person\/image\/","url":"https:\/\/secure.gravatar.com\/avatar\/55cb5e37c1efa326397366e6974cb338056df65cb50e7d64d1cf314e87504837?s=96&d=mm&r=g","contentUrl":"https:\/\/secure.gravatar.com\/avatar\/55cb5e37c1efa326397366e6974cb338056df65cb50e7d64d1cf314e87504837?s=96&d=mm&r=g","caption":"Arnaldo Botto"},"url":"https:\/\/www.noticiasradioreflejos.com.ar\/2021\/author\/arnaldo\/"}]}},"_links":{"self":[{"href":"https:\/\/www.noticiasradioreflejos.com.ar\/2021\/wp-json\/wp\/v2\/posts\/38459","targetHints":{"allow":["GET"]}}],"collection":[{"href":"https:\/\/www.noticiasradioreflejos.com.ar\/2021\/wp-json\/wp\/v2\/posts"}],"about":[{"href":"https:\/\/www.noticiasradioreflejos.com.ar\/2021\/wp-json\/wp\/v2\/types\/post"}],"author":[{"embeddable":true,"href":"https:\/\/www.noticiasradioreflejos.com.ar\/2021\/wp-json\/wp\/v2\/users\/3"}],"replies":[{"embeddable":true,"href":"https:\/\/www.noticiasradioreflejos.com.ar\/2021\/wp-json\/wp\/v2\/comments?post=38459"}],"version-history":[{"count":0,"href":"https:\/\/www.noticiasradioreflejos.com.ar\/2021\/wp-json\/wp\/v2\/posts\/38459\/revisions"}],"wp:attachment":[{"href":"https:\/\/www.noticiasradioreflejos.com.ar\/2021\/wp-json\/wp\/v2\/media?parent=38459"}],"wp:term":[{"taxonomy":"category","embeddable":true,"href":"https:\/\/www.noticiasradioreflejos.com.ar\/2021\/wp-json\/wp\/v2\/categories?post=38459"},{"taxonomy":"post_tag","embeddable":true,"href":"https:\/\/www.noticiasradioreflejos.com.ar\/2021\/wp-json\/wp\/v2\/tags?post=38459"}],"curies":[{"name":"wp","href":"https:\/\/api.w.org\/{rel}","templated":true}]}}