{"id":38456,"date":"2020-02-09T19:00:55","date_gmt":"2020-02-09T22:00:55","guid":{"rendered":"http:\/\/www.noticiasradioreflejos.com.ar\/noticias\/?p=38456"},"modified":"2020-02-09T19:00:55","modified_gmt":"2020-02-09T22:00:55","slug":"una-voz-con-compromiso-ante-las-tormentas","status":"publish","type":"post","link":"https:\/\/www.noticiasradioreflejos.com.ar\/2021\/una-voz-con-compromiso-ante-las-tormentas\/","title":{"rendered":"Una voz con compromiso ante las tormentas."},"content":{"rendered":"<p><a title=\"valeria 3\" href=\"http:\/\/live.staticflickr.com\/65535\/49513198142_f544d326c6_s.jpg\" rel=\"\"><img loading=\"lazy\" decoding=\"async\" class=\"alignleft\" style=\"float: left;\" title=\"valeria 3\" src=\"http:\/\/live.staticflickr.com\/65535\/49513198142_f544d326c6_w.jpg\" alt=\"valeria 3\" width=\"400\" height=\"399\" \/><\/a>En el \u00abMicro Tiempo Educativo\u00bb durante el programa \u00abUn Mate y un Caf\u00e9\u00bb pudimos entrevistar a la profesora y maestra <strong>Valeria Visotsky<\/strong>, que vive en Pig\u00fce y es autoridad provincial del sindicato de trabajadores docentes Suteba, representante de la CTA de nuestra regi\u00f3n, miembro de la agrupaci\u00f3n Mayo y Vice presidenta del consejo escolar del distrito de Saavedra.<!--more--><br \/>\nInicialmente aprovechamos el contacto para poder informarnos sobre las consecuencias de la importante tormenta que dejo numerosos da\u00f1os en la vecina localidad, en particular se refiri\u00f3 a las escuelas del distrito; las cuales Valeria recorri\u00f3 con el inspector de infraestructura para poder hacer una evaluaci\u00f3n de los da\u00f1os y realizar un plan de obras, que llevar\u00e1 aproximadamente un presupuesto de 400.000 pesos.<\/p>\n<p>Ante la tormenta de negativas pol\u00edticas educativas que signific\u00f3 la gesti\u00f3n de la gobernadora Vidal, le consultamos sobre la decisi\u00f3n del gobierno nacional de volver a disponer de las mesas de negociaci\u00f3n paritaria para abordar la realidad de la educaci\u00f3n y de los docentes en la rep\u00fablica argentina. Valer\u00eda adem\u00e1s de referirse a este tema, destac\u00f3 en el mismo sentido la convocatoria que el actual gobernador de la provincia Axel Kicillof ha realizado a todos los gremios docentes y en particular la reuni\u00f3n para el pr\u00f3ximo lunes 10 de febrero. En este punto la dirigente recuerda que durante los \u00faltimos a\u00f1os los trabajadores de la educaci\u00f3n han estado excluidos y negativamente estigmatizados.<\/p>\n<p>Para la profesora Visotsky es muy destacable y profundamente necesario poder contar con una instancia de dialogo formal y trabajo com\u00fan con las autoridades provinciales y nacionales en pos de la resoluci\u00f3n de los numerosos problemas que dejo la administraci\u00f3n de la gobernadora Vidal. Reconociendo que los problemas son muchos y algunos de vieja data, Valeria se encuentra con mucha esperanza particularmente porque ahora existen espacios de di\u00e1logo abierto y sincero donde todos los actores del sistema educativo, y en particular con los trabajadores, pueden trabajar en conjunto para resolver las numerosas dificultades que actualmente tiene el sistema educativo provincial.<\/p>\n<p>La nota a disposici\u00f3n en<br \/>\n<iframe loading=\"lazy\" src=\"https:\/\/w.soundcloud.com\/player\/?url=https%3A\/\/api.soundcloud.com\/tracks\/756696112&amp;color=%23ff5500&amp;auto_play=false&amp;hide_related=false&amp;show_comments=true&amp;show_user=true&amp;show_reposts=false&amp;show_teaser=true\" width=\"100%\" height=\"166\" frameborder=\"no\" scrolling=\"no\"><\/iframe><\/p>\n","protected":false},"excerpt":{"rendered":"<p>En el \u00abMicro Tiempo Educativo\u00bb durante el programa \u00abUn Mate y un Caf\u00e9\u00bb pudimos entrevistar a la profesora y maestra Valeria Visotsky, que vive en Pig\u00fce y es autoridad provincial del sindicato de trabajadores docentes Suteba, representante de la CTA de nuestra regi\u00f3n, miembro de la agrupaci\u00f3n Mayo y Vice presidenta del consejo escolar del [&hellip;]<\/p>\n","protected":false},"author":3,"featured_media":0,"comment_status":"closed","ping_status":"open","sticky":false,"template":"","format":"standard","meta":{"footnotes":""},"categories":[34],"tags":[],"class_list":["post-38456","post","type-post","status-publish","format-standard","hentry","category-educacion"],"yoast_head":"<!-- This site is optimized with the Yoast SEO plugin v25.9 - https:\/\/yoast.com\/wordpress\/plugins\/seo\/ -->\n<title>Una voz con compromiso ante las tormentas. - Noticias Radio Reflejos<\/title>\n<meta name=\"robots\" content=\"index, follow, max-snippet:-1, max-image-preview:large, max-video-preview:-1\" \/>\n<link rel=\"canonical\" href=\"https:\/\/www.noticiasradioreflejos.com.ar\/2021\/una-voz-con-compromiso-ante-las-tormentas\/\" \/>\n<meta property=\"og:locale\" content=\"es_ES\" \/>\n<meta property=\"og:type\" content=\"article\" \/>\n<meta property=\"og:title\" content=\"Una voz con compromiso ante las tormentas. - Noticias Radio Reflejos\" \/>\n<meta property=\"og:description\" content=\"En el \u00abMicro Tiempo Educativo\u00bb durante el programa \u00abUn Mate y un Caf\u00e9\u00bb pudimos entrevistar a la profesora y maestra Valeria Visotsky, que vive en Pig\u00fce y es autoridad provincial del sindicato de trabajadores docentes Suteba, representante de la CTA de nuestra regi\u00f3n, miembro de la agrupaci\u00f3n Mayo y Vice presidenta del consejo escolar del [&hellip;]\" \/>\n<meta property=\"og:url\" content=\"https:\/\/www.noticiasradioreflejos.com.ar\/2021\/una-voz-con-compromiso-ante-las-tormentas\/\" \/>\n<meta property=\"og:site_name\" content=\"Noticias Radio Reflejos\" \/>\n<meta property=\"article:published_time\" content=\"2020-02-09T22:00:55+00:00\" \/>\n<meta property=\"og:image\" content=\"http:\/\/live.staticflickr.com\/65535\/49513198142_f544d326c6_w.jpg\" \/>\n<meta name=\"author\" content=\"Arnaldo Botto\" \/>\n<meta name=\"twitter:card\" content=\"summary_large_image\" \/>\n<script type=\"application\/ld+json\" class=\"yoast-schema-graph\">{\"@context\":\"https:\/\/schema.org\",\"@graph\":[{\"@type\":\"WebPage\",\"@id\":\"https:\/\/www.noticiasradioreflejos.com.ar\/2021\/una-voz-con-compromiso-ante-las-tormentas\/\",\"url\":\"https:\/\/www.noticiasradioreflejos.com.ar\/2021\/una-voz-con-compromiso-ante-las-tormentas\/\",\"name\":\"Una voz con compromiso ante las tormentas. - Noticias Radio Reflejos\",\"isPartOf\":{\"@id\":\"https:\/\/www.noticiasradioreflejos.com.ar\/2021\/#website\"},\"primaryImageOfPage\":{\"@id\":\"https:\/\/www.noticiasradioreflejos.com.ar\/2021\/una-voz-con-compromiso-ante-las-tormentas\/#primaryimage\"},\"image\":{\"@id\":\"https:\/\/www.noticiasradioreflejos.com.ar\/2021\/una-voz-con-compromiso-ante-las-tormentas\/#primaryimage\"},\"thumbnailUrl\":\"http:\/\/live.staticflickr.com\/65535\/49513198142_f544d326c6_w.jpg\",\"datePublished\":\"2020-02-09T22:00:55+00:00\",\"author\":{\"@id\":\"https:\/\/www.noticiasradioreflejos.com.ar\/2021\/#\/schema\/person\/ad82545263dcc5ec0996818884fd5fb1\"},\"breadcrumb\":{\"@id\":\"https:\/\/www.noticiasradioreflejos.com.ar\/2021\/una-voz-con-compromiso-ante-las-tormentas\/#breadcrumb\"},\"inLanguage\":\"es\",\"potentialAction\":[{\"@type\":\"ReadAction\",\"target\":[\"https:\/\/www.noticiasradioreflejos.com.ar\/2021\/una-voz-con-compromiso-ante-las-tormentas\/\"]}]},{\"@type\":\"ImageObject\",\"inLanguage\":\"es\",\"@id\":\"https:\/\/www.noticiasradioreflejos.com.ar\/2021\/una-voz-con-compromiso-ante-las-tormentas\/#primaryimage\",\"url\":\"http:\/\/live.staticflickr.com\/65535\/49513198142_f544d326c6_w.jpg\",\"contentUrl\":\"http:\/\/live.staticflickr.com\/65535\/49513198142_f544d326c6_w.jpg\"},{\"@type\":\"BreadcrumbList\",\"@id\":\"https:\/\/www.noticiasradioreflejos.com.ar\/2021\/una-voz-con-compromiso-ante-las-tormentas\/#breadcrumb\",\"itemListElement\":[{\"@type\":\"ListItem\",\"position\":1,\"name\":\"Portada\",\"item\":\"https:\/\/www.noticiasradioreflejos.com.ar\/2021\/\"},{\"@type\":\"ListItem\",\"position\":2,\"name\":\"Una voz con compromiso ante las tormentas.\"}]},{\"@type\":\"WebSite\",\"@id\":\"https:\/\/www.noticiasradioreflejos.com.ar\/2021\/#website\",\"url\":\"https:\/\/www.noticiasradioreflejos.com.ar\/2021\/\",\"name\":\"Noticias Radio Reflejos\",\"description\":\"Las noticias de mi comarca\",\"potentialAction\":[{\"@type\":\"SearchAction\",\"target\":{\"@type\":\"EntryPoint\",\"urlTemplate\":\"https:\/\/www.noticiasradioreflejos.com.ar\/2021\/?s={search_term_string}\"},\"query-input\":{\"@type\":\"PropertyValueSpecification\",\"valueRequired\":true,\"valueName\":\"search_term_string\"}}],\"inLanguage\":\"es\"},{\"@type\":\"Person\",\"@id\":\"https:\/\/www.noticiasradioreflejos.com.ar\/2021\/#\/schema\/person\/ad82545263dcc5ec0996818884fd5fb1\",\"name\":\"Arnaldo Botto\",\"image\":{\"@type\":\"ImageObject\",\"inLanguage\":\"es\",\"@id\":\"https:\/\/www.noticiasradioreflejos.com.ar\/2021\/#\/schema\/person\/image\/\",\"url\":\"https:\/\/secure.gravatar.com\/avatar\/55cb5e37c1efa326397366e6974cb338056df65cb50e7d64d1cf314e87504837?s=96&d=mm&r=g\",\"contentUrl\":\"https:\/\/secure.gravatar.com\/avatar\/55cb5e37c1efa326397366e6974cb338056df65cb50e7d64d1cf314e87504837?s=96&d=mm&r=g\",\"caption\":\"Arnaldo Botto\"},\"url\":\"https:\/\/www.noticiasradioreflejos.com.ar\/2021\/author\/arnaldo\/\"}]}<\/script>\n<!-- \/ Yoast SEO plugin. -->","yoast_head_json":{"title":"Una voz con compromiso ante las tormentas. - Noticias Radio Reflejos","robots":{"index":"index","follow":"follow","max-snippet":"max-snippet:-1","max-image-preview":"max-image-preview:large","max-video-preview":"max-video-preview:-1"},"canonical":"https:\/\/www.noticiasradioreflejos.com.ar\/2021\/una-voz-con-compromiso-ante-las-tormentas\/","og_locale":"es_ES","og_type":"article","og_title":"Una voz con compromiso ante las tormentas. - Noticias Radio Reflejos","og_description":"En el \u00abMicro Tiempo Educativo\u00bb durante el programa \u00abUn Mate y un Caf\u00e9\u00bb pudimos entrevistar a la profesora y maestra Valeria Visotsky, que vive en Pig\u00fce y es autoridad provincial del sindicato de trabajadores docentes Suteba, representante de la CTA de nuestra regi\u00f3n, miembro de la agrupaci\u00f3n Mayo y Vice presidenta del consejo escolar del [&hellip;]","og_url":"https:\/\/www.noticiasradioreflejos.com.ar\/2021\/una-voz-con-compromiso-ante-las-tormentas\/","og_site_name":"Noticias Radio Reflejos","article_published_time":"2020-02-09T22:00:55+00:00","og_image":[{"url":"http:\/\/live.staticflickr.com\/65535\/49513198142_f544d326c6_w.jpg","type":"","width":"","height":""}],"author":"Arnaldo Botto","twitter_card":"summary_large_image","schema":{"@context":"https:\/\/schema.org","@graph":[{"@type":"WebPage","@id":"https:\/\/www.noticiasradioreflejos.com.ar\/2021\/una-voz-con-compromiso-ante-las-tormentas\/","url":"https:\/\/www.noticiasradioreflejos.com.ar\/2021\/una-voz-con-compromiso-ante-las-tormentas\/","name":"Una voz con compromiso ante las tormentas. - Noticias Radio Reflejos","isPartOf":{"@id":"https:\/\/www.noticiasradioreflejos.com.ar\/2021\/#website"},"primaryImageOfPage":{"@id":"https:\/\/www.noticiasradioreflejos.com.ar\/2021\/una-voz-con-compromiso-ante-las-tormentas\/#primaryimage"},"image":{"@id":"https:\/\/www.noticiasradioreflejos.com.ar\/2021\/una-voz-con-compromiso-ante-las-tormentas\/#primaryimage"},"thumbnailUrl":"http:\/\/live.staticflickr.com\/65535\/49513198142_f544d326c6_w.jpg","datePublished":"2020-02-09T22:00:55+00:00","author":{"@id":"https:\/\/www.noticiasradioreflejos.com.ar\/2021\/#\/schema\/person\/ad82545263dcc5ec0996818884fd5fb1"},"breadcrumb":{"@id":"https:\/\/www.noticiasradioreflejos.com.ar\/2021\/una-voz-con-compromiso-ante-las-tormentas\/#breadcrumb"},"inLanguage":"es","potentialAction":[{"@type":"ReadAction","target":["https:\/\/www.noticiasradioreflejos.com.ar\/2021\/una-voz-con-compromiso-ante-las-tormentas\/"]}]},{"@type":"ImageObject","inLanguage":"es","@id":"https:\/\/www.noticiasradioreflejos.com.ar\/2021\/una-voz-con-compromiso-ante-las-tormentas\/#primaryimage","url":"http:\/\/live.staticflickr.com\/65535\/49513198142_f544d326c6_w.jpg","contentUrl":"http:\/\/live.staticflickr.com\/65535\/49513198142_f544d326c6_w.jpg"},{"@type":"BreadcrumbList","@id":"https:\/\/www.noticiasradioreflejos.com.ar\/2021\/una-voz-con-compromiso-ante-las-tormentas\/#breadcrumb","itemListElement":[{"@type":"ListItem","position":1,"name":"Portada","item":"https:\/\/www.noticiasradioreflejos.com.ar\/2021\/"},{"@type":"ListItem","position":2,"name":"Una voz con compromiso ante las tormentas."}]},{"@type":"WebSite","@id":"https:\/\/www.noticiasradioreflejos.com.ar\/2021\/#website","url":"https:\/\/www.noticiasradioreflejos.com.ar\/2021\/","name":"Noticias Radio Reflejos","description":"Las noticias de mi comarca","potentialAction":[{"@type":"SearchAction","target":{"@type":"EntryPoint","urlTemplate":"https:\/\/www.noticiasradioreflejos.com.ar\/2021\/?s={search_term_string}"},"query-input":{"@type":"PropertyValueSpecification","valueRequired":true,"valueName":"search_term_string"}}],"inLanguage":"es"},{"@type":"Person","@id":"https:\/\/www.noticiasradioreflejos.com.ar\/2021\/#\/schema\/person\/ad82545263dcc5ec0996818884fd5fb1","name":"Arnaldo Botto","image":{"@type":"ImageObject","inLanguage":"es","@id":"https:\/\/www.noticiasradioreflejos.com.ar\/2021\/#\/schema\/person\/image\/","url":"https:\/\/secure.gravatar.com\/avatar\/55cb5e37c1efa326397366e6974cb338056df65cb50e7d64d1cf314e87504837?s=96&d=mm&r=g","contentUrl":"https:\/\/secure.gravatar.com\/avatar\/55cb5e37c1efa326397366e6974cb338056df65cb50e7d64d1cf314e87504837?s=96&d=mm&r=g","caption":"Arnaldo Botto"},"url":"https:\/\/www.noticiasradioreflejos.com.ar\/2021\/author\/arnaldo\/"}]}},"_links":{"self":[{"href":"https:\/\/www.noticiasradioreflejos.com.ar\/2021\/wp-json\/wp\/v2\/posts\/38456","targetHints":{"allow":["GET"]}}],"collection":[{"href":"https:\/\/www.noticiasradioreflejos.com.ar\/2021\/wp-json\/wp\/v2\/posts"}],"about":[{"href":"https:\/\/www.noticiasradioreflejos.com.ar\/2021\/wp-json\/wp\/v2\/types\/post"}],"author":[{"embeddable":true,"href":"https:\/\/www.noticiasradioreflejos.com.ar\/2021\/wp-json\/wp\/v2\/users\/3"}],"replies":[{"embeddable":true,"href":"https:\/\/www.noticiasradioreflejos.com.ar\/2021\/wp-json\/wp\/v2\/comments?post=38456"}],"version-history":[{"count":0,"href":"https:\/\/www.noticiasradioreflejos.com.ar\/2021\/wp-json\/wp\/v2\/posts\/38456\/revisions"}],"wp:attachment":[{"href":"https:\/\/www.noticiasradioreflejos.com.ar\/2021\/wp-json\/wp\/v2\/media?parent=38456"}],"wp:term":[{"taxonomy":"category","embeddable":true,"href":"https:\/\/www.noticiasradioreflejos.com.ar\/2021\/wp-json\/wp\/v2\/categories?post=38456"},{"taxonomy":"post_tag","embeddable":true,"href":"https:\/\/www.noticiasradioreflejos.com.ar\/2021\/wp-json\/wp\/v2\/tags?post=38456"}],"curies":[{"name":"wp","href":"https:\/\/api.w.org\/{rel}","templated":true}]}}