{"id":38439,"date":"2020-02-08T00:14:02","date_gmt":"2020-02-08T03:14:02","guid":{"rendered":"http:\/\/www.noticiasradioreflejos.com.ar\/noticias\/?p=38439"},"modified":"2020-02-08T00:14:02","modified_gmt":"2020-02-08T03:14:02","slug":"todo-listo-para-el-primer-festival-del-sobrero-criollo-en-sierra-de-la-ventana","status":"publish","type":"post","link":"https:\/\/www.noticiasradioreflejos.com.ar\/2021\/todo-listo-para-el-primer-festival-del-sobrero-criollo-en-sierra-de-la-ventana\/","title":{"rendered":"Todo Listo para el Primer Festival del Sombrero Criollo en Sierra de la Ventana."},"content":{"rendered":"<p><code><\/code><a href=\"http:\/\/www.noticiasradioreflejos.com.ar\/noticias\/wp-content\/uploads\/2020\/01\/festival-del-sombrero.jpg\"><img loading=\"lazy\" decoding=\"async\" class=\"aligncenter size-full wp-image-38057\" src=\"http:\/\/www.noticiasradioreflejos.com.ar\/noticias\/wp-content\/uploads\/2020\/01\/festival-del-sombrero.jpg\" alt=\"festival del sombrero\" width=\"475\" height=\"315\" \/><\/a><strong>Ezequiel Trejo<\/strong>, integrante de la <strong>Pe\u00f1a Aitu\u00e9<\/strong> de Sierra de la Ventana, visit\u00f3 los estudios de FM Reflejos para invitar a la comunidad a la gran fiesta que preparan para este s\u00e1bado a las 19 hs en el escenario de la sede social del Club A. Ventana.<br \/>\n\u00abReflotamos un sue\u00f1o de Jorge Arruti\u00bb destac\u00f3 Ezequiel en el comienzo de la nota, donde describi\u00f3 la gran cantidad de espect\u00e1culos que se presentar\u00e1n sobre el escenario este s\u00e1bado 8 de febrero .<!--more--><\/p>\n<p>\u00abTodo preparado, mucha expectativa, es algo a lo que le estamos poniendo mucho empe\u00f1o, y mucho esfuerzo. Esto viene de una entrevista que le hab\u00edan hecho a Jorge Arruti padre, que yo lo vi en el facebook, yo lo vi el a\u00f1o pasado pero la nota se la hicieron hace un par de a\u00f1os atr\u00e1s. Viendo en un estado de una de las hijas que lo recordaba, apareci\u00f3 el nombre y yo dije \u00bfpor que no hacerlo?. La pe\u00f1a de Jorgito (La Serrana) ya no estaba, y agarramos nosotros la posta, y dijimos \u00bfdespu\u00e9s de los reyes que hay ac\u00e1?, nada, entonces decidimos hacer una fiesta folcl\u00f3rica, en el escenario ese que hay tremendo, en el sombrero, por eso se llama el sombrero criollo, porque el techo del escenario es un sombrero. Y parece que el festival que ten\u00edan planeado hacer que nunca se concreto, se iba a llamar Fiesta del Sombrero Criollo\u00bb.<\/p>\n<p>\u00abSon 5 bandas, un grupo (Renacer) de Chasic\u00f3, (Mara Oscares) que es de ac\u00e1 de Saldungaray, (La Marca Fol) que son de Pringles, y (Evoluci\u00f3n Folclore) que son de Bah\u00eda, una banda muy buena, todas las bandas son muy buenas, y cerramos con los chicos de una banda de cumbia que es de Bah\u00eda con algunos integrantes de all\u00ed y de Tornquist, que se llama (La Cueva Cumbia). Va a haber pe\u00f1a libre, cada vez que el grupo toque se va a poder bailar. Tambi\u00e9n tenemos 6 pe\u00f1as invitadas, la de Saldungaray (El Rancho) que son chiquititos, tenemos al negro Leguiza de la pe\u00f1a (Fort\u00edn Criollo), la escuela municipal de Tornquist, (El Estribo) de Bah\u00eda Blanca que tambi\u00e9n es una pe\u00f1a. Y casualmente vienen unos chicos a la colonia Agust\u00edn De Arrieta, que son de una pe\u00f1a de Bah\u00eda Blanca, se llama (Creciendo con lo nuestro), son chicos con capacidades diferentes, y esta la pe\u00f1a (Fogon de los Gauchos) de Pringles. Esa es toda la grilla que tenemos, ya con eso somos 100\/120 personas. Para esto el club puso todo su apoyo, siempre la predisposici\u00f3n de Granci, Dante, Miguel, que son los chicos de la comisi\u00f3n, siempre con buena onda. Esta 200$ la entrada, llevar reposera, hay cantina tenemos chori, lomito, pizza y pancho, y el horario es 19 horas, para comenzar 19:30\u00bb.<\/p>\n<p><iframe loading=\"lazy\" src=\"https:\/\/w.soundcloud.com\/player\/?url=https%3A\/\/api.soundcloud.com\/tracks\/756697684&amp;color=%23ff5500&amp;auto_play=false&amp;hide_related=false&amp;show_comments=true&amp;show_user=true&amp;show_reposts=false&amp;show_teaser=true\" width=\"100%\" height=\"166\" frameborder=\"no\" scrolling=\"no\"><\/iframe><\/p>\n","protected":false},"excerpt":{"rendered":"<p>Ezequiel Trejo, integrante de la Pe\u00f1a Aitu\u00e9 de Sierra de la Ventana, visit\u00f3 los estudios de FM Reflejos para invitar a la comunidad a la gran fiesta que preparan para este s\u00e1bado a las 19 hs en el escenario de la sede social del Club A. Ventana. \u00abReflotamos un sue\u00f1o de Jorge Arruti\u00bb destac\u00f3 Ezequiel [&hellip;]<\/p>\n","protected":false},"author":3,"featured_media":0,"comment_status":"closed","ping_status":"open","sticky":false,"template":"","format":"standard","meta":{"footnotes":""},"categories":[35],"tags":[],"class_list":["post-38439","post","type-post","status-publish","format-standard","hentry","category-cultura"],"yoast_head":"<!-- This site is optimized with the Yoast SEO plugin v25.9 - https:\/\/yoast.com\/wordpress\/plugins\/seo\/ -->\n<title>Todo Listo para el Primer Festival del Sombrero Criollo en Sierra de la Ventana. - Noticias Radio Reflejos<\/title>\n<meta name=\"robots\" content=\"index, follow, max-snippet:-1, max-image-preview:large, max-video-preview:-1\" \/>\n<link rel=\"canonical\" href=\"https:\/\/www.noticiasradioreflejos.com.ar\/2021\/todo-listo-para-el-primer-festival-del-sobrero-criollo-en-sierra-de-la-ventana\/\" \/>\n<meta property=\"og:locale\" content=\"es_ES\" \/>\n<meta property=\"og:type\" content=\"article\" \/>\n<meta property=\"og:title\" content=\"Todo Listo para el Primer Festival del Sombrero Criollo en Sierra de la Ventana. - Noticias Radio Reflejos\" \/>\n<meta property=\"og:description\" content=\"Ezequiel Trejo, integrante de la Pe\u00f1a Aitu\u00e9 de Sierra de la Ventana, visit\u00f3 los estudios de FM Reflejos para invitar a la comunidad a la gran fiesta que preparan para este s\u00e1bado a las 19 hs en el escenario de la sede social del Club A. Ventana. \u00abReflotamos un sue\u00f1o de Jorge Arruti\u00bb destac\u00f3 Ezequiel [&hellip;]\" \/>\n<meta property=\"og:url\" content=\"https:\/\/www.noticiasradioreflejos.com.ar\/2021\/todo-listo-para-el-primer-festival-del-sobrero-criollo-en-sierra-de-la-ventana\/\" \/>\n<meta property=\"og:site_name\" content=\"Noticias Radio Reflejos\" \/>\n<meta property=\"article:published_time\" content=\"2020-02-08T03:14:02+00:00\" \/>\n<meta property=\"og:image\" content=\"https:\/\/www.noticiasradioreflejos.com.ar\/2021\/wp-content\/uploads\/2021\/07\/logosol300x200.png\" \/>\n\t<meta property=\"og:image:width\" content=\"300\" \/>\n\t<meta property=\"og:image:height\" content=\"200\" \/>\n\t<meta property=\"og:image:type\" content=\"image\/png\" \/>\n<meta name=\"author\" content=\"Arnaldo Botto\" \/>\n<meta name=\"twitter:card\" content=\"summary_large_image\" \/>\n<script type=\"application\/ld+json\" class=\"yoast-schema-graph\">{\"@context\":\"https:\/\/schema.org\",\"@graph\":[{\"@type\":\"WebPage\",\"@id\":\"https:\/\/www.noticiasradioreflejos.com.ar\/2021\/todo-listo-para-el-primer-festival-del-sobrero-criollo-en-sierra-de-la-ventana\/\",\"url\":\"https:\/\/www.noticiasradioreflejos.com.ar\/2021\/todo-listo-para-el-primer-festival-del-sobrero-criollo-en-sierra-de-la-ventana\/\",\"name\":\"Todo Listo para el Primer Festival del Sombrero Criollo en Sierra de la Ventana. - Noticias Radio Reflejos\",\"isPartOf\":{\"@id\":\"https:\/\/www.noticiasradioreflejos.com.ar\/2021\/#website\"},\"primaryImageOfPage\":{\"@id\":\"https:\/\/www.noticiasradioreflejos.com.ar\/2021\/todo-listo-para-el-primer-festival-del-sobrero-criollo-en-sierra-de-la-ventana\/#primaryimage\"},\"image\":{\"@id\":\"https:\/\/www.noticiasradioreflejos.com.ar\/2021\/todo-listo-para-el-primer-festival-del-sobrero-criollo-en-sierra-de-la-ventana\/#primaryimage\"},\"thumbnailUrl\":\"http:\/\/www.noticiasradioreflejos.com.ar\/noticias\/wp-content\/uploads\/2020\/01\/festival-del-sombrero.jpg\",\"datePublished\":\"2020-02-08T03:14:02+00:00\",\"author\":{\"@id\":\"https:\/\/www.noticiasradioreflejos.com.ar\/2021\/#\/schema\/person\/ad82545263dcc5ec0996818884fd5fb1\"},\"breadcrumb\":{\"@id\":\"https:\/\/www.noticiasradioreflejos.com.ar\/2021\/todo-listo-para-el-primer-festival-del-sobrero-criollo-en-sierra-de-la-ventana\/#breadcrumb\"},\"inLanguage\":\"es\",\"potentialAction\":[{\"@type\":\"ReadAction\",\"target\":[\"https:\/\/www.noticiasradioreflejos.com.ar\/2021\/todo-listo-para-el-primer-festival-del-sobrero-criollo-en-sierra-de-la-ventana\/\"]}]},{\"@type\":\"ImageObject\",\"inLanguage\":\"es\",\"@id\":\"https:\/\/www.noticiasradioreflejos.com.ar\/2021\/todo-listo-para-el-primer-festival-del-sobrero-criollo-en-sierra-de-la-ventana\/#primaryimage\",\"url\":\"http:\/\/www.noticiasradioreflejos.com.ar\/noticias\/wp-content\/uploads\/2020\/01\/festival-del-sombrero.jpg\",\"contentUrl\":\"http:\/\/www.noticiasradioreflejos.com.ar\/noticias\/wp-content\/uploads\/2020\/01\/festival-del-sombrero.jpg\"},{\"@type\":\"BreadcrumbList\",\"@id\":\"https:\/\/www.noticiasradioreflejos.com.ar\/2021\/todo-listo-para-el-primer-festival-del-sobrero-criollo-en-sierra-de-la-ventana\/#breadcrumb\",\"itemListElement\":[{\"@type\":\"ListItem\",\"position\":1,\"name\":\"Portada\",\"item\":\"https:\/\/www.noticiasradioreflejos.com.ar\/2021\/\"},{\"@type\":\"ListItem\",\"position\":2,\"name\":\"Todo Listo para el Primer Festival del Sombrero Criollo en Sierra de la Ventana.\"}]},{\"@type\":\"WebSite\",\"@id\":\"https:\/\/www.noticiasradioreflejos.com.ar\/2021\/#website\",\"url\":\"https:\/\/www.noticiasradioreflejos.com.ar\/2021\/\",\"name\":\"Noticias Radio Reflejos\",\"description\":\"Las noticias de mi comarca\",\"potentialAction\":[{\"@type\":\"SearchAction\",\"target\":{\"@type\":\"EntryPoint\",\"urlTemplate\":\"https:\/\/www.noticiasradioreflejos.com.ar\/2021\/?s={search_term_string}\"},\"query-input\":{\"@type\":\"PropertyValueSpecification\",\"valueRequired\":true,\"valueName\":\"search_term_string\"}}],\"inLanguage\":\"es\"},{\"@type\":\"Person\",\"@id\":\"https:\/\/www.noticiasradioreflejos.com.ar\/2021\/#\/schema\/person\/ad82545263dcc5ec0996818884fd5fb1\",\"name\":\"Arnaldo Botto\",\"image\":{\"@type\":\"ImageObject\",\"inLanguage\":\"es\",\"@id\":\"https:\/\/www.noticiasradioreflejos.com.ar\/2021\/#\/schema\/person\/image\/\",\"url\":\"https:\/\/secure.gravatar.com\/avatar\/55cb5e37c1efa326397366e6974cb338056df65cb50e7d64d1cf314e87504837?s=96&d=mm&r=g\",\"contentUrl\":\"https:\/\/secure.gravatar.com\/avatar\/55cb5e37c1efa326397366e6974cb338056df65cb50e7d64d1cf314e87504837?s=96&d=mm&r=g\",\"caption\":\"Arnaldo Botto\"},\"url\":\"https:\/\/www.noticiasradioreflejos.com.ar\/2021\/author\/arnaldo\/\"}]}<\/script>\n<!-- \/ Yoast SEO plugin. -->","yoast_head_json":{"title":"Todo Listo para el Primer Festival del Sombrero Criollo en Sierra de la Ventana. - Noticias Radio Reflejos","robots":{"index":"index","follow":"follow","max-snippet":"max-snippet:-1","max-image-preview":"max-image-preview:large","max-video-preview":"max-video-preview:-1"},"canonical":"https:\/\/www.noticiasradioreflejos.com.ar\/2021\/todo-listo-para-el-primer-festival-del-sobrero-criollo-en-sierra-de-la-ventana\/","og_locale":"es_ES","og_type":"article","og_title":"Todo Listo para el Primer Festival del Sombrero Criollo en Sierra de la Ventana. - Noticias Radio Reflejos","og_description":"Ezequiel Trejo, integrante de la Pe\u00f1a Aitu\u00e9 de Sierra de la Ventana, visit\u00f3 los estudios de FM Reflejos para invitar a la comunidad a la gran fiesta que preparan para este s\u00e1bado a las 19 hs en el escenario de la sede social del Club A. Ventana. \u00abReflotamos un sue\u00f1o de Jorge Arruti\u00bb destac\u00f3 Ezequiel [&hellip;]","og_url":"https:\/\/www.noticiasradioreflejos.com.ar\/2021\/todo-listo-para-el-primer-festival-del-sobrero-criollo-en-sierra-de-la-ventana\/","og_site_name":"Noticias Radio Reflejos","article_published_time":"2020-02-08T03:14:02+00:00","og_image":[{"width":300,"height":200,"url":"https:\/\/www.noticiasradioreflejos.com.ar\/2021\/wp-content\/uploads\/2021\/07\/logosol300x200.png","type":"image\/png"}],"author":"Arnaldo Botto","twitter_card":"summary_large_image","schema":{"@context":"https:\/\/schema.org","@graph":[{"@type":"WebPage","@id":"https:\/\/www.noticiasradioreflejos.com.ar\/2021\/todo-listo-para-el-primer-festival-del-sobrero-criollo-en-sierra-de-la-ventana\/","url":"https:\/\/www.noticiasradioreflejos.com.ar\/2021\/todo-listo-para-el-primer-festival-del-sobrero-criollo-en-sierra-de-la-ventana\/","name":"Todo Listo para el Primer Festival del Sombrero Criollo en Sierra de la Ventana. - Noticias Radio Reflejos","isPartOf":{"@id":"https:\/\/www.noticiasradioreflejos.com.ar\/2021\/#website"},"primaryImageOfPage":{"@id":"https:\/\/www.noticiasradioreflejos.com.ar\/2021\/todo-listo-para-el-primer-festival-del-sobrero-criollo-en-sierra-de-la-ventana\/#primaryimage"},"image":{"@id":"https:\/\/www.noticiasradioreflejos.com.ar\/2021\/todo-listo-para-el-primer-festival-del-sobrero-criollo-en-sierra-de-la-ventana\/#primaryimage"},"thumbnailUrl":"http:\/\/www.noticiasradioreflejos.com.ar\/noticias\/wp-content\/uploads\/2020\/01\/festival-del-sombrero.jpg","datePublished":"2020-02-08T03:14:02+00:00","author":{"@id":"https:\/\/www.noticiasradioreflejos.com.ar\/2021\/#\/schema\/person\/ad82545263dcc5ec0996818884fd5fb1"},"breadcrumb":{"@id":"https:\/\/www.noticiasradioreflejos.com.ar\/2021\/todo-listo-para-el-primer-festival-del-sobrero-criollo-en-sierra-de-la-ventana\/#breadcrumb"},"inLanguage":"es","potentialAction":[{"@type":"ReadAction","target":["https:\/\/www.noticiasradioreflejos.com.ar\/2021\/todo-listo-para-el-primer-festival-del-sobrero-criollo-en-sierra-de-la-ventana\/"]}]},{"@type":"ImageObject","inLanguage":"es","@id":"https:\/\/www.noticiasradioreflejos.com.ar\/2021\/todo-listo-para-el-primer-festival-del-sobrero-criollo-en-sierra-de-la-ventana\/#primaryimage","url":"http:\/\/www.noticiasradioreflejos.com.ar\/noticias\/wp-content\/uploads\/2020\/01\/festival-del-sombrero.jpg","contentUrl":"http:\/\/www.noticiasradioreflejos.com.ar\/noticias\/wp-content\/uploads\/2020\/01\/festival-del-sombrero.jpg"},{"@type":"BreadcrumbList","@id":"https:\/\/www.noticiasradioreflejos.com.ar\/2021\/todo-listo-para-el-primer-festival-del-sobrero-criollo-en-sierra-de-la-ventana\/#breadcrumb","itemListElement":[{"@type":"ListItem","position":1,"name":"Portada","item":"https:\/\/www.noticiasradioreflejos.com.ar\/2021\/"},{"@type":"ListItem","position":2,"name":"Todo Listo para el Primer Festival del Sombrero Criollo en Sierra de la Ventana."}]},{"@type":"WebSite","@id":"https:\/\/www.noticiasradioreflejos.com.ar\/2021\/#website","url":"https:\/\/www.noticiasradioreflejos.com.ar\/2021\/","name":"Noticias Radio Reflejos","description":"Las noticias de mi comarca","potentialAction":[{"@type":"SearchAction","target":{"@type":"EntryPoint","urlTemplate":"https:\/\/www.noticiasradioreflejos.com.ar\/2021\/?s={search_term_string}"},"query-input":{"@type":"PropertyValueSpecification","valueRequired":true,"valueName":"search_term_string"}}],"inLanguage":"es"},{"@type":"Person","@id":"https:\/\/www.noticiasradioreflejos.com.ar\/2021\/#\/schema\/person\/ad82545263dcc5ec0996818884fd5fb1","name":"Arnaldo Botto","image":{"@type":"ImageObject","inLanguage":"es","@id":"https:\/\/www.noticiasradioreflejos.com.ar\/2021\/#\/schema\/person\/image\/","url":"https:\/\/secure.gravatar.com\/avatar\/55cb5e37c1efa326397366e6974cb338056df65cb50e7d64d1cf314e87504837?s=96&d=mm&r=g","contentUrl":"https:\/\/secure.gravatar.com\/avatar\/55cb5e37c1efa326397366e6974cb338056df65cb50e7d64d1cf314e87504837?s=96&d=mm&r=g","caption":"Arnaldo Botto"},"url":"https:\/\/www.noticiasradioreflejos.com.ar\/2021\/author\/arnaldo\/"}]}},"_links":{"self":[{"href":"https:\/\/www.noticiasradioreflejos.com.ar\/2021\/wp-json\/wp\/v2\/posts\/38439","targetHints":{"allow":["GET"]}}],"collection":[{"href":"https:\/\/www.noticiasradioreflejos.com.ar\/2021\/wp-json\/wp\/v2\/posts"}],"about":[{"href":"https:\/\/www.noticiasradioreflejos.com.ar\/2021\/wp-json\/wp\/v2\/types\/post"}],"author":[{"embeddable":true,"href":"https:\/\/www.noticiasradioreflejos.com.ar\/2021\/wp-json\/wp\/v2\/users\/3"}],"replies":[{"embeddable":true,"href":"https:\/\/www.noticiasradioreflejos.com.ar\/2021\/wp-json\/wp\/v2\/comments?post=38439"}],"version-history":[{"count":0,"href":"https:\/\/www.noticiasradioreflejos.com.ar\/2021\/wp-json\/wp\/v2\/posts\/38439\/revisions"}],"wp:attachment":[{"href":"https:\/\/www.noticiasradioreflejos.com.ar\/2021\/wp-json\/wp\/v2\/media?parent=38439"}],"wp:term":[{"taxonomy":"category","embeddable":true,"href":"https:\/\/www.noticiasradioreflejos.com.ar\/2021\/wp-json\/wp\/v2\/categories?post=38439"},{"taxonomy":"post_tag","embeddable":true,"href":"https:\/\/www.noticiasradioreflejos.com.ar\/2021\/wp-json\/wp\/v2\/tags?post=38439"}],"curies":[{"name":"wp","href":"https:\/\/api.w.org\/{rel}","templated":true}]}}