{"id":38398,"date":"2020-02-06T17:59:48","date_gmt":"2020-02-06T20:59:48","guid":{"rendered":"http:\/\/www.noticiasradioreflejos.com.ar\/noticias\/?p=38398"},"modified":"2020-02-06T17:59:48","modified_gmt":"2020-02-06T20:59:48","slug":"tornquist-municipio-estuvo-presente-en-el-primer-encuentro-de-produccion-ciencia-y-tecnologia-de-la-provincia-de-buenos-aires","status":"publish","type":"post","link":"https:\/\/www.noticiasradioreflejos.com.ar\/2021\/tornquist-municipio-estuvo-presente-en-el-primer-encuentro-de-produccion-ciencia-y-tecnologia-de-la-provincia-de-buenos-aires\/","title":{"rendered":"Tornquist Municipio estuvo presente en el Primer Encuentro de Producci\u00f3n, Ciencia y Tecnolog\u00eda de la Provincia de Buenos Aires"},"content":{"rendered":"<p><a href=\"http:\/\/live.staticflickr.com\/65535\/49498666862_ec233f5677_s.jpg\" title=\"WhatsApp-Image-2020-02-06-at-11.40.46-768x1024\" rel=\"\"><img loading=\"lazy\" decoding=\"async\" src=\"http:\/\/live.staticflickr.com\/65535\/49498666862_ec233f5677.jpg\" width=\"375\" height=\"500\" alt=\"WhatsApp-Image-2020-02-06-at-11.40.46-768x1024\" title=\"WhatsApp-Image-2020-02-06-at-11.40.46-768x1024\" class=\"alignleft\" style=\"float: left;\"><\/a>La Secretar\u00eda de Producci\u00f3n Comercio e Industria, estuvo presente en el primero encuentro de Producci\u00f3n, Ciencia y Tecnolog\u00eda, organizado por el Gobierno de la Provincia de Buenos Aires y presidido por el Ministro de la cartera, Augusto Costas.<!--more--><\/p>\n<p>La Secretaria de dicha \u00e1rea, Susana Dos Santos, estuvo presente en la jornada llevada a cabo en la Universidad de San Mart\u00edn, que ten\u00eda como objetivo dialogar y presentar el plan de trabajo para los sectores productivos del territorio bonaerense.<br \/>\nDurante el encuentro se realizaron foros de intercambio y mesas de trabajo entre los representantes de los distintos municipios, y se presentaron las problem\u00e1ticas de cada regi\u00f3n que permitir\u00e1n generar pol\u00edticas p\u00fablicas.<br \/>\nPor su parte, Dos Santos present\u00f3 a las autoridades el Proyecto Estrat\u00e9gico Integral de Alimentos, que busca desarrollar el armado de productos alimenticios a trav\u00e9s de una sala de elaboraci\u00f3n de quesos, un cl\u00faster cervecero y el fortalecimiento de la cooperativa ap\u00edcola y las huertas municipales. El Ministerio de Desarrollo Social, propuso a Municipio, la visita a los emprendimientos modelos como la Cooperativa Suipachense y L\u00e1cteos del Salado S.R.L, que fueron concretados en el transcurso de esta semana, para poder avanzar con proyecto estrat\u00e9gico productivo.<br \/>\nParticiparon del encuentro el Ministro de Ciencia, Tecnolog\u00eda e Innovaci\u00f3n Tecnol\u00f3gica de la Naci\u00f3n Roberto Salvarezza, el recto de la Universidad Nacional de San Mart\u00edn Carlos Greco y el presidente del Banco Provincia Juan Cuattromo. <\/p>\n","protected":false},"excerpt":{"rendered":"<p>La Secretar\u00eda de Producci\u00f3n Comercio e Industria, estuvo presente en el primero encuentro de Producci\u00f3n, Ciencia y Tecnolog\u00eda, organizado por el Gobierno de la Provincia de Buenos Aires y presidido por el Ministro de la cartera, Augusto Costas.<\/p>\n","protected":false},"author":3,"featured_media":0,"comment_status":"closed","ping_status":"open","sticky":false,"template":"","format":"standard","meta":{"footnotes":""},"categories":[28],"tags":[],"class_list":["post-38398","post","type-post","status-publish","format-standard","hentry","category-municipales"],"yoast_head":"<!-- This site is optimized with the Yoast SEO plugin v25.9 - https:\/\/yoast.com\/wordpress\/plugins\/seo\/ -->\n<title>Tornquist Municipio estuvo presente en el Primer Encuentro de Producci\u00f3n, Ciencia y Tecnolog\u00eda de la Provincia de Buenos Aires - Noticias Radio Reflejos<\/title>\n<meta name=\"robots\" content=\"index, follow, max-snippet:-1, max-image-preview:large, max-video-preview:-1\" \/>\n<link rel=\"canonical\" href=\"https:\/\/www.noticiasradioreflejos.com.ar\/2021\/tornquist-municipio-estuvo-presente-en-el-primer-encuentro-de-produccion-ciencia-y-tecnologia-de-la-provincia-de-buenos-aires\/\" \/>\n<meta property=\"og:locale\" content=\"es_ES\" \/>\n<meta property=\"og:type\" content=\"article\" \/>\n<meta property=\"og:title\" content=\"Tornquist Municipio estuvo presente en el Primer Encuentro de Producci\u00f3n, Ciencia y Tecnolog\u00eda de la Provincia de Buenos Aires - Noticias Radio Reflejos\" \/>\n<meta property=\"og:description\" content=\"La Secretar\u00eda de Producci\u00f3n Comercio e Industria, estuvo presente en el primero encuentro de Producci\u00f3n, Ciencia y Tecnolog\u00eda, organizado por el Gobierno de la Provincia de Buenos Aires y presidido por el Ministro de la cartera, Augusto Costas.\" \/>\n<meta property=\"og:url\" content=\"https:\/\/www.noticiasradioreflejos.com.ar\/2021\/tornquist-municipio-estuvo-presente-en-el-primer-encuentro-de-produccion-ciencia-y-tecnologia-de-la-provincia-de-buenos-aires\/\" \/>\n<meta property=\"og:site_name\" content=\"Noticias Radio Reflejos\" \/>\n<meta property=\"article:published_time\" content=\"2020-02-06T20:59:48+00:00\" \/>\n<meta property=\"og:image\" content=\"http:\/\/live.staticflickr.com\/65535\/49498666862_ec233f5677.jpg\" \/>\n<meta name=\"author\" content=\"Arnaldo Botto\" \/>\n<meta name=\"twitter:card\" content=\"summary_large_image\" \/>\n<script type=\"application\/ld+json\" class=\"yoast-schema-graph\">{\"@context\":\"https:\/\/schema.org\",\"@graph\":[{\"@type\":\"WebPage\",\"@id\":\"https:\/\/www.noticiasradioreflejos.com.ar\/2021\/tornquist-municipio-estuvo-presente-en-el-primer-encuentro-de-produccion-ciencia-y-tecnologia-de-la-provincia-de-buenos-aires\/\",\"url\":\"https:\/\/www.noticiasradioreflejos.com.ar\/2021\/tornquist-municipio-estuvo-presente-en-el-primer-encuentro-de-produccion-ciencia-y-tecnologia-de-la-provincia-de-buenos-aires\/\",\"name\":\"Tornquist Municipio estuvo presente en el Primer Encuentro de Producci\u00f3n, Ciencia y Tecnolog\u00eda de la Provincia de Buenos Aires - Noticias Radio Reflejos\",\"isPartOf\":{\"@id\":\"https:\/\/www.noticiasradioreflejos.com.ar\/2021\/#website\"},\"primaryImageOfPage\":{\"@id\":\"https:\/\/www.noticiasradioreflejos.com.ar\/2021\/tornquist-municipio-estuvo-presente-en-el-primer-encuentro-de-produccion-ciencia-y-tecnologia-de-la-provincia-de-buenos-aires\/#primaryimage\"},\"image\":{\"@id\":\"https:\/\/www.noticiasradioreflejos.com.ar\/2021\/tornquist-municipio-estuvo-presente-en-el-primer-encuentro-de-produccion-ciencia-y-tecnologia-de-la-provincia-de-buenos-aires\/#primaryimage\"},\"thumbnailUrl\":\"http:\/\/live.staticflickr.com\/65535\/49498666862_ec233f5677.jpg\",\"datePublished\":\"2020-02-06T20:59:48+00:00\",\"author\":{\"@id\":\"https:\/\/www.noticiasradioreflejos.com.ar\/2021\/#\/schema\/person\/ad82545263dcc5ec0996818884fd5fb1\"},\"breadcrumb\":{\"@id\":\"https:\/\/www.noticiasradioreflejos.com.ar\/2021\/tornquist-municipio-estuvo-presente-en-el-primer-encuentro-de-produccion-ciencia-y-tecnologia-de-la-provincia-de-buenos-aires\/#breadcrumb\"},\"inLanguage\":\"es\",\"potentialAction\":[{\"@type\":\"ReadAction\",\"target\":[\"https:\/\/www.noticiasradioreflejos.com.ar\/2021\/tornquist-municipio-estuvo-presente-en-el-primer-encuentro-de-produccion-ciencia-y-tecnologia-de-la-provincia-de-buenos-aires\/\"]}]},{\"@type\":\"ImageObject\",\"inLanguage\":\"es\",\"@id\":\"https:\/\/www.noticiasradioreflejos.com.ar\/2021\/tornquist-municipio-estuvo-presente-en-el-primer-encuentro-de-produccion-ciencia-y-tecnologia-de-la-provincia-de-buenos-aires\/#primaryimage\",\"url\":\"http:\/\/live.staticflickr.com\/65535\/49498666862_ec233f5677.jpg\",\"contentUrl\":\"http:\/\/live.staticflickr.com\/65535\/49498666862_ec233f5677.jpg\"},{\"@type\":\"BreadcrumbList\",\"@id\":\"https:\/\/www.noticiasradioreflejos.com.ar\/2021\/tornquist-municipio-estuvo-presente-en-el-primer-encuentro-de-produccion-ciencia-y-tecnologia-de-la-provincia-de-buenos-aires\/#breadcrumb\",\"itemListElement\":[{\"@type\":\"ListItem\",\"position\":1,\"name\":\"Portada\",\"item\":\"https:\/\/www.noticiasradioreflejos.com.ar\/2021\/\"},{\"@type\":\"ListItem\",\"position\":2,\"name\":\"Tornquist Municipio estuvo presente en el Primer Encuentro de Producci\u00f3n, Ciencia y Tecnolog\u00eda de la Provincia de Buenos Aires\"}]},{\"@type\":\"WebSite\",\"@id\":\"https:\/\/www.noticiasradioreflejos.com.ar\/2021\/#website\",\"url\":\"https:\/\/www.noticiasradioreflejos.com.ar\/2021\/\",\"name\":\"Noticias Radio Reflejos\",\"description\":\"Las noticias de mi comarca\",\"potentialAction\":[{\"@type\":\"SearchAction\",\"target\":{\"@type\":\"EntryPoint\",\"urlTemplate\":\"https:\/\/www.noticiasradioreflejos.com.ar\/2021\/?s={search_term_string}\"},\"query-input\":{\"@type\":\"PropertyValueSpecification\",\"valueRequired\":true,\"valueName\":\"search_term_string\"}}],\"inLanguage\":\"es\"},{\"@type\":\"Person\",\"@id\":\"https:\/\/www.noticiasradioreflejos.com.ar\/2021\/#\/schema\/person\/ad82545263dcc5ec0996818884fd5fb1\",\"name\":\"Arnaldo Botto\",\"image\":{\"@type\":\"ImageObject\",\"inLanguage\":\"es\",\"@id\":\"https:\/\/www.noticiasradioreflejos.com.ar\/2021\/#\/schema\/person\/image\/\",\"url\":\"https:\/\/secure.gravatar.com\/avatar\/55cb5e37c1efa326397366e6974cb338056df65cb50e7d64d1cf314e87504837?s=96&d=mm&r=g\",\"contentUrl\":\"https:\/\/secure.gravatar.com\/avatar\/55cb5e37c1efa326397366e6974cb338056df65cb50e7d64d1cf314e87504837?s=96&d=mm&r=g\",\"caption\":\"Arnaldo Botto\"},\"url\":\"https:\/\/www.noticiasradioreflejos.com.ar\/2021\/author\/arnaldo\/\"}]}<\/script>\n<!-- \/ Yoast SEO plugin. -->","yoast_head_json":{"title":"Tornquist Municipio estuvo presente en el Primer Encuentro de Producci\u00f3n, Ciencia y Tecnolog\u00eda de la Provincia de Buenos Aires - Noticias Radio Reflejos","robots":{"index":"index","follow":"follow","max-snippet":"max-snippet:-1","max-image-preview":"max-image-preview:large","max-video-preview":"max-video-preview:-1"},"canonical":"https:\/\/www.noticiasradioreflejos.com.ar\/2021\/tornquist-municipio-estuvo-presente-en-el-primer-encuentro-de-produccion-ciencia-y-tecnologia-de-la-provincia-de-buenos-aires\/","og_locale":"es_ES","og_type":"article","og_title":"Tornquist Municipio estuvo presente en el Primer Encuentro de Producci\u00f3n, Ciencia y Tecnolog\u00eda de la Provincia de Buenos Aires - Noticias Radio Reflejos","og_description":"La Secretar\u00eda de Producci\u00f3n Comercio e Industria, estuvo presente en el primero encuentro de Producci\u00f3n, Ciencia y Tecnolog\u00eda, organizado por el Gobierno de la Provincia de Buenos Aires y presidido por el Ministro de la cartera, Augusto Costas.","og_url":"https:\/\/www.noticiasradioreflejos.com.ar\/2021\/tornquist-municipio-estuvo-presente-en-el-primer-encuentro-de-produccion-ciencia-y-tecnologia-de-la-provincia-de-buenos-aires\/","og_site_name":"Noticias Radio Reflejos","article_published_time":"2020-02-06T20:59:48+00:00","og_image":[{"url":"http:\/\/live.staticflickr.com\/65535\/49498666862_ec233f5677.jpg","type":"","width":"","height":""}],"author":"Arnaldo Botto","twitter_card":"summary_large_image","schema":{"@context":"https:\/\/schema.org","@graph":[{"@type":"WebPage","@id":"https:\/\/www.noticiasradioreflejos.com.ar\/2021\/tornquist-municipio-estuvo-presente-en-el-primer-encuentro-de-produccion-ciencia-y-tecnologia-de-la-provincia-de-buenos-aires\/","url":"https:\/\/www.noticiasradioreflejos.com.ar\/2021\/tornquist-municipio-estuvo-presente-en-el-primer-encuentro-de-produccion-ciencia-y-tecnologia-de-la-provincia-de-buenos-aires\/","name":"Tornquist Municipio estuvo presente en el Primer Encuentro de Producci\u00f3n, Ciencia y Tecnolog\u00eda de la Provincia de Buenos Aires - Noticias Radio Reflejos","isPartOf":{"@id":"https:\/\/www.noticiasradioreflejos.com.ar\/2021\/#website"},"primaryImageOfPage":{"@id":"https:\/\/www.noticiasradioreflejos.com.ar\/2021\/tornquist-municipio-estuvo-presente-en-el-primer-encuentro-de-produccion-ciencia-y-tecnologia-de-la-provincia-de-buenos-aires\/#primaryimage"},"image":{"@id":"https:\/\/www.noticiasradioreflejos.com.ar\/2021\/tornquist-municipio-estuvo-presente-en-el-primer-encuentro-de-produccion-ciencia-y-tecnologia-de-la-provincia-de-buenos-aires\/#primaryimage"},"thumbnailUrl":"http:\/\/live.staticflickr.com\/65535\/49498666862_ec233f5677.jpg","datePublished":"2020-02-06T20:59:48+00:00","author":{"@id":"https:\/\/www.noticiasradioreflejos.com.ar\/2021\/#\/schema\/person\/ad82545263dcc5ec0996818884fd5fb1"},"breadcrumb":{"@id":"https:\/\/www.noticiasradioreflejos.com.ar\/2021\/tornquist-municipio-estuvo-presente-en-el-primer-encuentro-de-produccion-ciencia-y-tecnologia-de-la-provincia-de-buenos-aires\/#breadcrumb"},"inLanguage":"es","potentialAction":[{"@type":"ReadAction","target":["https:\/\/www.noticiasradioreflejos.com.ar\/2021\/tornquist-municipio-estuvo-presente-en-el-primer-encuentro-de-produccion-ciencia-y-tecnologia-de-la-provincia-de-buenos-aires\/"]}]},{"@type":"ImageObject","inLanguage":"es","@id":"https:\/\/www.noticiasradioreflejos.com.ar\/2021\/tornquist-municipio-estuvo-presente-en-el-primer-encuentro-de-produccion-ciencia-y-tecnologia-de-la-provincia-de-buenos-aires\/#primaryimage","url":"http:\/\/live.staticflickr.com\/65535\/49498666862_ec233f5677.jpg","contentUrl":"http:\/\/live.staticflickr.com\/65535\/49498666862_ec233f5677.jpg"},{"@type":"BreadcrumbList","@id":"https:\/\/www.noticiasradioreflejos.com.ar\/2021\/tornquist-municipio-estuvo-presente-en-el-primer-encuentro-de-produccion-ciencia-y-tecnologia-de-la-provincia-de-buenos-aires\/#breadcrumb","itemListElement":[{"@type":"ListItem","position":1,"name":"Portada","item":"https:\/\/www.noticiasradioreflejos.com.ar\/2021\/"},{"@type":"ListItem","position":2,"name":"Tornquist Municipio estuvo presente en el Primer Encuentro de Producci\u00f3n, Ciencia y Tecnolog\u00eda de la Provincia de Buenos Aires"}]},{"@type":"WebSite","@id":"https:\/\/www.noticiasradioreflejos.com.ar\/2021\/#website","url":"https:\/\/www.noticiasradioreflejos.com.ar\/2021\/","name":"Noticias Radio Reflejos","description":"Las noticias de mi comarca","potentialAction":[{"@type":"SearchAction","target":{"@type":"EntryPoint","urlTemplate":"https:\/\/www.noticiasradioreflejos.com.ar\/2021\/?s={search_term_string}"},"query-input":{"@type":"PropertyValueSpecification","valueRequired":true,"valueName":"search_term_string"}}],"inLanguage":"es"},{"@type":"Person","@id":"https:\/\/www.noticiasradioreflejos.com.ar\/2021\/#\/schema\/person\/ad82545263dcc5ec0996818884fd5fb1","name":"Arnaldo Botto","image":{"@type":"ImageObject","inLanguage":"es","@id":"https:\/\/www.noticiasradioreflejos.com.ar\/2021\/#\/schema\/person\/image\/","url":"https:\/\/secure.gravatar.com\/avatar\/55cb5e37c1efa326397366e6974cb338056df65cb50e7d64d1cf314e87504837?s=96&d=mm&r=g","contentUrl":"https:\/\/secure.gravatar.com\/avatar\/55cb5e37c1efa326397366e6974cb338056df65cb50e7d64d1cf314e87504837?s=96&d=mm&r=g","caption":"Arnaldo Botto"},"url":"https:\/\/www.noticiasradioreflejos.com.ar\/2021\/author\/arnaldo\/"}]}},"_links":{"self":[{"href":"https:\/\/www.noticiasradioreflejos.com.ar\/2021\/wp-json\/wp\/v2\/posts\/38398","targetHints":{"allow":["GET"]}}],"collection":[{"href":"https:\/\/www.noticiasradioreflejos.com.ar\/2021\/wp-json\/wp\/v2\/posts"}],"about":[{"href":"https:\/\/www.noticiasradioreflejos.com.ar\/2021\/wp-json\/wp\/v2\/types\/post"}],"author":[{"embeddable":true,"href":"https:\/\/www.noticiasradioreflejos.com.ar\/2021\/wp-json\/wp\/v2\/users\/3"}],"replies":[{"embeddable":true,"href":"https:\/\/www.noticiasradioreflejos.com.ar\/2021\/wp-json\/wp\/v2\/comments?post=38398"}],"version-history":[{"count":0,"href":"https:\/\/www.noticiasradioreflejos.com.ar\/2021\/wp-json\/wp\/v2\/posts\/38398\/revisions"}],"wp:attachment":[{"href":"https:\/\/www.noticiasradioreflejos.com.ar\/2021\/wp-json\/wp\/v2\/media?parent=38398"}],"wp:term":[{"taxonomy":"category","embeddable":true,"href":"https:\/\/www.noticiasradioreflejos.com.ar\/2021\/wp-json\/wp\/v2\/categories?post=38398"},{"taxonomy":"post_tag","embeddable":true,"href":"https:\/\/www.noticiasradioreflejos.com.ar\/2021\/wp-json\/wp\/v2\/tags?post=38398"}],"curies":[{"name":"wp","href":"https:\/\/api.w.org\/{rel}","templated":true}]}}