{"id":38377,"date":"2020-02-06T08:06:33","date_gmt":"2020-02-06T11:06:33","guid":{"rendered":"http:\/\/www.noticiasradioreflejos.com.ar\/noticias\/?p=38377"},"modified":"2020-02-06T08:06:33","modified_gmt":"2020-02-06T11:06:33","slug":"vuelve-el-credito-productivo-a-la-provincia-de-buenos-aires-kicillof-presento-arriba-pymes","status":"publish","type":"post","link":"https:\/\/www.noticiasradioreflejos.com.ar\/2021\/vuelve-el-credito-productivo-a-la-provincia-de-buenos-aires-kicillof-presento-arriba-pymes\/","title":{"rendered":"Vuelve el cr\u00e9dito productivo a la provincia de Buenos Aires. Kicillof present\u00f3 \u201carriBA PyMES\u201d"},"content":{"rendered":"<p><a title=\"110_e979_05-02-20Z2_1580951815.jpg_1920\" href=\"http:\/\/live.staticflickr.com\/65535\/49495792948_7a39b5650a_s.jpg\" rel=\"\"><img loading=\"lazy\" decoding=\"async\" class=\"alignleft\" style=\"float: left;\" title=\"110_e979_05-02-20Z2_1580951815.jpg_1920\" src=\"http:\/\/live.staticflickr.com\/65535\/49495792948_7a39b5650a.jpg\" alt=\"110_e979_05-02-20Z2_1580951815.jpg_1920\" width=\"500\" height=\"333\" \/><\/a>El gobernador de la provincia de Buenos Aires, Axel Kicillof, present\u00f3 esta tarde en La Matanza, el programa integral de reactivaci\u00f3n productiva \u201carriBA PyMES\u201d, una iniciativa que busca impulsar la recuperaci\u00f3n y el desarrollo productivo de las micro, peque\u00f1as y medianas empresas bonaerenses. ARBA, el Banco Provincia, y los ministerios de Producci\u00f3n, Ciencia e Innovaci\u00f3n Tecnol\u00f3gica; Trabajo y Desarrollo Agrario ser\u00e1n los organismos que intervendr\u00e1n en la implementaci\u00f3n de las l\u00edneas anunciadas por el mandatario.<!--more--><\/p>\n<p>Del anuncio tambi\u00e9n participaron el jefe de Gabinete de la Naci\u00f3n, Santiago Cafiero; el ministro de Desarrollo Productivo, Mat\u00edas Kulfas; el ministro de Producci\u00f3n, Ciencia e Innovaci\u00f3n Tecnol\u00f3gica bonaerense, Augusto Costa; el ministro de Desarrollo Agrario, Javier Rodr\u00edguez y el intendente local, Fernando Espinoza.<\/p>\n<p>Durante el acto, el Gobernador expres\u00f3 que \u201clas pol\u00edticas de distribuci\u00f3n del ingreso e inclusi\u00f3n social, de gobiernos que tienen vocaci\u00f3n productiva, nacional y popular, son las mejores para alimentar la rueda de la producci\u00f3n\u201d, y asegur\u00f3 que \u201cpara el coraz\u00f3n productivo de la provincia vienen pol\u00edticas de producci\u00f3n y de creaci\u00f3n de puestos de trabajo\u201d.<\/p>\n<p>En este sentido, el Gobernador resalt\u00f3 el rol que debe cumplir el Banco Provincia para brindar herramientas y acompa\u00f1amiento a los empresarios PyME: \u201cEl Banco Provincia debe estar al servicio de la producci\u00f3n, el empleo y el consumo. Vuelve el cr\u00e9dito productivo a la Provincia\u201d, asegur\u00f3 y agreg\u00f3: \u201cEl cr\u00e9dito no es mala palabra. Lo es solamente cuando se usa para la especulaci\u00f3n financiera. El empresario PyME necesita el cr\u00e9dito para la producci\u00f3n\u201d.<\/p>\n<p>El Plan Integral \u201carriBA PyMES\u201d abarca cinco programas articulados entre ministerios y organismos gubernamentales de la Provincia, con el fin de desarrollar pol\u00edticas para que los sectores productivos vuelvan a crecer.<\/p>\n<p><a title=\"110_4436_05-02-20ZZ1_1580951860.jpg_1920\" href=\"http:\/\/live.staticflickr.com\/65535\/49496511947_cd5637eef1_s.jpg\" rel=\"\"><img loading=\"lazy\" decoding=\"async\" class=\"alignleft\" style=\"float: left;\" title=\"110_4436_05-02-20ZZ1_1580951860.jpg_1920\" src=\"http:\/\/live.staticflickr.com\/65535\/49496511947_cd5637eef1.jpg\" alt=\"110_4436_05-02-20ZZ1_1580951860.jpg_1920\" width=\"500\" height=\"333\" \/><\/a>En la oportunidad, Rodr\u00edguez destac\u00f3 que \u00abhoy estamos dando un paso importante a favor de la producci\u00f3n agropecuaria, al generar l\u00edneas de cr\u00e9ditos a una tasa del 28,5%, much\u00edsimos puntos por debajo de la tasa de inter\u00e9s que el sector ten\u00eda que pagar pocos meses atr\u00e1s\u201d.<\/p>\n<p>\u00abTambi\u00e9n desde nuestro Ministerio hemos dise\u00f1ado l\u00edneas de financiamiento a partir de fondos rotatorios para el sector ap\u00edcola y porcino que han sido castigados por la crisis. Estas herramientas son necesarias para tener m\u00e1s producci\u00f3n y trabajo\u00bb, agreg\u00f3.<\/p>\n<p>Costa explic\u00f3 que la crisis productiva en los \u00faltimos cuatro a\u00f1os gener\u00f3 la p\u00e9rdida de m\u00e1s de 100 mil puestos de trabajo y el cierre de 30 mil PyMES, y expres\u00f3: \u201cConfiamos que las herramientas que estamos poniendo a disposici\u00f3n contribuyan a una nueva etapa que pondr\u00e1 en marcha el sistema productivo y la actividad econ\u00f3mica de nuestra provincia\u201d.<\/p>\n<p>El ministro detall\u00f3 que el Plan \u201carriBA PyMES\u201d incluye planes de pagos para cancelaci\u00f3n de deudas impositivas (en cuotas hasta 10 a\u00f1os); regularizaci\u00f3n de deudas por infracciones laborales; l\u00edneas de cr\u00e9dito del Bapro (con un fondeo de 15.500 millones de pesos); una \u201cRed de Comercios de la Provincia\u201d para conectar a los eslabones de la cadena comercial y un programa de recuperaci\u00f3n de los distintos sectores agropecuarios (porcino, lecher\u00eda, ap\u00edcola, bovinos) y cooperativas. Adem\u00e1s, el ministerio de Producci\u00f3n bonaerense puso en funcionamiento el programa \u201cBuenos Aires ActiBA\u201d con el fin de asistir a peque\u00f1os productores, comercios y cooperativistas.<\/p>\n<p>Por su parte, el jefe de Gabinete de la Naci\u00f3n, resalt\u00f3: \u201cEstamos trabajando coordinadamente entre provincias, Naci\u00f3n e intendentes para reparar la deuda social interna\u201d, y \u201cponer en marcha nuestras pymes es impartir un poco de justicia social\u201d. En ese sentido asegur\u00f3: \u201cLa Argentina y el pueblo han cambiado sus prioridades\u201d y este anuncio ocurre \u201cun d\u00eda despu\u00e9s de una decisi\u00f3n muy importante del Gobernador coordinada con el Gobierno Nacional de pagar la deuda para no entrar en default\u201d.<\/p>\n<p>Por otro lado, Kulfas resalt\u00f3: \u201cTrabajamos todos los d\u00edas para poner a la Argentina de pie\u201d y \u201ceste paquete de medidas va en la direcci\u00f3n correcta que es sacar a las PyMES del ahogo que vienen padeciendo\u201d.<\/p>\n<p>En tanto, Espinoza se\u00f1al\u00f3 que \u201carriBA PyMES\u201d es lo que \u201clos argentinos necesitamos para que de una vez por todas se d\u00e9 vuelta la p\u00e1gina de la emergencia que nos dejaron, y poner al pa\u00eds en marcha\u201d.<\/p>\n<p>Estuvieron presentes tambi\u00e9n durante el acto, la vicegobernadora de la provincia, Ver\u00f3nica Magario; la ministra de Trabajo provincial, Mara Ruiz Malec; el titular de la Agencia de Recaudaci\u00f3n (ARBA), Cristian Girard; el presidente del Banco Provincia, Juan Cuattromo, intendentes y legisladores bonaerenses.<\/p>\n","protected":false},"excerpt":{"rendered":"<p>El gobernador de la provincia de Buenos Aires, Axel Kicillof, present\u00f3 esta tarde en La Matanza, el programa integral de reactivaci\u00f3n productiva \u201carriBA PyMES\u201d, una iniciativa que busca impulsar la recuperaci\u00f3n y el desarrollo productivo de las micro, peque\u00f1as y medianas empresas bonaerenses. ARBA, el Banco Provincia, y los ministerios de Producci\u00f3n, Ciencia e Innovaci\u00f3n [&hellip;]<\/p>\n","protected":false},"author":3,"featured_media":0,"comment_status":"closed","ping_status":"open","sticky":false,"template":"","format":"standard","meta":{"footnotes":""},"categories":[24],"tags":[],"class_list":["post-38377","post","type-post","status-publish","format-standard","hentry","category-politica"],"yoast_head":"<!-- This site is optimized with the Yoast SEO plugin v25.9 - https:\/\/yoast.com\/wordpress\/plugins\/seo\/ -->\n<title>Vuelve el cr\u00e9dito productivo a la provincia de Buenos Aires. Kicillof present\u00f3 \u201carriBA PyMES\u201d - Noticias Radio Reflejos<\/title>\n<meta name=\"robots\" content=\"index, follow, max-snippet:-1, max-image-preview:large, max-video-preview:-1\" \/>\n<link rel=\"canonical\" href=\"https:\/\/www.noticiasradioreflejos.com.ar\/2021\/vuelve-el-credito-productivo-a-la-provincia-de-buenos-aires-kicillof-presento-arriba-pymes\/\" \/>\n<meta property=\"og:locale\" content=\"es_ES\" \/>\n<meta property=\"og:type\" content=\"article\" \/>\n<meta property=\"og:title\" content=\"Vuelve el cr\u00e9dito productivo a la provincia de Buenos Aires. Kicillof present\u00f3 \u201carriBA PyMES\u201d - Noticias Radio Reflejos\" \/>\n<meta property=\"og:description\" content=\"El gobernador de la provincia de Buenos Aires, Axel Kicillof, present\u00f3 esta tarde en La Matanza, el programa integral de reactivaci\u00f3n productiva \u201carriBA PyMES\u201d, una iniciativa que busca impulsar la recuperaci\u00f3n y el desarrollo productivo de las micro, peque\u00f1as y medianas empresas bonaerenses. ARBA, el Banco Provincia, y los ministerios de Producci\u00f3n, Ciencia e Innovaci\u00f3n [&hellip;]\" \/>\n<meta property=\"og:url\" content=\"https:\/\/www.noticiasradioreflejos.com.ar\/2021\/vuelve-el-credito-productivo-a-la-provincia-de-buenos-aires-kicillof-presento-arriba-pymes\/\" \/>\n<meta property=\"og:site_name\" content=\"Noticias Radio Reflejos\" \/>\n<meta property=\"article:published_time\" content=\"2020-02-06T11:06:33+00:00\" \/>\n<meta property=\"og:image\" content=\"http:\/\/live.staticflickr.com\/65535\/49495792948_7a39b5650a.jpg\" \/>\n<meta name=\"author\" content=\"Arnaldo Botto\" \/>\n<meta name=\"twitter:card\" content=\"summary_large_image\" \/>\n<script type=\"application\/ld+json\" class=\"yoast-schema-graph\">{\"@context\":\"https:\/\/schema.org\",\"@graph\":[{\"@type\":\"WebPage\",\"@id\":\"https:\/\/www.noticiasradioreflejos.com.ar\/2021\/vuelve-el-credito-productivo-a-la-provincia-de-buenos-aires-kicillof-presento-arriba-pymes\/\",\"url\":\"https:\/\/www.noticiasradioreflejos.com.ar\/2021\/vuelve-el-credito-productivo-a-la-provincia-de-buenos-aires-kicillof-presento-arriba-pymes\/\",\"name\":\"Vuelve el cr\u00e9dito productivo a la provincia de Buenos Aires. Kicillof present\u00f3 \u201carriBA PyMES\u201d - Noticias Radio Reflejos\",\"isPartOf\":{\"@id\":\"https:\/\/www.noticiasradioreflejos.com.ar\/2021\/#website\"},\"primaryImageOfPage\":{\"@id\":\"https:\/\/www.noticiasradioreflejos.com.ar\/2021\/vuelve-el-credito-productivo-a-la-provincia-de-buenos-aires-kicillof-presento-arriba-pymes\/#primaryimage\"},\"image\":{\"@id\":\"https:\/\/www.noticiasradioreflejos.com.ar\/2021\/vuelve-el-credito-productivo-a-la-provincia-de-buenos-aires-kicillof-presento-arriba-pymes\/#primaryimage\"},\"thumbnailUrl\":\"http:\/\/live.staticflickr.com\/65535\/49495792948_7a39b5650a.jpg\",\"datePublished\":\"2020-02-06T11:06:33+00:00\",\"author\":{\"@id\":\"https:\/\/www.noticiasradioreflejos.com.ar\/2021\/#\/schema\/person\/ad82545263dcc5ec0996818884fd5fb1\"},\"breadcrumb\":{\"@id\":\"https:\/\/www.noticiasradioreflejos.com.ar\/2021\/vuelve-el-credito-productivo-a-la-provincia-de-buenos-aires-kicillof-presento-arriba-pymes\/#breadcrumb\"},\"inLanguage\":\"es\",\"potentialAction\":[{\"@type\":\"ReadAction\",\"target\":[\"https:\/\/www.noticiasradioreflejos.com.ar\/2021\/vuelve-el-credito-productivo-a-la-provincia-de-buenos-aires-kicillof-presento-arriba-pymes\/\"]}]},{\"@type\":\"ImageObject\",\"inLanguage\":\"es\",\"@id\":\"https:\/\/www.noticiasradioreflejos.com.ar\/2021\/vuelve-el-credito-productivo-a-la-provincia-de-buenos-aires-kicillof-presento-arriba-pymes\/#primaryimage\",\"url\":\"http:\/\/live.staticflickr.com\/65535\/49495792948_7a39b5650a.jpg\",\"contentUrl\":\"http:\/\/live.staticflickr.com\/65535\/49495792948_7a39b5650a.jpg\"},{\"@type\":\"BreadcrumbList\",\"@id\":\"https:\/\/www.noticiasradioreflejos.com.ar\/2021\/vuelve-el-credito-productivo-a-la-provincia-de-buenos-aires-kicillof-presento-arriba-pymes\/#breadcrumb\",\"itemListElement\":[{\"@type\":\"ListItem\",\"position\":1,\"name\":\"Portada\",\"item\":\"https:\/\/www.noticiasradioreflejos.com.ar\/2021\/\"},{\"@type\":\"ListItem\",\"position\":2,\"name\":\"Vuelve el cr\u00e9dito productivo a la provincia de Buenos Aires. Kicillof present\u00f3 \u201carriBA PyMES\u201d\"}]},{\"@type\":\"WebSite\",\"@id\":\"https:\/\/www.noticiasradioreflejos.com.ar\/2021\/#website\",\"url\":\"https:\/\/www.noticiasradioreflejos.com.ar\/2021\/\",\"name\":\"Noticias Radio Reflejos\",\"description\":\"Las noticias de mi comarca\",\"potentialAction\":[{\"@type\":\"SearchAction\",\"target\":{\"@type\":\"EntryPoint\",\"urlTemplate\":\"https:\/\/www.noticiasradioreflejos.com.ar\/2021\/?s={search_term_string}\"},\"query-input\":{\"@type\":\"PropertyValueSpecification\",\"valueRequired\":true,\"valueName\":\"search_term_string\"}}],\"inLanguage\":\"es\"},{\"@type\":\"Person\",\"@id\":\"https:\/\/www.noticiasradioreflejos.com.ar\/2021\/#\/schema\/person\/ad82545263dcc5ec0996818884fd5fb1\",\"name\":\"Arnaldo Botto\",\"image\":{\"@type\":\"ImageObject\",\"inLanguage\":\"es\",\"@id\":\"https:\/\/www.noticiasradioreflejos.com.ar\/2021\/#\/schema\/person\/image\/\",\"url\":\"https:\/\/secure.gravatar.com\/avatar\/55cb5e37c1efa326397366e6974cb338056df65cb50e7d64d1cf314e87504837?s=96&d=mm&r=g\",\"contentUrl\":\"https:\/\/secure.gravatar.com\/avatar\/55cb5e37c1efa326397366e6974cb338056df65cb50e7d64d1cf314e87504837?s=96&d=mm&r=g\",\"caption\":\"Arnaldo Botto\"},\"url\":\"https:\/\/www.noticiasradioreflejos.com.ar\/2021\/author\/arnaldo\/\"}]}<\/script>\n<!-- \/ Yoast SEO plugin. -->","yoast_head_json":{"title":"Vuelve el cr\u00e9dito productivo a la provincia de Buenos Aires. Kicillof present\u00f3 \u201carriBA PyMES\u201d - Noticias Radio Reflejos","robots":{"index":"index","follow":"follow","max-snippet":"max-snippet:-1","max-image-preview":"max-image-preview:large","max-video-preview":"max-video-preview:-1"},"canonical":"https:\/\/www.noticiasradioreflejos.com.ar\/2021\/vuelve-el-credito-productivo-a-la-provincia-de-buenos-aires-kicillof-presento-arriba-pymes\/","og_locale":"es_ES","og_type":"article","og_title":"Vuelve el cr\u00e9dito productivo a la provincia de Buenos Aires. Kicillof present\u00f3 \u201carriBA PyMES\u201d - Noticias Radio Reflejos","og_description":"El gobernador de la provincia de Buenos Aires, Axel Kicillof, present\u00f3 esta tarde en La Matanza, el programa integral de reactivaci\u00f3n productiva \u201carriBA PyMES\u201d, una iniciativa que busca impulsar la recuperaci\u00f3n y el desarrollo productivo de las micro, peque\u00f1as y medianas empresas bonaerenses. ARBA, el Banco Provincia, y los ministerios de Producci\u00f3n, Ciencia e Innovaci\u00f3n [&hellip;]","og_url":"https:\/\/www.noticiasradioreflejos.com.ar\/2021\/vuelve-el-credito-productivo-a-la-provincia-de-buenos-aires-kicillof-presento-arriba-pymes\/","og_site_name":"Noticias Radio Reflejos","article_published_time":"2020-02-06T11:06:33+00:00","og_image":[{"url":"http:\/\/live.staticflickr.com\/65535\/49495792948_7a39b5650a.jpg","type":"","width":"","height":""}],"author":"Arnaldo Botto","twitter_card":"summary_large_image","schema":{"@context":"https:\/\/schema.org","@graph":[{"@type":"WebPage","@id":"https:\/\/www.noticiasradioreflejos.com.ar\/2021\/vuelve-el-credito-productivo-a-la-provincia-de-buenos-aires-kicillof-presento-arriba-pymes\/","url":"https:\/\/www.noticiasradioreflejos.com.ar\/2021\/vuelve-el-credito-productivo-a-la-provincia-de-buenos-aires-kicillof-presento-arriba-pymes\/","name":"Vuelve el cr\u00e9dito productivo a la provincia de Buenos Aires. Kicillof present\u00f3 \u201carriBA PyMES\u201d - Noticias Radio Reflejos","isPartOf":{"@id":"https:\/\/www.noticiasradioreflejos.com.ar\/2021\/#website"},"primaryImageOfPage":{"@id":"https:\/\/www.noticiasradioreflejos.com.ar\/2021\/vuelve-el-credito-productivo-a-la-provincia-de-buenos-aires-kicillof-presento-arriba-pymes\/#primaryimage"},"image":{"@id":"https:\/\/www.noticiasradioreflejos.com.ar\/2021\/vuelve-el-credito-productivo-a-la-provincia-de-buenos-aires-kicillof-presento-arriba-pymes\/#primaryimage"},"thumbnailUrl":"http:\/\/live.staticflickr.com\/65535\/49495792948_7a39b5650a.jpg","datePublished":"2020-02-06T11:06:33+00:00","author":{"@id":"https:\/\/www.noticiasradioreflejos.com.ar\/2021\/#\/schema\/person\/ad82545263dcc5ec0996818884fd5fb1"},"breadcrumb":{"@id":"https:\/\/www.noticiasradioreflejos.com.ar\/2021\/vuelve-el-credito-productivo-a-la-provincia-de-buenos-aires-kicillof-presento-arriba-pymes\/#breadcrumb"},"inLanguage":"es","potentialAction":[{"@type":"ReadAction","target":["https:\/\/www.noticiasradioreflejos.com.ar\/2021\/vuelve-el-credito-productivo-a-la-provincia-de-buenos-aires-kicillof-presento-arriba-pymes\/"]}]},{"@type":"ImageObject","inLanguage":"es","@id":"https:\/\/www.noticiasradioreflejos.com.ar\/2021\/vuelve-el-credito-productivo-a-la-provincia-de-buenos-aires-kicillof-presento-arriba-pymes\/#primaryimage","url":"http:\/\/live.staticflickr.com\/65535\/49495792948_7a39b5650a.jpg","contentUrl":"http:\/\/live.staticflickr.com\/65535\/49495792948_7a39b5650a.jpg"},{"@type":"BreadcrumbList","@id":"https:\/\/www.noticiasradioreflejos.com.ar\/2021\/vuelve-el-credito-productivo-a-la-provincia-de-buenos-aires-kicillof-presento-arriba-pymes\/#breadcrumb","itemListElement":[{"@type":"ListItem","position":1,"name":"Portada","item":"https:\/\/www.noticiasradioreflejos.com.ar\/2021\/"},{"@type":"ListItem","position":2,"name":"Vuelve el cr\u00e9dito productivo a la provincia de Buenos Aires. Kicillof present\u00f3 \u201carriBA PyMES\u201d"}]},{"@type":"WebSite","@id":"https:\/\/www.noticiasradioreflejos.com.ar\/2021\/#website","url":"https:\/\/www.noticiasradioreflejos.com.ar\/2021\/","name":"Noticias Radio Reflejos","description":"Las noticias de mi comarca","potentialAction":[{"@type":"SearchAction","target":{"@type":"EntryPoint","urlTemplate":"https:\/\/www.noticiasradioreflejos.com.ar\/2021\/?s={search_term_string}"},"query-input":{"@type":"PropertyValueSpecification","valueRequired":true,"valueName":"search_term_string"}}],"inLanguage":"es"},{"@type":"Person","@id":"https:\/\/www.noticiasradioreflejos.com.ar\/2021\/#\/schema\/person\/ad82545263dcc5ec0996818884fd5fb1","name":"Arnaldo Botto","image":{"@type":"ImageObject","inLanguage":"es","@id":"https:\/\/www.noticiasradioreflejos.com.ar\/2021\/#\/schema\/person\/image\/","url":"https:\/\/secure.gravatar.com\/avatar\/55cb5e37c1efa326397366e6974cb338056df65cb50e7d64d1cf314e87504837?s=96&d=mm&r=g","contentUrl":"https:\/\/secure.gravatar.com\/avatar\/55cb5e37c1efa326397366e6974cb338056df65cb50e7d64d1cf314e87504837?s=96&d=mm&r=g","caption":"Arnaldo Botto"},"url":"https:\/\/www.noticiasradioreflejos.com.ar\/2021\/author\/arnaldo\/"}]}},"_links":{"self":[{"href":"https:\/\/www.noticiasradioreflejos.com.ar\/2021\/wp-json\/wp\/v2\/posts\/38377","targetHints":{"allow":["GET"]}}],"collection":[{"href":"https:\/\/www.noticiasradioreflejos.com.ar\/2021\/wp-json\/wp\/v2\/posts"}],"about":[{"href":"https:\/\/www.noticiasradioreflejos.com.ar\/2021\/wp-json\/wp\/v2\/types\/post"}],"author":[{"embeddable":true,"href":"https:\/\/www.noticiasradioreflejos.com.ar\/2021\/wp-json\/wp\/v2\/users\/3"}],"replies":[{"embeddable":true,"href":"https:\/\/www.noticiasradioreflejos.com.ar\/2021\/wp-json\/wp\/v2\/comments?post=38377"}],"version-history":[{"count":0,"href":"https:\/\/www.noticiasradioreflejos.com.ar\/2021\/wp-json\/wp\/v2\/posts\/38377\/revisions"}],"wp:attachment":[{"href":"https:\/\/www.noticiasradioreflejos.com.ar\/2021\/wp-json\/wp\/v2\/media?parent=38377"}],"wp:term":[{"taxonomy":"category","embeddable":true,"href":"https:\/\/www.noticiasradioreflejos.com.ar\/2021\/wp-json\/wp\/v2\/categories?post=38377"},{"taxonomy":"post_tag","embeddable":true,"href":"https:\/\/www.noticiasradioreflejos.com.ar\/2021\/wp-json\/wp\/v2\/tags?post=38377"}],"curies":[{"name":"wp","href":"https:\/\/api.w.org\/{rel}","templated":true}]}}