{"id":38344,"date":"2020-02-04T18:48:25","date_gmt":"2020-02-04T21:48:25","guid":{"rendered":"http:\/\/www.noticiasradioreflejos.com.ar\/noticias\/?p=38344"},"modified":"2020-02-04T18:48:25","modified_gmt":"2020-02-04T21:48:25","slug":"graves-danos-por-temporal-de-viento-en-pigue","status":"publish","type":"post","link":"https:\/\/www.noticiasradioreflejos.com.ar\/2021\/graves-danos-por-temporal-de-viento-en-pigue\/","title":{"rendered":"Graves da\u00f1os por temporal de viento en Pig\u00fc\u00e9."},"content":{"rendered":"<blockquote><p><a title=\"84356608_3463143750424184_2937464344327225344_o\" href=\"http:\/\/live.staticflickr.com\/65535\/49489085958_c60c4b9651_s.jpg\" rel=\"\"><img loading=\"lazy\" decoding=\"async\" class=\"alignleft\" style=\"float: left;\" title=\"84356608_3463143750424184_2937464344327225344_o\" src=\"http:\/\/live.staticflickr.com\/65535\/49489085958_c60c4b9651.jpg\" alt=\"84356608_3463143750424184_2937464344327225344_o\" width=\"500\" height=\"282\" \/><\/a>La ciudad fue azotada por vientos que superaron los 100 kil\u00f3metros por hora.<!--more--><\/p><\/blockquote>\n<p>Nos reportaban desde la vecina localidad de Pig\u00fc\u00e9, que la ciudad y otras localidades vecinas como Pu\u00e1n, hab\u00edan sufrido el paso de un temporal de fuertes vientos y tormentas con velocidades que superaron los 100 kil\u00f3metros por hora.<br \/>\nLectores nos compart\u00edan fotos y videos que daban cuenta de la magnitud del fen\u00f3meno natural que hab\u00eda sido anticipado por el Servicio Meteorol\u00f3gico Nacional.<br \/>\nCasas con serios da\u00f1os, voladuras de techos, paredones ca\u00eddos, m\u00e1quinas agr\u00edcolas y autos deteriorados, y una importante cantidad de \u00e1rboles que sucumbieron al fuerte viento que azot\u00f3 en la tarde de este martes a la vecina localidad.<\/p>\n<p>Inclusive derrib\u00f3 antenas de radio de FM que sufrieron las consecuencias de lo que se presume fue la cola de un tornado.<\/p>\n<p><a title=\"84072873_3463143790424180_6824388830716493824_o\" href=\"http:\/\/live.staticflickr.com\/65535\/49489085863_9d079a96d3_s.jpg\" rel=\"\"><img loading=\"lazy\" decoding=\"async\" class=\"aligncenter\" title=\"84072873_3463143790424180_6824388830716493824_o\" src=\"http:\/\/live.staticflickr.com\/65535\/49489085863_9d079a96d3_z.jpg\" alt=\"84072873_3463143790424180_6824388830716493824_o\" width=\"640\" height=\"480\" \/><\/a><a title=\"84636788_3463143560424203_3054611359737053184_o\" href=\"http:\/\/live.staticflickr.com\/65535\/49489583921_43d9b8bf71_s.jpg\" rel=\"\"><img loading=\"lazy\" decoding=\"async\" class=\"aligncenter\" title=\"84636788_3463143560424203_3054611359737053184_o\" src=\"http:\/\/live.staticflickr.com\/65535\/49489583921_43d9b8bf71_z.jpg\" alt=\"84636788_3463143560424203_3054611359737053184_o\" width=\"360\" height=\"640\" \/><\/a><\/p>\n<p>Fotos: Gentileza Patricia Toranzo y FM Enigma<\/p>\n","protected":false},"excerpt":{"rendered":"<p>La ciudad fue azotada por vientos que superaron los 100 kil\u00f3metros por hora.<\/p>\n","protected":false},"author":3,"featured_media":0,"comment_status":"closed","ping_status":"open","sticky":false,"template":"","format":"standard","meta":{"footnotes":""},"categories":[29],"tags":[],"class_list":["post-38344","post","type-post","status-publish","format-standard","hentry","category-policiales"],"yoast_head":"<!-- This site is optimized with the Yoast SEO plugin v25.9 - https:\/\/yoast.com\/wordpress\/plugins\/seo\/ -->\n<title>Graves da\u00f1os por temporal de viento en Pig\u00fc\u00e9. - Noticias Radio Reflejos<\/title>\n<meta name=\"robots\" content=\"index, follow, max-snippet:-1, max-image-preview:large, max-video-preview:-1\" \/>\n<link rel=\"canonical\" href=\"https:\/\/www.noticiasradioreflejos.com.ar\/2021\/graves-danos-por-temporal-de-viento-en-pigue\/\" \/>\n<meta property=\"og:locale\" content=\"es_ES\" \/>\n<meta property=\"og:type\" content=\"article\" \/>\n<meta property=\"og:title\" content=\"Graves da\u00f1os por temporal de viento en Pig\u00fc\u00e9. - Noticias Radio Reflejos\" \/>\n<meta property=\"og:description\" content=\"La ciudad fue azotada por vientos que superaron los 100 kil\u00f3metros por hora.\" \/>\n<meta property=\"og:url\" content=\"https:\/\/www.noticiasradioreflejos.com.ar\/2021\/graves-danos-por-temporal-de-viento-en-pigue\/\" \/>\n<meta property=\"og:site_name\" content=\"Noticias Radio Reflejos\" \/>\n<meta property=\"article:published_time\" content=\"2020-02-04T21:48:25+00:00\" \/>\n<meta property=\"og:image\" content=\"http:\/\/live.staticflickr.com\/65535\/49489085958_c60c4b9651.jpg\" \/>\n<meta name=\"author\" content=\"Arnaldo Botto\" \/>\n<meta name=\"twitter:card\" content=\"summary_large_image\" \/>\n<script type=\"application\/ld+json\" class=\"yoast-schema-graph\">{\"@context\":\"https:\/\/schema.org\",\"@graph\":[{\"@type\":\"WebPage\",\"@id\":\"https:\/\/www.noticiasradioreflejos.com.ar\/2021\/graves-danos-por-temporal-de-viento-en-pigue\/\",\"url\":\"https:\/\/www.noticiasradioreflejos.com.ar\/2021\/graves-danos-por-temporal-de-viento-en-pigue\/\",\"name\":\"Graves da\u00f1os por temporal de viento en Pig\u00fc\u00e9. - Noticias Radio Reflejos\",\"isPartOf\":{\"@id\":\"https:\/\/www.noticiasradioreflejos.com.ar\/2021\/#website\"},\"primaryImageOfPage\":{\"@id\":\"https:\/\/www.noticiasradioreflejos.com.ar\/2021\/graves-danos-por-temporal-de-viento-en-pigue\/#primaryimage\"},\"image\":{\"@id\":\"https:\/\/www.noticiasradioreflejos.com.ar\/2021\/graves-danos-por-temporal-de-viento-en-pigue\/#primaryimage\"},\"thumbnailUrl\":\"http:\/\/live.staticflickr.com\/65535\/49489085958_c60c4b9651.jpg\",\"datePublished\":\"2020-02-04T21:48:25+00:00\",\"author\":{\"@id\":\"https:\/\/www.noticiasradioreflejos.com.ar\/2021\/#\/schema\/person\/ad82545263dcc5ec0996818884fd5fb1\"},\"breadcrumb\":{\"@id\":\"https:\/\/www.noticiasradioreflejos.com.ar\/2021\/graves-danos-por-temporal-de-viento-en-pigue\/#breadcrumb\"},\"inLanguage\":\"es\",\"potentialAction\":[{\"@type\":\"ReadAction\",\"target\":[\"https:\/\/www.noticiasradioreflejos.com.ar\/2021\/graves-danos-por-temporal-de-viento-en-pigue\/\"]}]},{\"@type\":\"ImageObject\",\"inLanguage\":\"es\",\"@id\":\"https:\/\/www.noticiasradioreflejos.com.ar\/2021\/graves-danos-por-temporal-de-viento-en-pigue\/#primaryimage\",\"url\":\"http:\/\/live.staticflickr.com\/65535\/49489085958_c60c4b9651.jpg\",\"contentUrl\":\"http:\/\/live.staticflickr.com\/65535\/49489085958_c60c4b9651.jpg\"},{\"@type\":\"BreadcrumbList\",\"@id\":\"https:\/\/www.noticiasradioreflejos.com.ar\/2021\/graves-danos-por-temporal-de-viento-en-pigue\/#breadcrumb\",\"itemListElement\":[{\"@type\":\"ListItem\",\"position\":1,\"name\":\"Portada\",\"item\":\"https:\/\/www.noticiasradioreflejos.com.ar\/2021\/\"},{\"@type\":\"ListItem\",\"position\":2,\"name\":\"Graves da\u00f1os por temporal de viento en Pig\u00fc\u00e9.\"}]},{\"@type\":\"WebSite\",\"@id\":\"https:\/\/www.noticiasradioreflejos.com.ar\/2021\/#website\",\"url\":\"https:\/\/www.noticiasradioreflejos.com.ar\/2021\/\",\"name\":\"Noticias Radio Reflejos\",\"description\":\"Las noticias de mi comarca\",\"potentialAction\":[{\"@type\":\"SearchAction\",\"target\":{\"@type\":\"EntryPoint\",\"urlTemplate\":\"https:\/\/www.noticiasradioreflejos.com.ar\/2021\/?s={search_term_string}\"},\"query-input\":{\"@type\":\"PropertyValueSpecification\",\"valueRequired\":true,\"valueName\":\"search_term_string\"}}],\"inLanguage\":\"es\"},{\"@type\":\"Person\",\"@id\":\"https:\/\/www.noticiasradioreflejos.com.ar\/2021\/#\/schema\/person\/ad82545263dcc5ec0996818884fd5fb1\",\"name\":\"Arnaldo Botto\",\"image\":{\"@type\":\"ImageObject\",\"inLanguage\":\"es\",\"@id\":\"https:\/\/www.noticiasradioreflejos.com.ar\/2021\/#\/schema\/person\/image\/\",\"url\":\"https:\/\/secure.gravatar.com\/avatar\/55cb5e37c1efa326397366e6974cb338056df65cb50e7d64d1cf314e87504837?s=96&d=mm&r=g\",\"contentUrl\":\"https:\/\/secure.gravatar.com\/avatar\/55cb5e37c1efa326397366e6974cb338056df65cb50e7d64d1cf314e87504837?s=96&d=mm&r=g\",\"caption\":\"Arnaldo Botto\"},\"url\":\"https:\/\/www.noticiasradioreflejos.com.ar\/2021\/author\/arnaldo\/\"}]}<\/script>\n<!-- \/ Yoast SEO plugin. -->","yoast_head_json":{"title":"Graves da\u00f1os por temporal de viento en Pig\u00fc\u00e9. - Noticias Radio Reflejos","robots":{"index":"index","follow":"follow","max-snippet":"max-snippet:-1","max-image-preview":"max-image-preview:large","max-video-preview":"max-video-preview:-1"},"canonical":"https:\/\/www.noticiasradioreflejos.com.ar\/2021\/graves-danos-por-temporal-de-viento-en-pigue\/","og_locale":"es_ES","og_type":"article","og_title":"Graves da\u00f1os por temporal de viento en Pig\u00fc\u00e9. - Noticias Radio Reflejos","og_description":"La ciudad fue azotada por vientos que superaron los 100 kil\u00f3metros por hora.","og_url":"https:\/\/www.noticiasradioreflejos.com.ar\/2021\/graves-danos-por-temporal-de-viento-en-pigue\/","og_site_name":"Noticias Radio Reflejos","article_published_time":"2020-02-04T21:48:25+00:00","og_image":[{"url":"http:\/\/live.staticflickr.com\/65535\/49489085958_c60c4b9651.jpg","type":"","width":"","height":""}],"author":"Arnaldo Botto","twitter_card":"summary_large_image","schema":{"@context":"https:\/\/schema.org","@graph":[{"@type":"WebPage","@id":"https:\/\/www.noticiasradioreflejos.com.ar\/2021\/graves-danos-por-temporal-de-viento-en-pigue\/","url":"https:\/\/www.noticiasradioreflejos.com.ar\/2021\/graves-danos-por-temporal-de-viento-en-pigue\/","name":"Graves da\u00f1os por temporal de viento en Pig\u00fc\u00e9. - Noticias Radio Reflejos","isPartOf":{"@id":"https:\/\/www.noticiasradioreflejos.com.ar\/2021\/#website"},"primaryImageOfPage":{"@id":"https:\/\/www.noticiasradioreflejos.com.ar\/2021\/graves-danos-por-temporal-de-viento-en-pigue\/#primaryimage"},"image":{"@id":"https:\/\/www.noticiasradioreflejos.com.ar\/2021\/graves-danos-por-temporal-de-viento-en-pigue\/#primaryimage"},"thumbnailUrl":"http:\/\/live.staticflickr.com\/65535\/49489085958_c60c4b9651.jpg","datePublished":"2020-02-04T21:48:25+00:00","author":{"@id":"https:\/\/www.noticiasradioreflejos.com.ar\/2021\/#\/schema\/person\/ad82545263dcc5ec0996818884fd5fb1"},"breadcrumb":{"@id":"https:\/\/www.noticiasradioreflejos.com.ar\/2021\/graves-danos-por-temporal-de-viento-en-pigue\/#breadcrumb"},"inLanguage":"es","potentialAction":[{"@type":"ReadAction","target":["https:\/\/www.noticiasradioreflejos.com.ar\/2021\/graves-danos-por-temporal-de-viento-en-pigue\/"]}]},{"@type":"ImageObject","inLanguage":"es","@id":"https:\/\/www.noticiasradioreflejos.com.ar\/2021\/graves-danos-por-temporal-de-viento-en-pigue\/#primaryimage","url":"http:\/\/live.staticflickr.com\/65535\/49489085958_c60c4b9651.jpg","contentUrl":"http:\/\/live.staticflickr.com\/65535\/49489085958_c60c4b9651.jpg"},{"@type":"BreadcrumbList","@id":"https:\/\/www.noticiasradioreflejos.com.ar\/2021\/graves-danos-por-temporal-de-viento-en-pigue\/#breadcrumb","itemListElement":[{"@type":"ListItem","position":1,"name":"Portada","item":"https:\/\/www.noticiasradioreflejos.com.ar\/2021\/"},{"@type":"ListItem","position":2,"name":"Graves da\u00f1os por temporal de viento en Pig\u00fc\u00e9."}]},{"@type":"WebSite","@id":"https:\/\/www.noticiasradioreflejos.com.ar\/2021\/#website","url":"https:\/\/www.noticiasradioreflejos.com.ar\/2021\/","name":"Noticias Radio Reflejos","description":"Las noticias de mi comarca","potentialAction":[{"@type":"SearchAction","target":{"@type":"EntryPoint","urlTemplate":"https:\/\/www.noticiasradioreflejos.com.ar\/2021\/?s={search_term_string}"},"query-input":{"@type":"PropertyValueSpecification","valueRequired":true,"valueName":"search_term_string"}}],"inLanguage":"es"},{"@type":"Person","@id":"https:\/\/www.noticiasradioreflejos.com.ar\/2021\/#\/schema\/person\/ad82545263dcc5ec0996818884fd5fb1","name":"Arnaldo Botto","image":{"@type":"ImageObject","inLanguage":"es","@id":"https:\/\/www.noticiasradioreflejos.com.ar\/2021\/#\/schema\/person\/image\/","url":"https:\/\/secure.gravatar.com\/avatar\/55cb5e37c1efa326397366e6974cb338056df65cb50e7d64d1cf314e87504837?s=96&d=mm&r=g","contentUrl":"https:\/\/secure.gravatar.com\/avatar\/55cb5e37c1efa326397366e6974cb338056df65cb50e7d64d1cf314e87504837?s=96&d=mm&r=g","caption":"Arnaldo Botto"},"url":"https:\/\/www.noticiasradioreflejos.com.ar\/2021\/author\/arnaldo\/"}]}},"_links":{"self":[{"href":"https:\/\/www.noticiasradioreflejos.com.ar\/2021\/wp-json\/wp\/v2\/posts\/38344","targetHints":{"allow":["GET"]}}],"collection":[{"href":"https:\/\/www.noticiasradioreflejos.com.ar\/2021\/wp-json\/wp\/v2\/posts"}],"about":[{"href":"https:\/\/www.noticiasradioreflejos.com.ar\/2021\/wp-json\/wp\/v2\/types\/post"}],"author":[{"embeddable":true,"href":"https:\/\/www.noticiasradioreflejos.com.ar\/2021\/wp-json\/wp\/v2\/users\/3"}],"replies":[{"embeddable":true,"href":"https:\/\/www.noticiasradioreflejos.com.ar\/2021\/wp-json\/wp\/v2\/comments?post=38344"}],"version-history":[{"count":0,"href":"https:\/\/www.noticiasradioreflejos.com.ar\/2021\/wp-json\/wp\/v2\/posts\/38344\/revisions"}],"wp:attachment":[{"href":"https:\/\/www.noticiasradioreflejos.com.ar\/2021\/wp-json\/wp\/v2\/media?parent=38344"}],"wp:term":[{"taxonomy":"category","embeddable":true,"href":"https:\/\/www.noticiasradioreflejos.com.ar\/2021\/wp-json\/wp\/v2\/categories?post=38344"},{"taxonomy":"post_tag","embeddable":true,"href":"https:\/\/www.noticiasradioreflejos.com.ar\/2021\/wp-json\/wp\/v2\/tags?post=38344"}],"curies":[{"name":"wp","href":"https:\/\/api.w.org\/{rel}","templated":true}]}}