{"id":38332,"date":"2020-02-04T17:42:46","date_gmt":"2020-02-04T20:42:46","guid":{"rendered":"http:\/\/www.noticiasradioreflejos.com.ar\/noticias\/?p=38332"},"modified":"2020-02-04T17:42:46","modified_gmt":"2020-02-04T20:42:46","slug":"saldungaray-tuvo-su-jornada-de-voley","status":"publish","type":"post","link":"https:\/\/www.noticiasradioreflejos.com.ar\/2021\/saldungaray-tuvo-su-jornada-de-voley\/","title":{"rendered":"Saldungaray tuvo su jornada de V\u00f3ley"},"content":{"rendered":"<p>El tercer y \u00faltimo encuentro antes de la gran final del Grand Prix de V\u00f3ley se desarroll\u00f3 con gran \u00e9xito en Saldungaray, el pasado dos de febrero.<!--more-->Este torneo, organizado por la Direcci\u00f3n de Deportes Municipal, conto con gran concurrencia de los j\u00f3venes saldungarenses, que disfrutaron de una jornada agradable, llena de emoci\u00f3n.<\/p>\n<p>A continuaci\u00f3n se detalla la tabla de posiciones:<\/p>\n<p><a title=\"tabla voley\" href=\"http:\/\/live.staticflickr.com\/65535\/49488831558_03b98f08e5_s.jpg\" rel=\"\"><img loading=\"lazy\" decoding=\"async\" class=\"aligncenter\" title=\"tabla voley\" src=\"http:\/\/live.staticflickr.com\/65535\/49488831558_04e18c91d3_o.png\" alt=\"tabla voley\" width=\"532\" height=\"301\" \/><\/a><\/p>\n<p>&nbsp;<\/p>\n<p>Recordamos que este domingo 9 del corriente, se disputar\u00e1 la final del torneo en la ciudad de Tornquist, en el predio del Gimnasio Municipal \u201cEva Per\u00f3n\u201d, a partir de las 9hs. Invitamos a todos los interesados a sumarse a esta iniciativa.<\/p>\n<p>Ver fotos de Saldungaray <a href=\"http:\/\/tornquist.gob.ar\/saldungaray-tuvo-su-jornada-de-voley\/\" target=\"_blank\" rel=\"noopener\"><strong>AQU\u00cd<\/strong><\/a><\/p>\n<p>Inscripciones: por mail \u00a0<a href=\"mailto:deportestornquist@gmail.com\">deportestornquist@gmail.com<\/a> o al 291.4290177.<\/p>\n","protected":false},"excerpt":{"rendered":"<p>El tercer y \u00faltimo encuentro antes de la gran final del Grand Prix de V\u00f3ley se desarroll\u00f3 con gran \u00e9xito en Saldungaray, el pasado dos de febrero.<\/p>\n","protected":false},"author":3,"featured_media":0,"comment_status":"closed","ping_status":"open","sticky":false,"template":"","format":"standard","meta":{"footnotes":""},"categories":[27],"tags":[],"class_list":["post-38332","post","type-post","status-publish","format-standard","hentry","category-deportes"],"yoast_head":"<!-- This site is optimized with the Yoast SEO plugin v25.9 - https:\/\/yoast.com\/wordpress\/plugins\/seo\/ -->\n<title>Saldungaray tuvo su jornada de V\u00f3ley - Noticias Radio Reflejos<\/title>\n<meta name=\"robots\" content=\"index, follow, max-snippet:-1, max-image-preview:large, max-video-preview:-1\" \/>\n<link rel=\"canonical\" href=\"https:\/\/www.noticiasradioreflejos.com.ar\/2021\/saldungaray-tuvo-su-jornada-de-voley\/\" \/>\n<meta property=\"og:locale\" content=\"es_ES\" \/>\n<meta property=\"og:type\" content=\"article\" \/>\n<meta property=\"og:title\" content=\"Saldungaray tuvo su jornada de V\u00f3ley - Noticias Radio Reflejos\" \/>\n<meta property=\"og:description\" content=\"El tercer y \u00faltimo encuentro antes de la gran final del Grand Prix de V\u00f3ley se desarroll\u00f3 con gran \u00e9xito en Saldungaray, el pasado dos de febrero.\" \/>\n<meta property=\"og:url\" content=\"https:\/\/www.noticiasradioreflejos.com.ar\/2021\/saldungaray-tuvo-su-jornada-de-voley\/\" \/>\n<meta property=\"og:site_name\" content=\"Noticias Radio Reflejos\" \/>\n<meta property=\"article:published_time\" content=\"2020-02-04T20:42:46+00:00\" \/>\n<meta property=\"og:image\" content=\"http:\/\/live.staticflickr.com\/65535\/49488831558_04e18c91d3_o.png\" \/>\n<meta name=\"author\" content=\"Arnaldo Botto\" \/>\n<meta name=\"twitter:card\" content=\"summary_large_image\" \/>\n<script type=\"application\/ld+json\" class=\"yoast-schema-graph\">{\"@context\":\"https:\/\/schema.org\",\"@graph\":[{\"@type\":\"WebPage\",\"@id\":\"https:\/\/www.noticiasradioreflejos.com.ar\/2021\/saldungaray-tuvo-su-jornada-de-voley\/\",\"url\":\"https:\/\/www.noticiasradioreflejos.com.ar\/2021\/saldungaray-tuvo-su-jornada-de-voley\/\",\"name\":\"Saldungaray tuvo su jornada de V\u00f3ley - Noticias Radio Reflejos\",\"isPartOf\":{\"@id\":\"https:\/\/www.noticiasradioreflejos.com.ar\/2021\/#website\"},\"primaryImageOfPage\":{\"@id\":\"https:\/\/www.noticiasradioreflejos.com.ar\/2021\/saldungaray-tuvo-su-jornada-de-voley\/#primaryimage\"},\"image\":{\"@id\":\"https:\/\/www.noticiasradioreflejos.com.ar\/2021\/saldungaray-tuvo-su-jornada-de-voley\/#primaryimage\"},\"thumbnailUrl\":\"http:\/\/live.staticflickr.com\/65535\/49488831558_04e18c91d3_o.png\",\"datePublished\":\"2020-02-04T20:42:46+00:00\",\"author\":{\"@id\":\"https:\/\/www.noticiasradioreflejos.com.ar\/2021\/#\/schema\/person\/ad82545263dcc5ec0996818884fd5fb1\"},\"breadcrumb\":{\"@id\":\"https:\/\/www.noticiasradioreflejos.com.ar\/2021\/saldungaray-tuvo-su-jornada-de-voley\/#breadcrumb\"},\"inLanguage\":\"es\",\"potentialAction\":[{\"@type\":\"ReadAction\",\"target\":[\"https:\/\/www.noticiasradioreflejos.com.ar\/2021\/saldungaray-tuvo-su-jornada-de-voley\/\"]}]},{\"@type\":\"ImageObject\",\"inLanguage\":\"es\",\"@id\":\"https:\/\/www.noticiasradioreflejos.com.ar\/2021\/saldungaray-tuvo-su-jornada-de-voley\/#primaryimage\",\"url\":\"http:\/\/live.staticflickr.com\/65535\/49488831558_04e18c91d3_o.png\",\"contentUrl\":\"http:\/\/live.staticflickr.com\/65535\/49488831558_04e18c91d3_o.png\"},{\"@type\":\"BreadcrumbList\",\"@id\":\"https:\/\/www.noticiasradioreflejos.com.ar\/2021\/saldungaray-tuvo-su-jornada-de-voley\/#breadcrumb\",\"itemListElement\":[{\"@type\":\"ListItem\",\"position\":1,\"name\":\"Portada\",\"item\":\"https:\/\/www.noticiasradioreflejos.com.ar\/2021\/\"},{\"@type\":\"ListItem\",\"position\":2,\"name\":\"Saldungaray tuvo su jornada de V\u00f3ley\"}]},{\"@type\":\"WebSite\",\"@id\":\"https:\/\/www.noticiasradioreflejos.com.ar\/2021\/#website\",\"url\":\"https:\/\/www.noticiasradioreflejos.com.ar\/2021\/\",\"name\":\"Noticias Radio Reflejos\",\"description\":\"Las noticias de mi comarca\",\"potentialAction\":[{\"@type\":\"SearchAction\",\"target\":{\"@type\":\"EntryPoint\",\"urlTemplate\":\"https:\/\/www.noticiasradioreflejos.com.ar\/2021\/?s={search_term_string}\"},\"query-input\":{\"@type\":\"PropertyValueSpecification\",\"valueRequired\":true,\"valueName\":\"search_term_string\"}}],\"inLanguage\":\"es\"},{\"@type\":\"Person\",\"@id\":\"https:\/\/www.noticiasradioreflejos.com.ar\/2021\/#\/schema\/person\/ad82545263dcc5ec0996818884fd5fb1\",\"name\":\"Arnaldo Botto\",\"image\":{\"@type\":\"ImageObject\",\"inLanguage\":\"es\",\"@id\":\"https:\/\/www.noticiasradioreflejos.com.ar\/2021\/#\/schema\/person\/image\/\",\"url\":\"https:\/\/secure.gravatar.com\/avatar\/55cb5e37c1efa326397366e6974cb338056df65cb50e7d64d1cf314e87504837?s=96&d=mm&r=g\",\"contentUrl\":\"https:\/\/secure.gravatar.com\/avatar\/55cb5e37c1efa326397366e6974cb338056df65cb50e7d64d1cf314e87504837?s=96&d=mm&r=g\",\"caption\":\"Arnaldo Botto\"},\"url\":\"https:\/\/www.noticiasradioreflejos.com.ar\/2021\/author\/arnaldo\/\"}]}<\/script>\n<!-- \/ Yoast SEO plugin. -->","yoast_head_json":{"title":"Saldungaray tuvo su jornada de V\u00f3ley - Noticias Radio Reflejos","robots":{"index":"index","follow":"follow","max-snippet":"max-snippet:-1","max-image-preview":"max-image-preview:large","max-video-preview":"max-video-preview:-1"},"canonical":"https:\/\/www.noticiasradioreflejos.com.ar\/2021\/saldungaray-tuvo-su-jornada-de-voley\/","og_locale":"es_ES","og_type":"article","og_title":"Saldungaray tuvo su jornada de V\u00f3ley - Noticias Radio Reflejos","og_description":"El tercer y \u00faltimo encuentro antes de la gran final del Grand Prix de V\u00f3ley se desarroll\u00f3 con gran \u00e9xito en Saldungaray, el pasado dos de febrero.","og_url":"https:\/\/www.noticiasradioreflejos.com.ar\/2021\/saldungaray-tuvo-su-jornada-de-voley\/","og_site_name":"Noticias Radio Reflejos","article_published_time":"2020-02-04T20:42:46+00:00","og_image":[{"url":"http:\/\/live.staticflickr.com\/65535\/49488831558_04e18c91d3_o.png","type":"","width":"","height":""}],"author":"Arnaldo Botto","twitter_card":"summary_large_image","schema":{"@context":"https:\/\/schema.org","@graph":[{"@type":"WebPage","@id":"https:\/\/www.noticiasradioreflejos.com.ar\/2021\/saldungaray-tuvo-su-jornada-de-voley\/","url":"https:\/\/www.noticiasradioreflejos.com.ar\/2021\/saldungaray-tuvo-su-jornada-de-voley\/","name":"Saldungaray tuvo su jornada de V\u00f3ley - Noticias Radio Reflejos","isPartOf":{"@id":"https:\/\/www.noticiasradioreflejos.com.ar\/2021\/#website"},"primaryImageOfPage":{"@id":"https:\/\/www.noticiasradioreflejos.com.ar\/2021\/saldungaray-tuvo-su-jornada-de-voley\/#primaryimage"},"image":{"@id":"https:\/\/www.noticiasradioreflejos.com.ar\/2021\/saldungaray-tuvo-su-jornada-de-voley\/#primaryimage"},"thumbnailUrl":"http:\/\/live.staticflickr.com\/65535\/49488831558_04e18c91d3_o.png","datePublished":"2020-02-04T20:42:46+00:00","author":{"@id":"https:\/\/www.noticiasradioreflejos.com.ar\/2021\/#\/schema\/person\/ad82545263dcc5ec0996818884fd5fb1"},"breadcrumb":{"@id":"https:\/\/www.noticiasradioreflejos.com.ar\/2021\/saldungaray-tuvo-su-jornada-de-voley\/#breadcrumb"},"inLanguage":"es","potentialAction":[{"@type":"ReadAction","target":["https:\/\/www.noticiasradioreflejos.com.ar\/2021\/saldungaray-tuvo-su-jornada-de-voley\/"]}]},{"@type":"ImageObject","inLanguage":"es","@id":"https:\/\/www.noticiasradioreflejos.com.ar\/2021\/saldungaray-tuvo-su-jornada-de-voley\/#primaryimage","url":"http:\/\/live.staticflickr.com\/65535\/49488831558_04e18c91d3_o.png","contentUrl":"http:\/\/live.staticflickr.com\/65535\/49488831558_04e18c91d3_o.png"},{"@type":"BreadcrumbList","@id":"https:\/\/www.noticiasradioreflejos.com.ar\/2021\/saldungaray-tuvo-su-jornada-de-voley\/#breadcrumb","itemListElement":[{"@type":"ListItem","position":1,"name":"Portada","item":"https:\/\/www.noticiasradioreflejos.com.ar\/2021\/"},{"@type":"ListItem","position":2,"name":"Saldungaray tuvo su jornada de V\u00f3ley"}]},{"@type":"WebSite","@id":"https:\/\/www.noticiasradioreflejos.com.ar\/2021\/#website","url":"https:\/\/www.noticiasradioreflejos.com.ar\/2021\/","name":"Noticias Radio Reflejos","description":"Las noticias de mi comarca","potentialAction":[{"@type":"SearchAction","target":{"@type":"EntryPoint","urlTemplate":"https:\/\/www.noticiasradioreflejos.com.ar\/2021\/?s={search_term_string}"},"query-input":{"@type":"PropertyValueSpecification","valueRequired":true,"valueName":"search_term_string"}}],"inLanguage":"es"},{"@type":"Person","@id":"https:\/\/www.noticiasradioreflejos.com.ar\/2021\/#\/schema\/person\/ad82545263dcc5ec0996818884fd5fb1","name":"Arnaldo Botto","image":{"@type":"ImageObject","inLanguage":"es","@id":"https:\/\/www.noticiasradioreflejos.com.ar\/2021\/#\/schema\/person\/image\/","url":"https:\/\/secure.gravatar.com\/avatar\/55cb5e37c1efa326397366e6974cb338056df65cb50e7d64d1cf314e87504837?s=96&d=mm&r=g","contentUrl":"https:\/\/secure.gravatar.com\/avatar\/55cb5e37c1efa326397366e6974cb338056df65cb50e7d64d1cf314e87504837?s=96&d=mm&r=g","caption":"Arnaldo Botto"},"url":"https:\/\/www.noticiasradioreflejos.com.ar\/2021\/author\/arnaldo\/"}]}},"_links":{"self":[{"href":"https:\/\/www.noticiasradioreflejos.com.ar\/2021\/wp-json\/wp\/v2\/posts\/38332","targetHints":{"allow":["GET"]}}],"collection":[{"href":"https:\/\/www.noticiasradioreflejos.com.ar\/2021\/wp-json\/wp\/v2\/posts"}],"about":[{"href":"https:\/\/www.noticiasradioreflejos.com.ar\/2021\/wp-json\/wp\/v2\/types\/post"}],"author":[{"embeddable":true,"href":"https:\/\/www.noticiasradioreflejos.com.ar\/2021\/wp-json\/wp\/v2\/users\/3"}],"replies":[{"embeddable":true,"href":"https:\/\/www.noticiasradioreflejos.com.ar\/2021\/wp-json\/wp\/v2\/comments?post=38332"}],"version-history":[{"count":0,"href":"https:\/\/www.noticiasradioreflejos.com.ar\/2021\/wp-json\/wp\/v2\/posts\/38332\/revisions"}],"wp:attachment":[{"href":"https:\/\/www.noticiasradioreflejos.com.ar\/2021\/wp-json\/wp\/v2\/media?parent=38332"}],"wp:term":[{"taxonomy":"category","embeddable":true,"href":"https:\/\/www.noticiasradioreflejos.com.ar\/2021\/wp-json\/wp\/v2\/categories?post=38332"},{"taxonomy":"post_tag","embeddable":true,"href":"https:\/\/www.noticiasradioreflejos.com.ar\/2021\/wp-json\/wp\/v2\/tags?post=38332"}],"curies":[{"name":"wp","href":"https:\/\/api.w.org\/{rel}","templated":true}]}}