{"id":38321,"date":"2020-02-04T18:31:39","date_gmt":"2020-02-04T21:31:39","guid":{"rendered":"http:\/\/www.noticiasradioreflejos.com.ar\/noticias\/?p=38321"},"modified":"2020-02-04T18:31:39","modified_gmt":"2020-02-04T21:31:39","slug":"este-hombre-sigue-estando-en-el-pueblo-y-hay-un-monton-de-mujeres-que-fueron-acosadas-silvia-zabala","status":"publish","type":"post","link":"https:\/\/www.noticiasradioreflejos.com.ar\/2021\/este-hombre-sigue-estando-en-el-pueblo-y-hay-un-monton-de-mujeres-que-fueron-acosadas-silvia-zabala\/","title":{"rendered":"\u00abEste hombre sigue estando en el pueblo, y hay un mont\u00f3n de mujeres que fueron acosadas\u00bb &#8211; Silvia Zabala"},"content":{"rendered":"<p>Sobre los resonantes casos que se hicieron p\u00fablicos en Sierra de la Ventana con un ped\u00f3filo, y en Villa Ventana con un prestador tur\u00edstico que ejerci\u00f3 acoso sexual laboral, invitamos a integrantes del Consejo Municipal de las Mujeres de Tornquist para conocer su mirada sobre estos temas y de qu\u00e9 manera intervinieron en ambos casos.<br \/>\nCompartimos, en los estudios de <strong>FM Reflejos<\/strong> y durante el programa<strong> \u00abUn Mate y un Caf\u00e9\u00bb,\u00a0<\/strong> una interesante nota con <strong>Silvia Zabala, Presidenta del Consejo, Ana Milski vice y Tamara Echeverr\u00eda.<\/strong><!--more--><br \/>\n\u00abEn realidad,\u00a0 nosotras recibimos concretamente una invitaci\u00f3n de las mujeres convocantes a esta reuni\u00f3n, que surge de una situaci\u00f3n de una madre que llega a la colonia de vacaciones a buscar a su hijo, cosa normal y habitual, y ve que mientras los chicos est\u00e1n en la colonia, una persona a la cual ella identifica claramente, porque era una persona que hab\u00eda abusado a alguien que ella conoc\u00eda, estaba sentado en una reposera mirando al grupo de alumnos. Esto la pone en alerta, y autom\u00e1ticamente se comunica con las autoridades correspondientes. Lo primero fue hablar con Bomberos que son los que est\u00e1n a cargo, y con la Direcci\u00f3n General de Escuelas, porque son los responsables de la colonia de vacaciones. Cuando ve que las respuestas no son las esperadas, ya empieza la situaci\u00f3n de convocar a otras personas y hacer esto m\u00e1s extensivo, porque la Colonia terminaba al otro d\u00eda de la reuni\u00f3n, pero sin embargo esto iba a seguir pasando. Comienza una convocatoria por whatsapp, adem\u00e1s en esta reuni\u00f3n no s\u00f3lo van a estar los Bomberos, y la Direcci\u00f3n General de Escuelas, sino que va a estar la polic\u00eda, el delegado, concejales, es una reuni\u00f3n un poco m\u00e1s amplia, y ah\u00ed es cuando nos convocan a nosotras: nos dicen que es importante que nosotras estemos, y por supuesto nosotras, como siempre, estamos a disposici\u00f3n de estas cuestiones. Despu\u00e9s hicimos un comunicado, para poder dar nuestro parecer, creemos varias cuestiones, en principio esta es una persona que fue denunciada por acoso, la denuncia fue por abuso, otras personas que no hicieron la denuncia formal hay de acoso. Ni siquiera tiene que ver con un perfil psicol\u00f3gico, esto es un perfil sociol\u00f3gico, el patriarcado es el formador de un mont\u00f3n de personalidades, que no tiene que ver con una cuesti\u00f3n psicol\u00f3gica, es una cuesti\u00f3n sociol\u00f3gica. Primero, tener en cuenta a la v\u00edctima, y much\u00edsimo m\u00e1s en los ni\u00f1os, la segunda cuesti\u00f3n es que la responsabilidad de la Direcci\u00f3n General de Escuelas, de los Bomberos o de quien sea, no termina en la puerta del edificio\u00bb, inici\u00f3 Silvia.<br \/>\n<a title=\"WhatsApp Image 2020-02-04 at 15.32.06\" href=\"http:\/\/live.staticflickr.com\/65535\/49489038877_1ab8fc2a2d_s.jpg\" rel=\"\"><img loading=\"lazy\" decoding=\"async\" class=\"alignleft\" style=\"float: left;\" title=\"WhatsApp Image 2020-02-04 at 15.32.06\" src=\"http:\/\/live.staticflickr.com\/65535\/49489038877_1ab8fc2a2d.jpg\" alt=\"WhatsApp Image 2020-02-04 at 15.32.06\" width=\"500\" height=\"322\" \/><\/a><br \/>\n\u00abEspec\u00edficamente con los chicos de la Colonia no pas\u00f3 nada, de hecho yo lo s\u00e9, porque adem\u00e1s de ser parte del consejo, mi hijo va a la colonia\u00bb, aseguraba Ana al tiempo que afirm\u00f3:\u00a0\u00a0\u00bb yo en ning\u00fan momento desconfi\u00e9 de la Colonia, a m\u00ed me lleg\u00f3 el mensaje por esto de las cadenas que van girando por el pueblo, y en ning\u00fan momento desconfi\u00e9 de las maestras ni de nadie, de que fuera solo al ba\u00f1o, o de lo que sea. De hecho despu\u00e9s del mensaje yo lo segu\u00ed mandando con total confianza, el tema es que este hombre sigue estando en el pueblo, y nosotros seguimos yendo a la plaza, y m\u00e1s all\u00e1 de lo que pueda llegar a pasar, que es como prevenci\u00f3n, tambi\u00e9n tenemos que tener en cuenta que hay un mont\u00f3n de mujeres que fueron acosadas, y que gracias a esto que pas\u00f3 est\u00e1n pudiendo sacar eso que llevaron toda su vida adentro. Porque hay denuncias de hace 20 a\u00f1os, entonces me parece importante que esto pase, y que deje no solamente de ser normalizado en la sociedad, sino que las mujeres sepan que pueden denunciar despu\u00e9s de 20 a\u00f1os, que no est\u00e1 bien que pase eso, no nos tenemos que sentir inc\u00f3modas, que sirva en otros aspectos tambi\u00e9n\u00bb, cont\u00f3 Ana Milski.<\/p>\n<p>Con relaci\u00f3n al explosivo caso de abuso laboral de un prestador tur\u00edstico de Villa Ventana, Silvia manifiesta: \u00bb La recepci\u00f3n de las explosiones\u00a0 ha tenido una determinada caracter\u00edstica: fueron bien recepcionadas en la comisar\u00eda, fueron bien recepcionadas en el ministerio, recibieron nuestro apoyo, entonces el resto de las v\u00edctimas se dijeron: ah pucha!, no voy a quedar como una loca sola denunciando\u00bb, y asever\u00f3: \u00abEsta chica que denunci\u00f3 se anim\u00f3, se anim\u00f3 porque no es de\u00a0la localidad, es de Olavarr\u00eda y adem\u00e1s recibi\u00f3 el poyo incondicional de una chica que es de Bah\u00eda Blanca, quien la acompa\u00f1\u00f3 en la denuncia, entonces yo creo que esas cosas hacen que se haya animado\u00bb,\u00a0 ampliando\u00a0que las redes se hicieron eco en forma destacada del tema.<\/p>\n<p>Respecto al prestador tur\u00edstico,\u00a0 Silvia dijo: \u00abEste prestador no es el \u00fanico, no nos vamos a estar enga\u00f1ando entre nosotros, han existido otros prestadores, no s\u00e9 si espec\u00edficamente tengan una caba\u00f1a o un complejo de caba\u00f1as, pero hemos escuchado cuestiones de prestadores que tienen restaurante, y tampoco con esto uno est\u00e1 queriendo decir que todos los prestadores de Sierra de la Ventana lo sean (acosadores), y que uno no d\u00e9 concretamente el nombre, en principio es porque el que tiene que dar el nombre es la v\u00edctima, si la v\u00edctima no lo da, respetamos; nosotras s\u00f3lo acompa\u00f1amos\u00bb, afirm\u00f3.<\/p>\n<p>Por su parte la Lic. Tamara Echeverr\u00eda dijo: \u00abEs un mito ver que la sociedad entera\u00a0 se est\u00e1 abriendo, que las v\u00edctimas pueden empezar a decir,\u00a0 a tomar conciencia que muchas personas que deber\u00edan estar cuidando todav\u00eda no pueden, se equivocan y mal, complejizan m\u00e1s la cuesti\u00f3n, pero es importante que todas estas cuestiones se pongan en la mesa para poder avanzar\u00bb. Puntualizando en el caso de la denunciante de Villa Ventana:\u00bb\u00a0La persona que acompa\u00f1\u00f3 a hacer la denuncia a la chica de <strong>Agua Pampas era empleada del lugar y\u00a0<\/strong><b>renunci\u00f3,\u00a0<\/b>y eso habla de la sonoridad del caso, en pensarlo como algo individual o sociol\u00f3gico\u00bb agreg\u00f3.<\/p>\n<p>&nbsp;<\/p>\n<p><strong>Nota completa:<\/strong><\/p>\n<p><iframe loading=\"lazy\" src=\"https:\/\/w.soundcloud.com\/player\/?url=https%3A\/\/api.soundcloud.com\/tracks\/754935406&amp;color=%23ff5500&amp;auto_play=false&amp;hide_related=false&amp;show_comments=true&amp;show_user=true&amp;show_reposts=false&amp;show_teaser=true\" width=\"100%\" height=\"166\" frameborder=\"no\" scrolling=\"no\"><\/iframe><\/p>\n","protected":false},"excerpt":{"rendered":"<p>Sobre los resonantes casos que se hicieron p\u00fablicos en Sierra de la Ventana con un ped\u00f3filo, y en Villa Ventana con un prestador tur\u00edstico que ejerci\u00f3 acoso sexual laboral, invitamos a integrantes del Consejo Municipal de las Mujeres de Tornquist para conocer su mirada sobre estos temas y de qu\u00e9 manera intervinieron en ambos casos. [&hellip;]<\/p>\n","protected":false},"author":3,"featured_media":0,"comment_status":"closed","ping_status":"open","sticky":false,"template":"","format":"standard","meta":{"footnotes":""},"categories":[26],"tags":[],"class_list":["post-38321","post","type-post","status-publish","format-standard","hentry","category-sociedad"],"yoast_head":"<!-- This site is optimized with the Yoast SEO plugin v25.9 - https:\/\/yoast.com\/wordpress\/plugins\/seo\/ -->\n<title>&quot;Este hombre sigue estando en el pueblo, y hay un mont\u00f3n de mujeres que fueron acosadas&quot; - Silvia Zabala - Noticias Radio Reflejos<\/title>\n<meta name=\"robots\" content=\"index, follow, max-snippet:-1, max-image-preview:large, max-video-preview:-1\" \/>\n<link rel=\"canonical\" href=\"https:\/\/www.noticiasradioreflejos.com.ar\/2021\/este-hombre-sigue-estando-en-el-pueblo-y-hay-un-monton-de-mujeres-que-fueron-acosadas-silvia-zabala\/\" \/>\n<meta property=\"og:locale\" content=\"es_ES\" \/>\n<meta property=\"og:type\" content=\"article\" \/>\n<meta property=\"og:title\" content=\"&quot;Este hombre sigue estando en el pueblo, y hay un mont\u00f3n de mujeres que fueron acosadas&quot; - Silvia Zabala - Noticias Radio Reflejos\" \/>\n<meta property=\"og:description\" content=\"Sobre los resonantes casos que se hicieron p\u00fablicos en Sierra de la Ventana con un ped\u00f3filo, y en Villa Ventana con un prestador tur\u00edstico que ejerci\u00f3 acoso sexual laboral, invitamos a integrantes del Consejo Municipal de las Mujeres de Tornquist para conocer su mirada sobre estos temas y de qu\u00e9 manera intervinieron en ambos casos. [&hellip;]\" \/>\n<meta property=\"og:url\" content=\"https:\/\/www.noticiasradioreflejos.com.ar\/2021\/este-hombre-sigue-estando-en-el-pueblo-y-hay-un-monton-de-mujeres-que-fueron-acosadas-silvia-zabala\/\" \/>\n<meta property=\"og:site_name\" content=\"Noticias Radio Reflejos\" \/>\n<meta property=\"article:published_time\" content=\"2020-02-04T21:31:39+00:00\" \/>\n<meta property=\"og:image\" content=\"http:\/\/live.staticflickr.com\/65535\/49489038877_1ab8fc2a2d.jpg\" \/>\n<meta name=\"author\" content=\"Arnaldo Botto\" \/>\n<meta name=\"twitter:card\" content=\"summary_large_image\" \/>\n<script type=\"application\/ld+json\" class=\"yoast-schema-graph\">{\"@context\":\"https:\/\/schema.org\",\"@graph\":[{\"@type\":\"WebPage\",\"@id\":\"https:\/\/www.noticiasradioreflejos.com.ar\/2021\/este-hombre-sigue-estando-en-el-pueblo-y-hay-un-monton-de-mujeres-que-fueron-acosadas-silvia-zabala\/\",\"url\":\"https:\/\/www.noticiasradioreflejos.com.ar\/2021\/este-hombre-sigue-estando-en-el-pueblo-y-hay-un-monton-de-mujeres-que-fueron-acosadas-silvia-zabala\/\",\"name\":\"\\\"Este hombre sigue estando en el pueblo, y hay un mont\u00f3n de mujeres que fueron acosadas\\\" - Silvia Zabala - Noticias Radio Reflejos\",\"isPartOf\":{\"@id\":\"https:\/\/www.noticiasradioreflejos.com.ar\/2021\/#website\"},\"primaryImageOfPage\":{\"@id\":\"https:\/\/www.noticiasradioreflejos.com.ar\/2021\/este-hombre-sigue-estando-en-el-pueblo-y-hay-un-monton-de-mujeres-que-fueron-acosadas-silvia-zabala\/#primaryimage\"},\"image\":{\"@id\":\"https:\/\/www.noticiasradioreflejos.com.ar\/2021\/este-hombre-sigue-estando-en-el-pueblo-y-hay-un-monton-de-mujeres-que-fueron-acosadas-silvia-zabala\/#primaryimage\"},\"thumbnailUrl\":\"http:\/\/live.staticflickr.com\/65535\/49489038877_1ab8fc2a2d.jpg\",\"datePublished\":\"2020-02-04T21:31:39+00:00\",\"author\":{\"@id\":\"https:\/\/www.noticiasradioreflejos.com.ar\/2021\/#\/schema\/person\/ad82545263dcc5ec0996818884fd5fb1\"},\"breadcrumb\":{\"@id\":\"https:\/\/www.noticiasradioreflejos.com.ar\/2021\/este-hombre-sigue-estando-en-el-pueblo-y-hay-un-monton-de-mujeres-que-fueron-acosadas-silvia-zabala\/#breadcrumb\"},\"inLanguage\":\"es\",\"potentialAction\":[{\"@type\":\"ReadAction\",\"target\":[\"https:\/\/www.noticiasradioreflejos.com.ar\/2021\/este-hombre-sigue-estando-en-el-pueblo-y-hay-un-monton-de-mujeres-que-fueron-acosadas-silvia-zabala\/\"]}]},{\"@type\":\"ImageObject\",\"inLanguage\":\"es\",\"@id\":\"https:\/\/www.noticiasradioreflejos.com.ar\/2021\/este-hombre-sigue-estando-en-el-pueblo-y-hay-un-monton-de-mujeres-que-fueron-acosadas-silvia-zabala\/#primaryimage\",\"url\":\"http:\/\/live.staticflickr.com\/65535\/49489038877_1ab8fc2a2d.jpg\",\"contentUrl\":\"http:\/\/live.staticflickr.com\/65535\/49489038877_1ab8fc2a2d.jpg\"},{\"@type\":\"BreadcrumbList\",\"@id\":\"https:\/\/www.noticiasradioreflejos.com.ar\/2021\/este-hombre-sigue-estando-en-el-pueblo-y-hay-un-monton-de-mujeres-que-fueron-acosadas-silvia-zabala\/#breadcrumb\",\"itemListElement\":[{\"@type\":\"ListItem\",\"position\":1,\"name\":\"Portada\",\"item\":\"https:\/\/www.noticiasradioreflejos.com.ar\/2021\/\"},{\"@type\":\"ListItem\",\"position\":2,\"name\":\"\u00abEste hombre sigue estando en el pueblo, y hay un mont\u00f3n de mujeres que fueron acosadas\u00bb &#8211; Silvia Zabala\"}]},{\"@type\":\"WebSite\",\"@id\":\"https:\/\/www.noticiasradioreflejos.com.ar\/2021\/#website\",\"url\":\"https:\/\/www.noticiasradioreflejos.com.ar\/2021\/\",\"name\":\"Noticias Radio Reflejos\",\"description\":\"Las noticias de mi comarca\",\"potentialAction\":[{\"@type\":\"SearchAction\",\"target\":{\"@type\":\"EntryPoint\",\"urlTemplate\":\"https:\/\/www.noticiasradioreflejos.com.ar\/2021\/?s={search_term_string}\"},\"query-input\":{\"@type\":\"PropertyValueSpecification\",\"valueRequired\":true,\"valueName\":\"search_term_string\"}}],\"inLanguage\":\"es\"},{\"@type\":\"Person\",\"@id\":\"https:\/\/www.noticiasradioreflejos.com.ar\/2021\/#\/schema\/person\/ad82545263dcc5ec0996818884fd5fb1\",\"name\":\"Arnaldo Botto\",\"image\":{\"@type\":\"ImageObject\",\"inLanguage\":\"es\",\"@id\":\"https:\/\/www.noticiasradioreflejos.com.ar\/2021\/#\/schema\/person\/image\/\",\"url\":\"https:\/\/secure.gravatar.com\/avatar\/55cb5e37c1efa326397366e6974cb338056df65cb50e7d64d1cf314e87504837?s=96&d=mm&r=g\",\"contentUrl\":\"https:\/\/secure.gravatar.com\/avatar\/55cb5e37c1efa326397366e6974cb338056df65cb50e7d64d1cf314e87504837?s=96&d=mm&r=g\",\"caption\":\"Arnaldo Botto\"},\"url\":\"https:\/\/www.noticiasradioreflejos.com.ar\/2021\/author\/arnaldo\/\"}]}<\/script>\n<!-- \/ Yoast SEO plugin. -->","yoast_head_json":{"title":"\"Este hombre sigue estando en el pueblo, y hay un mont\u00f3n de mujeres que fueron acosadas\" - Silvia Zabala - Noticias Radio Reflejos","robots":{"index":"index","follow":"follow","max-snippet":"max-snippet:-1","max-image-preview":"max-image-preview:large","max-video-preview":"max-video-preview:-1"},"canonical":"https:\/\/www.noticiasradioreflejos.com.ar\/2021\/este-hombre-sigue-estando-en-el-pueblo-y-hay-un-monton-de-mujeres-que-fueron-acosadas-silvia-zabala\/","og_locale":"es_ES","og_type":"article","og_title":"\"Este hombre sigue estando en el pueblo, y hay un mont\u00f3n de mujeres que fueron acosadas\" - Silvia Zabala - Noticias Radio Reflejos","og_description":"Sobre los resonantes casos que se hicieron p\u00fablicos en Sierra de la Ventana con un ped\u00f3filo, y en Villa Ventana con un prestador tur\u00edstico que ejerci\u00f3 acoso sexual laboral, invitamos a integrantes del Consejo Municipal de las Mujeres de Tornquist para conocer su mirada sobre estos temas y de qu\u00e9 manera intervinieron en ambos casos. [&hellip;]","og_url":"https:\/\/www.noticiasradioreflejos.com.ar\/2021\/este-hombre-sigue-estando-en-el-pueblo-y-hay-un-monton-de-mujeres-que-fueron-acosadas-silvia-zabala\/","og_site_name":"Noticias Radio Reflejos","article_published_time":"2020-02-04T21:31:39+00:00","og_image":[{"url":"http:\/\/live.staticflickr.com\/65535\/49489038877_1ab8fc2a2d.jpg","type":"","width":"","height":""}],"author":"Arnaldo Botto","twitter_card":"summary_large_image","schema":{"@context":"https:\/\/schema.org","@graph":[{"@type":"WebPage","@id":"https:\/\/www.noticiasradioreflejos.com.ar\/2021\/este-hombre-sigue-estando-en-el-pueblo-y-hay-un-monton-de-mujeres-que-fueron-acosadas-silvia-zabala\/","url":"https:\/\/www.noticiasradioreflejos.com.ar\/2021\/este-hombre-sigue-estando-en-el-pueblo-y-hay-un-monton-de-mujeres-que-fueron-acosadas-silvia-zabala\/","name":"\"Este hombre sigue estando en el pueblo, y hay un mont\u00f3n de mujeres que fueron acosadas\" - Silvia Zabala - Noticias Radio Reflejos","isPartOf":{"@id":"https:\/\/www.noticiasradioreflejos.com.ar\/2021\/#website"},"primaryImageOfPage":{"@id":"https:\/\/www.noticiasradioreflejos.com.ar\/2021\/este-hombre-sigue-estando-en-el-pueblo-y-hay-un-monton-de-mujeres-que-fueron-acosadas-silvia-zabala\/#primaryimage"},"image":{"@id":"https:\/\/www.noticiasradioreflejos.com.ar\/2021\/este-hombre-sigue-estando-en-el-pueblo-y-hay-un-monton-de-mujeres-que-fueron-acosadas-silvia-zabala\/#primaryimage"},"thumbnailUrl":"http:\/\/live.staticflickr.com\/65535\/49489038877_1ab8fc2a2d.jpg","datePublished":"2020-02-04T21:31:39+00:00","author":{"@id":"https:\/\/www.noticiasradioreflejos.com.ar\/2021\/#\/schema\/person\/ad82545263dcc5ec0996818884fd5fb1"},"breadcrumb":{"@id":"https:\/\/www.noticiasradioreflejos.com.ar\/2021\/este-hombre-sigue-estando-en-el-pueblo-y-hay-un-monton-de-mujeres-que-fueron-acosadas-silvia-zabala\/#breadcrumb"},"inLanguage":"es","potentialAction":[{"@type":"ReadAction","target":["https:\/\/www.noticiasradioreflejos.com.ar\/2021\/este-hombre-sigue-estando-en-el-pueblo-y-hay-un-monton-de-mujeres-que-fueron-acosadas-silvia-zabala\/"]}]},{"@type":"ImageObject","inLanguage":"es","@id":"https:\/\/www.noticiasradioreflejos.com.ar\/2021\/este-hombre-sigue-estando-en-el-pueblo-y-hay-un-monton-de-mujeres-que-fueron-acosadas-silvia-zabala\/#primaryimage","url":"http:\/\/live.staticflickr.com\/65535\/49489038877_1ab8fc2a2d.jpg","contentUrl":"http:\/\/live.staticflickr.com\/65535\/49489038877_1ab8fc2a2d.jpg"},{"@type":"BreadcrumbList","@id":"https:\/\/www.noticiasradioreflejos.com.ar\/2021\/este-hombre-sigue-estando-en-el-pueblo-y-hay-un-monton-de-mujeres-que-fueron-acosadas-silvia-zabala\/#breadcrumb","itemListElement":[{"@type":"ListItem","position":1,"name":"Portada","item":"https:\/\/www.noticiasradioreflejos.com.ar\/2021\/"},{"@type":"ListItem","position":2,"name":"\u00abEste hombre sigue estando en el pueblo, y hay un mont\u00f3n de mujeres que fueron acosadas\u00bb &#8211; Silvia Zabala"}]},{"@type":"WebSite","@id":"https:\/\/www.noticiasradioreflejos.com.ar\/2021\/#website","url":"https:\/\/www.noticiasradioreflejos.com.ar\/2021\/","name":"Noticias Radio Reflejos","description":"Las noticias de mi comarca","potentialAction":[{"@type":"SearchAction","target":{"@type":"EntryPoint","urlTemplate":"https:\/\/www.noticiasradioreflejos.com.ar\/2021\/?s={search_term_string}"},"query-input":{"@type":"PropertyValueSpecification","valueRequired":true,"valueName":"search_term_string"}}],"inLanguage":"es"},{"@type":"Person","@id":"https:\/\/www.noticiasradioreflejos.com.ar\/2021\/#\/schema\/person\/ad82545263dcc5ec0996818884fd5fb1","name":"Arnaldo Botto","image":{"@type":"ImageObject","inLanguage":"es","@id":"https:\/\/www.noticiasradioreflejos.com.ar\/2021\/#\/schema\/person\/image\/","url":"https:\/\/secure.gravatar.com\/avatar\/55cb5e37c1efa326397366e6974cb338056df65cb50e7d64d1cf314e87504837?s=96&d=mm&r=g","contentUrl":"https:\/\/secure.gravatar.com\/avatar\/55cb5e37c1efa326397366e6974cb338056df65cb50e7d64d1cf314e87504837?s=96&d=mm&r=g","caption":"Arnaldo Botto"},"url":"https:\/\/www.noticiasradioreflejos.com.ar\/2021\/author\/arnaldo\/"}]}},"_links":{"self":[{"href":"https:\/\/www.noticiasradioreflejos.com.ar\/2021\/wp-json\/wp\/v2\/posts\/38321","targetHints":{"allow":["GET"]}}],"collection":[{"href":"https:\/\/www.noticiasradioreflejos.com.ar\/2021\/wp-json\/wp\/v2\/posts"}],"about":[{"href":"https:\/\/www.noticiasradioreflejos.com.ar\/2021\/wp-json\/wp\/v2\/types\/post"}],"author":[{"embeddable":true,"href":"https:\/\/www.noticiasradioreflejos.com.ar\/2021\/wp-json\/wp\/v2\/users\/3"}],"replies":[{"embeddable":true,"href":"https:\/\/www.noticiasradioreflejos.com.ar\/2021\/wp-json\/wp\/v2\/comments?post=38321"}],"version-history":[{"count":0,"href":"https:\/\/www.noticiasradioreflejos.com.ar\/2021\/wp-json\/wp\/v2\/posts\/38321\/revisions"}],"wp:attachment":[{"href":"https:\/\/www.noticiasradioreflejos.com.ar\/2021\/wp-json\/wp\/v2\/media?parent=38321"}],"wp:term":[{"taxonomy":"category","embeddable":true,"href":"https:\/\/www.noticiasradioreflejos.com.ar\/2021\/wp-json\/wp\/v2\/categories?post=38321"},{"taxonomy":"post_tag","embeddable":true,"href":"https:\/\/www.noticiasradioreflejos.com.ar\/2021\/wp-json\/wp\/v2\/tags?post=38321"}],"curies":[{"name":"wp","href":"https:\/\/api.w.org\/{rel}","templated":true}]}}