{"id":38304,"date":"2020-02-03T08:04:45","date_gmt":"2020-02-03T11:04:45","guid":{"rendered":"http:\/\/www.noticiasradioreflejos.com.ar\/noticias\/?p=38304"},"modified":"2020-02-03T08:04:45","modified_gmt":"2020-02-03T11:04:45","slug":"paro-y-protestas-de-empleados-bancarios-como-sera-la-atencion-en-las-sucursales","status":"publish","type":"post","link":"https:\/\/www.noticiasradioreflejos.com.ar\/2021\/paro-y-protestas-de-empleados-bancarios-como-sera-la-atencion-en-las-sucursales\/","title":{"rendered":"Paro y protestas de empleados bancarios: c\u00f3mo ser\u00e1 la atenci\u00f3n en las sucursales."},"content":{"rendered":"<p>El sindicato que dirige Sergio Palazzo exige mejores condiciones de seguridad tras el asesinato de un cajero durante un asalto en la sucursal de Isidro Casanova. El resto de las entidades se plegar\u00e1 a la medida de fuerza pero \u00fanicamente por dos horas<!--more--><\/p>\n<p>La Asociaci\u00f3n Bancaria explic\u00f3 que reclam\u00f3 permanentemente por esta situaci\u00f3n y que ahora quieren \u201cuna urgente respuesta de las nuevas autoridades, y una reuni\u00f3n en el \u00e1mbito del Banco Central con las c\u00e1maras empresarias\u201d.<\/p>\n<p>Asimismo, la entidad sindical ratific\u00f3 que en\u00a0el resto de las entidades bancarias se plegar\u00e1n a la medida de fuerza, pero \u00fanicamente durante las dos primeras horas de atenci\u00f3n al p\u00fablico.<\/p>\n<p>En virtud de las asambleas realizadas ayer en distintas sucursales y casa matriz del BNA ante el asesinato del compa\u00f1ero Germ\u00e1n Ch\u00e1vez, y a solicitud de su Comisi\u00f3n Gremial Interna,\u00a0la Asociaci\u00f3n Bancaria extiende en el Banco Naci\u00f3n el paro previsto para el 3 de febrero a toda la jornada de atenci\u00f3n al p\u00fablico en todo el pa\u00eds\u201d, sostuvo la Bancaria a trav\u00e9s de un comunicado.<\/p>\n<p>\u201cPara los bancos no importa la vida humana. Una vez m\u00e1s se comprueba. El compa\u00f1ero Herm\u00e1n Ch\u00e1vez, del Banco Naci\u00f3n, ha sido asesinado en el curso de un asalto a un anexo en Isidro Casanova\u201d, inform\u00f3 el comunicado oficial del gremio.<\/p>\n<p>Esta muerte es consecuencia de la desregulaci\u00f3n de la seguridad bancaria ejecutada por los presidentes del Banco Central durante el macrismo: Federico Sturzenegger, Luis Caputo y Guido Sandleris\u00bb, advirti\u00f3.<\/p>\n<p>La Asociaci\u00f3n Bancaria explic\u00f3 que reclam\u00f3 permanentemente por esta situaci\u00f3n y que ahora quieren \u201cuna urgente respuesta de las nuevas autoridades, y una reuni\u00f3n en el \u00e1mbito del Banco Central con las c\u00e1maras empresarias\u201d.<\/p>\n<p>Una de las reformas en materia de seguridad en las sucursales cuestionada por el gremio se implement\u00f3 en enero de 2017. A trav\u00e9s de la comunicaci\u00f3n A 6182, el Banco Central autoriz\u00f3 a las entidades financieras a reemplazar -en caso de desearlo- las garitas blindadas por un monitoreo por c\u00e1maras conectadas con las comisar\u00edas. La medida significaba un ahorro de los adicionales que hay que pagar a los polic\u00edas armados que ocupaban los castilletes.<\/p>\n<p>Durante el asalto en el que perdi\u00f3 la vida Germ\u00e1n Ch\u00e1vez la sucursal solo contaba con dos efectivos de seguridad privada que no contaban con armas de fuego.<br \/>\n<strong>Fuente Infobae<\/strong><\/p>\n","protected":false},"excerpt":{"rendered":"<p>El sindicato que dirige Sergio Palazzo exige mejores condiciones de seguridad tras el asesinato de un cajero durante un asalto en la sucursal de Isidro Casanova. El resto de las entidades se plegar\u00e1 a la medida de fuerza pero \u00fanicamente por dos horas<\/p>\n","protected":false},"author":3,"featured_media":0,"comment_status":"closed","ping_status":"open","sticky":false,"template":"","format":"standard","meta":{"footnotes":""},"categories":[26],"tags":[],"class_list":["post-38304","post","type-post","status-publish","format-standard","hentry","category-sociedad"],"yoast_head":"<!-- This site is optimized with the Yoast SEO plugin v25.9 - https:\/\/yoast.com\/wordpress\/plugins\/seo\/ -->\n<title>Paro y protestas de empleados bancarios: c\u00f3mo ser\u00e1 la atenci\u00f3n en las sucursales. - Noticias Radio Reflejos<\/title>\n<meta name=\"robots\" content=\"index, follow, max-snippet:-1, max-image-preview:large, max-video-preview:-1\" \/>\n<link rel=\"canonical\" href=\"https:\/\/www.noticiasradioreflejos.com.ar\/2021\/paro-y-protestas-de-empleados-bancarios-como-sera-la-atencion-en-las-sucursales\/\" \/>\n<meta property=\"og:locale\" content=\"es_ES\" \/>\n<meta property=\"og:type\" content=\"article\" \/>\n<meta property=\"og:title\" content=\"Paro y protestas de empleados bancarios: c\u00f3mo ser\u00e1 la atenci\u00f3n en las sucursales. - Noticias Radio Reflejos\" \/>\n<meta property=\"og:description\" content=\"El sindicato que dirige Sergio Palazzo exige mejores condiciones de seguridad tras el asesinato de un cajero durante un asalto en la sucursal de Isidro Casanova. El resto de las entidades se plegar\u00e1 a la medida de fuerza pero \u00fanicamente por dos horas\" \/>\n<meta property=\"og:url\" content=\"https:\/\/www.noticiasradioreflejos.com.ar\/2021\/paro-y-protestas-de-empleados-bancarios-como-sera-la-atencion-en-las-sucursales\/\" \/>\n<meta property=\"og:site_name\" content=\"Noticias Radio Reflejos\" \/>\n<meta property=\"article:published_time\" content=\"2020-02-03T11:04:45+00:00\" \/>\n<meta property=\"og:image\" content=\"https:\/\/www.noticiasradioreflejos.com.ar\/2021\/wp-content\/uploads\/2021\/07\/logosol300x200.png\" \/>\n\t<meta property=\"og:image:width\" content=\"300\" \/>\n\t<meta property=\"og:image:height\" content=\"200\" \/>\n\t<meta property=\"og:image:type\" content=\"image\/png\" \/>\n<meta name=\"author\" content=\"Arnaldo Botto\" \/>\n<meta name=\"twitter:card\" content=\"summary_large_image\" \/>\n<script type=\"application\/ld+json\" class=\"yoast-schema-graph\">{\"@context\":\"https:\/\/schema.org\",\"@graph\":[{\"@type\":\"WebPage\",\"@id\":\"https:\/\/www.noticiasradioreflejos.com.ar\/2021\/paro-y-protestas-de-empleados-bancarios-como-sera-la-atencion-en-las-sucursales\/\",\"url\":\"https:\/\/www.noticiasradioreflejos.com.ar\/2021\/paro-y-protestas-de-empleados-bancarios-como-sera-la-atencion-en-las-sucursales\/\",\"name\":\"Paro y protestas de empleados bancarios: c\u00f3mo ser\u00e1 la atenci\u00f3n en las sucursales. - Noticias Radio Reflejos\",\"isPartOf\":{\"@id\":\"https:\/\/www.noticiasradioreflejos.com.ar\/2021\/#website\"},\"datePublished\":\"2020-02-03T11:04:45+00:00\",\"author\":{\"@id\":\"https:\/\/www.noticiasradioreflejos.com.ar\/2021\/#\/schema\/person\/ad82545263dcc5ec0996818884fd5fb1\"},\"breadcrumb\":{\"@id\":\"https:\/\/www.noticiasradioreflejos.com.ar\/2021\/paro-y-protestas-de-empleados-bancarios-como-sera-la-atencion-en-las-sucursales\/#breadcrumb\"},\"inLanguage\":\"es\",\"potentialAction\":[{\"@type\":\"ReadAction\",\"target\":[\"https:\/\/www.noticiasradioreflejos.com.ar\/2021\/paro-y-protestas-de-empleados-bancarios-como-sera-la-atencion-en-las-sucursales\/\"]}]},{\"@type\":\"BreadcrumbList\",\"@id\":\"https:\/\/www.noticiasradioreflejos.com.ar\/2021\/paro-y-protestas-de-empleados-bancarios-como-sera-la-atencion-en-las-sucursales\/#breadcrumb\",\"itemListElement\":[{\"@type\":\"ListItem\",\"position\":1,\"name\":\"Portada\",\"item\":\"https:\/\/www.noticiasradioreflejos.com.ar\/2021\/\"},{\"@type\":\"ListItem\",\"position\":2,\"name\":\"Paro y protestas de empleados bancarios: c\u00f3mo ser\u00e1 la atenci\u00f3n en las sucursales.\"}]},{\"@type\":\"WebSite\",\"@id\":\"https:\/\/www.noticiasradioreflejos.com.ar\/2021\/#website\",\"url\":\"https:\/\/www.noticiasradioreflejos.com.ar\/2021\/\",\"name\":\"Noticias Radio Reflejos\",\"description\":\"Las noticias de mi comarca\",\"potentialAction\":[{\"@type\":\"SearchAction\",\"target\":{\"@type\":\"EntryPoint\",\"urlTemplate\":\"https:\/\/www.noticiasradioreflejos.com.ar\/2021\/?s={search_term_string}\"},\"query-input\":{\"@type\":\"PropertyValueSpecification\",\"valueRequired\":true,\"valueName\":\"search_term_string\"}}],\"inLanguage\":\"es\"},{\"@type\":\"Person\",\"@id\":\"https:\/\/www.noticiasradioreflejos.com.ar\/2021\/#\/schema\/person\/ad82545263dcc5ec0996818884fd5fb1\",\"name\":\"Arnaldo Botto\",\"image\":{\"@type\":\"ImageObject\",\"inLanguage\":\"es\",\"@id\":\"https:\/\/www.noticiasradioreflejos.com.ar\/2021\/#\/schema\/person\/image\/\",\"url\":\"https:\/\/secure.gravatar.com\/avatar\/55cb5e37c1efa326397366e6974cb338056df65cb50e7d64d1cf314e87504837?s=96&d=mm&r=g\",\"contentUrl\":\"https:\/\/secure.gravatar.com\/avatar\/55cb5e37c1efa326397366e6974cb338056df65cb50e7d64d1cf314e87504837?s=96&d=mm&r=g\",\"caption\":\"Arnaldo Botto\"},\"url\":\"https:\/\/www.noticiasradioreflejos.com.ar\/2021\/author\/arnaldo\/\"}]}<\/script>\n<!-- \/ Yoast SEO plugin. -->","yoast_head_json":{"title":"Paro y protestas de empleados bancarios: c\u00f3mo ser\u00e1 la atenci\u00f3n en las sucursales. - Noticias Radio Reflejos","robots":{"index":"index","follow":"follow","max-snippet":"max-snippet:-1","max-image-preview":"max-image-preview:large","max-video-preview":"max-video-preview:-1"},"canonical":"https:\/\/www.noticiasradioreflejos.com.ar\/2021\/paro-y-protestas-de-empleados-bancarios-como-sera-la-atencion-en-las-sucursales\/","og_locale":"es_ES","og_type":"article","og_title":"Paro y protestas de empleados bancarios: c\u00f3mo ser\u00e1 la atenci\u00f3n en las sucursales. - Noticias Radio Reflejos","og_description":"El sindicato que dirige Sergio Palazzo exige mejores condiciones de seguridad tras el asesinato de un cajero durante un asalto en la sucursal de Isidro Casanova. El resto de las entidades se plegar\u00e1 a la medida de fuerza pero \u00fanicamente por dos horas","og_url":"https:\/\/www.noticiasradioreflejos.com.ar\/2021\/paro-y-protestas-de-empleados-bancarios-como-sera-la-atencion-en-las-sucursales\/","og_site_name":"Noticias Radio Reflejos","article_published_time":"2020-02-03T11:04:45+00:00","og_image":[{"width":300,"height":200,"url":"https:\/\/www.noticiasradioreflejos.com.ar\/2021\/wp-content\/uploads\/2021\/07\/logosol300x200.png","type":"image\/png"}],"author":"Arnaldo Botto","twitter_card":"summary_large_image","schema":{"@context":"https:\/\/schema.org","@graph":[{"@type":"WebPage","@id":"https:\/\/www.noticiasradioreflejos.com.ar\/2021\/paro-y-protestas-de-empleados-bancarios-como-sera-la-atencion-en-las-sucursales\/","url":"https:\/\/www.noticiasradioreflejos.com.ar\/2021\/paro-y-protestas-de-empleados-bancarios-como-sera-la-atencion-en-las-sucursales\/","name":"Paro y protestas de empleados bancarios: c\u00f3mo ser\u00e1 la atenci\u00f3n en las sucursales. - Noticias Radio Reflejos","isPartOf":{"@id":"https:\/\/www.noticiasradioreflejos.com.ar\/2021\/#website"},"datePublished":"2020-02-03T11:04:45+00:00","author":{"@id":"https:\/\/www.noticiasradioreflejos.com.ar\/2021\/#\/schema\/person\/ad82545263dcc5ec0996818884fd5fb1"},"breadcrumb":{"@id":"https:\/\/www.noticiasradioreflejos.com.ar\/2021\/paro-y-protestas-de-empleados-bancarios-como-sera-la-atencion-en-las-sucursales\/#breadcrumb"},"inLanguage":"es","potentialAction":[{"@type":"ReadAction","target":["https:\/\/www.noticiasradioreflejos.com.ar\/2021\/paro-y-protestas-de-empleados-bancarios-como-sera-la-atencion-en-las-sucursales\/"]}]},{"@type":"BreadcrumbList","@id":"https:\/\/www.noticiasradioreflejos.com.ar\/2021\/paro-y-protestas-de-empleados-bancarios-como-sera-la-atencion-en-las-sucursales\/#breadcrumb","itemListElement":[{"@type":"ListItem","position":1,"name":"Portada","item":"https:\/\/www.noticiasradioreflejos.com.ar\/2021\/"},{"@type":"ListItem","position":2,"name":"Paro y protestas de empleados bancarios: c\u00f3mo ser\u00e1 la atenci\u00f3n en las sucursales."}]},{"@type":"WebSite","@id":"https:\/\/www.noticiasradioreflejos.com.ar\/2021\/#website","url":"https:\/\/www.noticiasradioreflejos.com.ar\/2021\/","name":"Noticias Radio Reflejos","description":"Las noticias de mi comarca","potentialAction":[{"@type":"SearchAction","target":{"@type":"EntryPoint","urlTemplate":"https:\/\/www.noticiasradioreflejos.com.ar\/2021\/?s={search_term_string}"},"query-input":{"@type":"PropertyValueSpecification","valueRequired":true,"valueName":"search_term_string"}}],"inLanguage":"es"},{"@type":"Person","@id":"https:\/\/www.noticiasradioreflejos.com.ar\/2021\/#\/schema\/person\/ad82545263dcc5ec0996818884fd5fb1","name":"Arnaldo Botto","image":{"@type":"ImageObject","inLanguage":"es","@id":"https:\/\/www.noticiasradioreflejos.com.ar\/2021\/#\/schema\/person\/image\/","url":"https:\/\/secure.gravatar.com\/avatar\/55cb5e37c1efa326397366e6974cb338056df65cb50e7d64d1cf314e87504837?s=96&d=mm&r=g","contentUrl":"https:\/\/secure.gravatar.com\/avatar\/55cb5e37c1efa326397366e6974cb338056df65cb50e7d64d1cf314e87504837?s=96&d=mm&r=g","caption":"Arnaldo Botto"},"url":"https:\/\/www.noticiasradioreflejos.com.ar\/2021\/author\/arnaldo\/"}]}},"_links":{"self":[{"href":"https:\/\/www.noticiasradioreflejos.com.ar\/2021\/wp-json\/wp\/v2\/posts\/38304","targetHints":{"allow":["GET"]}}],"collection":[{"href":"https:\/\/www.noticiasradioreflejos.com.ar\/2021\/wp-json\/wp\/v2\/posts"}],"about":[{"href":"https:\/\/www.noticiasradioreflejos.com.ar\/2021\/wp-json\/wp\/v2\/types\/post"}],"author":[{"embeddable":true,"href":"https:\/\/www.noticiasradioreflejos.com.ar\/2021\/wp-json\/wp\/v2\/users\/3"}],"replies":[{"embeddable":true,"href":"https:\/\/www.noticiasradioreflejos.com.ar\/2021\/wp-json\/wp\/v2\/comments?post=38304"}],"version-history":[{"count":0,"href":"https:\/\/www.noticiasradioreflejos.com.ar\/2021\/wp-json\/wp\/v2\/posts\/38304\/revisions"}],"wp:attachment":[{"href":"https:\/\/www.noticiasradioreflejos.com.ar\/2021\/wp-json\/wp\/v2\/media?parent=38304"}],"wp:term":[{"taxonomy":"category","embeddable":true,"href":"https:\/\/www.noticiasradioreflejos.com.ar\/2021\/wp-json\/wp\/v2\/categories?post=38304"},{"taxonomy":"post_tag","embeddable":true,"href":"https:\/\/www.noticiasradioreflejos.com.ar\/2021\/wp-json\/wp\/v2\/tags?post=38304"}],"curies":[{"name":"wp","href":"https:\/\/api.w.org\/{rel}","templated":true}]}}