{"id":38199,"date":"2020-01-29T08:16:01","date_gmt":"2020-01-29T11:16:01","guid":{"rendered":"http:\/\/www.noticiasradioreflejos.com.ar\/noticias\/?p=38199"},"modified":"2020-01-29T08:16:01","modified_gmt":"2020-01-29T11:16:01","slug":"tormenta-de-viento-y-lluvia-paso-por-la-zona-serrana","status":"publish","type":"post","link":"https:\/\/www.noticiasradioreflejos.com.ar\/2021\/tormenta-de-viento-y-lluvia-paso-por-la-zona-serrana\/","title":{"rendered":"Tormenta de viento y lluvia pas\u00f3 por la zona serrana."},"content":{"rendered":"<p>Una tormenta con viento fuerte y un chaparr\u00f3n de 10 mm se hicieron presentes en la tarde del martes en Sierra de la Ventana. <!--more--><\/p>\n<p>Una jornada de calor con una t\u00e9rmica que alcanz\u00f3 los 35,7\u00b0, fue la de este martes 28 de enero, con cielos mayormente nublados, hasta que cerca dela 19 hs, comenz\u00f3 a precipitar en forma abundante y en un corto per\u00edodo de tiempo. En la zona urbana se registraron 10 mm.<br \/>\nPara hoy mi\u00e9rcoles se esperan cielos cubiertos con vientos suaves a moderados del sur, la m\u00e1xima llegar\u00eda a los 27\u00b0, a partir de ma\u00f1ana, un fuerte ascenso de temperatura llegar\u00e1 a la zona con m\u00e1ximas de 40\u00b0 para s\u00e1bado y domingo y tiempo inestable, probables chaparrones para el s\u00e1bado a la tarde y noche y abundante ca\u00edda de agua para el d\u00eda lunes.<\/p>\n<p><strong>Totales de lluvias <\/strong><br \/>\n10 mm en Sierra de la Ventana<br \/>\n8 mm en Calqu\u00edn<br \/>\n10.3 mm en Villa Ventana<br \/>\n13 mm en el Cerro Ventana<br \/>\n11 mm en Cerro Napost\u00e1 Oeste<br \/>\n4 mm en Tornquist<br \/>\n3 mm en Funke<br \/>\n9.7 mm en El Pantanoso<br \/>\n10.4 mm en Cura Malal<br \/>\n22.8 mm en Dufaur<br \/>\n9.8 mm en Cnel Pringles<br \/>\n10 mm en Pje La Paloma (Cnel Pringles)<br \/>\n6.1 mm en Cnel Dorrego<br \/>\n24 mm en San Eloy<br \/>\n15 mm en Cnel Suarez<br \/>\n22 mm en Huanguelen<br \/>\n15 mm en Pig\u00fce<br \/>\n3.6 mm en Monte Hermoso<br \/>\n2.8 mm en Punta Alta<br \/>\n2.5 mm en Cabildo<br \/>\n3.2 mm en Bajo Hondo<\/p>\n<p>Foto de portada de<strong> Franco Scialpi<\/strong><\/p>\n","protected":false},"excerpt":{"rendered":"<p>Una tormenta con viento fuerte y un chaparr\u00f3n de 10 mm se hicieron presentes en la tarde del martes en Sierra de la Ventana.<\/p>\n","protected":false},"author":3,"featured_media":0,"comment_status":"closed","ping_status":"open","sticky":false,"template":"","format":"standard","meta":{"footnotes":""},"categories":[26],"tags":[],"class_list":["post-38199","post","type-post","status-publish","format-standard","hentry","category-sociedad"],"yoast_head":"<!-- This site is optimized with the Yoast SEO plugin v25.9 - https:\/\/yoast.com\/wordpress\/plugins\/seo\/ -->\n<title>Tormenta de viento y lluvia pas\u00f3 por la zona serrana. - Noticias Radio Reflejos<\/title>\n<meta name=\"robots\" content=\"index, follow, max-snippet:-1, max-image-preview:large, max-video-preview:-1\" \/>\n<link rel=\"canonical\" href=\"https:\/\/www.noticiasradioreflejos.com.ar\/2021\/tormenta-de-viento-y-lluvia-paso-por-la-zona-serrana\/\" \/>\n<meta property=\"og:locale\" content=\"es_ES\" \/>\n<meta property=\"og:type\" content=\"article\" \/>\n<meta property=\"og:title\" content=\"Tormenta de viento y lluvia pas\u00f3 por la zona serrana. - Noticias Radio Reflejos\" \/>\n<meta property=\"og:description\" content=\"Una tormenta con viento fuerte y un chaparr\u00f3n de 10 mm se hicieron presentes en la tarde del martes en Sierra de la Ventana.\" \/>\n<meta property=\"og:url\" content=\"https:\/\/www.noticiasradioreflejos.com.ar\/2021\/tormenta-de-viento-y-lluvia-paso-por-la-zona-serrana\/\" \/>\n<meta property=\"og:site_name\" content=\"Noticias Radio Reflejos\" \/>\n<meta property=\"article:published_time\" content=\"2020-01-29T11:16:01+00:00\" \/>\n<meta property=\"og:image\" content=\"https:\/\/www.noticiasradioreflejos.com.ar\/2021\/wp-content\/uploads\/2021\/07\/logosol300x200.png\" \/>\n\t<meta property=\"og:image:width\" content=\"300\" \/>\n\t<meta property=\"og:image:height\" content=\"200\" \/>\n\t<meta property=\"og:image:type\" content=\"image\/png\" \/>\n<meta name=\"author\" content=\"Arnaldo Botto\" \/>\n<meta name=\"twitter:card\" content=\"summary_large_image\" \/>\n<script type=\"application\/ld+json\" class=\"yoast-schema-graph\">{\"@context\":\"https:\/\/schema.org\",\"@graph\":[{\"@type\":\"WebPage\",\"@id\":\"https:\/\/www.noticiasradioreflejos.com.ar\/2021\/tormenta-de-viento-y-lluvia-paso-por-la-zona-serrana\/\",\"url\":\"https:\/\/www.noticiasradioreflejos.com.ar\/2021\/tormenta-de-viento-y-lluvia-paso-por-la-zona-serrana\/\",\"name\":\"Tormenta de viento y lluvia pas\u00f3 por la zona serrana. - Noticias Radio Reflejos\",\"isPartOf\":{\"@id\":\"https:\/\/www.noticiasradioreflejos.com.ar\/2021\/#website\"},\"datePublished\":\"2020-01-29T11:16:01+00:00\",\"author\":{\"@id\":\"https:\/\/www.noticiasradioreflejos.com.ar\/2021\/#\/schema\/person\/ad82545263dcc5ec0996818884fd5fb1\"},\"breadcrumb\":{\"@id\":\"https:\/\/www.noticiasradioreflejos.com.ar\/2021\/tormenta-de-viento-y-lluvia-paso-por-la-zona-serrana\/#breadcrumb\"},\"inLanguage\":\"es\",\"potentialAction\":[{\"@type\":\"ReadAction\",\"target\":[\"https:\/\/www.noticiasradioreflejos.com.ar\/2021\/tormenta-de-viento-y-lluvia-paso-por-la-zona-serrana\/\"]}]},{\"@type\":\"BreadcrumbList\",\"@id\":\"https:\/\/www.noticiasradioreflejos.com.ar\/2021\/tormenta-de-viento-y-lluvia-paso-por-la-zona-serrana\/#breadcrumb\",\"itemListElement\":[{\"@type\":\"ListItem\",\"position\":1,\"name\":\"Portada\",\"item\":\"https:\/\/www.noticiasradioreflejos.com.ar\/2021\/\"},{\"@type\":\"ListItem\",\"position\":2,\"name\":\"Tormenta de viento y lluvia pas\u00f3 por la zona serrana.\"}]},{\"@type\":\"WebSite\",\"@id\":\"https:\/\/www.noticiasradioreflejos.com.ar\/2021\/#website\",\"url\":\"https:\/\/www.noticiasradioreflejos.com.ar\/2021\/\",\"name\":\"Noticias Radio Reflejos\",\"description\":\"Las noticias de mi comarca\",\"potentialAction\":[{\"@type\":\"SearchAction\",\"target\":{\"@type\":\"EntryPoint\",\"urlTemplate\":\"https:\/\/www.noticiasradioreflejos.com.ar\/2021\/?s={search_term_string}\"},\"query-input\":{\"@type\":\"PropertyValueSpecification\",\"valueRequired\":true,\"valueName\":\"search_term_string\"}}],\"inLanguage\":\"es\"},{\"@type\":\"Person\",\"@id\":\"https:\/\/www.noticiasradioreflejos.com.ar\/2021\/#\/schema\/person\/ad82545263dcc5ec0996818884fd5fb1\",\"name\":\"Arnaldo Botto\",\"image\":{\"@type\":\"ImageObject\",\"inLanguage\":\"es\",\"@id\":\"https:\/\/www.noticiasradioreflejos.com.ar\/2021\/#\/schema\/person\/image\/\",\"url\":\"https:\/\/secure.gravatar.com\/avatar\/55cb5e37c1efa326397366e6974cb338056df65cb50e7d64d1cf314e87504837?s=96&d=mm&r=g\",\"contentUrl\":\"https:\/\/secure.gravatar.com\/avatar\/55cb5e37c1efa326397366e6974cb338056df65cb50e7d64d1cf314e87504837?s=96&d=mm&r=g\",\"caption\":\"Arnaldo Botto\"},\"url\":\"https:\/\/www.noticiasradioreflejos.com.ar\/2021\/author\/arnaldo\/\"}]}<\/script>\n<!-- \/ Yoast SEO plugin. -->","yoast_head_json":{"title":"Tormenta de viento y lluvia pas\u00f3 por la zona serrana. - Noticias Radio Reflejos","robots":{"index":"index","follow":"follow","max-snippet":"max-snippet:-1","max-image-preview":"max-image-preview:large","max-video-preview":"max-video-preview:-1"},"canonical":"https:\/\/www.noticiasradioreflejos.com.ar\/2021\/tormenta-de-viento-y-lluvia-paso-por-la-zona-serrana\/","og_locale":"es_ES","og_type":"article","og_title":"Tormenta de viento y lluvia pas\u00f3 por la zona serrana. - Noticias Radio Reflejos","og_description":"Una tormenta con viento fuerte y un chaparr\u00f3n de 10 mm se hicieron presentes en la tarde del martes en Sierra de la Ventana.","og_url":"https:\/\/www.noticiasradioreflejos.com.ar\/2021\/tormenta-de-viento-y-lluvia-paso-por-la-zona-serrana\/","og_site_name":"Noticias Radio Reflejos","article_published_time":"2020-01-29T11:16:01+00:00","og_image":[{"width":300,"height":200,"url":"https:\/\/www.noticiasradioreflejos.com.ar\/2021\/wp-content\/uploads\/2021\/07\/logosol300x200.png","type":"image\/png"}],"author":"Arnaldo Botto","twitter_card":"summary_large_image","schema":{"@context":"https:\/\/schema.org","@graph":[{"@type":"WebPage","@id":"https:\/\/www.noticiasradioreflejos.com.ar\/2021\/tormenta-de-viento-y-lluvia-paso-por-la-zona-serrana\/","url":"https:\/\/www.noticiasradioreflejos.com.ar\/2021\/tormenta-de-viento-y-lluvia-paso-por-la-zona-serrana\/","name":"Tormenta de viento y lluvia pas\u00f3 por la zona serrana. - Noticias Radio Reflejos","isPartOf":{"@id":"https:\/\/www.noticiasradioreflejos.com.ar\/2021\/#website"},"datePublished":"2020-01-29T11:16:01+00:00","author":{"@id":"https:\/\/www.noticiasradioreflejos.com.ar\/2021\/#\/schema\/person\/ad82545263dcc5ec0996818884fd5fb1"},"breadcrumb":{"@id":"https:\/\/www.noticiasradioreflejos.com.ar\/2021\/tormenta-de-viento-y-lluvia-paso-por-la-zona-serrana\/#breadcrumb"},"inLanguage":"es","potentialAction":[{"@type":"ReadAction","target":["https:\/\/www.noticiasradioreflejos.com.ar\/2021\/tormenta-de-viento-y-lluvia-paso-por-la-zona-serrana\/"]}]},{"@type":"BreadcrumbList","@id":"https:\/\/www.noticiasradioreflejos.com.ar\/2021\/tormenta-de-viento-y-lluvia-paso-por-la-zona-serrana\/#breadcrumb","itemListElement":[{"@type":"ListItem","position":1,"name":"Portada","item":"https:\/\/www.noticiasradioreflejos.com.ar\/2021\/"},{"@type":"ListItem","position":2,"name":"Tormenta de viento y lluvia pas\u00f3 por la zona serrana."}]},{"@type":"WebSite","@id":"https:\/\/www.noticiasradioreflejos.com.ar\/2021\/#website","url":"https:\/\/www.noticiasradioreflejos.com.ar\/2021\/","name":"Noticias Radio Reflejos","description":"Las noticias de mi comarca","potentialAction":[{"@type":"SearchAction","target":{"@type":"EntryPoint","urlTemplate":"https:\/\/www.noticiasradioreflejos.com.ar\/2021\/?s={search_term_string}"},"query-input":{"@type":"PropertyValueSpecification","valueRequired":true,"valueName":"search_term_string"}}],"inLanguage":"es"},{"@type":"Person","@id":"https:\/\/www.noticiasradioreflejos.com.ar\/2021\/#\/schema\/person\/ad82545263dcc5ec0996818884fd5fb1","name":"Arnaldo Botto","image":{"@type":"ImageObject","inLanguage":"es","@id":"https:\/\/www.noticiasradioreflejos.com.ar\/2021\/#\/schema\/person\/image\/","url":"https:\/\/secure.gravatar.com\/avatar\/55cb5e37c1efa326397366e6974cb338056df65cb50e7d64d1cf314e87504837?s=96&d=mm&r=g","contentUrl":"https:\/\/secure.gravatar.com\/avatar\/55cb5e37c1efa326397366e6974cb338056df65cb50e7d64d1cf314e87504837?s=96&d=mm&r=g","caption":"Arnaldo Botto"},"url":"https:\/\/www.noticiasradioreflejos.com.ar\/2021\/author\/arnaldo\/"}]}},"_links":{"self":[{"href":"https:\/\/www.noticiasradioreflejos.com.ar\/2021\/wp-json\/wp\/v2\/posts\/38199","targetHints":{"allow":["GET"]}}],"collection":[{"href":"https:\/\/www.noticiasradioreflejos.com.ar\/2021\/wp-json\/wp\/v2\/posts"}],"about":[{"href":"https:\/\/www.noticiasradioreflejos.com.ar\/2021\/wp-json\/wp\/v2\/types\/post"}],"author":[{"embeddable":true,"href":"https:\/\/www.noticiasradioreflejos.com.ar\/2021\/wp-json\/wp\/v2\/users\/3"}],"replies":[{"embeddable":true,"href":"https:\/\/www.noticiasradioreflejos.com.ar\/2021\/wp-json\/wp\/v2\/comments?post=38199"}],"version-history":[{"count":0,"href":"https:\/\/www.noticiasradioreflejos.com.ar\/2021\/wp-json\/wp\/v2\/posts\/38199\/revisions"}],"wp:attachment":[{"href":"https:\/\/www.noticiasradioreflejos.com.ar\/2021\/wp-json\/wp\/v2\/media?parent=38199"}],"wp:term":[{"taxonomy":"category","embeddable":true,"href":"https:\/\/www.noticiasradioreflejos.com.ar\/2021\/wp-json\/wp\/v2\/categories?post=38199"},{"taxonomy":"post_tag","embeddable":true,"href":"https:\/\/www.noticiasradioreflejos.com.ar\/2021\/wp-json\/wp\/v2\/tags?post=38199"}],"curies":[{"name":"wp","href":"https:\/\/api.w.org\/{rel}","templated":true}]}}