{"id":38191,"date":"2020-01-28T19:16:53","date_gmt":"2020-01-28T22:16:53","guid":{"rendered":"http:\/\/www.noticiasradioreflejos.com.ar\/noticias\/?p=38191"},"modified":"2020-01-28T19:16:53","modified_gmt":"2020-01-28T22:16:53","slug":"jubilados-y-pensionados-pueden-nombrar-un-apoderado-para-tramitar-y-percibir-haberes","status":"publish","type":"post","link":"https:\/\/www.noticiasradioreflejos.com.ar\/2021\/jubilados-y-pensionados-pueden-nombrar-un-apoderado-para-tramitar-y-percibir-haberes\/","title":{"rendered":"Jubilados y pensionados pueden nombrar un apoderado para tramitar y percibir haberes."},"content":{"rendered":"<p>La gesti\u00f3n se realiza en las oficinas de la ANSES sin turno previo siempre que la persona a designar sea un familiar, sino, debe obtenerse fecha y hora desde la web del organismo o comunic\u00e1ndose al 130 (gratuito desde l\u00edneas fijas).<!--more--><\/p>\n<p>Los jubilados y pensionados que necesitan nombrar a un apoderado pueden hacerlo tanto para realizar tr\u00e1mites en su nombre ante la ANSES, como para percibir sus haberes todos los meses en la entidad bancaria. La gesti\u00f3n se efect\u00faa en las oficinas del organismo previsional sin turno previo si la persona a designar es un familiar; caso contrario, debe obtenerse fecha y hora desde www.anses.gob.ar o llamando al 130, gratuito desde l\u00edneas fijas. Cabe recordar que el representante para percibir tendr\u00e1 que estar registrado en el sistema de identificaci\u00f3n biom\u00e9trica Mi Huella antes de llevar a cabo la gesti\u00f3n. Asimismo, el beneficiario podr\u00e1 tener un apoderado para tramitar y otro distinto para cobrar.<\/p>\n<p>C\u00f3mo realizar el tr\u00e1mite<br \/>\nEn el caso de designar a una persona f\u00edsica para tramitar y para percibir, se deber\u00e1n presentar en la oficina de la ANSES el titular y su apoderado (con DNI original y copia, m\u00e1s el \u00faltimo recibo de cobro) y completar juntos el formulario PS 6.4 Carta Poder, que ser\u00e1 certificado por un agente del organismo.<br \/>\nDe no concurrir en forma conjunta el poderdante y el representante designado, se deber\u00e1 presentar el formulario PS 6.4 Carta Poder debidamente cumplimentado y certificado por autoridad competente, o bien, un poder otorgado por Escritura P\u00fablica.<br \/>\nPodr\u00e1 certificar la firma del titular o representante en el formulario PS 6.4, autoridad previsional, judicial, policial o consular competente, escribano, funcionarios autorizados del Registro Civil y Capacidad de las Personas, director o administrador de hospital, sanatorio o establecimiento similar en el que se encuentre internado el titular. <\/p>\n<p>A qui\u00e9nes se puede conceder el poder<br \/>\nTanto para tramitar como para percibir se puede nombrar a familiares (c\u00f3nyuge, conviviente, hijos, nietos, bisnietos, t\u00edos, primos, hermanos, sobrinos, yernos, nueras, padrastros, suegros, hijastros, cu\u00f1ados), tutores o curadores, abogados o procuradores (en estos casos solo por medio de poder ante escribano p\u00fablico).<\/p>\n<p>\u00b7         Solo para tramitar a representantes diplom\u00e1ticos o consulares y gestores registrados en la ANSES.<\/p>\n<p>\u00b7         Solo para percibir a entidades p\u00fablicas nacionales, provinciales o municipales, instituciones bancarias, mutuales e instituciones de asistencia social debidamente registradas, directores o administradores de hospitales, sanatorios, asilos o establecimientos similares de car\u00e1cter p\u00fablico o privado que cuenten con autorizaci\u00f3n para funcionar o de funcionarios de estos establecimientos en los que se encuentran internados los beneficiarios y cualquier persona, sin parentesco con el titular, si el titular acredita con certificado m\u00e9dico imposibilidad de movilizarse.<\/p>\n<p>Poder a entidad bancaria para quienes viven en el exterior<\/p>\n<p>El banco elegido deber\u00e1 completar el formulario PS 6.4 Carta Poder por triplicado aceptando ser apoderado. Posteriormente, el titular los deber\u00e1 presentar en la ANSES para su aceptaci\u00f3n y firma, devolviendo uno al banco para asentar su oficializaci\u00f3n. Las entidades habilitadas son: Banco de la Naci\u00f3n Argentina, Banco de la Ciudad de Buenos Aires, Patagonia S.A., Credicoop Cooperativo Ltdo., Banco Piano S.A., Banco Comafi S.A. y Banco Ita\u00fa Argentina S.A.<\/p>\n","protected":false},"excerpt":{"rendered":"<p>La gesti\u00f3n se realiza en las oficinas de la ANSES sin turno previo siempre que la persona a designar sea un familiar, sino, debe obtenerse fecha y hora desde la web del organismo o comunic\u00e1ndose al 130 (gratuito desde l\u00edneas fijas).<\/p>\n","protected":false},"author":3,"featured_media":0,"comment_status":"closed","ping_status":"open","sticky":false,"template":"","format":"standard","meta":{"footnotes":""},"categories":[26],"tags":[],"class_list":["post-38191","post","type-post","status-publish","format-standard","hentry","category-sociedad"],"yoast_head":"<!-- This site is optimized with the Yoast SEO plugin v25.9 - https:\/\/yoast.com\/wordpress\/plugins\/seo\/ -->\n<title>Jubilados y pensionados pueden nombrar un apoderado para tramitar y percibir haberes. - Noticias Radio Reflejos<\/title>\n<meta name=\"robots\" content=\"index, follow, max-snippet:-1, max-image-preview:large, max-video-preview:-1\" \/>\n<link rel=\"canonical\" href=\"https:\/\/www.noticiasradioreflejos.com.ar\/2021\/jubilados-y-pensionados-pueden-nombrar-un-apoderado-para-tramitar-y-percibir-haberes\/\" \/>\n<meta property=\"og:locale\" content=\"es_ES\" \/>\n<meta property=\"og:type\" content=\"article\" \/>\n<meta property=\"og:title\" content=\"Jubilados y pensionados pueden nombrar un apoderado para tramitar y percibir haberes. - Noticias Radio Reflejos\" \/>\n<meta property=\"og:description\" content=\"La gesti\u00f3n se realiza en las oficinas de la ANSES sin turno previo siempre que la persona a designar sea un familiar, sino, debe obtenerse fecha y hora desde la web del organismo o comunic\u00e1ndose al 130 (gratuito desde l\u00edneas fijas).\" \/>\n<meta property=\"og:url\" content=\"https:\/\/www.noticiasradioreflejos.com.ar\/2021\/jubilados-y-pensionados-pueden-nombrar-un-apoderado-para-tramitar-y-percibir-haberes\/\" \/>\n<meta property=\"og:site_name\" content=\"Noticias Radio Reflejos\" \/>\n<meta property=\"article:published_time\" content=\"2020-01-28T22:16:53+00:00\" \/>\n<meta property=\"og:image\" content=\"https:\/\/www.noticiasradioreflejos.com.ar\/2021\/wp-content\/uploads\/2021\/07\/logosol300x200.png\" \/>\n\t<meta property=\"og:image:width\" content=\"300\" \/>\n\t<meta property=\"og:image:height\" content=\"200\" \/>\n\t<meta property=\"og:image:type\" content=\"image\/png\" \/>\n<meta name=\"author\" content=\"Arnaldo Botto\" \/>\n<meta name=\"twitter:card\" content=\"summary_large_image\" \/>\n<script type=\"application\/ld+json\" class=\"yoast-schema-graph\">{\"@context\":\"https:\/\/schema.org\",\"@graph\":[{\"@type\":\"WebPage\",\"@id\":\"https:\/\/www.noticiasradioreflejos.com.ar\/2021\/jubilados-y-pensionados-pueden-nombrar-un-apoderado-para-tramitar-y-percibir-haberes\/\",\"url\":\"https:\/\/www.noticiasradioreflejos.com.ar\/2021\/jubilados-y-pensionados-pueden-nombrar-un-apoderado-para-tramitar-y-percibir-haberes\/\",\"name\":\"Jubilados y pensionados pueden nombrar un apoderado para tramitar y percibir haberes. - Noticias Radio Reflejos\",\"isPartOf\":{\"@id\":\"https:\/\/www.noticiasradioreflejos.com.ar\/2021\/#website\"},\"datePublished\":\"2020-01-28T22:16:53+00:00\",\"author\":{\"@id\":\"https:\/\/www.noticiasradioreflejos.com.ar\/2021\/#\/schema\/person\/ad82545263dcc5ec0996818884fd5fb1\"},\"breadcrumb\":{\"@id\":\"https:\/\/www.noticiasradioreflejos.com.ar\/2021\/jubilados-y-pensionados-pueden-nombrar-un-apoderado-para-tramitar-y-percibir-haberes\/#breadcrumb\"},\"inLanguage\":\"es\",\"potentialAction\":[{\"@type\":\"ReadAction\",\"target\":[\"https:\/\/www.noticiasradioreflejos.com.ar\/2021\/jubilados-y-pensionados-pueden-nombrar-un-apoderado-para-tramitar-y-percibir-haberes\/\"]}]},{\"@type\":\"BreadcrumbList\",\"@id\":\"https:\/\/www.noticiasradioreflejos.com.ar\/2021\/jubilados-y-pensionados-pueden-nombrar-un-apoderado-para-tramitar-y-percibir-haberes\/#breadcrumb\",\"itemListElement\":[{\"@type\":\"ListItem\",\"position\":1,\"name\":\"Portada\",\"item\":\"https:\/\/www.noticiasradioreflejos.com.ar\/2021\/\"},{\"@type\":\"ListItem\",\"position\":2,\"name\":\"Jubilados y pensionados pueden nombrar un apoderado para tramitar y percibir haberes.\"}]},{\"@type\":\"WebSite\",\"@id\":\"https:\/\/www.noticiasradioreflejos.com.ar\/2021\/#website\",\"url\":\"https:\/\/www.noticiasradioreflejos.com.ar\/2021\/\",\"name\":\"Noticias Radio Reflejos\",\"description\":\"Las noticias de mi comarca\",\"potentialAction\":[{\"@type\":\"SearchAction\",\"target\":{\"@type\":\"EntryPoint\",\"urlTemplate\":\"https:\/\/www.noticiasradioreflejos.com.ar\/2021\/?s={search_term_string}\"},\"query-input\":{\"@type\":\"PropertyValueSpecification\",\"valueRequired\":true,\"valueName\":\"search_term_string\"}}],\"inLanguage\":\"es\"},{\"@type\":\"Person\",\"@id\":\"https:\/\/www.noticiasradioreflejos.com.ar\/2021\/#\/schema\/person\/ad82545263dcc5ec0996818884fd5fb1\",\"name\":\"Arnaldo Botto\",\"image\":{\"@type\":\"ImageObject\",\"inLanguage\":\"es\",\"@id\":\"https:\/\/www.noticiasradioreflejos.com.ar\/2021\/#\/schema\/person\/image\/\",\"url\":\"https:\/\/secure.gravatar.com\/avatar\/55cb5e37c1efa326397366e6974cb338056df65cb50e7d64d1cf314e87504837?s=96&d=mm&r=g\",\"contentUrl\":\"https:\/\/secure.gravatar.com\/avatar\/55cb5e37c1efa326397366e6974cb338056df65cb50e7d64d1cf314e87504837?s=96&d=mm&r=g\",\"caption\":\"Arnaldo Botto\"},\"url\":\"https:\/\/www.noticiasradioreflejos.com.ar\/2021\/author\/arnaldo\/\"}]}<\/script>\n<!-- \/ Yoast SEO plugin. -->","yoast_head_json":{"title":"Jubilados y pensionados pueden nombrar un apoderado para tramitar y percibir haberes. - Noticias Radio Reflejos","robots":{"index":"index","follow":"follow","max-snippet":"max-snippet:-1","max-image-preview":"max-image-preview:large","max-video-preview":"max-video-preview:-1"},"canonical":"https:\/\/www.noticiasradioreflejos.com.ar\/2021\/jubilados-y-pensionados-pueden-nombrar-un-apoderado-para-tramitar-y-percibir-haberes\/","og_locale":"es_ES","og_type":"article","og_title":"Jubilados y pensionados pueden nombrar un apoderado para tramitar y percibir haberes. - Noticias Radio Reflejos","og_description":"La gesti\u00f3n se realiza en las oficinas de la ANSES sin turno previo siempre que la persona a designar sea un familiar, sino, debe obtenerse fecha y hora desde la web del organismo o comunic\u00e1ndose al 130 (gratuito desde l\u00edneas fijas).","og_url":"https:\/\/www.noticiasradioreflejos.com.ar\/2021\/jubilados-y-pensionados-pueden-nombrar-un-apoderado-para-tramitar-y-percibir-haberes\/","og_site_name":"Noticias Radio Reflejos","article_published_time":"2020-01-28T22:16:53+00:00","og_image":[{"width":300,"height":200,"url":"https:\/\/www.noticiasradioreflejos.com.ar\/2021\/wp-content\/uploads\/2021\/07\/logosol300x200.png","type":"image\/png"}],"author":"Arnaldo Botto","twitter_card":"summary_large_image","schema":{"@context":"https:\/\/schema.org","@graph":[{"@type":"WebPage","@id":"https:\/\/www.noticiasradioreflejos.com.ar\/2021\/jubilados-y-pensionados-pueden-nombrar-un-apoderado-para-tramitar-y-percibir-haberes\/","url":"https:\/\/www.noticiasradioreflejos.com.ar\/2021\/jubilados-y-pensionados-pueden-nombrar-un-apoderado-para-tramitar-y-percibir-haberes\/","name":"Jubilados y pensionados pueden nombrar un apoderado para tramitar y percibir haberes. - Noticias Radio Reflejos","isPartOf":{"@id":"https:\/\/www.noticiasradioreflejos.com.ar\/2021\/#website"},"datePublished":"2020-01-28T22:16:53+00:00","author":{"@id":"https:\/\/www.noticiasradioreflejos.com.ar\/2021\/#\/schema\/person\/ad82545263dcc5ec0996818884fd5fb1"},"breadcrumb":{"@id":"https:\/\/www.noticiasradioreflejos.com.ar\/2021\/jubilados-y-pensionados-pueden-nombrar-un-apoderado-para-tramitar-y-percibir-haberes\/#breadcrumb"},"inLanguage":"es","potentialAction":[{"@type":"ReadAction","target":["https:\/\/www.noticiasradioreflejos.com.ar\/2021\/jubilados-y-pensionados-pueden-nombrar-un-apoderado-para-tramitar-y-percibir-haberes\/"]}]},{"@type":"BreadcrumbList","@id":"https:\/\/www.noticiasradioreflejos.com.ar\/2021\/jubilados-y-pensionados-pueden-nombrar-un-apoderado-para-tramitar-y-percibir-haberes\/#breadcrumb","itemListElement":[{"@type":"ListItem","position":1,"name":"Portada","item":"https:\/\/www.noticiasradioreflejos.com.ar\/2021\/"},{"@type":"ListItem","position":2,"name":"Jubilados y pensionados pueden nombrar un apoderado para tramitar y percibir haberes."}]},{"@type":"WebSite","@id":"https:\/\/www.noticiasradioreflejos.com.ar\/2021\/#website","url":"https:\/\/www.noticiasradioreflejos.com.ar\/2021\/","name":"Noticias Radio Reflejos","description":"Las noticias de mi comarca","potentialAction":[{"@type":"SearchAction","target":{"@type":"EntryPoint","urlTemplate":"https:\/\/www.noticiasradioreflejos.com.ar\/2021\/?s={search_term_string}"},"query-input":{"@type":"PropertyValueSpecification","valueRequired":true,"valueName":"search_term_string"}}],"inLanguage":"es"},{"@type":"Person","@id":"https:\/\/www.noticiasradioreflejos.com.ar\/2021\/#\/schema\/person\/ad82545263dcc5ec0996818884fd5fb1","name":"Arnaldo Botto","image":{"@type":"ImageObject","inLanguage":"es","@id":"https:\/\/www.noticiasradioreflejos.com.ar\/2021\/#\/schema\/person\/image\/","url":"https:\/\/secure.gravatar.com\/avatar\/55cb5e37c1efa326397366e6974cb338056df65cb50e7d64d1cf314e87504837?s=96&d=mm&r=g","contentUrl":"https:\/\/secure.gravatar.com\/avatar\/55cb5e37c1efa326397366e6974cb338056df65cb50e7d64d1cf314e87504837?s=96&d=mm&r=g","caption":"Arnaldo Botto"},"url":"https:\/\/www.noticiasradioreflejos.com.ar\/2021\/author\/arnaldo\/"}]}},"_links":{"self":[{"href":"https:\/\/www.noticiasradioreflejos.com.ar\/2021\/wp-json\/wp\/v2\/posts\/38191","targetHints":{"allow":["GET"]}}],"collection":[{"href":"https:\/\/www.noticiasradioreflejos.com.ar\/2021\/wp-json\/wp\/v2\/posts"}],"about":[{"href":"https:\/\/www.noticiasradioreflejos.com.ar\/2021\/wp-json\/wp\/v2\/types\/post"}],"author":[{"embeddable":true,"href":"https:\/\/www.noticiasradioreflejos.com.ar\/2021\/wp-json\/wp\/v2\/users\/3"}],"replies":[{"embeddable":true,"href":"https:\/\/www.noticiasradioreflejos.com.ar\/2021\/wp-json\/wp\/v2\/comments?post=38191"}],"version-history":[{"count":0,"href":"https:\/\/www.noticiasradioreflejos.com.ar\/2021\/wp-json\/wp\/v2\/posts\/38191\/revisions"}],"wp:attachment":[{"href":"https:\/\/www.noticiasradioreflejos.com.ar\/2021\/wp-json\/wp\/v2\/media?parent=38191"}],"wp:term":[{"taxonomy":"category","embeddable":true,"href":"https:\/\/www.noticiasradioreflejos.com.ar\/2021\/wp-json\/wp\/v2\/categories?post=38191"},{"taxonomy":"post_tag","embeddable":true,"href":"https:\/\/www.noticiasradioreflejos.com.ar\/2021\/wp-json\/wp\/v2\/tags?post=38191"}],"curies":[{"name":"wp","href":"https:\/\/api.w.org\/{rel}","templated":true}]}}