{"id":38182,"date":"2020-01-28T14:47:48","date_gmt":"2020-01-28T17:47:48","guid":{"rendered":"http:\/\/www.noticiasradioreflejos.com.ar\/noticias\/?p=38182"},"modified":"2020-01-28T14:47:48","modified_gmt":"2020-01-28T17:47:48","slug":"afip-y-arbaintensifican-tareas-de-fiscalizacion-en-la-costa-atlantica","status":"publish","type":"post","link":"https:\/\/www.noticiasradioreflejos.com.ar\/2021\/afip-y-arbaintensifican-tareas-de-fiscalizacion-en-la-costa-atlantica\/","title":{"rendered":"AFIP Y ARBA intensifican tareas de fiscalizaci\u00f3n en la costa atl\u00e1ntica"},"content":{"rendered":"<p>La titular de la Administraci\u00f3n Federal de Ingresos P\u00fablicos (AFIP), Mercedes Marc\u00f3 del Pont, y el director del la Agencia de Recaudaci\u00f3n de la Provincia de Buenos Aires (ARBA), Cristian Girard, acordaron coordinar tareas de fiscalizaci\u00f3n durante la temporada de verano para maximizar la cobertura de los operativos de control que se desarrollan en la costa atl\u00e1ntica.<!--more--><br \/>\n\u201cLas acciones conjuntas de fiscalizaci\u00f3n durante la temporada de verano facilitan que el impulso al consumo observado en la costa atl\u00e1ntica se traduzca en una mejora de la recaudaci\u00f3n\u201d, indic\u00f3 Marc\u00f3 del Pont al finalizar un encuentro en la AFIP.<\/p>\n<p>Por su parte, Girard subray\u00f3 que \u201cmantener una agenda com\u00fan con AFIP es muy importante para nosotros, porque nos posibilitar\u00e1 profundizar el intercambio de informaci\u00f3n y trabajar de forma coordinada para mejorar la fiscalizaci\u00f3n, que es un tema clave para generar recursos propios para la Provincia\u201d.<\/p>\n<p>Las tareas conjuntas de fiscalizaci\u00f3n tambi\u00e9n apuntan a garantizar que los empleadores cumplan con las obligaciones de la seguridad social en las principales zonas tur\u00edsticas de la provincia de Buenos Aires.<\/p>\n<p>Hoteler\u00eda, balnearios y gastronom\u00eda son las tres actividades donde se concentran las acciones de fiscalizaci\u00f3n durante la temporada de verano.<\/p>\n<p>Durante el encuentro Marc\u00f3 del Pont y Girard coincidieron en la necesidad de facilitar la formalizaci\u00f3n de los comercios de cercan\u00eda.<\/p>\n<p>En este sentido, las medidas sobre las que tambi\u00e9n trabajan distintos organismos del Estado nacional y provincial se enmarcan en la implementaci\u00f3n del reintegro para los consumos con tarjeta de d\u00e9bito de los sectores vulnerables previsto en la ley de Solidaridad Social y Recuperaci\u00f3n Productiva.<\/p>\n","protected":false},"excerpt":{"rendered":"<p>La titular de la Administraci\u00f3n Federal de Ingresos P\u00fablicos (AFIP), Mercedes Marc\u00f3 del Pont, y el director del la Agencia de Recaudaci\u00f3n de la Provincia de Buenos Aires (ARBA), Cristian Girard, acordaron coordinar tareas de fiscalizaci\u00f3n durante la temporada de verano para maximizar la cobertura de los operativos de control que se desarrollan en la [&hellip;]<\/p>\n","protected":false},"author":3,"featured_media":0,"comment_status":"closed","ping_status":"open","sticky":false,"template":"","format":"standard","meta":{"footnotes":""},"categories":[36],"tags":[],"class_list":["post-38182","post","type-post","status-publish","format-standard","hentry","category-economia"],"yoast_head":"<!-- This site is optimized with the Yoast SEO plugin v25.9 - https:\/\/yoast.com\/wordpress\/plugins\/seo\/ -->\n<title>AFIP Y ARBA intensifican tareas de fiscalizaci\u00f3n en la costa atl\u00e1ntica - Noticias Radio Reflejos<\/title>\n<meta name=\"robots\" content=\"index, follow, max-snippet:-1, max-image-preview:large, max-video-preview:-1\" \/>\n<link rel=\"canonical\" href=\"https:\/\/www.noticiasradioreflejos.com.ar\/2021\/afip-y-arbaintensifican-tareas-de-fiscalizacion-en-la-costa-atlantica\/\" \/>\n<meta property=\"og:locale\" content=\"es_ES\" \/>\n<meta property=\"og:type\" content=\"article\" \/>\n<meta property=\"og:title\" content=\"AFIP Y ARBA intensifican tareas de fiscalizaci\u00f3n en la costa atl\u00e1ntica - Noticias Radio Reflejos\" \/>\n<meta property=\"og:description\" content=\"La titular de la Administraci\u00f3n Federal de Ingresos P\u00fablicos (AFIP), Mercedes Marc\u00f3 del Pont, y el director del la Agencia de Recaudaci\u00f3n de la Provincia de Buenos Aires (ARBA), Cristian Girard, acordaron coordinar tareas de fiscalizaci\u00f3n durante la temporada de verano para maximizar la cobertura de los operativos de control que se desarrollan en la [&hellip;]\" \/>\n<meta property=\"og:url\" content=\"https:\/\/www.noticiasradioreflejos.com.ar\/2021\/afip-y-arbaintensifican-tareas-de-fiscalizacion-en-la-costa-atlantica\/\" \/>\n<meta property=\"og:site_name\" content=\"Noticias Radio Reflejos\" \/>\n<meta property=\"article:published_time\" content=\"2020-01-28T17:47:48+00:00\" \/>\n<meta property=\"og:image\" content=\"https:\/\/www.noticiasradioreflejos.com.ar\/2021\/wp-content\/uploads\/2021\/07\/logosol300x200.png\" \/>\n\t<meta property=\"og:image:width\" content=\"300\" \/>\n\t<meta property=\"og:image:height\" content=\"200\" \/>\n\t<meta property=\"og:image:type\" content=\"image\/png\" \/>\n<meta name=\"author\" content=\"Arnaldo Botto\" \/>\n<meta name=\"twitter:card\" content=\"summary_large_image\" \/>\n<script type=\"application\/ld+json\" class=\"yoast-schema-graph\">{\"@context\":\"https:\/\/schema.org\",\"@graph\":[{\"@type\":\"WebPage\",\"@id\":\"https:\/\/www.noticiasradioreflejos.com.ar\/2021\/afip-y-arbaintensifican-tareas-de-fiscalizacion-en-la-costa-atlantica\/\",\"url\":\"https:\/\/www.noticiasradioreflejos.com.ar\/2021\/afip-y-arbaintensifican-tareas-de-fiscalizacion-en-la-costa-atlantica\/\",\"name\":\"AFIP Y ARBA intensifican tareas de fiscalizaci\u00f3n en la costa atl\u00e1ntica - Noticias Radio Reflejos\",\"isPartOf\":{\"@id\":\"https:\/\/www.noticiasradioreflejos.com.ar\/2021\/#website\"},\"datePublished\":\"2020-01-28T17:47:48+00:00\",\"author\":{\"@id\":\"https:\/\/www.noticiasradioreflejos.com.ar\/2021\/#\/schema\/person\/ad82545263dcc5ec0996818884fd5fb1\"},\"breadcrumb\":{\"@id\":\"https:\/\/www.noticiasradioreflejos.com.ar\/2021\/afip-y-arbaintensifican-tareas-de-fiscalizacion-en-la-costa-atlantica\/#breadcrumb\"},\"inLanguage\":\"es\",\"potentialAction\":[{\"@type\":\"ReadAction\",\"target\":[\"https:\/\/www.noticiasradioreflejos.com.ar\/2021\/afip-y-arbaintensifican-tareas-de-fiscalizacion-en-la-costa-atlantica\/\"]}]},{\"@type\":\"BreadcrumbList\",\"@id\":\"https:\/\/www.noticiasradioreflejos.com.ar\/2021\/afip-y-arbaintensifican-tareas-de-fiscalizacion-en-la-costa-atlantica\/#breadcrumb\",\"itemListElement\":[{\"@type\":\"ListItem\",\"position\":1,\"name\":\"Portada\",\"item\":\"https:\/\/www.noticiasradioreflejos.com.ar\/2021\/\"},{\"@type\":\"ListItem\",\"position\":2,\"name\":\"AFIP Y ARBA intensifican tareas de fiscalizaci\u00f3n en la costa atl\u00e1ntica\"}]},{\"@type\":\"WebSite\",\"@id\":\"https:\/\/www.noticiasradioreflejos.com.ar\/2021\/#website\",\"url\":\"https:\/\/www.noticiasradioreflejos.com.ar\/2021\/\",\"name\":\"Noticias Radio Reflejos\",\"description\":\"Las noticias de mi comarca\",\"potentialAction\":[{\"@type\":\"SearchAction\",\"target\":{\"@type\":\"EntryPoint\",\"urlTemplate\":\"https:\/\/www.noticiasradioreflejos.com.ar\/2021\/?s={search_term_string}\"},\"query-input\":{\"@type\":\"PropertyValueSpecification\",\"valueRequired\":true,\"valueName\":\"search_term_string\"}}],\"inLanguage\":\"es\"},{\"@type\":\"Person\",\"@id\":\"https:\/\/www.noticiasradioreflejos.com.ar\/2021\/#\/schema\/person\/ad82545263dcc5ec0996818884fd5fb1\",\"name\":\"Arnaldo Botto\",\"image\":{\"@type\":\"ImageObject\",\"inLanguage\":\"es\",\"@id\":\"https:\/\/www.noticiasradioreflejos.com.ar\/2021\/#\/schema\/person\/image\/\",\"url\":\"https:\/\/secure.gravatar.com\/avatar\/55cb5e37c1efa326397366e6974cb338056df65cb50e7d64d1cf314e87504837?s=96&d=mm&r=g\",\"contentUrl\":\"https:\/\/secure.gravatar.com\/avatar\/55cb5e37c1efa326397366e6974cb338056df65cb50e7d64d1cf314e87504837?s=96&d=mm&r=g\",\"caption\":\"Arnaldo Botto\"},\"url\":\"https:\/\/www.noticiasradioreflejos.com.ar\/2021\/author\/arnaldo\/\"}]}<\/script>\n<!-- \/ Yoast SEO plugin. -->","yoast_head_json":{"title":"AFIP Y ARBA intensifican tareas de fiscalizaci\u00f3n en la costa atl\u00e1ntica - Noticias Radio Reflejos","robots":{"index":"index","follow":"follow","max-snippet":"max-snippet:-1","max-image-preview":"max-image-preview:large","max-video-preview":"max-video-preview:-1"},"canonical":"https:\/\/www.noticiasradioreflejos.com.ar\/2021\/afip-y-arbaintensifican-tareas-de-fiscalizacion-en-la-costa-atlantica\/","og_locale":"es_ES","og_type":"article","og_title":"AFIP Y ARBA intensifican tareas de fiscalizaci\u00f3n en la costa atl\u00e1ntica - Noticias Radio Reflejos","og_description":"La titular de la Administraci\u00f3n Federal de Ingresos P\u00fablicos (AFIP), Mercedes Marc\u00f3 del Pont, y el director del la Agencia de Recaudaci\u00f3n de la Provincia de Buenos Aires (ARBA), Cristian Girard, acordaron coordinar tareas de fiscalizaci\u00f3n durante la temporada de verano para maximizar la cobertura de los operativos de control que se desarrollan en la [&hellip;]","og_url":"https:\/\/www.noticiasradioreflejos.com.ar\/2021\/afip-y-arbaintensifican-tareas-de-fiscalizacion-en-la-costa-atlantica\/","og_site_name":"Noticias Radio Reflejos","article_published_time":"2020-01-28T17:47:48+00:00","og_image":[{"width":300,"height":200,"url":"https:\/\/www.noticiasradioreflejos.com.ar\/2021\/wp-content\/uploads\/2021\/07\/logosol300x200.png","type":"image\/png"}],"author":"Arnaldo Botto","twitter_card":"summary_large_image","schema":{"@context":"https:\/\/schema.org","@graph":[{"@type":"WebPage","@id":"https:\/\/www.noticiasradioreflejos.com.ar\/2021\/afip-y-arbaintensifican-tareas-de-fiscalizacion-en-la-costa-atlantica\/","url":"https:\/\/www.noticiasradioreflejos.com.ar\/2021\/afip-y-arbaintensifican-tareas-de-fiscalizacion-en-la-costa-atlantica\/","name":"AFIP Y ARBA intensifican tareas de fiscalizaci\u00f3n en la costa atl\u00e1ntica - Noticias Radio Reflejos","isPartOf":{"@id":"https:\/\/www.noticiasradioreflejos.com.ar\/2021\/#website"},"datePublished":"2020-01-28T17:47:48+00:00","author":{"@id":"https:\/\/www.noticiasradioreflejos.com.ar\/2021\/#\/schema\/person\/ad82545263dcc5ec0996818884fd5fb1"},"breadcrumb":{"@id":"https:\/\/www.noticiasradioreflejos.com.ar\/2021\/afip-y-arbaintensifican-tareas-de-fiscalizacion-en-la-costa-atlantica\/#breadcrumb"},"inLanguage":"es","potentialAction":[{"@type":"ReadAction","target":["https:\/\/www.noticiasradioreflejos.com.ar\/2021\/afip-y-arbaintensifican-tareas-de-fiscalizacion-en-la-costa-atlantica\/"]}]},{"@type":"BreadcrumbList","@id":"https:\/\/www.noticiasradioreflejos.com.ar\/2021\/afip-y-arbaintensifican-tareas-de-fiscalizacion-en-la-costa-atlantica\/#breadcrumb","itemListElement":[{"@type":"ListItem","position":1,"name":"Portada","item":"https:\/\/www.noticiasradioreflejos.com.ar\/2021\/"},{"@type":"ListItem","position":2,"name":"AFIP Y ARBA intensifican tareas de fiscalizaci\u00f3n en la costa atl\u00e1ntica"}]},{"@type":"WebSite","@id":"https:\/\/www.noticiasradioreflejos.com.ar\/2021\/#website","url":"https:\/\/www.noticiasradioreflejos.com.ar\/2021\/","name":"Noticias Radio Reflejos","description":"Las noticias de mi comarca","potentialAction":[{"@type":"SearchAction","target":{"@type":"EntryPoint","urlTemplate":"https:\/\/www.noticiasradioreflejos.com.ar\/2021\/?s={search_term_string}"},"query-input":{"@type":"PropertyValueSpecification","valueRequired":true,"valueName":"search_term_string"}}],"inLanguage":"es"},{"@type":"Person","@id":"https:\/\/www.noticiasradioreflejos.com.ar\/2021\/#\/schema\/person\/ad82545263dcc5ec0996818884fd5fb1","name":"Arnaldo Botto","image":{"@type":"ImageObject","inLanguage":"es","@id":"https:\/\/www.noticiasradioreflejos.com.ar\/2021\/#\/schema\/person\/image\/","url":"https:\/\/secure.gravatar.com\/avatar\/55cb5e37c1efa326397366e6974cb338056df65cb50e7d64d1cf314e87504837?s=96&d=mm&r=g","contentUrl":"https:\/\/secure.gravatar.com\/avatar\/55cb5e37c1efa326397366e6974cb338056df65cb50e7d64d1cf314e87504837?s=96&d=mm&r=g","caption":"Arnaldo Botto"},"url":"https:\/\/www.noticiasradioreflejos.com.ar\/2021\/author\/arnaldo\/"}]}},"_links":{"self":[{"href":"https:\/\/www.noticiasradioreflejos.com.ar\/2021\/wp-json\/wp\/v2\/posts\/38182","targetHints":{"allow":["GET"]}}],"collection":[{"href":"https:\/\/www.noticiasradioreflejos.com.ar\/2021\/wp-json\/wp\/v2\/posts"}],"about":[{"href":"https:\/\/www.noticiasradioreflejos.com.ar\/2021\/wp-json\/wp\/v2\/types\/post"}],"author":[{"embeddable":true,"href":"https:\/\/www.noticiasradioreflejos.com.ar\/2021\/wp-json\/wp\/v2\/users\/3"}],"replies":[{"embeddable":true,"href":"https:\/\/www.noticiasradioreflejos.com.ar\/2021\/wp-json\/wp\/v2\/comments?post=38182"}],"version-history":[{"count":0,"href":"https:\/\/www.noticiasradioreflejos.com.ar\/2021\/wp-json\/wp\/v2\/posts\/38182\/revisions"}],"wp:attachment":[{"href":"https:\/\/www.noticiasradioreflejos.com.ar\/2021\/wp-json\/wp\/v2\/media?parent=38182"}],"wp:term":[{"taxonomy":"category","embeddable":true,"href":"https:\/\/www.noticiasradioreflejos.com.ar\/2021\/wp-json\/wp\/v2\/categories?post=38182"},{"taxonomy":"post_tag","embeddable":true,"href":"https:\/\/www.noticiasradioreflejos.com.ar\/2021\/wp-json\/wp\/v2\/tags?post=38182"}],"curies":[{"name":"wp","href":"https:\/\/api.w.org\/{rel}","templated":true}]}}