{"id":38164,"date":"2020-01-28T12:48:05","date_gmt":"2020-01-28T15:48:05","guid":{"rendered":"http:\/\/www.noticiasradioreflejos.com.ar\/noticias\/?p=38164"},"modified":"2020-01-28T12:48:05","modified_gmt":"2020-01-28T15:48:05","slug":"aparecio-el-dueno-del-perro-agresor-video-del-momento-del-ataque","status":"publish","type":"post","link":"https:\/\/www.noticiasradioreflejos.com.ar\/2021\/aparecio-el-dueno-del-perro-agresor-video-del-momento-del-ataque\/","title":{"rendered":"Apareci\u00f3 el due\u00f1o del perro agresor. (video del momento del ataque)"},"content":{"rendered":"<p><a title=\"WhatsApp Image 2020-01-28 at 08.34.04\" href=\"http:\/\/live.staticflickr.com\/65535\/49455454257_f29dd188d8_s.jpg\" rel=\"\"><img loading=\"lazy\" decoding=\"async\" class=\"alignleft\" style=\"float: left;\" title=\"WhatsApp Image 2020-01-28 at 08.34.04\" src=\"http:\/\/live.staticflickr.com\/65535\/49455454257_f29dd188d8.jpg\" alt=\"WhatsApp Image 2020-01-28 at 08.34.04\" width=\"500\" height=\"304\" \/><\/a>La familia de la ni\u00f1a mordida por un perro el pasado Viernes 18 de enero en Sierra de la Ventana, nos informa que se logr\u00f3 identificar al animal y su propietaria envi\u00f3 el certificado de vacunaci\u00f3n correspondiente.<!--more--><br \/>\nTras la difusi\u00f3n del<a href=\"http:\/\/www.noticiasradioreflejos.com.ar\/noticias\/index.php\/2020\/01\/27\/llamado-a-la-solidaridad-a-los-vecinos-de-sierra-de-la-ventana\/\" target=\"_blank\" rel=\"noopener\"> <strong>llamado solidario<\/strong> <\/a>publicado ayer en nuestra <strong><a href=\"http:\/\/www.noticiasradioreflejos.com.ar\/noticias\/\" target=\"_blank\" rel=\"noopener\">p\u00e1gina<\/a><\/strong>, apareci\u00f3 un video captado por una c\u00e1mara de seguridad del Paseo Sierra Center donde se puede apreciar el momento del ataque y visualizar la imagen del animal agresor.<\/p>\n<p>Las c\u00e1maras registran a la hora 22,36 el movimiento de los animales, y cuando los padres\u00a0 salen corriendo en forma desesperada con ella ni\u00f1a en brazos.<\/p>\n<p><iframe loading=\"lazy\" src=\"https:\/\/www.youtube.com\/embed\/AlGKiU7Xh4s\" width=\"560\" height=\"315\" frameborder=\"0\" allowfullscreen=\"allowfullscreen\"><\/iframe><br \/>\nFue as\u00ed que integrantes de la protectora PUAF se pusieron en contacto con propietarios de perros de las caracter\u00edsticas del que se ve\u00eda en el video y lograron ubicar al due\u00f1o. A su vez, autoridades municipales del \u00e1rea de Bromatolog\u00eda tambi\u00e9n realizaron gestiones para poder determinar si el animal se encontraba con las vacunas antirr\u00e1bicas correspondientes.<\/p>\n<p>Esta ma\u00f1ana,\u00a0a las puertas de visitar al cirujano que intervino en la cara de la ni\u00f1a, y previo a iniciar un tratamiento que reviste muchas contraindicaciones, lleg\u00f3\u00a0un documento de la Municipalidad de Tornquist, firmado por el M\u00e9dico Veterinario Marcos Manghi, el cual\u00a0certifica que la perra fue vacunada en el mes de octubre del 2019, trayendo un alivio enorme a la familia de la ni\u00f1a herida.<\/p>\n<p>De acuerdo a lo manifestado a este medio por\u00a0<strong>Douglas Javier Le\u00f3n,<\/strong>\u00a0su hija se encuentra en recuperaci\u00f3n, sin da\u00f1os en el ojo y luego de la intervenci\u00f3n quir\u00fargica no tendr\u00eda\u00a0secuelas en lo est\u00e9tico.<\/p>\n<p><a title=\"WhatsApp Image 2020-01-28 at 08.34.03\" href=\"http:\/\/live.staticflickr.com\/65535\/49454752033_4fd363f215_s.jpg\" rel=\"\"><img loading=\"lazy\" decoding=\"async\" class=\"alignleft\" style=\"float: left;\" title=\"WhatsApp Image 2020-01-28 at 08.34.03\" src=\"http:\/\/live.staticflickr.com\/65535\/49454752033_4fd363f215.jpg\" alt=\"WhatsApp Image 2020-01-28 at 08.34.03\" width=\"500\" height=\"304\" \/><\/a>Pese a la tranquilidad de la familia, este hecho merece una reflexi\u00f3n y un mea culpa para los\u00a0propietarios de mascotas y autoridades municipales; perros y gatos\u00a0 deambulan por decenas en la v\u00eda publica sin restricciones; este hecho no es aislado,\u00a0los centros de salud del municipio reciben en forma permanente personas heridas a causa de los perros callejeros y de los que con due\u00f1os, vagan libremente por todas las localidades de la Comarca.<\/p>\n<p>&nbsp;<\/p>\n<p>&nbsp;<\/p>\n<p>&nbsp;<\/p>\n<p>&nbsp;<\/p>\n<p><a title=\"WhatsApp Image 2020-01-28 at 10.09.16\" href=\"http:\/\/live.staticflickr.com\/65535\/49455263411_d990101755_s.jpg\" rel=\"\"><img loading=\"lazy\" decoding=\"async\" class=\"alignleft\" style=\"float: left;\" title=\"WhatsApp Image 2020-01-28 at 10.09.16\" src=\"http:\/\/live.staticflickr.com\/65535\/49455263411_d990101755_z.jpg\" alt=\"WhatsApp Image 2020-01-28 at 10.09.16\" width=\"640\" height=\"443\" \/><\/a><\/p>\n","protected":false},"excerpt":{"rendered":"<p>La familia de la ni\u00f1a mordida por un perro el pasado Viernes 18 de enero en Sierra de la Ventana, nos informa que se logr\u00f3 identificar al animal y su propietaria envi\u00f3 el certificado de vacunaci\u00f3n correspondiente.<\/p>\n","protected":false},"author":3,"featured_media":0,"comment_status":"closed","ping_status":"open","sticky":false,"template":"","format":"standard","meta":{"footnotes":""},"categories":[26],"tags":[],"class_list":["post-38164","post","type-post","status-publish","format-standard","hentry","category-sociedad"],"yoast_head":"<!-- This site is optimized with the Yoast SEO plugin v25.9 - https:\/\/yoast.com\/wordpress\/plugins\/seo\/ -->\n<title>Apareci\u00f3 el due\u00f1o del perro agresor. (video del momento del ataque) - Noticias Radio Reflejos<\/title>\n<meta name=\"robots\" content=\"index, follow, max-snippet:-1, max-image-preview:large, max-video-preview:-1\" \/>\n<link rel=\"canonical\" href=\"https:\/\/www.noticiasradioreflejos.com.ar\/2021\/aparecio-el-dueno-del-perro-agresor-video-del-momento-del-ataque\/\" \/>\n<meta property=\"og:locale\" content=\"es_ES\" \/>\n<meta property=\"og:type\" content=\"article\" \/>\n<meta property=\"og:title\" content=\"Apareci\u00f3 el due\u00f1o del perro agresor. (video del momento del ataque) - Noticias Radio Reflejos\" \/>\n<meta property=\"og:description\" content=\"La familia de la ni\u00f1a mordida por un perro el pasado Viernes 18 de enero en Sierra de la Ventana, nos informa que se logr\u00f3 identificar al animal y su propietaria envi\u00f3 el certificado de vacunaci\u00f3n correspondiente.\" \/>\n<meta property=\"og:url\" content=\"https:\/\/www.noticiasradioreflejos.com.ar\/2021\/aparecio-el-dueno-del-perro-agresor-video-del-momento-del-ataque\/\" \/>\n<meta property=\"og:site_name\" content=\"Noticias Radio Reflejos\" \/>\n<meta property=\"article:published_time\" content=\"2020-01-28T15:48:05+00:00\" \/>\n<meta property=\"og:image\" content=\"http:\/\/live.staticflickr.com\/65535\/49455454257_f29dd188d8.jpg\" \/>\n<meta name=\"author\" content=\"Arnaldo Botto\" \/>\n<meta name=\"twitter:card\" content=\"summary_large_image\" \/>\n<script type=\"application\/ld+json\" class=\"yoast-schema-graph\">{\"@context\":\"https:\/\/schema.org\",\"@graph\":[{\"@type\":\"WebPage\",\"@id\":\"https:\/\/www.noticiasradioreflejos.com.ar\/2021\/aparecio-el-dueno-del-perro-agresor-video-del-momento-del-ataque\/\",\"url\":\"https:\/\/www.noticiasradioreflejos.com.ar\/2021\/aparecio-el-dueno-del-perro-agresor-video-del-momento-del-ataque\/\",\"name\":\"Apareci\u00f3 el due\u00f1o del perro agresor. (video del momento del ataque) - Noticias Radio Reflejos\",\"isPartOf\":{\"@id\":\"https:\/\/www.noticiasradioreflejos.com.ar\/2021\/#website\"},\"primaryImageOfPage\":{\"@id\":\"https:\/\/www.noticiasradioreflejos.com.ar\/2021\/aparecio-el-dueno-del-perro-agresor-video-del-momento-del-ataque\/#primaryimage\"},\"image\":{\"@id\":\"https:\/\/www.noticiasradioreflejos.com.ar\/2021\/aparecio-el-dueno-del-perro-agresor-video-del-momento-del-ataque\/#primaryimage\"},\"thumbnailUrl\":\"http:\/\/live.staticflickr.com\/65535\/49455454257_f29dd188d8.jpg\",\"datePublished\":\"2020-01-28T15:48:05+00:00\",\"author\":{\"@id\":\"https:\/\/www.noticiasradioreflejos.com.ar\/2021\/#\/schema\/person\/ad82545263dcc5ec0996818884fd5fb1\"},\"breadcrumb\":{\"@id\":\"https:\/\/www.noticiasradioreflejos.com.ar\/2021\/aparecio-el-dueno-del-perro-agresor-video-del-momento-del-ataque\/#breadcrumb\"},\"inLanguage\":\"es\",\"potentialAction\":[{\"@type\":\"ReadAction\",\"target\":[\"https:\/\/www.noticiasradioreflejos.com.ar\/2021\/aparecio-el-dueno-del-perro-agresor-video-del-momento-del-ataque\/\"]}]},{\"@type\":\"ImageObject\",\"inLanguage\":\"es\",\"@id\":\"https:\/\/www.noticiasradioreflejos.com.ar\/2021\/aparecio-el-dueno-del-perro-agresor-video-del-momento-del-ataque\/#primaryimage\",\"url\":\"http:\/\/live.staticflickr.com\/65535\/49455454257_f29dd188d8.jpg\",\"contentUrl\":\"http:\/\/live.staticflickr.com\/65535\/49455454257_f29dd188d8.jpg\"},{\"@type\":\"BreadcrumbList\",\"@id\":\"https:\/\/www.noticiasradioreflejos.com.ar\/2021\/aparecio-el-dueno-del-perro-agresor-video-del-momento-del-ataque\/#breadcrumb\",\"itemListElement\":[{\"@type\":\"ListItem\",\"position\":1,\"name\":\"Portada\",\"item\":\"https:\/\/www.noticiasradioreflejos.com.ar\/2021\/\"},{\"@type\":\"ListItem\",\"position\":2,\"name\":\"Apareci\u00f3 el due\u00f1o del perro agresor. (video del momento del ataque)\"}]},{\"@type\":\"WebSite\",\"@id\":\"https:\/\/www.noticiasradioreflejos.com.ar\/2021\/#website\",\"url\":\"https:\/\/www.noticiasradioreflejos.com.ar\/2021\/\",\"name\":\"Noticias Radio Reflejos\",\"description\":\"Las noticias de mi comarca\",\"potentialAction\":[{\"@type\":\"SearchAction\",\"target\":{\"@type\":\"EntryPoint\",\"urlTemplate\":\"https:\/\/www.noticiasradioreflejos.com.ar\/2021\/?s={search_term_string}\"},\"query-input\":{\"@type\":\"PropertyValueSpecification\",\"valueRequired\":true,\"valueName\":\"search_term_string\"}}],\"inLanguage\":\"es\"},{\"@type\":\"Person\",\"@id\":\"https:\/\/www.noticiasradioreflejos.com.ar\/2021\/#\/schema\/person\/ad82545263dcc5ec0996818884fd5fb1\",\"name\":\"Arnaldo Botto\",\"image\":{\"@type\":\"ImageObject\",\"inLanguage\":\"es\",\"@id\":\"https:\/\/www.noticiasradioreflejos.com.ar\/2021\/#\/schema\/person\/image\/\",\"url\":\"https:\/\/secure.gravatar.com\/avatar\/55cb5e37c1efa326397366e6974cb338056df65cb50e7d64d1cf314e87504837?s=96&d=mm&r=g\",\"contentUrl\":\"https:\/\/secure.gravatar.com\/avatar\/55cb5e37c1efa326397366e6974cb338056df65cb50e7d64d1cf314e87504837?s=96&d=mm&r=g\",\"caption\":\"Arnaldo Botto\"},\"url\":\"https:\/\/www.noticiasradioreflejos.com.ar\/2021\/author\/arnaldo\/\"}]}<\/script>\n<!-- \/ Yoast SEO plugin. -->","yoast_head_json":{"title":"Apareci\u00f3 el due\u00f1o del perro agresor. (video del momento del ataque) - Noticias Radio Reflejos","robots":{"index":"index","follow":"follow","max-snippet":"max-snippet:-1","max-image-preview":"max-image-preview:large","max-video-preview":"max-video-preview:-1"},"canonical":"https:\/\/www.noticiasradioreflejos.com.ar\/2021\/aparecio-el-dueno-del-perro-agresor-video-del-momento-del-ataque\/","og_locale":"es_ES","og_type":"article","og_title":"Apareci\u00f3 el due\u00f1o del perro agresor. (video del momento del ataque) - Noticias Radio Reflejos","og_description":"La familia de la ni\u00f1a mordida por un perro el pasado Viernes 18 de enero en Sierra de la Ventana, nos informa que se logr\u00f3 identificar al animal y su propietaria envi\u00f3 el certificado de vacunaci\u00f3n correspondiente.","og_url":"https:\/\/www.noticiasradioreflejos.com.ar\/2021\/aparecio-el-dueno-del-perro-agresor-video-del-momento-del-ataque\/","og_site_name":"Noticias Radio Reflejos","article_published_time":"2020-01-28T15:48:05+00:00","og_image":[{"url":"http:\/\/live.staticflickr.com\/65535\/49455454257_f29dd188d8.jpg","type":"","width":"","height":""}],"author":"Arnaldo Botto","twitter_card":"summary_large_image","schema":{"@context":"https:\/\/schema.org","@graph":[{"@type":"WebPage","@id":"https:\/\/www.noticiasradioreflejos.com.ar\/2021\/aparecio-el-dueno-del-perro-agresor-video-del-momento-del-ataque\/","url":"https:\/\/www.noticiasradioreflejos.com.ar\/2021\/aparecio-el-dueno-del-perro-agresor-video-del-momento-del-ataque\/","name":"Apareci\u00f3 el due\u00f1o del perro agresor. (video del momento del ataque) - Noticias Radio Reflejos","isPartOf":{"@id":"https:\/\/www.noticiasradioreflejos.com.ar\/2021\/#website"},"primaryImageOfPage":{"@id":"https:\/\/www.noticiasradioreflejos.com.ar\/2021\/aparecio-el-dueno-del-perro-agresor-video-del-momento-del-ataque\/#primaryimage"},"image":{"@id":"https:\/\/www.noticiasradioreflejos.com.ar\/2021\/aparecio-el-dueno-del-perro-agresor-video-del-momento-del-ataque\/#primaryimage"},"thumbnailUrl":"http:\/\/live.staticflickr.com\/65535\/49455454257_f29dd188d8.jpg","datePublished":"2020-01-28T15:48:05+00:00","author":{"@id":"https:\/\/www.noticiasradioreflejos.com.ar\/2021\/#\/schema\/person\/ad82545263dcc5ec0996818884fd5fb1"},"breadcrumb":{"@id":"https:\/\/www.noticiasradioreflejos.com.ar\/2021\/aparecio-el-dueno-del-perro-agresor-video-del-momento-del-ataque\/#breadcrumb"},"inLanguage":"es","potentialAction":[{"@type":"ReadAction","target":["https:\/\/www.noticiasradioreflejos.com.ar\/2021\/aparecio-el-dueno-del-perro-agresor-video-del-momento-del-ataque\/"]}]},{"@type":"ImageObject","inLanguage":"es","@id":"https:\/\/www.noticiasradioreflejos.com.ar\/2021\/aparecio-el-dueno-del-perro-agresor-video-del-momento-del-ataque\/#primaryimage","url":"http:\/\/live.staticflickr.com\/65535\/49455454257_f29dd188d8.jpg","contentUrl":"http:\/\/live.staticflickr.com\/65535\/49455454257_f29dd188d8.jpg"},{"@type":"BreadcrumbList","@id":"https:\/\/www.noticiasradioreflejos.com.ar\/2021\/aparecio-el-dueno-del-perro-agresor-video-del-momento-del-ataque\/#breadcrumb","itemListElement":[{"@type":"ListItem","position":1,"name":"Portada","item":"https:\/\/www.noticiasradioreflejos.com.ar\/2021\/"},{"@type":"ListItem","position":2,"name":"Apareci\u00f3 el due\u00f1o del perro agresor. (video del momento del ataque)"}]},{"@type":"WebSite","@id":"https:\/\/www.noticiasradioreflejos.com.ar\/2021\/#website","url":"https:\/\/www.noticiasradioreflejos.com.ar\/2021\/","name":"Noticias Radio Reflejos","description":"Las noticias de mi comarca","potentialAction":[{"@type":"SearchAction","target":{"@type":"EntryPoint","urlTemplate":"https:\/\/www.noticiasradioreflejos.com.ar\/2021\/?s={search_term_string}"},"query-input":{"@type":"PropertyValueSpecification","valueRequired":true,"valueName":"search_term_string"}}],"inLanguage":"es"},{"@type":"Person","@id":"https:\/\/www.noticiasradioreflejos.com.ar\/2021\/#\/schema\/person\/ad82545263dcc5ec0996818884fd5fb1","name":"Arnaldo Botto","image":{"@type":"ImageObject","inLanguage":"es","@id":"https:\/\/www.noticiasradioreflejos.com.ar\/2021\/#\/schema\/person\/image\/","url":"https:\/\/secure.gravatar.com\/avatar\/55cb5e37c1efa326397366e6974cb338056df65cb50e7d64d1cf314e87504837?s=96&d=mm&r=g","contentUrl":"https:\/\/secure.gravatar.com\/avatar\/55cb5e37c1efa326397366e6974cb338056df65cb50e7d64d1cf314e87504837?s=96&d=mm&r=g","caption":"Arnaldo Botto"},"url":"https:\/\/www.noticiasradioreflejos.com.ar\/2021\/author\/arnaldo\/"}]}},"_links":{"self":[{"href":"https:\/\/www.noticiasradioreflejos.com.ar\/2021\/wp-json\/wp\/v2\/posts\/38164","targetHints":{"allow":["GET"]}}],"collection":[{"href":"https:\/\/www.noticiasradioreflejos.com.ar\/2021\/wp-json\/wp\/v2\/posts"}],"about":[{"href":"https:\/\/www.noticiasradioreflejos.com.ar\/2021\/wp-json\/wp\/v2\/types\/post"}],"author":[{"embeddable":true,"href":"https:\/\/www.noticiasradioreflejos.com.ar\/2021\/wp-json\/wp\/v2\/users\/3"}],"replies":[{"embeddable":true,"href":"https:\/\/www.noticiasradioreflejos.com.ar\/2021\/wp-json\/wp\/v2\/comments?post=38164"}],"version-history":[{"count":0,"href":"https:\/\/www.noticiasradioreflejos.com.ar\/2021\/wp-json\/wp\/v2\/posts\/38164\/revisions"}],"wp:attachment":[{"href":"https:\/\/www.noticiasradioreflejos.com.ar\/2021\/wp-json\/wp\/v2\/media?parent=38164"}],"wp:term":[{"taxonomy":"category","embeddable":true,"href":"https:\/\/www.noticiasradioreflejos.com.ar\/2021\/wp-json\/wp\/v2\/categories?post=38164"},{"taxonomy":"post_tag","embeddable":true,"href":"https:\/\/www.noticiasradioreflejos.com.ar\/2021\/wp-json\/wp\/v2\/tags?post=38164"}],"curies":[{"name":"wp","href":"https:\/\/api.w.org\/{rel}","templated":true}]}}